
{"id":10001,"date":"2010-06-28T16:10:20","date_gmt":"2010-06-28T19:10:20","guid":{"rendered":"http:\/\/www.oarcanjo.net\/site\/?p=10001"},"modified":"2010-06-28T16:10:20","modified_gmt":"2010-06-28T19:10:20","slug":"nota-de-solidariedade-as-vitimas-das-enchentes-nos-estados-de-pernambuco-e-alagoas","status":"publish","type":"post","link":"https:\/\/www.oarcanjo.net\/site\/nota-de-solidariedade-as-vitimas-das-enchentes-nos-estados-de-pernambuco-e-alagoas\/","title":{"rendered":"Nota de solidariedade \u00e0s vitimas das enchentes nos Estados de Pernambuco e Alagoas"},"content":{"rendered":"<p>CNBB<\/p>\n<p>N\u00f3s, Bispos, membros do Conselho Permanente da CNBB, reunidos em Bras\u00edlia, nos dias 23 a 25 de junho de 2010, acompanhamos com muita dor e pesar as noticias que nos chegam sobre as enchentes que atingiram os Estados de Alagoas e Pernambuco, ocasionando muitas v\u00edtimas e desabrigados.<\/p>\n<p>Al\u00e9m das v\u00edtimas anunciadas pelos meios de comunica\u00e7\u00e3o, h\u00e1 milhares de pessoas sofredoras, cujos cora\u00e7\u00f5es est\u00e3o despeda\u00e7ados pelas perdas irrepar\u00e1veis de entes queridos, de postos de trabalho, de seus pertences, suas propriedades, suas casas e tantos outros valores afetivos e culturais que n\u00e3o podem ser calculados.<\/p>\n<p>Manifestamos nossa solidariedade a todos os sofredores aos quais fazemos chegar nossa palavra de conforto e de esperan\u00e7a. Pedimos ao Deus da vida, que d\u00ea for\u00e7as \u00e0s pessoas que s\u00e3o solid\u00e1rias, partilham seus dons, seu tempo, seus bens e n\u00e3o medem esfor\u00e7os para ajudar na reconstru\u00e7\u00e3o da vida e dos meios de sobreviv\u00eancia dos irm\u00e3os  penalizados pelas consequ\u00eancias dessa trag\u00e9dia.<\/p>\n<p>Acompanhamos com aten\u00e7\u00e3o os esfor\u00e7os dos \u00f3rg\u00e3os p\u00fablicos governamentais na busca de solu\u00e7\u00f5es emergenciais, enquanto aguardamos solu\u00e7\u00f5es estruturais. Valorizamos a a\u00e7\u00e3o de solidariedade das comunidades e das Igrejas locais que t\u00eam empregado esfor\u00e7os e estabelecido parcerias para atender \u00e0s necessidades mais urgentes.<\/p>\n<p>A CNBB, juntamente com a C\u00e1ritas Brasileira, convoca a todos a se empenharem na Campanha SOS Pernambuco e Alagoas. As doa\u00e7\u00f5es podem ser depositadas no Banco do Brasil, na conta corrente 5821-1, ag\u00eancia 3505-X.<\/p>\n<p>Mais uma vez percebemos a for\u00e7a do amor fraterno e os sentimentos humanit\u00e1rios que caracterizam nosso povo. A f\u00e9 e a esperan\u00e7a crist\u00e3 confortem a todos na reconstru\u00e7\u00e3o de suas vidas e de seus bens.<\/p>\n<p>Suplicamos as b\u00ean\u00e7\u00e3os de Deus, por intercess\u00e3o de Nossa Senhora Aparecida e de S\u00e3o Jo\u00e3o Batista, em favor de todas as fam\u00edlias enlutadas e de todos os que sofrem com as enchentes e suas consequ\u00eancias.<\/p>\n<p>Bras\u00edlia -DF, 25 de junho de 2010<\/p>\n<p>Dom Geraldo Lyrio Rocha<br \/>\nArcebispo de Mariana<br \/>\nPresidente da CNBB<\/p>\n<p>Dom Luiz Soares Vieira<br \/>\nArcebispo de Manaus<br \/>\nVice-Presidente da CNBB<\/p>\n<p>Dom Dimas Lara Barbosa<br \/>\nBispo Auxiliar do Rio de Janeiro<br \/>\nSecret\u00e1rio Geral da CNBB<\/p>\n<div id=\"themify_builder_content-10001\" data-postid=\"10001\" class=\"themify_builder_content themify_builder_content-10001 themify_builder themify_builder_front\">\n\t<\/div>\n<!-- \/themify_builder_content -->","protected":false},"excerpt":{"rendered":"<p>CNBB N\u00f3s, Bispos, membros do Conselho Permanente da CNBB, reunidos em Bras\u00edlia, nos dias 23 a 25 de junho de 2010, acompanhamos com muita dor e pesar as noticias que nos chegam sobre as enchentes que atingiram os Estados de Alagoas e Pernambuco, ocasionando muitas v\u00edtimas e desabrigados. Al\u00e9m das v\u00edtimas anunciadas pelos meios de [&hellip;]<\/p>\n","protected":false},"author":5,"featured_media":0,"comment_status":"open","ping_status":"open","sticky":false,"template":"","format":"standard","meta":{"ngg_post_thumbnail":0,"footnotes":""},"categories":[8],"tags":[664,63,725,663,88],"yoast_head":"<!-- This site is optimized with the Yoast SEO plugin v23.5 - https:\/\/yoast.com\/wordpress\/plugins\/seo\/ -->\n<title>Nota de solidariedade \u00e0s vitimas das enchentes nos Estados de Pernambuco e Alagoas - O Arcanjo no ar<\/title>\n<meta name=\"robots\" content=\"index, follow, max-snippet:-1, max-image-preview:large, max-video-preview:-1\" \/>\n<link rel=\"canonical\" href=\"https:\/\/www.oarcanjo.net\/site\/nota-de-solidariedade-as-vitimas-das-enchentes-nos-estados-de-pernambuco-e-alagoas\/\" \/>\n<meta property=\"og:locale\" content=\"pt_BR\" \/>\n<meta property=\"og:type\" content=\"article\" \/>\n<meta property=\"og:title\" content=\"Nota de solidariedade \u00e0s vitimas das enchentes nos Estados de Pernambuco e Alagoas - O Arcanjo no ar\" \/>\n<meta property=\"og:description\" content=\"CNBB N\u00f3s, Bispos, membros do Conselho Permanente da CNBB, reunidos em Bras\u00edlia, nos dias 23 a 25 de junho de 2010, acompanhamos com muita dor e pesar as noticias que nos chegam sobre as enchentes que atingiram os Estados de Alagoas e Pernambuco, ocasionando muitas v\u00edtimas e desabrigados. Al\u00e9m das v\u00edtimas anunciadas pelos meios de [&hellip;]\" \/>\n<meta property=\"og:url\" content=\"https:\/\/www.oarcanjo.net\/site\/nota-de-solidariedade-as-vitimas-das-enchentes-nos-estados-de-pernambuco-e-alagoas\/\" \/>\n<meta property=\"og:site_name\" content=\"O Arcanjo no ar\" \/>\n<meta property=\"article:publisher\" content=\"https:\/\/www.facebook.com\/OArcanjoNoAr\/\" \/>\n<meta property=\"article:published_time\" content=\"2010-06-28T19:10:20+00:00\" \/>\n<meta property=\"og:image\" content=\"https:\/\/www.oarcanjo.net\/site\/wp-content\/uploads\/logo-o-arcanjo-no-ar-facebook.png\" \/>\n\t<meta property=\"og:image:width\" content=\"300\" \/>\n\t<meta property=\"og:image:height\" content=\"300\" \/>\n\t<meta property=\"og:image:type\" content=\"image\/png\" \/>\n<meta name=\"author\" content=\"editor\" \/>\n<meta name=\"twitter:card\" content=\"summary_large_image\" \/>\n<meta name=\"twitter:label1\" content=\"Escrito por\" \/>\n\t<meta name=\"twitter:data1\" content=\"editor\" \/>\n\t<meta name=\"twitter:label2\" content=\"Est. tempo de leitura\" \/>\n\t<meta name=\"twitter:data2\" content=\"2 minutos\" \/>\n<script type=\"application\/ld+json\" class=\"yoast-schema-graph\">{\"@context\":\"https:\/\/schema.org\",\"@graph\":[{\"@type\":\"Article\",\"@id\":\"https:\/\/www.oarcanjo.net\/site\/nota-de-solidariedade-as-vitimas-das-enchentes-nos-estados-de-pernambuco-e-alagoas\/#article\",\"isPartOf\":{\"@id\":\"https:\/\/www.oarcanjo.net\/site\/nota-de-solidariedade-as-vitimas-das-enchentes-nos-estados-de-pernambuco-e-alagoas\/\"},\"author\":{\"name\":\"editor\",\"@id\":\"https:\/\/www.oarcanjo.net\/site\/#\/schema\/person\/f7024d007863202483a31326673a0838\"},\"headline\":\"Nota de solidariedade \u00e0s vitimas das enchentes nos Estados de Pernambuco e Alagoas\",\"datePublished\":\"2010-06-28T19:10:20+00:00\",\"dateModified\":\"2010-06-28T19:10:20+00:00\",\"mainEntityOfPage\":{\"@id\":\"https:\/\/www.oarcanjo.net\/site\/nota-de-solidariedade-as-vitimas-das-enchentes-nos-estados-de-pernambuco-e-alagoas\/\"},\"wordCount\":396,\"commentCount\":0,\"publisher\":{\"@id\":\"https:\/\/www.oarcanjo.net\/site\/#organization\"},\"keywords\":[\"chuvas\",\"CNBB\",\"enchentes\",\"nordeste\",\"solidariedade\"],\"articleSection\":[\"Not\u00edcias\"],\"inLanguage\":\"pt-BR\",\"potentialAction\":[{\"@type\":\"CommentAction\",\"name\":\"Comment\",\"target\":[\"https:\/\/www.oarcanjo.net\/site\/nota-de-solidariedade-as-vitimas-das-enchentes-nos-estados-de-pernambuco-e-alagoas\/#respond\"]}]},{\"@type\":\"WebPage\",\"@id\":\"https:\/\/www.oarcanjo.net\/site\/nota-de-solidariedade-as-vitimas-das-enchentes-nos-estados-de-pernambuco-e-alagoas\/\",\"url\":\"https:\/\/www.oarcanjo.net\/site\/nota-de-solidariedade-as-vitimas-das-enchentes-nos-estados-de-pernambuco-e-alagoas\/\",\"name\":\"Nota de solidariedade \u00e0s vitimas das enchentes nos Estados de Pernambuco e Alagoas - O Arcanjo no ar\",\"isPartOf\":{\"@id\":\"https:\/\/www.oarcanjo.net\/site\/#website\"},\"datePublished\":\"2010-06-28T19:10:20+00:00\",\"dateModified\":\"2010-06-28T19:10:20+00:00\",\"breadcrumb\":{\"@id\":\"https:\/\/www.oarcanjo.net\/site\/nota-de-solidariedade-as-vitimas-das-enchentes-nos-estados-de-pernambuco-e-alagoas\/#breadcrumb\"},\"inLanguage\":\"pt-BR\",\"potentialAction\":[{\"@type\":\"ReadAction\",\"target\":[\"https:\/\/www.oarcanjo.net\/site\/nota-de-solidariedade-as-vitimas-das-enchentes-nos-estados-de-pernambuco-e-alagoas\/\"]}]},{\"@type\":\"BreadcrumbList\",\"@id\":\"https:\/\/www.oarcanjo.net\/site\/nota-de-solidariedade-as-vitimas-das-enchentes-nos-estados-de-pernambuco-e-alagoas\/#breadcrumb\",\"itemListElement\":[{\"@type\":\"ListItem\",\"position\":1,\"name\":\"In\u00edcio\",\"item\":\"https:\/\/www.oarcanjo.net\/site\/\"},{\"@type\":\"ListItem\",\"position\":2,\"name\":\"Nota de solidariedade \u00e0s vitimas das enchentes nos Estados de Pernambuco e Alagoas\"}]},{\"@type\":\"WebSite\",\"@id\":\"https:\/\/www.oarcanjo.net\/site\/#website\",\"url\":\"https:\/\/www.oarcanjo.net\/site\/\",\"name\":\"O Arcanjo no ar\",\"description\":\"Site da Par\u00f3quia S\u00e3o Miguel Arcanjo (Arquidiocese de SP)\",\"publisher\":{\"@id\":\"https:\/\/www.oarcanjo.net\/site\/#organization\"},\"potentialAction\":[{\"@type\":\"SearchAction\",\"target\":{\"@type\":\"EntryPoint\",\"urlTemplate\":\"https:\/\/www.oarcanjo.net\/site\/?s={search_term_string}\"},\"query-input\":{\"@type\":\"PropertyValueSpecification\",\"valueRequired\":true,\"valueName\":\"search_term_string\"}}],\"inLanguage\":\"pt-BR\"},{\"@type\":\"Organization\",\"@id\":\"https:\/\/www.oarcanjo.net\/site\/#organization\",\"name\":\"Par\u00f3quia S\u00e3o Miguel Arcanjo\",\"url\":\"https:\/\/www.oarcanjo.net\/site\/\",\"logo\":{\"@type\":\"ImageObject\",\"inLanguage\":\"pt-BR\",\"@id\":\"https:\/\/www.oarcanjo.net\/site\/#\/schema\/logo\/image\/\",\"url\":\"https:\/\/www.oarcanjo.net\/site\/wp-content\/uploads\/LogoOArcanjo.png\",\"contentUrl\":\"https:\/\/www.oarcanjo.net\/site\/wp-content\/uploads\/LogoOArcanjo.png\",\"width\":319,\"height\":99,\"caption\":\"Par\u00f3quia S\u00e3o Miguel Arcanjo\"},\"image\":{\"@id\":\"https:\/\/www.oarcanjo.net\/site\/#\/schema\/logo\/image\/\"},\"sameAs\":[\"https:\/\/www.facebook.com\/OArcanjoNoAr\/\"]},{\"@type\":\"Person\",\"@id\":\"https:\/\/www.oarcanjo.net\/site\/#\/schema\/person\/f7024d007863202483a31326673a0838\",\"name\":\"editor\",\"sameAs\":[\"http:\/\/www.oarcanjo.net\"]}]}<\/script>\n<!-- \/ Yoast SEO plugin. -->","yoast_head_json":{"title":"Nota de solidariedade \u00e0s vitimas das enchentes nos Estados de Pernambuco e Alagoas - O Arcanjo no ar","robots":{"index":"index","follow":"follow","max-snippet":"max-snippet:-1","max-image-preview":"max-image-preview:large","max-video-preview":"max-video-preview:-1"},"canonical":"https:\/\/www.oarcanjo.net\/site\/nota-de-solidariedade-as-vitimas-das-enchentes-nos-estados-de-pernambuco-e-alagoas\/","og_locale":"pt_BR","og_type":"article","og_title":"Nota de solidariedade \u00e0s vitimas das enchentes nos Estados de Pernambuco e Alagoas - O Arcanjo no ar","og_description":"CNBB N\u00f3s, Bispos, membros do Conselho Permanente da CNBB, reunidos em Bras\u00edlia, nos dias 23 a 25 de junho de 2010, acompanhamos com muita dor e pesar as noticias que nos chegam sobre as enchentes que atingiram os Estados de Alagoas e Pernambuco, ocasionando muitas v\u00edtimas e desabrigados. Al\u00e9m das v\u00edtimas anunciadas pelos meios de [&hellip;]","og_url":"https:\/\/www.oarcanjo.net\/site\/nota-de-solidariedade-as-vitimas-das-enchentes-nos-estados-de-pernambuco-e-alagoas\/","og_site_name":"O Arcanjo no ar","article_publisher":"https:\/\/www.facebook.com\/OArcanjoNoAr\/","article_published_time":"2010-06-28T19:10:20+00:00","og_image":[{"width":300,"height":300,"url":"https:\/\/www.oarcanjo.net\/site\/wp-content\/uploads\/logo-o-arcanjo-no-ar-facebook.png","type":"image\/png"}],"author":"editor","twitter_card":"summary_large_image","twitter_misc":{"Escrito por":"editor","Est. tempo de leitura":"2 minutos"},"schema":{"@context":"https:\/\/schema.org","@graph":[{"@type":"Article","@id":"https:\/\/www.oarcanjo.net\/site\/nota-de-solidariedade-as-vitimas-das-enchentes-nos-estados-de-pernambuco-e-alagoas\/#article","isPartOf":{"@id":"https:\/\/www.oarcanjo.net\/site\/nota-de-solidariedade-as-vitimas-das-enchentes-nos-estados-de-pernambuco-e-alagoas\/"},"author":{"name":"editor","@id":"https:\/\/www.oarcanjo.net\/site\/#\/schema\/person\/f7024d007863202483a31326673a0838"},"headline":"Nota de solidariedade \u00e0s vitimas das enchentes nos Estados de Pernambuco e Alagoas","datePublished":"2010-06-28T19:10:20+00:00","dateModified":"2010-06-28T19:10:20+00:00","mainEntityOfPage":{"@id":"https:\/\/www.oarcanjo.net\/site\/nota-de-solidariedade-as-vitimas-das-enchentes-nos-estados-de-pernambuco-e-alagoas\/"},"wordCount":396,"commentCount":0,"publisher":{"@id":"https:\/\/www.oarcanjo.net\/site\/#organization"},"keywords":["chuvas","CNBB","enchentes","nordeste","solidariedade"],"articleSection":["Not\u00edcias"],"inLanguage":"pt-BR","potentialAction":[{"@type":"CommentAction","name":"Comment","target":["https:\/\/www.oarcanjo.net\/site\/nota-de-solidariedade-as-vitimas-das-enchentes-nos-estados-de-pernambuco-e-alagoas\/#respond"]}]},{"@type":"WebPage","@id":"https:\/\/www.oarcanjo.net\/site\/nota-de-solidariedade-as-vitimas-das-enchentes-nos-estados-de-pernambuco-e-alagoas\/","url":"https:\/\/www.oarcanjo.net\/site\/nota-de-solidariedade-as-vitimas-das-enchentes-nos-estados-de-pernambuco-e-alagoas\/","name":"Nota de solidariedade \u00e0s vitimas das enchentes nos Estados de Pernambuco e Alagoas - O Arcanjo no ar","isPartOf":{"@id":"https:\/\/www.oarcanjo.net\/site\/#website"},"datePublished":"2010-06-28T19:10:20+00:00","dateModified":"2010-06-28T19:10:20+00:00","breadcrumb":{"@id":"https:\/\/www.oarcanjo.net\/site\/nota-de-solidariedade-as-vitimas-das-enchentes-nos-estados-de-pernambuco-e-alagoas\/#breadcrumb"},"inLanguage":"pt-BR","potentialAction":[{"@type":"ReadAction","target":["https:\/\/www.oarcanjo.net\/site\/nota-de-solidariedade-as-vitimas-das-enchentes-nos-estados-de-pernambuco-e-alagoas\/"]}]},{"@type":"BreadcrumbList","@id":"https:\/\/www.oarcanjo.net\/site\/nota-de-solidariedade-as-vitimas-das-enchentes-nos-estados-de-pernambuco-e-alagoas\/#breadcrumb","itemListElement":[{"@type":"ListItem","position":1,"name":"In\u00edcio","item":"https:\/\/www.oarcanjo.net\/site\/"},{"@type":"ListItem","position":2,"name":"Nota de solidariedade \u00e0s vitimas das enchentes nos Estados de Pernambuco e Alagoas"}]},{"@type":"WebSite","@id":"https:\/\/www.oarcanjo.net\/site\/#website","url":"https:\/\/www.oarcanjo.net\/site\/","name":"O Arcanjo no ar","description":"Site da Par\u00f3quia S\u00e3o Miguel Arcanjo (Arquidiocese de SP)","publisher":{"@id":"https:\/\/www.oarcanjo.net\/site\/#organization"},"potentialAction":[{"@type":"SearchAction","target":{"@type":"EntryPoint","urlTemplate":"https:\/\/www.oarcanjo.net\/site\/?s={search_term_string}"},"query-input":{"@type":"PropertyValueSpecification","valueRequired":true,"valueName":"search_term_string"}}],"inLanguage":"pt-BR"},{"@type":"Organization","@id":"https:\/\/www.oarcanjo.net\/site\/#organization","name":"Par\u00f3quia S\u00e3o Miguel Arcanjo","url":"https:\/\/www.oarcanjo.net\/site\/","logo":{"@type":"ImageObject","inLanguage":"pt-BR","@id":"https:\/\/www.oarcanjo.net\/site\/#\/schema\/logo\/image\/","url":"https:\/\/www.oarcanjo.net\/site\/wp-content\/uploads\/LogoOArcanjo.png","contentUrl":"https:\/\/www.oarcanjo.net\/site\/wp-content\/uploads\/LogoOArcanjo.png","width":319,"height":99,"caption":"Par\u00f3quia S\u00e3o Miguel Arcanjo"},"image":{"@id":"https:\/\/www.oarcanjo.net\/site\/#\/schema\/logo\/image\/"},"sameAs":["https:\/\/www.facebook.com\/OArcanjoNoAr\/"]},{"@type":"Person","@id":"https:\/\/www.oarcanjo.net\/site\/#\/schema\/person\/f7024d007863202483a31326673a0838","name":"editor","sameAs":["http:\/\/www.oarcanjo.net"]}]}},"publishpress_future_action":{"enabled":false,"date":"2026-05-09 09:03:16","action":"category","newStatus":"draft","terms":[],"taxonomy":"category"},"publishpress_future_workflow_manual_trigger":{"enabledWorkflows":[]},"_links":{"self":[{"href":"https:\/\/www.oarcanjo.net\/site\/wp-json\/wp\/v2\/posts\/10001"}],"collection":[{"href":"https:\/\/www.oarcanjo.net\/site\/wp-json\/wp\/v2\/posts"}],"about":[{"href":"https:\/\/www.oarcanjo.net\/site\/wp-json\/wp\/v2\/types\/post"}],"author":[{"embeddable":true,"href":"https:\/\/www.oarcanjo.net\/site\/wp-json\/wp\/v2\/users\/5"}],"replies":[{"embeddable":true,"href":"https:\/\/www.oarcanjo.net\/site\/wp-json\/wp\/v2\/comments?post=10001"}],"version-history":[{"count":0,"href":"https:\/\/www.oarcanjo.net\/site\/wp-json\/wp\/v2\/posts\/10001\/revisions"}],"wp:attachment":[{"href":"https:\/\/www.oarcanjo.net\/site\/wp-json\/wp\/v2\/media?parent=10001"}],"wp:term":[{"taxonomy":"category","embeddable":true,"href":"https:\/\/www.oarcanjo.net\/site\/wp-json\/wp\/v2\/categories?post=10001"},{"taxonomy":"post_tag","embeddable":true,"href":"https:\/\/www.oarcanjo.net\/site\/wp-json\/wp\/v2\/tags?post=10001"}],"curies":[{"name":"wp","href":"https:\/\/api.w.org\/{rel}","templated":true}]}}