
{"id":100081,"date":"2020-05-23T10:53:06","date_gmt":"2020-05-23T13:53:06","guid":{"rendered":"https:\/\/www.oarcanjo.net\/site\/?p=100081"},"modified":"2020-05-23T10:53:06","modified_gmt":"2020-05-23T13:53:06","slug":"dona-norma-foi-para-a-casa-do-pai","status":"publish","type":"post","link":"https:\/\/www.oarcanjo.net\/site\/dona-norma-foi-para-a-casa-do-pai\/","title":{"rendered":"Dona Norma foi para a casa do Pai"},"content":{"rendered":"<p>O Padre Julio por vezes diz que a Comunidade S\u00e3o Miguel Arcanjo \u00e9 muito grande no c\u00e9u. Agora recebeu em 19\/05\/2020 dona Norma, m\u00e3e da Miriam do grupo de canto e av\u00f3 da Carla Ribeiro. Como sinal de carinho vamos transcrever uma postagem dessa neta no facebook, representando o nosso carinho \u00e0 Dona Norma:<\/p>\n<p>&#8220;Minha metade, minha raz\u00e3o, a pessoa com o cora\u00e7\u00e3o mais lindo e de maior evolu\u00e7\u00e3o que j\u00e1 conheci, foi morar no c\u00e9u! OBRIGADA S\u00d3 POSSO DIZER OBRIGADA VOV\u00d3! Por ter me criado, cuidado de mim e ter me ensinado o sentido do amor incondicional! \u00c9 esse amor que sinto por voc\u00ea, multiplicado por muitos e muitos milh\u00f5es! Hoje \u00e9 o pior dia da minha vida, mas amanh\u00e3, seria anivers\u00e1rio da bisa, sua m\u00e3ezinha, acredito que voc\u00ea foi encontr\u00e1-la com ela hoje&#8230; VOC\u00ca FOI, \u00c9 E SEMPRE VAI SER MINHA RAZ\u00c3O E O MAIOR AMOR DA MINHA VIDA! Voc\u00ea levou metade de mim e eu fico aqui, com metade de voc\u00ea pra sempre minha estrela!&nbsp;&#8221;<\/p>\n<p><img loading=\"lazy\" decoding=\"async\" class=\"alignnone size-medium wp-image-100082\" src=\"https:\/\/www.oarcanjo.net\/site\/wp-content\/uploads\/norma-2-300x300.jpg\" alt=\"\" width=\"300\" height=\"300\" srcset=\"https:\/\/www.oarcanjo.net\/site\/wp-content\/uploads\/norma-2-300x300.jpg 300w, https:\/\/www.oarcanjo.net\/site\/wp-content\/uploads\/norma-2-150x150.jpg 150w, https:\/\/www.oarcanjo.net\/site\/wp-content\/uploads\/norma-2.jpg 431w\" sizes=\"(max-width: 300px) 100vw, 300px\" \/><img loading=\"lazy\" decoding=\"async\" class=\"alignnone size-medium wp-image-100083\" src=\"https:\/\/www.oarcanjo.net\/site\/wp-content\/uploads\/norma-1-300x300.jpg\" alt=\"\" width=\"300\" height=\"300\" srcset=\"https:\/\/www.oarcanjo.net\/site\/wp-content\/uploads\/norma-1-300x300.jpg 300w, https:\/\/www.oarcanjo.net\/site\/wp-content\/uploads\/norma-1-150x150.jpg 150w, https:\/\/www.oarcanjo.net\/site\/wp-content\/uploads\/norma-1.jpg 431w\" sizes=\"(max-width: 300px) 100vw, 300px\" \/><\/p>\n<div id=\"themify_builder_content-100081\" data-postid=\"100081\" class=\"themify_builder_content themify_builder_content-100081 themify_builder themify_builder_front\">\n\t<\/div>\n<!-- \/themify_builder_content -->","protected":false},"excerpt":{"rendered":"<p>O Padre Julio por vezes diz que a Comunidade S\u00e3o Miguel Arcanjo \u00e9 muito grande no c\u00e9u. Agora recebeu em 19\/05\/2020 dona Norma, m\u00e3e da Miriam do grupo de canto e av\u00f3 da Carla Ribeiro. Como sinal de carinho vamos transcrever uma postagem dessa neta no facebook, representando o nosso carinho \u00e0 Dona Norma: &#8220;Minha [&hellip;]<\/p>\n","protected":false},"author":10,"featured_media":0,"comment_status":"open","ping_status":"open","sticky":false,"template":"","format":"standard","meta":{"ngg_post_thumbnail":0,"footnotes":""},"categories":[7],"tags":[],"yoast_head":"<!-- This site is optimized with the Yoast SEO plugin v23.5 - https:\/\/yoast.com\/wordpress\/plugins\/seo\/ -->\n<title>Dona Norma foi para a casa do Pai - O Arcanjo no ar<\/title>\n<meta name=\"robots\" content=\"index, follow, max-snippet:-1, max-image-preview:large, max-video-preview:-1\" \/>\n<link rel=\"canonical\" href=\"https:\/\/www.oarcanjo.net\/site\/dona-norma-foi-para-a-casa-do-pai\/\" \/>\n<meta property=\"og:locale\" content=\"pt_BR\" \/>\n<meta property=\"og:type\" content=\"article\" \/>\n<meta property=\"og:title\" content=\"Dona Norma foi para a casa do Pai - O Arcanjo no ar\" \/>\n<meta property=\"og:description\" content=\"O Padre Julio por vezes diz que a Comunidade S\u00e3o Miguel Arcanjo \u00e9 muito grande no c\u00e9u. Agora recebeu em 19\/05\/2020 dona Norma, m\u00e3e da Miriam do grupo de canto e av\u00f3 da Carla Ribeiro. Como sinal de carinho vamos transcrever uma postagem dessa neta no facebook, representando o nosso carinho \u00e0 Dona Norma: &#8220;Minha [&hellip;]\" \/>\n<meta property=\"og:url\" content=\"https:\/\/www.oarcanjo.net\/site\/dona-norma-foi-para-a-casa-do-pai\/\" \/>\n<meta property=\"og:site_name\" content=\"O Arcanjo no ar\" \/>\n<meta property=\"article:publisher\" content=\"https:\/\/www.facebook.com\/OArcanjoNoAr\/\" \/>\n<meta property=\"article:published_time\" content=\"2020-05-23T13:53:06+00:00\" \/>\n<meta property=\"og:image\" content=\"https:\/\/www.oarcanjo.net\/site\/wp-content\/uploads\/norma-2-300x300.jpg\" \/>\n<meta name=\"author\" content=\"carlos\" \/>\n<meta name=\"twitter:card\" content=\"summary_large_image\" \/>\n<meta name=\"twitter:label1\" content=\"Escrito por\" \/>\n\t<meta name=\"twitter:data1\" content=\"carlos\" \/>\n\t<meta name=\"twitter:label2\" content=\"Est. tempo de leitura\" \/>\n\t<meta name=\"twitter:data2\" content=\"1 minuto\" \/>\n<script type=\"application\/ld+json\" class=\"yoast-schema-graph\">{\"@context\":\"https:\/\/schema.org\",\"@graph\":[{\"@type\":\"Article\",\"@id\":\"https:\/\/www.oarcanjo.net\/site\/dona-norma-foi-para-a-casa-do-pai\/#article\",\"isPartOf\":{\"@id\":\"https:\/\/www.oarcanjo.net\/site\/dona-norma-foi-para-a-casa-do-pai\/\"},\"author\":{\"name\":\"carlos\",\"@id\":\"https:\/\/www.oarcanjo.net\/site\/#\/schema\/person\/f7870e710d8c8c30673de3a0ac2e451d\"},\"headline\":\"Dona Norma foi para a casa do Pai\",\"datePublished\":\"2020-05-23T13:53:06+00:00\",\"dateModified\":\"2020-05-23T13:53:06+00:00\",\"mainEntityOfPage\":{\"@id\":\"https:\/\/www.oarcanjo.net\/site\/dona-norma-foi-para-a-casa-do-pai\/\"},\"wordCount\":183,\"commentCount\":2,\"publisher\":{\"@id\":\"https:\/\/www.oarcanjo.net\/site\/#organization\"},\"image\":{\"@id\":\"https:\/\/www.oarcanjo.net\/site\/dona-norma-foi-para-a-casa-do-pai\/#primaryimage\"},\"thumbnailUrl\":\"https:\/\/www.oarcanjo.net\/site\/wp-content\/uploads\/norma-2-300x300.jpg\",\"articleSection\":[\"Rosto da comunidade\"],\"inLanguage\":\"pt-BR\",\"potentialAction\":[{\"@type\":\"CommentAction\",\"name\":\"Comment\",\"target\":[\"https:\/\/www.oarcanjo.net\/site\/dona-norma-foi-para-a-casa-do-pai\/#respond\"]}]},{\"@type\":\"WebPage\",\"@id\":\"https:\/\/www.oarcanjo.net\/site\/dona-norma-foi-para-a-casa-do-pai\/\",\"url\":\"https:\/\/www.oarcanjo.net\/site\/dona-norma-foi-para-a-casa-do-pai\/\",\"name\":\"Dona Norma foi para a casa do Pai - O Arcanjo no ar\",\"isPartOf\":{\"@id\":\"https:\/\/www.oarcanjo.net\/site\/#website\"},\"primaryImageOfPage\":{\"@id\":\"https:\/\/www.oarcanjo.net\/site\/dona-norma-foi-para-a-casa-do-pai\/#primaryimage\"},\"image\":{\"@id\":\"https:\/\/www.oarcanjo.net\/site\/dona-norma-foi-para-a-casa-do-pai\/#primaryimage\"},\"thumbnailUrl\":\"https:\/\/www.oarcanjo.net\/site\/wp-content\/uploads\/norma-2-300x300.jpg\",\"datePublished\":\"2020-05-23T13:53:06+00:00\",\"dateModified\":\"2020-05-23T13:53:06+00:00\",\"breadcrumb\":{\"@id\":\"https:\/\/www.oarcanjo.net\/site\/dona-norma-foi-para-a-casa-do-pai\/#breadcrumb\"},\"inLanguage\":\"pt-BR\",\"potentialAction\":[{\"@type\":\"ReadAction\",\"target\":[\"https:\/\/www.oarcanjo.net\/site\/dona-norma-foi-para-a-casa-do-pai\/\"]}]},{\"@type\":\"ImageObject\",\"inLanguage\":\"pt-BR\",\"@id\":\"https:\/\/www.oarcanjo.net\/site\/dona-norma-foi-para-a-casa-do-pai\/#primaryimage\",\"url\":\"https:\/\/www.oarcanjo.net\/site\/wp-content\/uploads\/norma-2.jpg\",\"contentUrl\":\"https:\/\/www.oarcanjo.net\/site\/wp-content\/uploads\/norma-2.jpg\",\"width\":431,\"height\":431},{\"@type\":\"BreadcrumbList\",\"@id\":\"https:\/\/www.oarcanjo.net\/site\/dona-norma-foi-para-a-casa-do-pai\/#breadcrumb\",\"itemListElement\":[{\"@type\":\"ListItem\",\"position\":1,\"name\":\"In\u00edcio\",\"item\":\"https:\/\/www.oarcanjo.net\/site\/\"},{\"@type\":\"ListItem\",\"position\":2,\"name\":\"Dona Norma foi para a casa do Pai\"}]},{\"@type\":\"WebSite\",\"@id\":\"https:\/\/www.oarcanjo.net\/site\/#website\",\"url\":\"https:\/\/www.oarcanjo.net\/site\/\",\"name\":\"O Arcanjo no ar\",\"description\":\"Site da Par\u00f3quia S\u00e3o Miguel Arcanjo (Arquidiocese de SP)\",\"publisher\":{\"@id\":\"https:\/\/www.oarcanjo.net\/site\/#organization\"},\"potentialAction\":[{\"@type\":\"SearchAction\",\"target\":{\"@type\":\"EntryPoint\",\"urlTemplate\":\"https:\/\/www.oarcanjo.net\/site\/?s={search_term_string}\"},\"query-input\":{\"@type\":\"PropertyValueSpecification\",\"valueRequired\":true,\"valueName\":\"search_term_string\"}}],\"inLanguage\":\"pt-BR\"},{\"@type\":\"Organization\",\"@id\":\"https:\/\/www.oarcanjo.net\/site\/#organization\",\"name\":\"Par\u00f3quia S\u00e3o Miguel Arcanjo\",\"url\":\"https:\/\/www.oarcanjo.net\/site\/\",\"logo\":{\"@type\":\"ImageObject\",\"inLanguage\":\"pt-BR\",\"@id\":\"https:\/\/www.oarcanjo.net\/site\/#\/schema\/logo\/image\/\",\"url\":\"https:\/\/www.oarcanjo.net\/site\/wp-content\/uploads\/LogoOArcanjo.png\",\"contentUrl\":\"https:\/\/www.oarcanjo.net\/site\/wp-content\/uploads\/LogoOArcanjo.png\",\"width\":319,\"height\":99,\"caption\":\"Par\u00f3quia S\u00e3o Miguel Arcanjo\"},\"image\":{\"@id\":\"https:\/\/www.oarcanjo.net\/site\/#\/schema\/logo\/image\/\"},\"sameAs\":[\"https:\/\/www.facebook.com\/OArcanjoNoAr\/\"]},{\"@type\":\"Person\",\"@id\":\"https:\/\/www.oarcanjo.net\/site\/#\/schema\/person\/f7870e710d8c8c30673de3a0ac2e451d\",\"name\":\"carlos\"}]}<\/script>\n<!-- \/ Yoast SEO plugin. -->","yoast_head_json":{"title":"Dona Norma foi para a casa do Pai - O Arcanjo no ar","robots":{"index":"index","follow":"follow","max-snippet":"max-snippet:-1","max-image-preview":"max-image-preview:large","max-video-preview":"max-video-preview:-1"},"canonical":"https:\/\/www.oarcanjo.net\/site\/dona-norma-foi-para-a-casa-do-pai\/","og_locale":"pt_BR","og_type":"article","og_title":"Dona Norma foi para a casa do Pai - O Arcanjo no ar","og_description":"O Padre Julio por vezes diz que a Comunidade S\u00e3o Miguel Arcanjo \u00e9 muito grande no c\u00e9u. Agora recebeu em 19\/05\/2020 dona Norma, m\u00e3e da Miriam do grupo de canto e av\u00f3 da Carla Ribeiro. Como sinal de carinho vamos transcrever uma postagem dessa neta no facebook, representando o nosso carinho \u00e0 Dona Norma: &#8220;Minha [&hellip;]","og_url":"https:\/\/www.oarcanjo.net\/site\/dona-norma-foi-para-a-casa-do-pai\/","og_site_name":"O Arcanjo no ar","article_publisher":"https:\/\/www.facebook.com\/OArcanjoNoAr\/","article_published_time":"2020-05-23T13:53:06+00:00","og_image":[{"url":"https:\/\/www.oarcanjo.net\/site\/wp-content\/uploads\/norma-2-300x300.jpg"}],"author":"carlos","twitter_card":"summary_large_image","twitter_misc":{"Escrito por":"carlos","Est. tempo de leitura":"1 minuto"},"schema":{"@context":"https:\/\/schema.org","@graph":[{"@type":"Article","@id":"https:\/\/www.oarcanjo.net\/site\/dona-norma-foi-para-a-casa-do-pai\/#article","isPartOf":{"@id":"https:\/\/www.oarcanjo.net\/site\/dona-norma-foi-para-a-casa-do-pai\/"},"author":{"name":"carlos","@id":"https:\/\/www.oarcanjo.net\/site\/#\/schema\/person\/f7870e710d8c8c30673de3a0ac2e451d"},"headline":"Dona Norma foi para a casa do Pai","datePublished":"2020-05-23T13:53:06+00:00","dateModified":"2020-05-23T13:53:06+00:00","mainEntityOfPage":{"@id":"https:\/\/www.oarcanjo.net\/site\/dona-norma-foi-para-a-casa-do-pai\/"},"wordCount":183,"commentCount":2,"publisher":{"@id":"https:\/\/www.oarcanjo.net\/site\/#organization"},"image":{"@id":"https:\/\/www.oarcanjo.net\/site\/dona-norma-foi-para-a-casa-do-pai\/#primaryimage"},"thumbnailUrl":"https:\/\/www.oarcanjo.net\/site\/wp-content\/uploads\/norma-2-300x300.jpg","articleSection":["Rosto da comunidade"],"inLanguage":"pt-BR","potentialAction":[{"@type":"CommentAction","name":"Comment","target":["https:\/\/www.oarcanjo.net\/site\/dona-norma-foi-para-a-casa-do-pai\/#respond"]}]},{"@type":"WebPage","@id":"https:\/\/www.oarcanjo.net\/site\/dona-norma-foi-para-a-casa-do-pai\/","url":"https:\/\/www.oarcanjo.net\/site\/dona-norma-foi-para-a-casa-do-pai\/","name":"Dona Norma foi para a casa do Pai - O Arcanjo no ar","isPartOf":{"@id":"https:\/\/www.oarcanjo.net\/site\/#website"},"primaryImageOfPage":{"@id":"https:\/\/www.oarcanjo.net\/site\/dona-norma-foi-para-a-casa-do-pai\/#primaryimage"},"image":{"@id":"https:\/\/www.oarcanjo.net\/site\/dona-norma-foi-para-a-casa-do-pai\/#primaryimage"},"thumbnailUrl":"https:\/\/www.oarcanjo.net\/site\/wp-content\/uploads\/norma-2-300x300.jpg","datePublished":"2020-05-23T13:53:06+00:00","dateModified":"2020-05-23T13:53:06+00:00","breadcrumb":{"@id":"https:\/\/www.oarcanjo.net\/site\/dona-norma-foi-para-a-casa-do-pai\/#breadcrumb"},"inLanguage":"pt-BR","potentialAction":[{"@type":"ReadAction","target":["https:\/\/www.oarcanjo.net\/site\/dona-norma-foi-para-a-casa-do-pai\/"]}]},{"@type":"ImageObject","inLanguage":"pt-BR","@id":"https:\/\/www.oarcanjo.net\/site\/dona-norma-foi-para-a-casa-do-pai\/#primaryimage","url":"https:\/\/www.oarcanjo.net\/site\/wp-content\/uploads\/norma-2.jpg","contentUrl":"https:\/\/www.oarcanjo.net\/site\/wp-content\/uploads\/norma-2.jpg","width":431,"height":431},{"@type":"BreadcrumbList","@id":"https:\/\/www.oarcanjo.net\/site\/dona-norma-foi-para-a-casa-do-pai\/#breadcrumb","itemListElement":[{"@type":"ListItem","position":1,"name":"In\u00edcio","item":"https:\/\/www.oarcanjo.net\/site\/"},{"@type":"ListItem","position":2,"name":"Dona Norma foi para a casa do Pai"}]},{"@type":"WebSite","@id":"https:\/\/www.oarcanjo.net\/site\/#website","url":"https:\/\/www.oarcanjo.net\/site\/","name":"O Arcanjo no ar","description":"Site da Par\u00f3quia S\u00e3o Miguel Arcanjo (Arquidiocese de SP)","publisher":{"@id":"https:\/\/www.oarcanjo.net\/site\/#organization"},"potentialAction":[{"@type":"SearchAction","target":{"@type":"EntryPoint","urlTemplate":"https:\/\/www.oarcanjo.net\/site\/?s={search_term_string}"},"query-input":{"@type":"PropertyValueSpecification","valueRequired":true,"valueName":"search_term_string"}}],"inLanguage":"pt-BR"},{"@type":"Organization","@id":"https:\/\/www.oarcanjo.net\/site\/#organization","name":"Par\u00f3quia S\u00e3o Miguel Arcanjo","url":"https:\/\/www.oarcanjo.net\/site\/","logo":{"@type":"ImageObject","inLanguage":"pt-BR","@id":"https:\/\/www.oarcanjo.net\/site\/#\/schema\/logo\/image\/","url":"https:\/\/www.oarcanjo.net\/site\/wp-content\/uploads\/LogoOArcanjo.png","contentUrl":"https:\/\/www.oarcanjo.net\/site\/wp-content\/uploads\/LogoOArcanjo.png","width":319,"height":99,"caption":"Par\u00f3quia S\u00e3o Miguel Arcanjo"},"image":{"@id":"https:\/\/www.oarcanjo.net\/site\/#\/schema\/logo\/image\/"},"sameAs":["https:\/\/www.facebook.com\/OArcanjoNoAr\/"]},{"@type":"Person","@id":"https:\/\/www.oarcanjo.net\/site\/#\/schema\/person\/f7870e710d8c8c30673de3a0ac2e451d","name":"carlos"}]}},"publishpress_future_action":{"enabled":false,"date":"2026-05-08 19:33:50","action":"category","newStatus":"draft","terms":[],"taxonomy":"category"},"publishpress_future_workflow_manual_trigger":{"enabledWorkflows":[]},"_links":{"self":[{"href":"https:\/\/www.oarcanjo.net\/site\/wp-json\/wp\/v2\/posts\/100081"}],"collection":[{"href":"https:\/\/www.oarcanjo.net\/site\/wp-json\/wp\/v2\/posts"}],"about":[{"href":"https:\/\/www.oarcanjo.net\/site\/wp-json\/wp\/v2\/types\/post"}],"author":[{"embeddable":true,"href":"https:\/\/www.oarcanjo.net\/site\/wp-json\/wp\/v2\/users\/10"}],"replies":[{"embeddable":true,"href":"https:\/\/www.oarcanjo.net\/site\/wp-json\/wp\/v2\/comments?post=100081"}],"version-history":[{"count":2,"href":"https:\/\/www.oarcanjo.net\/site\/wp-json\/wp\/v2\/posts\/100081\/revisions"}],"predecessor-version":[{"id":100085,"href":"https:\/\/www.oarcanjo.net\/site\/wp-json\/wp\/v2\/posts\/100081\/revisions\/100085"}],"wp:attachment":[{"href":"https:\/\/www.oarcanjo.net\/site\/wp-json\/wp\/v2\/media?parent=100081"}],"wp:term":[{"taxonomy":"category","embeddable":true,"href":"https:\/\/www.oarcanjo.net\/site\/wp-json\/wp\/v2\/categories?post=100081"},{"taxonomy":"post_tag","embeddable":true,"href":"https:\/\/www.oarcanjo.net\/site\/wp-json\/wp\/v2\/tags?post=100081"}],"curies":[{"name":"wp","href":"https:\/\/api.w.org\/{rel}","templated":true}]}}