
{"id":10015,"date":"2018-07-02T00:39:47","date_gmt":"2018-07-02T03:39:47","guid":{"rendered":"http:\/\/www.oarcanjo.net\/site\/?p=10015"},"modified":"2018-06-20T18:20:41","modified_gmt":"2018-06-20T21:20:41","slug":"sao-bernardino-realino","status":"publish","type":"post","link":"https:\/\/www.oarcanjo.net\/site\/sao-bernardino-realino\/","title":{"rendered":"S\u00e3o Bernardino Realino"},"content":{"rendered":"<p><img decoding=\"async\" src=\"http:\/\/3.bp.blogspot.com\/__pLEjGjLFpA\/SkxywtfC8YI\/AAAAAAAAAuU\/mVLuAaqv590\/s320\/S%C3%A3o+Bernardino+Realino.jpg\" alt=\"\" \/><\/p>\n<p>2 de Julho<\/p>\n<p>Bernardino nasceu no dia 1o de dezembro de 1530, na rica e nobre fam\u00edlia dos Realino, na ilha de Capri, em N\u00e1poles. O jovem Bernardino aprofundou-se nas ci\u00eancias human\u00edsticas, estudando na academia de Modena e depois na Universidade de Bolonha, formando-se em filosofia, medicina, direito civil e eclesi\u00e1stico.<\/p>\n<p>Com vinte e cinco anos de idade, enveredou por uma carreira administrativa sob a prote\u00e7\u00e3o do governador de Mil\u00e3o, um cardeal amigo pessoal de seu pai. Bernardino ocupou cargos importantes, social e politicamente. Foi prefeito de Felizzano de Monferrato, advogado fiscal em Alexandria, depois prefeito de Cassine, prefeito de Castel Leone e, finalmente, auditor e lugar-tenente de N\u00e1poles.<\/p>\n<p>Todavia abandonou tudo, pois, quando doente, recebeu a apari\u00e7\u00e3o de Nossa Senhora carregando o Menino Jesus nos bra\u00e7os. Era o ano de 1564. Desde ent\u00e3o, com a ajuda de um padre jesu\u00edta que se tornou seu orientador espiritual, Bernardino assumiu definitivamente a vida religiosa. Aos trinta e cinco anos de idade, ele foi ordenado padre jesu\u00edta. Al\u00e9m de continuar o trabalho social em favor dos pobres, que sempre realizara, tornou-se um perfeito pastor de almas: evangelizador e confessor.<\/p>\n<p>Possuindo o dom da cura e do conselho, era procurado por bispos e pr\u00edncipes que desejavam sua iluminada orienta\u00e7\u00e3o. O pr\u00f3prio papa Paulo V, assim como diversos soberanos, lhe escrevia, pedindo ora\u00e7\u00f5es.<\/p>\n<p>Em 1574, foi enviado a Lecce para fundar um col\u00e9gio jesu\u00edta, onde exerceu o apostolado durante quarenta e dois anos. A sua atua\u00e7\u00e3o na comunidade foi t\u00e3o vital para todos, que, quando estava no seu leito de morte, ele se viu cercado pelo Conselho Municipal, que pedia sua prote\u00e7\u00e3o eterna para a cidade.<\/p>\n<p>Equivale a dizer que estavam lhe pedindo ainda em vida que aceitasse ser o padroeiro daquela diocese, tal a s\u00f3lida fama de sua santidade. Talvez um fato \u00fanico j\u00e1 registrado pelos cat\u00f3licos. Isso porque santo protetor toda cidade escolhe um. Eleger um santo patrono antes mesmo de este ser canonizado tamb\u00e9m n\u00e3o \u00e9 uma situa\u00e7\u00e3o nova na hist\u00f3ria das comunidades crist\u00e3s. Mas pedir permiss\u00e3o pessoalmente a um homem para que aceite de viva voz ser o padroeiro de uma cidade, realmente, \u00e9 um raro acontecimento na Igreja.<\/p>\n<p>Ele morreu aos oitenta e seis anos de idade, no dia 2 de julho de 1616, em Lecce. Cultuado em vida como santo, foi beatificado, em 1895, pelo papa Le\u00e3o XIII e canonizado pelo papa Pio XII em 1947. S\u00e3o Bernardino Realino \u00e9 o padroeiro das cidades de Lecce e Capri.<\/p>\n<div id=\"themify_builder_content-10015\" data-postid=\"10015\" class=\"themify_builder_content themify_builder_content-10015 themify_builder themify_builder_front\">\n\t<\/div>\n<!-- \/themify_builder_content -->","protected":false},"excerpt":{"rendered":"<p>2 de Julho Bernardino nasceu no dia 1o de dezembro de 1530, na rica e nobre fam\u00edlia dos Realino, na ilha de Capri, em N\u00e1poles. O jovem Bernardino aprofundou-se nas ci\u00eancias human\u00edsticas, estudando na academia de Modena e depois na Universidade de Bolonha, formando-se em filosofia, medicina, direito civil e eclesi\u00e1stico. Com vinte e cinco [&hellip;]<\/p>\n","protected":false},"author":14,"featured_media":0,"comment_status":"open","ping_status":"open","sticky":false,"template":"","format":"standard","meta":{"ngg_post_thumbnail":0,"footnotes":""},"categories":[186],"tags":[],"yoast_head":"<!-- This site is optimized with the Yoast SEO plugin v23.5 - https:\/\/yoast.com\/wordpress\/plugins\/seo\/ -->\n<title>S\u00e3o Bernardino Realino - O Arcanjo no ar<\/title>\n<meta name=\"robots\" content=\"index, follow, max-snippet:-1, max-image-preview:large, max-video-preview:-1\" \/>\n<link rel=\"canonical\" href=\"https:\/\/www.oarcanjo.net\/site\/sao-bernardino-realino\/\" \/>\n<meta property=\"og:locale\" content=\"pt_BR\" \/>\n<meta property=\"og:type\" content=\"article\" \/>\n<meta property=\"og:title\" content=\"S\u00e3o Bernardino Realino - O Arcanjo no ar\" \/>\n<meta property=\"og:description\" content=\"2 de Julho Bernardino nasceu no dia 1o de dezembro de 1530, na rica e nobre fam\u00edlia dos Realino, na ilha de Capri, em N\u00e1poles. O jovem Bernardino aprofundou-se nas ci\u00eancias human\u00edsticas, estudando na academia de Modena e depois na Universidade de Bolonha, formando-se em filosofia, medicina, direito civil e eclesi\u00e1stico. Com vinte e cinco [&hellip;]\" \/>\n<meta property=\"og:url\" content=\"https:\/\/www.oarcanjo.net\/site\/sao-bernardino-realino\/\" \/>\n<meta property=\"og:site_name\" content=\"O Arcanjo no ar\" \/>\n<meta property=\"article:publisher\" content=\"https:\/\/www.facebook.com\/OArcanjoNoAr\/\" \/>\n<meta property=\"article:published_time\" content=\"2018-07-02T03:39:47+00:00\" \/>\n<meta property=\"article:modified_time\" content=\"2018-06-20T21:20:41+00:00\" \/>\n<meta property=\"og:image\" content=\"http:\/\/3.bp.blogspot.com\/__pLEjGjLFpA\/SkxywtfC8YI\/AAAAAAAAAuU\/mVLuAaqv590\/s320\/S%C3%A3o+Bernardino+Realino.jpg\" \/>\n<meta name=\"author\" content=\"danilo\" \/>\n<meta name=\"twitter:card\" content=\"summary_large_image\" \/>\n<meta name=\"twitter:label1\" content=\"Escrito por\" \/>\n\t<meta name=\"twitter:data1\" content=\"danilo\" \/>\n\t<meta name=\"twitter:label2\" content=\"Est. tempo de leitura\" \/>\n\t<meta name=\"twitter:data2\" content=\"2 minutos\" \/>\n<script type=\"application\/ld+json\" class=\"yoast-schema-graph\">{\"@context\":\"https:\/\/schema.org\",\"@graph\":[{\"@type\":\"Article\",\"@id\":\"https:\/\/www.oarcanjo.net\/site\/sao-bernardino-realino\/#article\",\"isPartOf\":{\"@id\":\"https:\/\/www.oarcanjo.net\/site\/sao-bernardino-realino\/\"},\"author\":{\"name\":\"danilo\",\"@id\":\"https:\/\/www.oarcanjo.net\/site\/#\/schema\/person\/5eb9480bedd2f3c97e430ce128c29c6c\"},\"headline\":\"S\u00e3o Bernardino Realino\",\"datePublished\":\"2018-07-02T03:39:47+00:00\",\"dateModified\":\"2018-06-20T21:20:41+00:00\",\"mainEntityOfPage\":{\"@id\":\"https:\/\/www.oarcanjo.net\/site\/sao-bernardino-realino\/\"},\"wordCount\":436,\"commentCount\":0,\"publisher\":{\"@id\":\"https:\/\/www.oarcanjo.net\/site\/#organization\"},\"image\":{\"@id\":\"https:\/\/www.oarcanjo.net\/site\/sao-bernardino-realino\/#primaryimage\"},\"thumbnailUrl\":\"http:\/\/3.bp.blogspot.com\/__pLEjGjLFpA\/SkxywtfC8YI\/AAAAAAAAAuU\/mVLuAaqv590\/s320\/S%C3%A3o+Bernardino+Realino.jpg\",\"articleSection\":[\"Testemunhos\"],\"inLanguage\":\"pt-BR\",\"potentialAction\":[{\"@type\":\"CommentAction\",\"name\":\"Comment\",\"target\":[\"https:\/\/www.oarcanjo.net\/site\/sao-bernardino-realino\/#respond\"]}]},{\"@type\":\"WebPage\",\"@id\":\"https:\/\/www.oarcanjo.net\/site\/sao-bernardino-realino\/\",\"url\":\"https:\/\/www.oarcanjo.net\/site\/sao-bernardino-realino\/\",\"name\":\"S\u00e3o Bernardino Realino - O Arcanjo no ar\",\"isPartOf\":{\"@id\":\"https:\/\/www.oarcanjo.net\/site\/#website\"},\"primaryImageOfPage\":{\"@id\":\"https:\/\/www.oarcanjo.net\/site\/sao-bernardino-realino\/#primaryimage\"},\"image\":{\"@id\":\"https:\/\/www.oarcanjo.net\/site\/sao-bernardino-realino\/#primaryimage\"},\"thumbnailUrl\":\"http:\/\/3.bp.blogspot.com\/__pLEjGjLFpA\/SkxywtfC8YI\/AAAAAAAAAuU\/mVLuAaqv590\/s320\/S%C3%A3o+Bernardino+Realino.jpg\",\"datePublished\":\"2018-07-02T03:39:47+00:00\",\"dateModified\":\"2018-06-20T21:20:41+00:00\",\"breadcrumb\":{\"@id\":\"https:\/\/www.oarcanjo.net\/site\/sao-bernardino-realino\/#breadcrumb\"},\"inLanguage\":\"pt-BR\",\"potentialAction\":[{\"@type\":\"ReadAction\",\"target\":[\"https:\/\/www.oarcanjo.net\/site\/sao-bernardino-realino\/\"]}]},{\"@type\":\"ImageObject\",\"inLanguage\":\"pt-BR\",\"@id\":\"https:\/\/www.oarcanjo.net\/site\/sao-bernardino-realino\/#primaryimage\",\"url\":\"http:\/\/3.bp.blogspot.com\/__pLEjGjLFpA\/SkxywtfC8YI\/AAAAAAAAAuU\/mVLuAaqv590\/s320\/S%C3%A3o+Bernardino+Realino.jpg\",\"contentUrl\":\"http:\/\/3.bp.blogspot.com\/__pLEjGjLFpA\/SkxywtfC8YI\/AAAAAAAAAuU\/mVLuAaqv590\/s320\/S%C3%A3o+Bernardino+Realino.jpg\"},{\"@type\":\"BreadcrumbList\",\"@id\":\"https:\/\/www.oarcanjo.net\/site\/sao-bernardino-realino\/#breadcrumb\",\"itemListElement\":[{\"@type\":\"ListItem\",\"position\":1,\"name\":\"In\u00edcio\",\"item\":\"https:\/\/www.oarcanjo.net\/site\/\"},{\"@type\":\"ListItem\",\"position\":2,\"name\":\"S\u00e3o Bernardino Realino\"}]},{\"@type\":\"WebSite\",\"@id\":\"https:\/\/www.oarcanjo.net\/site\/#website\",\"url\":\"https:\/\/www.oarcanjo.net\/site\/\",\"name\":\"O Arcanjo no ar\",\"description\":\"Site da Par\u00f3quia S\u00e3o Miguel Arcanjo (Arquidiocese de SP)\",\"publisher\":{\"@id\":\"https:\/\/www.oarcanjo.net\/site\/#organization\"},\"potentialAction\":[{\"@type\":\"SearchAction\",\"target\":{\"@type\":\"EntryPoint\",\"urlTemplate\":\"https:\/\/www.oarcanjo.net\/site\/?s={search_term_string}\"},\"query-input\":{\"@type\":\"PropertyValueSpecification\",\"valueRequired\":true,\"valueName\":\"search_term_string\"}}],\"inLanguage\":\"pt-BR\"},{\"@type\":\"Organization\",\"@id\":\"https:\/\/www.oarcanjo.net\/site\/#organization\",\"name\":\"Par\u00f3quia S\u00e3o Miguel Arcanjo\",\"url\":\"https:\/\/www.oarcanjo.net\/site\/\",\"logo\":{\"@type\":\"ImageObject\",\"inLanguage\":\"pt-BR\",\"@id\":\"https:\/\/www.oarcanjo.net\/site\/#\/schema\/logo\/image\/\",\"url\":\"https:\/\/www.oarcanjo.net\/site\/wp-content\/uploads\/LogoOArcanjo.png\",\"contentUrl\":\"https:\/\/www.oarcanjo.net\/site\/wp-content\/uploads\/LogoOArcanjo.png\",\"width\":319,\"height\":99,\"caption\":\"Par\u00f3quia S\u00e3o Miguel Arcanjo\"},\"image\":{\"@id\":\"https:\/\/www.oarcanjo.net\/site\/#\/schema\/logo\/image\/\"},\"sameAs\":[\"https:\/\/www.facebook.com\/OArcanjoNoAr\/\"]},{\"@type\":\"Person\",\"@id\":\"https:\/\/www.oarcanjo.net\/site\/#\/schema\/person\/5eb9480bedd2f3c97e430ce128c29c6c\",\"name\":\"danilo\"}]}<\/script>\n<!-- \/ Yoast SEO plugin. -->","yoast_head_json":{"title":"S\u00e3o Bernardino Realino - O Arcanjo no ar","robots":{"index":"index","follow":"follow","max-snippet":"max-snippet:-1","max-image-preview":"max-image-preview:large","max-video-preview":"max-video-preview:-1"},"canonical":"https:\/\/www.oarcanjo.net\/site\/sao-bernardino-realino\/","og_locale":"pt_BR","og_type":"article","og_title":"S\u00e3o Bernardino Realino - O Arcanjo no ar","og_description":"2 de Julho Bernardino nasceu no dia 1o de dezembro de 1530, na rica e nobre fam\u00edlia dos Realino, na ilha de Capri, em N\u00e1poles. O jovem Bernardino aprofundou-se nas ci\u00eancias human\u00edsticas, estudando na academia de Modena e depois na Universidade de Bolonha, formando-se em filosofia, medicina, direito civil e eclesi\u00e1stico. Com vinte e cinco [&hellip;]","og_url":"https:\/\/www.oarcanjo.net\/site\/sao-bernardino-realino\/","og_site_name":"O Arcanjo no ar","article_publisher":"https:\/\/www.facebook.com\/OArcanjoNoAr\/","article_published_time":"2018-07-02T03:39:47+00:00","article_modified_time":"2018-06-20T21:20:41+00:00","og_image":[{"url":"http:\/\/3.bp.blogspot.com\/__pLEjGjLFpA\/SkxywtfC8YI\/AAAAAAAAAuU\/mVLuAaqv590\/s320\/S%C3%A3o+Bernardino+Realino.jpg"}],"author":"danilo","twitter_card":"summary_large_image","twitter_misc":{"Escrito por":"danilo","Est. tempo de leitura":"2 minutos"},"schema":{"@context":"https:\/\/schema.org","@graph":[{"@type":"Article","@id":"https:\/\/www.oarcanjo.net\/site\/sao-bernardino-realino\/#article","isPartOf":{"@id":"https:\/\/www.oarcanjo.net\/site\/sao-bernardino-realino\/"},"author":{"name":"danilo","@id":"https:\/\/www.oarcanjo.net\/site\/#\/schema\/person\/5eb9480bedd2f3c97e430ce128c29c6c"},"headline":"S\u00e3o Bernardino Realino","datePublished":"2018-07-02T03:39:47+00:00","dateModified":"2018-06-20T21:20:41+00:00","mainEntityOfPage":{"@id":"https:\/\/www.oarcanjo.net\/site\/sao-bernardino-realino\/"},"wordCount":436,"commentCount":0,"publisher":{"@id":"https:\/\/www.oarcanjo.net\/site\/#organization"},"image":{"@id":"https:\/\/www.oarcanjo.net\/site\/sao-bernardino-realino\/#primaryimage"},"thumbnailUrl":"http:\/\/3.bp.blogspot.com\/__pLEjGjLFpA\/SkxywtfC8YI\/AAAAAAAAAuU\/mVLuAaqv590\/s320\/S%C3%A3o+Bernardino+Realino.jpg","articleSection":["Testemunhos"],"inLanguage":"pt-BR","potentialAction":[{"@type":"CommentAction","name":"Comment","target":["https:\/\/www.oarcanjo.net\/site\/sao-bernardino-realino\/#respond"]}]},{"@type":"WebPage","@id":"https:\/\/www.oarcanjo.net\/site\/sao-bernardino-realino\/","url":"https:\/\/www.oarcanjo.net\/site\/sao-bernardino-realino\/","name":"S\u00e3o Bernardino Realino - O Arcanjo no ar","isPartOf":{"@id":"https:\/\/www.oarcanjo.net\/site\/#website"},"primaryImageOfPage":{"@id":"https:\/\/www.oarcanjo.net\/site\/sao-bernardino-realino\/#primaryimage"},"image":{"@id":"https:\/\/www.oarcanjo.net\/site\/sao-bernardino-realino\/#primaryimage"},"thumbnailUrl":"http:\/\/3.bp.blogspot.com\/__pLEjGjLFpA\/SkxywtfC8YI\/AAAAAAAAAuU\/mVLuAaqv590\/s320\/S%C3%A3o+Bernardino+Realino.jpg","datePublished":"2018-07-02T03:39:47+00:00","dateModified":"2018-06-20T21:20:41+00:00","breadcrumb":{"@id":"https:\/\/www.oarcanjo.net\/site\/sao-bernardino-realino\/#breadcrumb"},"inLanguage":"pt-BR","potentialAction":[{"@type":"ReadAction","target":["https:\/\/www.oarcanjo.net\/site\/sao-bernardino-realino\/"]}]},{"@type":"ImageObject","inLanguage":"pt-BR","@id":"https:\/\/www.oarcanjo.net\/site\/sao-bernardino-realino\/#primaryimage","url":"http:\/\/3.bp.blogspot.com\/__pLEjGjLFpA\/SkxywtfC8YI\/AAAAAAAAAuU\/mVLuAaqv590\/s320\/S%C3%A3o+Bernardino+Realino.jpg","contentUrl":"http:\/\/3.bp.blogspot.com\/__pLEjGjLFpA\/SkxywtfC8YI\/AAAAAAAAAuU\/mVLuAaqv590\/s320\/S%C3%A3o+Bernardino+Realino.jpg"},{"@type":"BreadcrumbList","@id":"https:\/\/www.oarcanjo.net\/site\/sao-bernardino-realino\/#breadcrumb","itemListElement":[{"@type":"ListItem","position":1,"name":"In\u00edcio","item":"https:\/\/www.oarcanjo.net\/site\/"},{"@type":"ListItem","position":2,"name":"S\u00e3o Bernardino Realino"}]},{"@type":"WebSite","@id":"https:\/\/www.oarcanjo.net\/site\/#website","url":"https:\/\/www.oarcanjo.net\/site\/","name":"O Arcanjo no ar","description":"Site da Par\u00f3quia S\u00e3o Miguel Arcanjo (Arquidiocese de SP)","publisher":{"@id":"https:\/\/www.oarcanjo.net\/site\/#organization"},"potentialAction":[{"@type":"SearchAction","target":{"@type":"EntryPoint","urlTemplate":"https:\/\/www.oarcanjo.net\/site\/?s={search_term_string}"},"query-input":{"@type":"PropertyValueSpecification","valueRequired":true,"valueName":"search_term_string"}}],"inLanguage":"pt-BR"},{"@type":"Organization","@id":"https:\/\/www.oarcanjo.net\/site\/#organization","name":"Par\u00f3quia S\u00e3o Miguel Arcanjo","url":"https:\/\/www.oarcanjo.net\/site\/","logo":{"@type":"ImageObject","inLanguage":"pt-BR","@id":"https:\/\/www.oarcanjo.net\/site\/#\/schema\/logo\/image\/","url":"https:\/\/www.oarcanjo.net\/site\/wp-content\/uploads\/LogoOArcanjo.png","contentUrl":"https:\/\/www.oarcanjo.net\/site\/wp-content\/uploads\/LogoOArcanjo.png","width":319,"height":99,"caption":"Par\u00f3quia S\u00e3o Miguel Arcanjo"},"image":{"@id":"https:\/\/www.oarcanjo.net\/site\/#\/schema\/logo\/image\/"},"sameAs":["https:\/\/www.facebook.com\/OArcanjoNoAr\/"]},{"@type":"Person","@id":"https:\/\/www.oarcanjo.net\/site\/#\/schema\/person\/5eb9480bedd2f3c97e430ce128c29c6c","name":"danilo"}]}},"publishpress_future_action":{"enabled":false,"date":"2026-05-08 12:39:17","action":"category","newStatus":"draft","terms":[],"taxonomy":"category"},"publishpress_future_workflow_manual_trigger":{"enabledWorkflows":[]},"_links":{"self":[{"href":"https:\/\/www.oarcanjo.net\/site\/wp-json\/wp\/v2\/posts\/10015"}],"collection":[{"href":"https:\/\/www.oarcanjo.net\/site\/wp-json\/wp\/v2\/posts"}],"about":[{"href":"https:\/\/www.oarcanjo.net\/site\/wp-json\/wp\/v2\/types\/post"}],"author":[{"embeddable":true,"href":"https:\/\/www.oarcanjo.net\/site\/wp-json\/wp\/v2\/users\/14"}],"replies":[{"embeddable":true,"href":"https:\/\/www.oarcanjo.net\/site\/wp-json\/wp\/v2\/comments?post=10015"}],"version-history":[{"count":1,"href":"https:\/\/www.oarcanjo.net\/site\/wp-json\/wp\/v2\/posts\/10015\/revisions"}],"predecessor-version":[{"id":88604,"href":"https:\/\/www.oarcanjo.net\/site\/wp-json\/wp\/v2\/posts\/10015\/revisions\/88604"}],"wp:attachment":[{"href":"https:\/\/www.oarcanjo.net\/site\/wp-json\/wp\/v2\/media?parent=10015"}],"wp:term":[{"taxonomy":"category","embeddable":true,"href":"https:\/\/www.oarcanjo.net\/site\/wp-json\/wp\/v2\/categories?post=10015"},{"taxonomy":"post_tag","embeddable":true,"href":"https:\/\/www.oarcanjo.net\/site\/wp-json\/wp\/v2\/tags?post=10015"}],"curies":[{"name":"wp","href":"https:\/\/api.w.org\/{rel}","templated":true}]}}