
{"id":10018,"date":"2018-07-02T00:42:01","date_gmt":"2018-07-02T03:42:01","guid":{"rendered":"http:\/\/www.oarcanjo.net\/site\/?p=10018"},"modified":"2018-06-20T18:22:12","modified_gmt":"2018-06-20T21:22:12","slug":"sao-processo-e-sao-martiniano","status":"publish","type":"post","link":"https:\/\/www.oarcanjo.net\/site\/sao-processo-e-sao-martiniano\/","title":{"rendered":"S\u00e3o Processo e S\u00e3o Martiniano"},"content":{"rendered":"<p><img loading=\"lazy\" decoding=\"async\" class=\"alignnone  wp-image-64065\" src=\"http:\/\/www.oarcanjo.net\/site\/wp-content\/uploads\/Sao-Processo-e-Sao-Martiniano.jpg\" alt=\"S\u00e3o Processo e S\u00e3o Martiniano\" width=\"171\" height=\"324\" srcset=\"https:\/\/www.oarcanjo.net\/site\/wp-content\/uploads\/Sao-Processo-e-Sao-Martiniano.jpg 248w, https:\/\/www.oarcanjo.net\/site\/wp-content\/uploads\/Sao-Processo-e-Sao-Martiniano-158x300.jpg 158w\" sizes=\"(max-width: 171px) 100vw, 171px\" \/><\/p>\n<p>2 de Julho<\/p>\n<p>Os mart\u00edrios de crist\u00e3os, para frustra\u00e7\u00e3o dos governantes e opositores da Igreja, n\u00e3o s\u00f3 acabavam produzindo no povo pag\u00e3o um sentimento de pena e solidariedade como tamb\u00e9m frutificavam em convers\u00f5es inesperadas para os dominantes e exemplares para a popula\u00e7\u00e3o. Foi o caso de Processo e Martiniano, que eram carcereiros de s\u00e3o Pedro nos anos 64 ou 67.<\/p>\n<p>Eram soldados romanos, mais exatamente carcereiros. Sensibilizaram-se com as prega\u00e7\u00f5es feitas pelo ap\u00f3stolo no c\u00e1rcere Marmetino. Encantaram-se com os ensinamentos de Jesus, converteram-se e foram batizados pelo pr\u00f3prio s\u00e3o Pedro, preso que eles vigiavam. Ap\u00f3s a execu\u00e7\u00e3o de Pedro, mudaram totalmente seu comportamento.<\/p>\n<p>Ao serem acusados, seus superiores mandaram que participassem de um culto a J\u00fapiter, ao qual ambos se recusaram firmemente. O resultado \u00e9 que foram torturados e mortos a fio de espada, no centro do anfiteatro romano.<\/p>\n<p>No futuro, receberiam a honra de uma homilia do papa S\u00e3o Greg\u00f3rio Magno, a trig\u00e9sima segunda, bem como o traslado de suas rel\u00edquias para o Vaticano no s\u00e9culo IX.<\/p>\n<div id=\"themify_builder_content-10018\" data-postid=\"10018\" class=\"themify_builder_content themify_builder_content-10018 themify_builder themify_builder_front\">\n\t<\/div>\n<!-- \/themify_builder_content -->","protected":false},"excerpt":{"rendered":"<p>2 de Julho Os mart\u00edrios de crist\u00e3os, para frustra\u00e7\u00e3o dos governantes e opositores da Igreja, n\u00e3o s\u00f3 acabavam produzindo no povo pag\u00e3o um sentimento de pena e solidariedade como tamb\u00e9m frutificavam em convers\u00f5es inesperadas para os dominantes e exemplares para a popula\u00e7\u00e3o. Foi o caso de Processo e Martiniano, que eram carcereiros de s\u00e3o Pedro [&hellip;]<\/p>\n","protected":false},"author":14,"featured_media":0,"comment_status":"open","ping_status":"open","sticky":false,"template":"","format":"standard","meta":{"ngg_post_thumbnail":0,"footnotes":""},"categories":[186],"tags":[],"yoast_head":"<!-- This site is optimized with the Yoast SEO plugin v23.5 - https:\/\/yoast.com\/wordpress\/plugins\/seo\/ -->\n<title>S\u00e3o Processo e S\u00e3o Martiniano - O Arcanjo no ar<\/title>\n<meta name=\"robots\" content=\"index, follow, max-snippet:-1, max-image-preview:large, max-video-preview:-1\" \/>\n<link rel=\"canonical\" href=\"https:\/\/www.oarcanjo.net\/site\/sao-processo-e-sao-martiniano\/\" \/>\n<meta property=\"og:locale\" content=\"pt_BR\" \/>\n<meta property=\"og:type\" content=\"article\" \/>\n<meta property=\"og:title\" content=\"S\u00e3o Processo e S\u00e3o Martiniano - O Arcanjo no ar\" \/>\n<meta property=\"og:description\" content=\"2 de Julho Os mart\u00edrios de crist\u00e3os, para frustra\u00e7\u00e3o dos governantes e opositores da Igreja, n\u00e3o s\u00f3 acabavam produzindo no povo pag\u00e3o um sentimento de pena e solidariedade como tamb\u00e9m frutificavam em convers\u00f5es inesperadas para os dominantes e exemplares para a popula\u00e7\u00e3o. Foi o caso de Processo e Martiniano, que eram carcereiros de s\u00e3o Pedro [&hellip;]\" \/>\n<meta property=\"og:url\" content=\"https:\/\/www.oarcanjo.net\/site\/sao-processo-e-sao-martiniano\/\" \/>\n<meta property=\"og:site_name\" content=\"O Arcanjo no ar\" \/>\n<meta property=\"article:publisher\" content=\"https:\/\/www.facebook.com\/OArcanjoNoAr\/\" \/>\n<meta property=\"article:published_time\" content=\"2018-07-02T03:42:01+00:00\" \/>\n<meta property=\"article:modified_time\" content=\"2018-06-20T21:22:12+00:00\" \/>\n<meta property=\"og:image\" content=\"http:\/\/www.oarcanjo.net\/site\/wp-content\/uploads\/Sao-Processo-e-Sao-Martiniano.jpg\" \/>\n<meta name=\"author\" content=\"danilo\" \/>\n<meta name=\"twitter:card\" content=\"summary_large_image\" \/>\n<meta name=\"twitter:label1\" content=\"Escrito por\" \/>\n\t<meta name=\"twitter:data1\" content=\"danilo\" \/>\n\t<meta name=\"twitter:label2\" content=\"Est. tempo de leitura\" \/>\n\t<meta name=\"twitter:data2\" content=\"1 minuto\" \/>\n<script type=\"application\/ld+json\" class=\"yoast-schema-graph\">{\"@context\":\"https:\/\/schema.org\",\"@graph\":[{\"@type\":\"Article\",\"@id\":\"https:\/\/www.oarcanjo.net\/site\/sao-processo-e-sao-martiniano\/#article\",\"isPartOf\":{\"@id\":\"https:\/\/www.oarcanjo.net\/site\/sao-processo-e-sao-martiniano\/\"},\"author\":{\"name\":\"danilo\",\"@id\":\"https:\/\/www.oarcanjo.net\/site\/#\/schema\/person\/5eb9480bedd2f3c97e430ce128c29c6c\"},\"headline\":\"S\u00e3o Processo e S\u00e3o Martiniano\",\"datePublished\":\"2018-07-02T03:42:01+00:00\",\"dateModified\":\"2018-06-20T21:22:12+00:00\",\"mainEntityOfPage\":{\"@id\":\"https:\/\/www.oarcanjo.net\/site\/sao-processo-e-sao-martiniano\/\"},\"wordCount\":193,\"commentCount\":0,\"publisher\":{\"@id\":\"https:\/\/www.oarcanjo.net\/site\/#organization\"},\"image\":{\"@id\":\"https:\/\/www.oarcanjo.net\/site\/sao-processo-e-sao-martiniano\/#primaryimage\"},\"thumbnailUrl\":\"http:\/\/www.oarcanjo.net\/site\/wp-content\/uploads\/Sao-Processo-e-Sao-Martiniano.jpg\",\"articleSection\":[\"Testemunhos\"],\"inLanguage\":\"pt-BR\",\"potentialAction\":[{\"@type\":\"CommentAction\",\"name\":\"Comment\",\"target\":[\"https:\/\/www.oarcanjo.net\/site\/sao-processo-e-sao-martiniano\/#respond\"]}]},{\"@type\":\"WebPage\",\"@id\":\"https:\/\/www.oarcanjo.net\/site\/sao-processo-e-sao-martiniano\/\",\"url\":\"https:\/\/www.oarcanjo.net\/site\/sao-processo-e-sao-martiniano\/\",\"name\":\"S\u00e3o Processo e S\u00e3o Martiniano - O Arcanjo no ar\",\"isPartOf\":{\"@id\":\"https:\/\/www.oarcanjo.net\/site\/#website\"},\"primaryImageOfPage\":{\"@id\":\"https:\/\/www.oarcanjo.net\/site\/sao-processo-e-sao-martiniano\/#primaryimage\"},\"image\":{\"@id\":\"https:\/\/www.oarcanjo.net\/site\/sao-processo-e-sao-martiniano\/#primaryimage\"},\"thumbnailUrl\":\"http:\/\/www.oarcanjo.net\/site\/wp-content\/uploads\/Sao-Processo-e-Sao-Martiniano.jpg\",\"datePublished\":\"2018-07-02T03:42:01+00:00\",\"dateModified\":\"2018-06-20T21:22:12+00:00\",\"breadcrumb\":{\"@id\":\"https:\/\/www.oarcanjo.net\/site\/sao-processo-e-sao-martiniano\/#breadcrumb\"},\"inLanguage\":\"pt-BR\",\"potentialAction\":[{\"@type\":\"ReadAction\",\"target\":[\"https:\/\/www.oarcanjo.net\/site\/sao-processo-e-sao-martiniano\/\"]}]},{\"@type\":\"ImageObject\",\"inLanguage\":\"pt-BR\",\"@id\":\"https:\/\/www.oarcanjo.net\/site\/sao-processo-e-sao-martiniano\/#primaryimage\",\"url\":\"https:\/\/www.oarcanjo.net\/site\/wp-content\/uploads\/Sao-Processo-e-Sao-Martiniano.jpg\",\"contentUrl\":\"https:\/\/www.oarcanjo.net\/site\/wp-content\/uploads\/Sao-Processo-e-Sao-Martiniano.jpg\",\"width\":248,\"height\":470,\"caption\":\"S\u00e3o Processo e S\u00e3o Martiniano\"},{\"@type\":\"BreadcrumbList\",\"@id\":\"https:\/\/www.oarcanjo.net\/site\/sao-processo-e-sao-martiniano\/#breadcrumb\",\"itemListElement\":[{\"@type\":\"ListItem\",\"position\":1,\"name\":\"In\u00edcio\",\"item\":\"https:\/\/www.oarcanjo.net\/site\/\"},{\"@type\":\"ListItem\",\"position\":2,\"name\":\"S\u00e3o Processo e S\u00e3o Martiniano\"}]},{\"@type\":\"WebSite\",\"@id\":\"https:\/\/www.oarcanjo.net\/site\/#website\",\"url\":\"https:\/\/www.oarcanjo.net\/site\/\",\"name\":\"O Arcanjo no ar\",\"description\":\"Site da Par\u00f3quia S\u00e3o Miguel Arcanjo (Arquidiocese de SP)\",\"publisher\":{\"@id\":\"https:\/\/www.oarcanjo.net\/site\/#organization\"},\"potentialAction\":[{\"@type\":\"SearchAction\",\"target\":{\"@type\":\"EntryPoint\",\"urlTemplate\":\"https:\/\/www.oarcanjo.net\/site\/?s={search_term_string}\"},\"query-input\":{\"@type\":\"PropertyValueSpecification\",\"valueRequired\":true,\"valueName\":\"search_term_string\"}}],\"inLanguage\":\"pt-BR\"},{\"@type\":\"Organization\",\"@id\":\"https:\/\/www.oarcanjo.net\/site\/#organization\",\"name\":\"Par\u00f3quia S\u00e3o Miguel Arcanjo\",\"url\":\"https:\/\/www.oarcanjo.net\/site\/\",\"logo\":{\"@type\":\"ImageObject\",\"inLanguage\":\"pt-BR\",\"@id\":\"https:\/\/www.oarcanjo.net\/site\/#\/schema\/logo\/image\/\",\"url\":\"https:\/\/www.oarcanjo.net\/site\/wp-content\/uploads\/LogoOArcanjo.png\",\"contentUrl\":\"https:\/\/www.oarcanjo.net\/site\/wp-content\/uploads\/LogoOArcanjo.png\",\"width\":319,\"height\":99,\"caption\":\"Par\u00f3quia S\u00e3o Miguel Arcanjo\"},\"image\":{\"@id\":\"https:\/\/www.oarcanjo.net\/site\/#\/schema\/logo\/image\/\"},\"sameAs\":[\"https:\/\/www.facebook.com\/OArcanjoNoAr\/\"]},{\"@type\":\"Person\",\"@id\":\"https:\/\/www.oarcanjo.net\/site\/#\/schema\/person\/5eb9480bedd2f3c97e430ce128c29c6c\",\"name\":\"danilo\"}]}<\/script>\n<!-- \/ Yoast SEO plugin. -->","yoast_head_json":{"title":"S\u00e3o Processo e S\u00e3o Martiniano - O Arcanjo no ar","robots":{"index":"index","follow":"follow","max-snippet":"max-snippet:-1","max-image-preview":"max-image-preview:large","max-video-preview":"max-video-preview:-1"},"canonical":"https:\/\/www.oarcanjo.net\/site\/sao-processo-e-sao-martiniano\/","og_locale":"pt_BR","og_type":"article","og_title":"S\u00e3o Processo e S\u00e3o Martiniano - O Arcanjo no ar","og_description":"2 de Julho Os mart\u00edrios de crist\u00e3os, para frustra\u00e7\u00e3o dos governantes e opositores da Igreja, n\u00e3o s\u00f3 acabavam produzindo no povo pag\u00e3o um sentimento de pena e solidariedade como tamb\u00e9m frutificavam em convers\u00f5es inesperadas para os dominantes e exemplares para a popula\u00e7\u00e3o. Foi o caso de Processo e Martiniano, que eram carcereiros de s\u00e3o Pedro [&hellip;]","og_url":"https:\/\/www.oarcanjo.net\/site\/sao-processo-e-sao-martiniano\/","og_site_name":"O Arcanjo no ar","article_publisher":"https:\/\/www.facebook.com\/OArcanjoNoAr\/","article_published_time":"2018-07-02T03:42:01+00:00","article_modified_time":"2018-06-20T21:22:12+00:00","og_image":[{"url":"http:\/\/www.oarcanjo.net\/site\/wp-content\/uploads\/Sao-Processo-e-Sao-Martiniano.jpg"}],"author":"danilo","twitter_card":"summary_large_image","twitter_misc":{"Escrito por":"danilo","Est. tempo de leitura":"1 minuto"},"schema":{"@context":"https:\/\/schema.org","@graph":[{"@type":"Article","@id":"https:\/\/www.oarcanjo.net\/site\/sao-processo-e-sao-martiniano\/#article","isPartOf":{"@id":"https:\/\/www.oarcanjo.net\/site\/sao-processo-e-sao-martiniano\/"},"author":{"name":"danilo","@id":"https:\/\/www.oarcanjo.net\/site\/#\/schema\/person\/5eb9480bedd2f3c97e430ce128c29c6c"},"headline":"S\u00e3o Processo e S\u00e3o Martiniano","datePublished":"2018-07-02T03:42:01+00:00","dateModified":"2018-06-20T21:22:12+00:00","mainEntityOfPage":{"@id":"https:\/\/www.oarcanjo.net\/site\/sao-processo-e-sao-martiniano\/"},"wordCount":193,"commentCount":0,"publisher":{"@id":"https:\/\/www.oarcanjo.net\/site\/#organization"},"image":{"@id":"https:\/\/www.oarcanjo.net\/site\/sao-processo-e-sao-martiniano\/#primaryimage"},"thumbnailUrl":"http:\/\/www.oarcanjo.net\/site\/wp-content\/uploads\/Sao-Processo-e-Sao-Martiniano.jpg","articleSection":["Testemunhos"],"inLanguage":"pt-BR","potentialAction":[{"@type":"CommentAction","name":"Comment","target":["https:\/\/www.oarcanjo.net\/site\/sao-processo-e-sao-martiniano\/#respond"]}]},{"@type":"WebPage","@id":"https:\/\/www.oarcanjo.net\/site\/sao-processo-e-sao-martiniano\/","url":"https:\/\/www.oarcanjo.net\/site\/sao-processo-e-sao-martiniano\/","name":"S\u00e3o Processo e S\u00e3o Martiniano - O Arcanjo no ar","isPartOf":{"@id":"https:\/\/www.oarcanjo.net\/site\/#website"},"primaryImageOfPage":{"@id":"https:\/\/www.oarcanjo.net\/site\/sao-processo-e-sao-martiniano\/#primaryimage"},"image":{"@id":"https:\/\/www.oarcanjo.net\/site\/sao-processo-e-sao-martiniano\/#primaryimage"},"thumbnailUrl":"http:\/\/www.oarcanjo.net\/site\/wp-content\/uploads\/Sao-Processo-e-Sao-Martiniano.jpg","datePublished":"2018-07-02T03:42:01+00:00","dateModified":"2018-06-20T21:22:12+00:00","breadcrumb":{"@id":"https:\/\/www.oarcanjo.net\/site\/sao-processo-e-sao-martiniano\/#breadcrumb"},"inLanguage":"pt-BR","potentialAction":[{"@type":"ReadAction","target":["https:\/\/www.oarcanjo.net\/site\/sao-processo-e-sao-martiniano\/"]}]},{"@type":"ImageObject","inLanguage":"pt-BR","@id":"https:\/\/www.oarcanjo.net\/site\/sao-processo-e-sao-martiniano\/#primaryimage","url":"https:\/\/www.oarcanjo.net\/site\/wp-content\/uploads\/Sao-Processo-e-Sao-Martiniano.jpg","contentUrl":"https:\/\/www.oarcanjo.net\/site\/wp-content\/uploads\/Sao-Processo-e-Sao-Martiniano.jpg","width":248,"height":470,"caption":"S\u00e3o Processo e S\u00e3o Martiniano"},{"@type":"BreadcrumbList","@id":"https:\/\/www.oarcanjo.net\/site\/sao-processo-e-sao-martiniano\/#breadcrumb","itemListElement":[{"@type":"ListItem","position":1,"name":"In\u00edcio","item":"https:\/\/www.oarcanjo.net\/site\/"},{"@type":"ListItem","position":2,"name":"S\u00e3o Processo e S\u00e3o Martiniano"}]},{"@type":"WebSite","@id":"https:\/\/www.oarcanjo.net\/site\/#website","url":"https:\/\/www.oarcanjo.net\/site\/","name":"O Arcanjo no ar","description":"Site da Par\u00f3quia S\u00e3o Miguel Arcanjo (Arquidiocese de SP)","publisher":{"@id":"https:\/\/www.oarcanjo.net\/site\/#organization"},"potentialAction":[{"@type":"SearchAction","target":{"@type":"EntryPoint","urlTemplate":"https:\/\/www.oarcanjo.net\/site\/?s={search_term_string}"},"query-input":{"@type":"PropertyValueSpecification","valueRequired":true,"valueName":"search_term_string"}}],"inLanguage":"pt-BR"},{"@type":"Organization","@id":"https:\/\/www.oarcanjo.net\/site\/#organization","name":"Par\u00f3quia S\u00e3o Miguel Arcanjo","url":"https:\/\/www.oarcanjo.net\/site\/","logo":{"@type":"ImageObject","inLanguage":"pt-BR","@id":"https:\/\/www.oarcanjo.net\/site\/#\/schema\/logo\/image\/","url":"https:\/\/www.oarcanjo.net\/site\/wp-content\/uploads\/LogoOArcanjo.png","contentUrl":"https:\/\/www.oarcanjo.net\/site\/wp-content\/uploads\/LogoOArcanjo.png","width":319,"height":99,"caption":"Par\u00f3quia S\u00e3o Miguel Arcanjo"},"image":{"@id":"https:\/\/www.oarcanjo.net\/site\/#\/schema\/logo\/image\/"},"sameAs":["https:\/\/www.facebook.com\/OArcanjoNoAr\/"]},{"@type":"Person","@id":"https:\/\/www.oarcanjo.net\/site\/#\/schema\/person\/5eb9480bedd2f3c97e430ce128c29c6c","name":"danilo"}]}},"publishpress_future_action":{"enabled":false,"date":"2026-05-08 12:39:17","action":"category","newStatus":"draft","terms":[],"taxonomy":"category"},"publishpress_future_workflow_manual_trigger":{"enabledWorkflows":[]},"_links":{"self":[{"href":"https:\/\/www.oarcanjo.net\/site\/wp-json\/wp\/v2\/posts\/10018"}],"collection":[{"href":"https:\/\/www.oarcanjo.net\/site\/wp-json\/wp\/v2\/posts"}],"about":[{"href":"https:\/\/www.oarcanjo.net\/site\/wp-json\/wp\/v2\/types\/post"}],"author":[{"embeddable":true,"href":"https:\/\/www.oarcanjo.net\/site\/wp-json\/wp\/v2\/users\/14"}],"replies":[{"embeddable":true,"href":"https:\/\/www.oarcanjo.net\/site\/wp-json\/wp\/v2\/comments?post=10018"}],"version-history":[{"count":1,"href":"https:\/\/www.oarcanjo.net\/site\/wp-json\/wp\/v2\/posts\/10018\/revisions"}],"predecessor-version":[{"id":88613,"href":"https:\/\/www.oarcanjo.net\/site\/wp-json\/wp\/v2\/posts\/10018\/revisions\/88613"}],"wp:attachment":[{"href":"https:\/\/www.oarcanjo.net\/site\/wp-json\/wp\/v2\/media?parent=10018"}],"wp:term":[{"taxonomy":"category","embeddable":true,"href":"https:\/\/www.oarcanjo.net\/site\/wp-json\/wp\/v2\/categories?post=10018"},{"taxonomy":"post_tag","embeddable":true,"href":"https:\/\/www.oarcanjo.net\/site\/wp-json\/wp\/v2\/tags?post=10018"}],"curies":[{"name":"wp","href":"https:\/\/api.w.org\/{rel}","templated":true}]}}