
{"id":10020,"date":"2018-07-03T00:44:41","date_gmt":"2018-07-03T03:44:41","guid":{"rendered":"http:\/\/www.oarcanjo.net\/site\/?p=10020"},"modified":"2018-06-20T18:22:21","modified_gmt":"2018-06-20T21:22:21","slug":"sao-leao-ii","status":"publish","type":"post","link":"https:\/\/www.oarcanjo.net\/site\/sao-leao-ii\/","title":{"rendered":"S\u00e3o Le\u00e3o II"},"content":{"rendered":"<p><img decoding=\"async\" src=\"http:\/\/www.derradeirasgracas.com\/images\/1.%20O%20Santo%20do%20Dia%20-%20Fotos\/Santos%20de%20Julho%20-%20Fotos\/S%C3%A3o%20Le%C3%A3o%20II%20Papa%20.gif\" alt=\"\" \/><\/p>\n<p>3 de Julho<\/p>\n<p>O papa Le\u00e3o II era filho de um m\u00e9dico chamado Paulo e nasceu na Sic\u00edlia. Os outros poucos dados que temos sobre ele foram extra\u00eddos do seu curto per\u00edodo \u00e0 frente do governo da Igreja de Roma, quase onze meses.<\/p>\n<p>Em 681, ele j\u00e1 estava em Roma, onde exercia a fun\u00e7\u00e3o de esmoler-mor da Igreja. Era um homem extremamente culto, eloq\u00fcente, professor de ci\u00eancias, profundo conhecedor de literatura eclesi\u00e1stica. Al\u00e9m de falar fluentemente o grego e o latim, era especialista em canto e salmodia. Por tudo isso os historiadores entendem que ele deve ter sido um mestre em alguma escola teol\u00f3gica crist\u00e3, de seu tempo e sua regi\u00e3o.<\/p>\n<p>Foi eleito dias ap\u00f3s a morte do papa \u00c1gato. Mas o centro do imp\u00e9rio, em Constantinopla, opunha-se \u00e0 sua posse, por n\u00e3o ter tido tempo suficiente para influenciar na escolha do sucessor ao pontificado, como seria mais conveniente aos interesses dos bispos do Oriente.<\/p>\n<p>Ent\u00e3o, num verdadeiro ato de chantagem, o imperador exigiu uma compensa\u00e7\u00e3o financeira. Um ano demoraram as negocia\u00e7\u00f5es entre Roma e Constantinopla, at\u00e9 que o imperador desistiu da absurda exig\u00eancia e o papa Le\u00e3o II p\u00f4de assumir o governo da Santa S\u00e9, sendo consagrado em 17 de agosto de 682.<\/p>\n<p>Sua primeira provid\u00eancia foi confirmar o VI Conc\u00edlio Ecum\u00eanico. Enalteceu de maneira mais did\u00e1tica os argumentos do seu antecessor, aliviando a tens\u00e3o que se formara com os bispos do Oriente.<\/p>\n<p>Depois, instituiu a aspers\u00e3o da \u00e1gua benta nos ritos lit\u00fargicos e sobre o povo. Tamb\u00e9m conseguiu que a escolha do bispo de Ravena ficasse sujeita \u00e0 determina\u00e7\u00e3o de Roma e n\u00e3o por indica\u00e7\u00e3o pol\u00edtica, como ocorria na \u00e9poca. E ainda fez valer sua autoridade diante do abuso do poder dos bispos usurpadores dos bens da Igreja.<\/p>\n<p>Zelou pela pureza da f\u00e9 e dos costumes, dando ele pr\u00f3prio o exemplo, confortando os pobres com vigoroso socorro espiritual e material, por meio de obras de caridade financiadas pela Igreja.<\/p>\n<p>Mandou restaurar a igreja de Santa Bibiana especialmente para acolher as rel\u00edquias dos santos m\u00e1rtires Simpl\u00edcio, Faustino e Beatriz, que ainda estavam sepultados num campo que antes fora um templo pag\u00e3o. Al\u00e9m disto, por ter muita devo\u00e7\u00e3o pelos soldados m\u00e1rtires s\u00e3o Sebasti\u00e3o e s\u00e3o Jorge, propagou-a entre os fi\u00e9is, que passaram a consider\u00e1-los padroeiros dos militares.<\/p>\n<p>O papa Le\u00e3o II morreu no dia 3 de julho de 683, sendo festejado como santo pela Igreja no dia do seu tr\u00e2nsito.<\/p>\n<div id=\"themify_builder_content-10020\" data-postid=\"10020\" class=\"themify_builder_content themify_builder_content-10020 themify_builder themify_builder_front\">\n\t<\/div>\n<!-- \/themify_builder_content -->","protected":false},"excerpt":{"rendered":"<p>3 de Julho O papa Le\u00e3o II era filho de um m\u00e9dico chamado Paulo e nasceu na Sic\u00edlia. Os outros poucos dados que temos sobre ele foram extra\u00eddos do seu curto per\u00edodo \u00e0 frente do governo da Igreja de Roma, quase onze meses. Em 681, ele j\u00e1 estava em Roma, onde exercia a fun\u00e7\u00e3o de [&hellip;]<\/p>\n","protected":false},"author":14,"featured_media":0,"comment_status":"open","ping_status":"open","sticky":false,"template":"","format":"standard","meta":{"ngg_post_thumbnail":0,"footnotes":""},"categories":[186],"tags":[],"yoast_head":"<!-- This site is optimized with the Yoast SEO plugin v23.5 - https:\/\/yoast.com\/wordpress\/plugins\/seo\/ -->\n<title>S\u00e3o Le\u00e3o II - O Arcanjo no ar<\/title>\n<meta name=\"robots\" content=\"index, follow, max-snippet:-1, max-image-preview:large, max-video-preview:-1\" \/>\n<link rel=\"canonical\" href=\"https:\/\/www.oarcanjo.net\/site\/sao-leao-ii\/\" \/>\n<meta property=\"og:locale\" content=\"pt_BR\" \/>\n<meta property=\"og:type\" content=\"article\" \/>\n<meta property=\"og:title\" content=\"S\u00e3o Le\u00e3o II - O Arcanjo no ar\" \/>\n<meta property=\"og:description\" content=\"3 de Julho O papa Le\u00e3o II era filho de um m\u00e9dico chamado Paulo e nasceu na Sic\u00edlia. Os outros poucos dados que temos sobre ele foram extra\u00eddos do seu curto per\u00edodo \u00e0 frente do governo da Igreja de Roma, quase onze meses. Em 681, ele j\u00e1 estava em Roma, onde exercia a fun\u00e7\u00e3o de [&hellip;]\" \/>\n<meta property=\"og:url\" content=\"https:\/\/www.oarcanjo.net\/site\/sao-leao-ii\/\" \/>\n<meta property=\"og:site_name\" content=\"O Arcanjo no ar\" \/>\n<meta property=\"article:publisher\" content=\"https:\/\/www.facebook.com\/OArcanjoNoAr\/\" \/>\n<meta property=\"article:published_time\" content=\"2018-07-03T03:44:41+00:00\" \/>\n<meta property=\"article:modified_time\" content=\"2018-06-20T21:22:21+00:00\" \/>\n<meta property=\"og:image\" content=\"http:\/\/www.derradeirasgracas.com\/images\/1.%20O%20Santo%20do%20Dia%20-%20Fotos\/Santos%20de%20Julho%20-%20Fotos\/S%C3%A3o%20Le%C3%A3o%20II%20Papa%20.gif\" \/>\n<meta name=\"author\" content=\"danilo\" \/>\n<meta name=\"twitter:card\" content=\"summary_large_image\" \/>\n<meta name=\"twitter:label1\" content=\"Escrito por\" \/>\n\t<meta name=\"twitter:data1\" content=\"danilo\" \/>\n\t<meta name=\"twitter:label2\" content=\"Est. tempo de leitura\" \/>\n\t<meta name=\"twitter:data2\" content=\"2 minutos\" \/>\n<script type=\"application\/ld+json\" class=\"yoast-schema-graph\">{\"@context\":\"https:\/\/schema.org\",\"@graph\":[{\"@type\":\"Article\",\"@id\":\"https:\/\/www.oarcanjo.net\/site\/sao-leao-ii\/#article\",\"isPartOf\":{\"@id\":\"https:\/\/www.oarcanjo.net\/site\/sao-leao-ii\/\"},\"author\":{\"name\":\"danilo\",\"@id\":\"https:\/\/www.oarcanjo.net\/site\/#\/schema\/person\/5eb9480bedd2f3c97e430ce128c29c6c\"},\"headline\":\"S\u00e3o Le\u00e3o II\",\"datePublished\":\"2018-07-03T03:44:41+00:00\",\"dateModified\":\"2018-06-20T21:22:21+00:00\",\"mainEntityOfPage\":{\"@id\":\"https:\/\/www.oarcanjo.net\/site\/sao-leao-ii\/\"},\"wordCount\":444,\"commentCount\":0,\"publisher\":{\"@id\":\"https:\/\/www.oarcanjo.net\/site\/#organization\"},\"image\":{\"@id\":\"https:\/\/www.oarcanjo.net\/site\/sao-leao-ii\/#primaryimage\"},\"thumbnailUrl\":\"http:\/\/www.derradeirasgracas.com\/images\/1.%20O%20Santo%20do%20Dia%20-%20Fotos\/Santos%20de%20Julho%20-%20Fotos\/S%C3%A3o%20Le%C3%A3o%20II%20Papa%20.gif\",\"articleSection\":[\"Testemunhos\"],\"inLanguage\":\"pt-BR\",\"potentialAction\":[{\"@type\":\"CommentAction\",\"name\":\"Comment\",\"target\":[\"https:\/\/www.oarcanjo.net\/site\/sao-leao-ii\/#respond\"]}]},{\"@type\":\"WebPage\",\"@id\":\"https:\/\/www.oarcanjo.net\/site\/sao-leao-ii\/\",\"url\":\"https:\/\/www.oarcanjo.net\/site\/sao-leao-ii\/\",\"name\":\"S\u00e3o Le\u00e3o II - O Arcanjo no ar\",\"isPartOf\":{\"@id\":\"https:\/\/www.oarcanjo.net\/site\/#website\"},\"primaryImageOfPage\":{\"@id\":\"https:\/\/www.oarcanjo.net\/site\/sao-leao-ii\/#primaryimage\"},\"image\":{\"@id\":\"https:\/\/www.oarcanjo.net\/site\/sao-leao-ii\/#primaryimage\"},\"thumbnailUrl\":\"http:\/\/www.derradeirasgracas.com\/images\/1.%20O%20Santo%20do%20Dia%20-%20Fotos\/Santos%20de%20Julho%20-%20Fotos\/S%C3%A3o%20Le%C3%A3o%20II%20Papa%20.gif\",\"datePublished\":\"2018-07-03T03:44:41+00:00\",\"dateModified\":\"2018-06-20T21:22:21+00:00\",\"breadcrumb\":{\"@id\":\"https:\/\/www.oarcanjo.net\/site\/sao-leao-ii\/#breadcrumb\"},\"inLanguage\":\"pt-BR\",\"potentialAction\":[{\"@type\":\"ReadAction\",\"target\":[\"https:\/\/www.oarcanjo.net\/site\/sao-leao-ii\/\"]}]},{\"@type\":\"ImageObject\",\"inLanguage\":\"pt-BR\",\"@id\":\"https:\/\/www.oarcanjo.net\/site\/sao-leao-ii\/#primaryimage\",\"url\":\"http:\/\/www.derradeirasgracas.com\/images\/1.%20O%20Santo%20do%20Dia%20-%20Fotos\/Santos%20de%20Julho%20-%20Fotos\/S%C3%A3o%20Le%C3%A3o%20II%20Papa%20.gif\",\"contentUrl\":\"http:\/\/www.derradeirasgracas.com\/images\/1.%20O%20Santo%20do%20Dia%20-%20Fotos\/Santos%20de%20Julho%20-%20Fotos\/S%C3%A3o%20Le%C3%A3o%20II%20Papa%20.gif\"},{\"@type\":\"BreadcrumbList\",\"@id\":\"https:\/\/www.oarcanjo.net\/site\/sao-leao-ii\/#breadcrumb\",\"itemListElement\":[{\"@type\":\"ListItem\",\"position\":1,\"name\":\"In\u00edcio\",\"item\":\"https:\/\/www.oarcanjo.net\/site\/\"},{\"@type\":\"ListItem\",\"position\":2,\"name\":\"S\u00e3o Le\u00e3o II\"}]},{\"@type\":\"WebSite\",\"@id\":\"https:\/\/www.oarcanjo.net\/site\/#website\",\"url\":\"https:\/\/www.oarcanjo.net\/site\/\",\"name\":\"O Arcanjo no ar\",\"description\":\"Site da Par\u00f3quia S\u00e3o Miguel Arcanjo (Arquidiocese de SP)\",\"publisher\":{\"@id\":\"https:\/\/www.oarcanjo.net\/site\/#organization\"},\"potentialAction\":[{\"@type\":\"SearchAction\",\"target\":{\"@type\":\"EntryPoint\",\"urlTemplate\":\"https:\/\/www.oarcanjo.net\/site\/?s={search_term_string}\"},\"query-input\":{\"@type\":\"PropertyValueSpecification\",\"valueRequired\":true,\"valueName\":\"search_term_string\"}}],\"inLanguage\":\"pt-BR\"},{\"@type\":\"Organization\",\"@id\":\"https:\/\/www.oarcanjo.net\/site\/#organization\",\"name\":\"Par\u00f3quia S\u00e3o Miguel Arcanjo\",\"url\":\"https:\/\/www.oarcanjo.net\/site\/\",\"logo\":{\"@type\":\"ImageObject\",\"inLanguage\":\"pt-BR\",\"@id\":\"https:\/\/www.oarcanjo.net\/site\/#\/schema\/logo\/image\/\",\"url\":\"https:\/\/www.oarcanjo.net\/site\/wp-content\/uploads\/LogoOArcanjo.png\",\"contentUrl\":\"https:\/\/www.oarcanjo.net\/site\/wp-content\/uploads\/LogoOArcanjo.png\",\"width\":319,\"height\":99,\"caption\":\"Par\u00f3quia S\u00e3o Miguel Arcanjo\"},\"image\":{\"@id\":\"https:\/\/www.oarcanjo.net\/site\/#\/schema\/logo\/image\/\"},\"sameAs\":[\"https:\/\/www.facebook.com\/OArcanjoNoAr\/\"]},{\"@type\":\"Person\",\"@id\":\"https:\/\/www.oarcanjo.net\/site\/#\/schema\/person\/5eb9480bedd2f3c97e430ce128c29c6c\",\"name\":\"danilo\"}]}<\/script>\n<!-- \/ Yoast SEO plugin. -->","yoast_head_json":{"title":"S\u00e3o Le\u00e3o II - O Arcanjo no ar","robots":{"index":"index","follow":"follow","max-snippet":"max-snippet:-1","max-image-preview":"max-image-preview:large","max-video-preview":"max-video-preview:-1"},"canonical":"https:\/\/www.oarcanjo.net\/site\/sao-leao-ii\/","og_locale":"pt_BR","og_type":"article","og_title":"S\u00e3o Le\u00e3o II - O Arcanjo no ar","og_description":"3 de Julho O papa Le\u00e3o II era filho de um m\u00e9dico chamado Paulo e nasceu na Sic\u00edlia. Os outros poucos dados que temos sobre ele foram extra\u00eddos do seu curto per\u00edodo \u00e0 frente do governo da Igreja de Roma, quase onze meses. Em 681, ele j\u00e1 estava em Roma, onde exercia a fun\u00e7\u00e3o de [&hellip;]","og_url":"https:\/\/www.oarcanjo.net\/site\/sao-leao-ii\/","og_site_name":"O Arcanjo no ar","article_publisher":"https:\/\/www.facebook.com\/OArcanjoNoAr\/","article_published_time":"2018-07-03T03:44:41+00:00","article_modified_time":"2018-06-20T21:22:21+00:00","og_image":[{"url":"http:\/\/www.derradeirasgracas.com\/images\/1.%20O%20Santo%20do%20Dia%20-%20Fotos\/Santos%20de%20Julho%20-%20Fotos\/S%C3%A3o%20Le%C3%A3o%20II%20Papa%20.gif"}],"author":"danilo","twitter_card":"summary_large_image","twitter_misc":{"Escrito por":"danilo","Est. tempo de leitura":"2 minutos"},"schema":{"@context":"https:\/\/schema.org","@graph":[{"@type":"Article","@id":"https:\/\/www.oarcanjo.net\/site\/sao-leao-ii\/#article","isPartOf":{"@id":"https:\/\/www.oarcanjo.net\/site\/sao-leao-ii\/"},"author":{"name":"danilo","@id":"https:\/\/www.oarcanjo.net\/site\/#\/schema\/person\/5eb9480bedd2f3c97e430ce128c29c6c"},"headline":"S\u00e3o Le\u00e3o II","datePublished":"2018-07-03T03:44:41+00:00","dateModified":"2018-06-20T21:22:21+00:00","mainEntityOfPage":{"@id":"https:\/\/www.oarcanjo.net\/site\/sao-leao-ii\/"},"wordCount":444,"commentCount":0,"publisher":{"@id":"https:\/\/www.oarcanjo.net\/site\/#organization"},"image":{"@id":"https:\/\/www.oarcanjo.net\/site\/sao-leao-ii\/#primaryimage"},"thumbnailUrl":"http:\/\/www.derradeirasgracas.com\/images\/1.%20O%20Santo%20do%20Dia%20-%20Fotos\/Santos%20de%20Julho%20-%20Fotos\/S%C3%A3o%20Le%C3%A3o%20II%20Papa%20.gif","articleSection":["Testemunhos"],"inLanguage":"pt-BR","potentialAction":[{"@type":"CommentAction","name":"Comment","target":["https:\/\/www.oarcanjo.net\/site\/sao-leao-ii\/#respond"]}]},{"@type":"WebPage","@id":"https:\/\/www.oarcanjo.net\/site\/sao-leao-ii\/","url":"https:\/\/www.oarcanjo.net\/site\/sao-leao-ii\/","name":"S\u00e3o Le\u00e3o II - O Arcanjo no ar","isPartOf":{"@id":"https:\/\/www.oarcanjo.net\/site\/#website"},"primaryImageOfPage":{"@id":"https:\/\/www.oarcanjo.net\/site\/sao-leao-ii\/#primaryimage"},"image":{"@id":"https:\/\/www.oarcanjo.net\/site\/sao-leao-ii\/#primaryimage"},"thumbnailUrl":"http:\/\/www.derradeirasgracas.com\/images\/1.%20O%20Santo%20do%20Dia%20-%20Fotos\/Santos%20de%20Julho%20-%20Fotos\/S%C3%A3o%20Le%C3%A3o%20II%20Papa%20.gif","datePublished":"2018-07-03T03:44:41+00:00","dateModified":"2018-06-20T21:22:21+00:00","breadcrumb":{"@id":"https:\/\/www.oarcanjo.net\/site\/sao-leao-ii\/#breadcrumb"},"inLanguage":"pt-BR","potentialAction":[{"@type":"ReadAction","target":["https:\/\/www.oarcanjo.net\/site\/sao-leao-ii\/"]}]},{"@type":"ImageObject","inLanguage":"pt-BR","@id":"https:\/\/www.oarcanjo.net\/site\/sao-leao-ii\/#primaryimage","url":"http:\/\/www.derradeirasgracas.com\/images\/1.%20O%20Santo%20do%20Dia%20-%20Fotos\/Santos%20de%20Julho%20-%20Fotos\/S%C3%A3o%20Le%C3%A3o%20II%20Papa%20.gif","contentUrl":"http:\/\/www.derradeirasgracas.com\/images\/1.%20O%20Santo%20do%20Dia%20-%20Fotos\/Santos%20de%20Julho%20-%20Fotos\/S%C3%A3o%20Le%C3%A3o%20II%20Papa%20.gif"},{"@type":"BreadcrumbList","@id":"https:\/\/www.oarcanjo.net\/site\/sao-leao-ii\/#breadcrumb","itemListElement":[{"@type":"ListItem","position":1,"name":"In\u00edcio","item":"https:\/\/www.oarcanjo.net\/site\/"},{"@type":"ListItem","position":2,"name":"S\u00e3o Le\u00e3o II"}]},{"@type":"WebSite","@id":"https:\/\/www.oarcanjo.net\/site\/#website","url":"https:\/\/www.oarcanjo.net\/site\/","name":"O Arcanjo no ar","description":"Site da Par\u00f3quia S\u00e3o Miguel Arcanjo (Arquidiocese de SP)","publisher":{"@id":"https:\/\/www.oarcanjo.net\/site\/#organization"},"potentialAction":[{"@type":"SearchAction","target":{"@type":"EntryPoint","urlTemplate":"https:\/\/www.oarcanjo.net\/site\/?s={search_term_string}"},"query-input":{"@type":"PropertyValueSpecification","valueRequired":true,"valueName":"search_term_string"}}],"inLanguage":"pt-BR"},{"@type":"Organization","@id":"https:\/\/www.oarcanjo.net\/site\/#organization","name":"Par\u00f3quia S\u00e3o Miguel Arcanjo","url":"https:\/\/www.oarcanjo.net\/site\/","logo":{"@type":"ImageObject","inLanguage":"pt-BR","@id":"https:\/\/www.oarcanjo.net\/site\/#\/schema\/logo\/image\/","url":"https:\/\/www.oarcanjo.net\/site\/wp-content\/uploads\/LogoOArcanjo.png","contentUrl":"https:\/\/www.oarcanjo.net\/site\/wp-content\/uploads\/LogoOArcanjo.png","width":319,"height":99,"caption":"Par\u00f3quia S\u00e3o Miguel Arcanjo"},"image":{"@id":"https:\/\/www.oarcanjo.net\/site\/#\/schema\/logo\/image\/"},"sameAs":["https:\/\/www.facebook.com\/OArcanjoNoAr\/"]},{"@type":"Person","@id":"https:\/\/www.oarcanjo.net\/site\/#\/schema\/person\/5eb9480bedd2f3c97e430ce128c29c6c","name":"danilo"}]}},"publishpress_future_action":{"enabled":false,"date":"2026-05-08 12:38:35","action":"category","newStatus":"draft","terms":[],"taxonomy":"category"},"publishpress_future_workflow_manual_trigger":{"enabledWorkflows":[]},"_links":{"self":[{"href":"https:\/\/www.oarcanjo.net\/site\/wp-json\/wp\/v2\/posts\/10020"}],"collection":[{"href":"https:\/\/www.oarcanjo.net\/site\/wp-json\/wp\/v2\/posts"}],"about":[{"href":"https:\/\/www.oarcanjo.net\/site\/wp-json\/wp\/v2\/types\/post"}],"author":[{"embeddable":true,"href":"https:\/\/www.oarcanjo.net\/site\/wp-json\/wp\/v2\/users\/14"}],"replies":[{"embeddable":true,"href":"https:\/\/www.oarcanjo.net\/site\/wp-json\/wp\/v2\/comments?post=10020"}],"version-history":[{"count":1,"href":"https:\/\/www.oarcanjo.net\/site\/wp-json\/wp\/v2\/posts\/10020\/revisions"}],"predecessor-version":[{"id":88614,"href":"https:\/\/www.oarcanjo.net\/site\/wp-json\/wp\/v2\/posts\/10020\/revisions\/88614"}],"wp:attachment":[{"href":"https:\/\/www.oarcanjo.net\/site\/wp-json\/wp\/v2\/media?parent=10020"}],"wp:term":[{"taxonomy":"category","embeddable":true,"href":"https:\/\/www.oarcanjo.net\/site\/wp-json\/wp\/v2\/categories?post=10020"},{"taxonomy":"post_tag","embeddable":true,"href":"https:\/\/www.oarcanjo.net\/site\/wp-json\/wp\/v2\/tags?post=10020"}],"curies":[{"name":"wp","href":"https:\/\/api.w.org\/{rel}","templated":true}]}}