
{"id":10024,"date":"2018-07-04T00:47:09","date_gmt":"2018-07-04T03:47:09","guid":{"rendered":"http:\/\/www.oarcanjo.net\/site\/?p=10024"},"modified":"2018-06-20T18:22:53","modified_gmt":"2018-06-20T21:22:53","slug":"santa-isabel-de-portugal","status":"publish","type":"post","link":"https:\/\/www.oarcanjo.net\/site\/santa-isabel-de-portugal\/","title":{"rendered":"Santa Isabel de Portugal"},"content":{"rendered":"<p><img loading=\"lazy\" decoding=\"async\" src=\"http:\/\/3.bp.blogspot.com\/_Dy7Z6ULpszg\/SGqqGchdOSI\/AAAAAAAAAyk\/uqrYfYtL2lM\/s400\/RainhaSantaIsabel.jpg\" alt=\"\" width=\"209\" height=\"400\" \/><img decoding=\"async\" src=\"http:\/\/images.evangelizo.org\/images\/divers\/Rainha_Santa_Isabel.jpg\" alt=\"\" \/><\/p>\n<p>4 de Julho<\/p>\n<p>Isabel nasceu na Espanha, em 1271. Entre seus antepassados est\u00e3o muitos santos, reis e imperadores. Era filha de Pedro II, rei de Arag\u00e3o, que, no entanto, era um jovem pr\u00edncipe quando ela nasceu. Sem querer ocupar-se com a educa\u00e7\u00e3o da filha, o monarca determinou que fosse cuidada pelo av\u00f4, Tiago I, que se convertera ao cristianismo e levava uma vida voltada para a f\u00e9. Sorte da pequena futura rainha, que recebeu, ent\u00e3o, uma forma\u00e7\u00e3o perfeita e digna no seguimento de Cristo.<\/p>\n<p>Tinha apenas doze anos quando foi pedida em casamento por tr\u00eas pr\u00edncipes, como nos contos de fadas. Seu pai escolheu o herdeiro do trono de Portugal, dom Dinis. Esse casamento significou para Isabel uma coroa de rainha e uma cruz de mart\u00edrio, que carregou com humildade e galhardia nos anos seguintes de sua vida.<\/p>\n<p>Isabel \u00e9 tida como uma das rainhas mais belas das cortes espanhola e portuguesa; al\u00e9m disso, possu\u00eda uma forte e doce personalidade, era tamb\u00e9m muito inteligente, culta e diplomata. Ela deu dois filhos ao rei: Const\u00e2ncia, que seria no futuro rainha de Castela, e Afonso, herdeiro do trono de Portugal. Mas eram incont\u00e1veis as aventuras extraconjugais do rei, t\u00e3o conhecidas e comentadas que humilhavam profundamente a bondosa rainha perante o mundo inteiro.<\/p>\n<p>Ela nunca se manifestava sobre a situa\u00e7\u00e3o, de nada reclamava e a tudo perdoava, mantendo-se fiel ao casamento em Deus, que fizera. Criou os filhos, inclusive os do rei fora do casamento, dentro dos sinceros preceitos crist\u00e3os.<\/p>\n<p>Perdeu cedo a filha e o genro, criando ela mesma o neto, tamb\u00e9m um futuro monarca. N\u00e3o bastassem essas amarguras familiares, foi v\u00edtima das desaven\u00e7as pol\u00edticas do marido com parentes, e sobretudo do comportamento de seu filho Afonso, que tinha uma personalidade combativa. Depois, ainda foi caluniada por um cortes\u00e3o que dela n\u00e3o conseguiu se aproximar. A rainha muito sofreu e muito lutou at\u00e9 provar inoc\u00eancia de forma incontest\u00e1vel.<\/p>\n<p>Sua atua\u00e7\u00e3o nas disputas internas das cortes de Portugal e Espanha, nos idos dos s\u00e9culos XIII e XIV, est\u00e1 contida na hist\u00f3ria dessas cortes como a \u00fanica voz a pregar a conc\u00f3rdia e conseguir a pacifica\u00e7\u00e3o entre tantos egos desejosos de poder. Ao mesmo tempo que ocupava o seu tempo ajudando a amenizar as desgra\u00e7as do povo pobre e as dores dos enfermos abandonados, com a caridade da sua esmola e sua piedade crist\u00e3.<\/p>\n<p>Ergueu o Mosteiro de Santa Clara de Coimbra para as jovens piedosas da corte, O mosteiro cisterciense de Almoste e o santu\u00e1rio do Esp\u00edrito Santo em Alenquer. Tamb\u00e9m fundou, em Santar\u00e9m, o Hospital dos Inocentes, para crian\u00e7as cujas m\u00e3es, por algum motivo, desejavam abandonar. Com suas posses sustentava asilos e creches, hospitais para velhos e doentes, tratando pessoalmente dos leprosos. Sem d\u00favida foi um perfeito s\u00edmbolo de paz, do seu tempo.<\/p>\n<p>Quando o marido morreu, em 1335, Isabel recolheu-se no mosteiro das clarissas de Coimbra, onde ingressou na Ordem Terceira Franciscana. Antes, por\u00e9m, abdicou de seu t\u00edtulo de nobreza, indo depositar a coroa real no altar de S\u00e3o Tiago de Compostela. Doou toda a sua imensa fortuna pessoal para as suas obras de caridade. Viveu o resto da vida em pobreza volunt\u00e1ria, na ora\u00e7\u00e3o, piedade e mortifica\u00e7\u00e3o, atendendo os pobres e doentes, marginalizados.<\/p>\n<p>A rainha Isabel de Portugal morreu, em Estremoz, no dia 4 de julho de 1336. Venerada como santa, foi sepultada no Mosteiro de Coimbra e canonizada pelo papa Urbano VIII em 1665. Santa Isabel de Portugal foi declarada padroeira deste pa\u00eds, sendo invocada pelos portugueses como &#8220;a rainha santa da conc\u00f3rdia e da paz&#8221;.<\/p>\n<div id=\"themify_builder_content-10024\" data-postid=\"10024\" class=\"themify_builder_content themify_builder_content-10024 themify_builder themify_builder_front\">\n\t<\/div>\n<!-- \/themify_builder_content -->","protected":false},"excerpt":{"rendered":"<p>4 de Julho Isabel nasceu na Espanha, em 1271. Entre seus antepassados est\u00e3o muitos santos, reis e imperadores. Era filha de Pedro II, rei de Arag\u00e3o, que, no entanto, era um jovem pr\u00edncipe quando ela nasceu. Sem querer ocupar-se com a educa\u00e7\u00e3o da filha, o monarca determinou que fosse cuidada pelo av\u00f4, Tiago I, que [&hellip;]<\/p>\n","protected":false},"author":14,"featured_media":0,"comment_status":"open","ping_status":"open","sticky":false,"template":"","format":"standard","meta":{"ngg_post_thumbnail":0,"footnotes":""},"categories":[186],"tags":[],"yoast_head":"<!-- This site is optimized with the Yoast SEO plugin v23.5 - https:\/\/yoast.com\/wordpress\/plugins\/seo\/ -->\n<title>Santa Isabel de Portugal - O Arcanjo no ar<\/title>\n<meta name=\"robots\" content=\"index, follow, max-snippet:-1, max-image-preview:large, max-video-preview:-1\" \/>\n<link rel=\"canonical\" href=\"https:\/\/www.oarcanjo.net\/site\/santa-isabel-de-portugal\/\" \/>\n<meta property=\"og:locale\" content=\"pt_BR\" \/>\n<meta property=\"og:type\" content=\"article\" \/>\n<meta property=\"og:title\" content=\"Santa Isabel de Portugal - O Arcanjo no ar\" \/>\n<meta property=\"og:description\" content=\"4 de Julho Isabel nasceu na Espanha, em 1271. Entre seus antepassados est\u00e3o muitos santos, reis e imperadores. Era filha de Pedro II, rei de Arag\u00e3o, que, no entanto, era um jovem pr\u00edncipe quando ela nasceu. Sem querer ocupar-se com a educa\u00e7\u00e3o da filha, o monarca determinou que fosse cuidada pelo av\u00f4, Tiago I, que [&hellip;]\" \/>\n<meta property=\"og:url\" content=\"https:\/\/www.oarcanjo.net\/site\/santa-isabel-de-portugal\/\" \/>\n<meta property=\"og:site_name\" content=\"O Arcanjo no ar\" \/>\n<meta property=\"article:publisher\" content=\"https:\/\/www.facebook.com\/OArcanjoNoAr\/\" \/>\n<meta property=\"article:published_time\" content=\"2018-07-04T03:47:09+00:00\" \/>\n<meta property=\"article:modified_time\" content=\"2018-06-20T21:22:53+00:00\" \/>\n<meta property=\"og:image\" content=\"http:\/\/3.bp.blogspot.com\/_Dy7Z6ULpszg\/SGqqGchdOSI\/AAAAAAAAAyk\/uqrYfYtL2lM\/s400\/RainhaSantaIsabel.jpg\" \/>\n<meta name=\"author\" content=\"danilo\" \/>\n<meta name=\"twitter:card\" content=\"summary_large_image\" \/>\n<meta name=\"twitter:label1\" content=\"Escrito por\" \/>\n\t<meta name=\"twitter:data1\" content=\"danilo\" \/>\n\t<meta name=\"twitter:label2\" content=\"Est. tempo de leitura\" \/>\n\t<meta name=\"twitter:data2\" content=\"3 minutos\" \/>\n<script type=\"application\/ld+json\" class=\"yoast-schema-graph\">{\"@context\":\"https:\/\/schema.org\",\"@graph\":[{\"@type\":\"Article\",\"@id\":\"https:\/\/www.oarcanjo.net\/site\/santa-isabel-de-portugal\/#article\",\"isPartOf\":{\"@id\":\"https:\/\/www.oarcanjo.net\/site\/santa-isabel-de-portugal\/\"},\"author\":{\"name\":\"danilo\",\"@id\":\"https:\/\/www.oarcanjo.net\/site\/#\/schema\/person\/5eb9480bedd2f3c97e430ce128c29c6c\"},\"headline\":\"Santa Isabel de Portugal\",\"datePublished\":\"2018-07-04T03:47:09+00:00\",\"dateModified\":\"2018-06-20T21:22:53+00:00\",\"mainEntityOfPage\":{\"@id\":\"https:\/\/www.oarcanjo.net\/site\/santa-isabel-de-portugal\/\"},\"wordCount\":632,\"commentCount\":0,\"publisher\":{\"@id\":\"https:\/\/www.oarcanjo.net\/site\/#organization\"},\"image\":{\"@id\":\"https:\/\/www.oarcanjo.net\/site\/santa-isabel-de-portugal\/#primaryimage\"},\"thumbnailUrl\":\"http:\/\/3.bp.blogspot.com\/_Dy7Z6ULpszg\/SGqqGchdOSI\/AAAAAAAAAyk\/uqrYfYtL2lM\/s400\/RainhaSantaIsabel.jpg\",\"articleSection\":[\"Testemunhos\"],\"inLanguage\":\"pt-BR\",\"potentialAction\":[{\"@type\":\"CommentAction\",\"name\":\"Comment\",\"target\":[\"https:\/\/www.oarcanjo.net\/site\/santa-isabel-de-portugal\/#respond\"]}]},{\"@type\":\"WebPage\",\"@id\":\"https:\/\/www.oarcanjo.net\/site\/santa-isabel-de-portugal\/\",\"url\":\"https:\/\/www.oarcanjo.net\/site\/santa-isabel-de-portugal\/\",\"name\":\"Santa Isabel de Portugal - O Arcanjo no ar\",\"isPartOf\":{\"@id\":\"https:\/\/www.oarcanjo.net\/site\/#website\"},\"primaryImageOfPage\":{\"@id\":\"https:\/\/www.oarcanjo.net\/site\/santa-isabel-de-portugal\/#primaryimage\"},\"image\":{\"@id\":\"https:\/\/www.oarcanjo.net\/site\/santa-isabel-de-portugal\/#primaryimage\"},\"thumbnailUrl\":\"http:\/\/3.bp.blogspot.com\/_Dy7Z6ULpszg\/SGqqGchdOSI\/AAAAAAAAAyk\/uqrYfYtL2lM\/s400\/RainhaSantaIsabel.jpg\",\"datePublished\":\"2018-07-04T03:47:09+00:00\",\"dateModified\":\"2018-06-20T21:22:53+00:00\",\"breadcrumb\":{\"@id\":\"https:\/\/www.oarcanjo.net\/site\/santa-isabel-de-portugal\/#breadcrumb\"},\"inLanguage\":\"pt-BR\",\"potentialAction\":[{\"@type\":\"ReadAction\",\"target\":[\"https:\/\/www.oarcanjo.net\/site\/santa-isabel-de-portugal\/\"]}]},{\"@type\":\"ImageObject\",\"inLanguage\":\"pt-BR\",\"@id\":\"https:\/\/www.oarcanjo.net\/site\/santa-isabel-de-portugal\/#primaryimage\",\"url\":\"http:\/\/3.bp.blogspot.com\/_Dy7Z6ULpszg\/SGqqGchdOSI\/AAAAAAAAAyk\/uqrYfYtL2lM\/s400\/RainhaSantaIsabel.jpg\",\"contentUrl\":\"http:\/\/3.bp.blogspot.com\/_Dy7Z6ULpszg\/SGqqGchdOSI\/AAAAAAAAAyk\/uqrYfYtL2lM\/s400\/RainhaSantaIsabel.jpg\"},{\"@type\":\"BreadcrumbList\",\"@id\":\"https:\/\/www.oarcanjo.net\/site\/santa-isabel-de-portugal\/#breadcrumb\",\"itemListElement\":[{\"@type\":\"ListItem\",\"position\":1,\"name\":\"In\u00edcio\",\"item\":\"https:\/\/www.oarcanjo.net\/site\/\"},{\"@type\":\"ListItem\",\"position\":2,\"name\":\"Santa Isabel de Portugal\"}]},{\"@type\":\"WebSite\",\"@id\":\"https:\/\/www.oarcanjo.net\/site\/#website\",\"url\":\"https:\/\/www.oarcanjo.net\/site\/\",\"name\":\"O Arcanjo no ar\",\"description\":\"Site da Par\u00f3quia S\u00e3o Miguel Arcanjo (Arquidiocese de SP)\",\"publisher\":{\"@id\":\"https:\/\/www.oarcanjo.net\/site\/#organization\"},\"potentialAction\":[{\"@type\":\"SearchAction\",\"target\":{\"@type\":\"EntryPoint\",\"urlTemplate\":\"https:\/\/www.oarcanjo.net\/site\/?s={search_term_string}\"},\"query-input\":{\"@type\":\"PropertyValueSpecification\",\"valueRequired\":true,\"valueName\":\"search_term_string\"}}],\"inLanguage\":\"pt-BR\"},{\"@type\":\"Organization\",\"@id\":\"https:\/\/www.oarcanjo.net\/site\/#organization\",\"name\":\"Par\u00f3quia S\u00e3o Miguel Arcanjo\",\"url\":\"https:\/\/www.oarcanjo.net\/site\/\",\"logo\":{\"@type\":\"ImageObject\",\"inLanguage\":\"pt-BR\",\"@id\":\"https:\/\/www.oarcanjo.net\/site\/#\/schema\/logo\/image\/\",\"url\":\"https:\/\/www.oarcanjo.net\/site\/wp-content\/uploads\/LogoOArcanjo.png\",\"contentUrl\":\"https:\/\/www.oarcanjo.net\/site\/wp-content\/uploads\/LogoOArcanjo.png\",\"width\":319,\"height\":99,\"caption\":\"Par\u00f3quia S\u00e3o Miguel Arcanjo\"},\"image\":{\"@id\":\"https:\/\/www.oarcanjo.net\/site\/#\/schema\/logo\/image\/\"},\"sameAs\":[\"https:\/\/www.facebook.com\/OArcanjoNoAr\/\"]},{\"@type\":\"Person\",\"@id\":\"https:\/\/www.oarcanjo.net\/site\/#\/schema\/person\/5eb9480bedd2f3c97e430ce128c29c6c\",\"name\":\"danilo\"}]}<\/script>\n<!-- \/ Yoast SEO plugin. -->","yoast_head_json":{"title":"Santa Isabel de Portugal - O Arcanjo no ar","robots":{"index":"index","follow":"follow","max-snippet":"max-snippet:-1","max-image-preview":"max-image-preview:large","max-video-preview":"max-video-preview:-1"},"canonical":"https:\/\/www.oarcanjo.net\/site\/santa-isabel-de-portugal\/","og_locale":"pt_BR","og_type":"article","og_title":"Santa Isabel de Portugal - O Arcanjo no ar","og_description":"4 de Julho Isabel nasceu na Espanha, em 1271. Entre seus antepassados est\u00e3o muitos santos, reis e imperadores. Era filha de Pedro II, rei de Arag\u00e3o, que, no entanto, era um jovem pr\u00edncipe quando ela nasceu. Sem querer ocupar-se com a educa\u00e7\u00e3o da filha, o monarca determinou que fosse cuidada pelo av\u00f4, Tiago I, que [&hellip;]","og_url":"https:\/\/www.oarcanjo.net\/site\/santa-isabel-de-portugal\/","og_site_name":"O Arcanjo no ar","article_publisher":"https:\/\/www.facebook.com\/OArcanjoNoAr\/","article_published_time":"2018-07-04T03:47:09+00:00","article_modified_time":"2018-06-20T21:22:53+00:00","og_image":[{"url":"http:\/\/3.bp.blogspot.com\/_Dy7Z6ULpszg\/SGqqGchdOSI\/AAAAAAAAAyk\/uqrYfYtL2lM\/s400\/RainhaSantaIsabel.jpg"}],"author":"danilo","twitter_card":"summary_large_image","twitter_misc":{"Escrito por":"danilo","Est. tempo de leitura":"3 minutos"},"schema":{"@context":"https:\/\/schema.org","@graph":[{"@type":"Article","@id":"https:\/\/www.oarcanjo.net\/site\/santa-isabel-de-portugal\/#article","isPartOf":{"@id":"https:\/\/www.oarcanjo.net\/site\/santa-isabel-de-portugal\/"},"author":{"name":"danilo","@id":"https:\/\/www.oarcanjo.net\/site\/#\/schema\/person\/5eb9480bedd2f3c97e430ce128c29c6c"},"headline":"Santa Isabel de Portugal","datePublished":"2018-07-04T03:47:09+00:00","dateModified":"2018-06-20T21:22:53+00:00","mainEntityOfPage":{"@id":"https:\/\/www.oarcanjo.net\/site\/santa-isabel-de-portugal\/"},"wordCount":632,"commentCount":0,"publisher":{"@id":"https:\/\/www.oarcanjo.net\/site\/#organization"},"image":{"@id":"https:\/\/www.oarcanjo.net\/site\/santa-isabel-de-portugal\/#primaryimage"},"thumbnailUrl":"http:\/\/3.bp.blogspot.com\/_Dy7Z6ULpszg\/SGqqGchdOSI\/AAAAAAAAAyk\/uqrYfYtL2lM\/s400\/RainhaSantaIsabel.jpg","articleSection":["Testemunhos"],"inLanguage":"pt-BR","potentialAction":[{"@type":"CommentAction","name":"Comment","target":["https:\/\/www.oarcanjo.net\/site\/santa-isabel-de-portugal\/#respond"]}]},{"@type":"WebPage","@id":"https:\/\/www.oarcanjo.net\/site\/santa-isabel-de-portugal\/","url":"https:\/\/www.oarcanjo.net\/site\/santa-isabel-de-portugal\/","name":"Santa Isabel de Portugal - O Arcanjo no ar","isPartOf":{"@id":"https:\/\/www.oarcanjo.net\/site\/#website"},"primaryImageOfPage":{"@id":"https:\/\/www.oarcanjo.net\/site\/santa-isabel-de-portugal\/#primaryimage"},"image":{"@id":"https:\/\/www.oarcanjo.net\/site\/santa-isabel-de-portugal\/#primaryimage"},"thumbnailUrl":"http:\/\/3.bp.blogspot.com\/_Dy7Z6ULpszg\/SGqqGchdOSI\/AAAAAAAAAyk\/uqrYfYtL2lM\/s400\/RainhaSantaIsabel.jpg","datePublished":"2018-07-04T03:47:09+00:00","dateModified":"2018-06-20T21:22:53+00:00","breadcrumb":{"@id":"https:\/\/www.oarcanjo.net\/site\/santa-isabel-de-portugal\/#breadcrumb"},"inLanguage":"pt-BR","potentialAction":[{"@type":"ReadAction","target":["https:\/\/www.oarcanjo.net\/site\/santa-isabel-de-portugal\/"]}]},{"@type":"ImageObject","inLanguage":"pt-BR","@id":"https:\/\/www.oarcanjo.net\/site\/santa-isabel-de-portugal\/#primaryimage","url":"http:\/\/3.bp.blogspot.com\/_Dy7Z6ULpszg\/SGqqGchdOSI\/AAAAAAAAAyk\/uqrYfYtL2lM\/s400\/RainhaSantaIsabel.jpg","contentUrl":"http:\/\/3.bp.blogspot.com\/_Dy7Z6ULpszg\/SGqqGchdOSI\/AAAAAAAAAyk\/uqrYfYtL2lM\/s400\/RainhaSantaIsabel.jpg"},{"@type":"BreadcrumbList","@id":"https:\/\/www.oarcanjo.net\/site\/santa-isabel-de-portugal\/#breadcrumb","itemListElement":[{"@type":"ListItem","position":1,"name":"In\u00edcio","item":"https:\/\/www.oarcanjo.net\/site\/"},{"@type":"ListItem","position":2,"name":"Santa Isabel de Portugal"}]},{"@type":"WebSite","@id":"https:\/\/www.oarcanjo.net\/site\/#website","url":"https:\/\/www.oarcanjo.net\/site\/","name":"O Arcanjo no ar","description":"Site da Par\u00f3quia S\u00e3o Miguel Arcanjo (Arquidiocese de SP)","publisher":{"@id":"https:\/\/www.oarcanjo.net\/site\/#organization"},"potentialAction":[{"@type":"SearchAction","target":{"@type":"EntryPoint","urlTemplate":"https:\/\/www.oarcanjo.net\/site\/?s={search_term_string}"},"query-input":{"@type":"PropertyValueSpecification","valueRequired":true,"valueName":"search_term_string"}}],"inLanguage":"pt-BR"},{"@type":"Organization","@id":"https:\/\/www.oarcanjo.net\/site\/#organization","name":"Par\u00f3quia S\u00e3o Miguel Arcanjo","url":"https:\/\/www.oarcanjo.net\/site\/","logo":{"@type":"ImageObject","inLanguage":"pt-BR","@id":"https:\/\/www.oarcanjo.net\/site\/#\/schema\/logo\/image\/","url":"https:\/\/www.oarcanjo.net\/site\/wp-content\/uploads\/LogoOArcanjo.png","contentUrl":"https:\/\/www.oarcanjo.net\/site\/wp-content\/uploads\/LogoOArcanjo.png","width":319,"height":99,"caption":"Par\u00f3quia S\u00e3o Miguel Arcanjo"},"image":{"@id":"https:\/\/www.oarcanjo.net\/site\/#\/schema\/logo\/image\/"},"sameAs":["https:\/\/www.facebook.com\/OArcanjoNoAr\/"]},{"@type":"Person","@id":"https:\/\/www.oarcanjo.net\/site\/#\/schema\/person\/5eb9480bedd2f3c97e430ce128c29c6c","name":"danilo"}]}},"publishpress_future_action":{"enabled":false,"date":"2026-05-08 13:02:43","action":"category","newStatus":"draft","terms":[],"taxonomy":"category"},"publishpress_future_workflow_manual_trigger":{"enabledWorkflows":[]},"_links":{"self":[{"href":"https:\/\/www.oarcanjo.net\/site\/wp-json\/wp\/v2\/posts\/10024"}],"collection":[{"href":"https:\/\/www.oarcanjo.net\/site\/wp-json\/wp\/v2\/posts"}],"about":[{"href":"https:\/\/www.oarcanjo.net\/site\/wp-json\/wp\/v2\/types\/post"}],"author":[{"embeddable":true,"href":"https:\/\/www.oarcanjo.net\/site\/wp-json\/wp\/v2\/users\/14"}],"replies":[{"embeddable":true,"href":"https:\/\/www.oarcanjo.net\/site\/wp-json\/wp\/v2\/comments?post=10024"}],"version-history":[{"count":1,"href":"https:\/\/www.oarcanjo.net\/site\/wp-json\/wp\/v2\/posts\/10024\/revisions"}],"predecessor-version":[{"id":88621,"href":"https:\/\/www.oarcanjo.net\/site\/wp-json\/wp\/v2\/posts\/10024\/revisions\/88621"}],"wp:attachment":[{"href":"https:\/\/www.oarcanjo.net\/site\/wp-json\/wp\/v2\/media?parent=10024"}],"wp:term":[{"taxonomy":"category","embeddable":true,"href":"https:\/\/www.oarcanjo.net\/site\/wp-json\/wp\/v2\/categories?post=10024"},{"taxonomy":"post_tag","embeddable":true,"href":"https:\/\/www.oarcanjo.net\/site\/wp-json\/wp\/v2\/tags?post=10024"}],"curies":[{"name":"wp","href":"https:\/\/api.w.org\/{rel}","templated":true}]}}