
{"id":10028,"date":"2018-07-06T00:51:03","date_gmt":"2018-07-06T03:51:03","guid":{"rendered":"http:\/\/www.oarcanjo.net\/site\/?p=10028"},"modified":"2018-06-20T18:23:05","modified_gmt":"2018-06-20T21:23:05","slug":"bem-aventurada-maria-teresa-ledochowska","status":"publish","type":"post","link":"https:\/\/www.oarcanjo.net\/site\/bem-aventurada-maria-teresa-ledochowska\/","title":{"rendered":"Bem Aventurada Maria Teresa Ledochowska"},"content":{"rendered":"<p><img loading=\"lazy\" decoding=\"async\" class=\"alignnone size-full wp-image-64076\" src=\"http:\/\/www.oarcanjo.net\/site\/wp-content\/uploads\/Maria-Teresa-Ledochowska.jpg\" alt=\"Maria Teresa Ledochowska\" width=\"150\" height=\"228\" \/><\/p>\n<p>6 de Julho<\/p>\n<p>Fundou o Instituto das Irm\u00e3s Mission\u00e1rias de S\u00e3o Pedro Claver Irm\u00e3s Claverianas<\/p>\n<p>Maria Teresa Ledochowska nasceu no dia 29 de abril de 1863, na \u00c1ustria. Os pais eram personalidades ilustres e pertenciam \u00e0 nobreza crist\u00e3 polonesa, freq\u00fcentando v\u00e1rias cortes da Europa. A irm\u00e3 mais nova, \u00darsula, anos mais tarde, tamb\u00e9m fundou uma congrega\u00e7\u00e3o e depois foi canonizada pela Igreja. Outro seu irm\u00e3o, o padre Vladimir, foi o vig\u00e9simo sexto diretor geral da Companhia de Jesus.<\/p>\n<p>Maria Teresa tornou-se uma requintada fidalga, muito culta e fluente em v\u00e1rios idiomas. Aos vinte e dois anos, era dama de honra da gr\u00e3 duquesa da Toscana, que tinha resid\u00eancia na corte austr\u00edaca e n\u00e3o dispensava sua presen\u00e7a alegre e brilhante. Apesar de conviver nesse ambiente de luxo e cheio de frivolidades, ela possu\u00eda princ\u00edpios morais e crist\u00e3os \u00edntegros. Dedicava grande parte do seu tempo \u00e0 caridade, ajudando especialmente os pobres.<\/p>\n<p>Certa ocasi\u00e3o, foi apresentada \u00e0s Irm\u00e3s Mission\u00e1rias Franciscanas de Maria, que tinham encontro com a gr\u00e3-duquesa. Logo em seguida recebeu um impresso de uma confer\u00eancia do cardeal Lavig\u00e9rie, narrando seu \u00e1rduo trabalho para libertar os escravos da \u00c1frica e pedindo mission\u00e1rias para ajud\u00e1-lo na evangeliza\u00e7\u00e3o. Penalizada com a situa\u00e7\u00e3o dos escravos, Maria Teresa sentiu o chamado de Deus e abra\u00e7ou aquela causa.<\/p>\n<p>Em 1891, abandonou a corte, apesar da desaprova\u00e7\u00e3o de quase todos os amigos, e ingressou na vida religiosa, sob a dire\u00e7\u00e3o espiritual dos jesu\u00edtas. Depois, a ela se juntaram Melania von Ernest e outras religiosas corajosas. Assim, em 1894 fundou o Instituto das Irm\u00e3s Mission\u00e1rias de S\u00e3o Pedro Claver, ou melhor, das Irm\u00e3s Claverianas, para dar apoio e orienta\u00e7\u00e3o \u00e0s miss\u00f5es africanas.<\/p>\n<p>Maria Teresa, sempre brilhante e ativa, sabia que precisava divulgar muito mais aquela Obra. Rezou muito e, inspirada pela M\u00e3e de Deus, fundou uma tipografia e passou a publicar dois boletins mission\u00e1rios mensais: o &#8220;Eco da \u00c1frica&#8221;, direcionado para os adultos, e o &#8220;Juventude Africana&#8221;, especial para os jovens, ambos editados em nove idiomas europeus. Ela mesma escrevia os artigos e apelos para difundir a id\u00e9ia mission\u00e1ria. Logo passou a participar confer\u00eancias em diversas l\u00ednguas e paises. Foram centenas e centenas at\u00e9 sua morte.<\/p>\n<p>Sua incans\u00e1vel dedica\u00e7\u00e3o frutificou e p\u00f4de enviar aos mission\u00e1rios da \u00c1frica milh\u00f5es em dinheiro, numerosos objetos sagrados , al\u00e9m de milhares de livros impressos em l\u00ednguas ind\u00edgenas africanas, utilizados para a catequiza\u00e7\u00e3o e alfabetiza\u00e7\u00e3o dos nativos. Dirigiu o instituto por vinte e oito anos, em meio \u00e0s turbul\u00eancias dos tempos e do sacrif\u00edcio pessoal, at\u00e9 morrer, no dia 6 de julho de 1922, em Roma, It\u00e1lia.<\/p>\n<p>Desde ent\u00e3o, Maria Teresa, passou a ser invocada para interceder por gra\u00e7as e milagres, principalmente nos paises africanos, aos quais dedicou toda a sua vida de mission\u00e1ria. Em 1975, o papa Paulo VI beatificou aquela que era conhecida em todo o mundo cat\u00f3lico como a &#8220;M\u00e3e dos Africanos&#8221; e a declarou padroeira da Coopera\u00e7\u00e3o Mission\u00e1ria da Igreja na Pol\u00f4nia.<\/p>\n<p><img loading=\"lazy\" decoding=\"async\" src=\"http:\/\/www.irmasclaverianas.org\/Fundad1.gif\" alt=\"\" width=\"181\" height=\"256\" border=\"2\" \/><\/p>\n<p><span style=\"color: #0000ff\"><strong>Maria Teresa aos 16 anos de idade.<\/strong><\/span><\/p>\n<p><img loading=\"lazy\" decoding=\"async\" src=\"http:\/\/www.irmasclaverianas.org\/Fundad3.gif\" alt=\"\" width=\"183\" height=\"273\" align=\"left\" border=\"2\" \/><\/p>\n<p><span style=\"color: #0000ff\"><strong>A Beata Maria Teresa como Dama da Corte.<\/strong><\/span><\/p>\n<div id=\"themify_builder_content-10028\" data-postid=\"10028\" class=\"themify_builder_content themify_builder_content-10028 themify_builder themify_builder_front\">\n\t<\/div>\n<!-- \/themify_builder_content -->","protected":false},"excerpt":{"rendered":"<p>6 de Julho Fundou o Instituto das Irm\u00e3s Mission\u00e1rias de S\u00e3o Pedro Claver Irm\u00e3s Claverianas Maria Teresa Ledochowska nasceu no dia 29 de abril de 1863, na \u00c1ustria. Os pais eram personalidades ilustres e pertenciam \u00e0 nobreza crist\u00e3 polonesa, freq\u00fcentando v\u00e1rias cortes da Europa. A irm\u00e3 mais nova, \u00darsula, anos mais tarde, tamb\u00e9m fundou uma [&hellip;]<\/p>\n","protected":false},"author":14,"featured_media":0,"comment_status":"open","ping_status":"open","sticky":false,"template":"","format":"standard","meta":{"ngg_post_thumbnail":0,"footnotes":""},"categories":[186],"tags":[],"yoast_head":"<!-- This site is optimized with the Yoast SEO plugin v23.5 - https:\/\/yoast.com\/wordpress\/plugins\/seo\/ -->\n<title>Bem Aventurada Maria Teresa Ledochowska - O Arcanjo no ar<\/title>\n<meta name=\"robots\" content=\"index, follow, max-snippet:-1, max-image-preview:large, max-video-preview:-1\" \/>\n<link rel=\"canonical\" href=\"https:\/\/www.oarcanjo.net\/site\/bem-aventurada-maria-teresa-ledochowska\/\" \/>\n<meta property=\"og:locale\" content=\"pt_BR\" \/>\n<meta property=\"og:type\" content=\"article\" \/>\n<meta property=\"og:title\" content=\"Bem Aventurada Maria Teresa Ledochowska - O Arcanjo no ar\" \/>\n<meta property=\"og:description\" content=\"6 de Julho Fundou o Instituto das Irm\u00e3s Mission\u00e1rias de S\u00e3o Pedro Claver Irm\u00e3s Claverianas Maria Teresa Ledochowska nasceu no dia 29 de abril de 1863, na \u00c1ustria. Os pais eram personalidades ilustres e pertenciam \u00e0 nobreza crist\u00e3 polonesa, freq\u00fcentando v\u00e1rias cortes da Europa. A irm\u00e3 mais nova, \u00darsula, anos mais tarde, tamb\u00e9m fundou uma [&hellip;]\" \/>\n<meta property=\"og:url\" content=\"https:\/\/www.oarcanjo.net\/site\/bem-aventurada-maria-teresa-ledochowska\/\" \/>\n<meta property=\"og:site_name\" content=\"O Arcanjo no ar\" \/>\n<meta property=\"article:publisher\" content=\"https:\/\/www.facebook.com\/OArcanjoNoAr\/\" \/>\n<meta property=\"article:published_time\" content=\"2018-07-06T03:51:03+00:00\" \/>\n<meta property=\"article:modified_time\" content=\"2018-06-20T21:23:05+00:00\" \/>\n<meta property=\"og:image\" content=\"http:\/\/www.oarcanjo.net\/site\/wp-content\/uploads\/Maria-Teresa-Ledochowska.jpg\" \/>\n<meta name=\"author\" content=\"danilo\" \/>\n<meta name=\"twitter:card\" content=\"summary_large_image\" \/>\n<meta name=\"twitter:label1\" content=\"Escrito por\" \/>\n\t<meta name=\"twitter:data1\" content=\"danilo\" \/>\n\t<meta name=\"twitter:label2\" content=\"Est. tempo de leitura\" \/>\n\t<meta name=\"twitter:data2\" content=\"3 minutos\" \/>\n<script type=\"application\/ld+json\" class=\"yoast-schema-graph\">{\"@context\":\"https:\/\/schema.org\",\"@graph\":[{\"@type\":\"Article\",\"@id\":\"https:\/\/www.oarcanjo.net\/site\/bem-aventurada-maria-teresa-ledochowska\/#article\",\"isPartOf\":{\"@id\":\"https:\/\/www.oarcanjo.net\/site\/bem-aventurada-maria-teresa-ledochowska\/\"},\"author\":{\"name\":\"danilo\",\"@id\":\"https:\/\/www.oarcanjo.net\/site\/#\/schema\/person\/5eb9480bedd2f3c97e430ce128c29c6c\"},\"headline\":\"Bem Aventurada Maria Teresa Ledochowska\",\"datePublished\":\"2018-07-06T03:51:03+00:00\",\"dateModified\":\"2018-06-20T21:23:05+00:00\",\"mainEntityOfPage\":{\"@id\":\"https:\/\/www.oarcanjo.net\/site\/bem-aventurada-maria-teresa-ledochowska\/\"},\"wordCount\":555,\"commentCount\":0,\"publisher\":{\"@id\":\"https:\/\/www.oarcanjo.net\/site\/#organization\"},\"image\":{\"@id\":\"https:\/\/www.oarcanjo.net\/site\/bem-aventurada-maria-teresa-ledochowska\/#primaryimage\"},\"thumbnailUrl\":\"http:\/\/www.oarcanjo.net\/site\/wp-content\/uploads\/Maria-Teresa-Ledochowska.jpg\",\"articleSection\":[\"Testemunhos\"],\"inLanguage\":\"pt-BR\",\"potentialAction\":[{\"@type\":\"CommentAction\",\"name\":\"Comment\",\"target\":[\"https:\/\/www.oarcanjo.net\/site\/bem-aventurada-maria-teresa-ledochowska\/#respond\"]}]},{\"@type\":\"WebPage\",\"@id\":\"https:\/\/www.oarcanjo.net\/site\/bem-aventurada-maria-teresa-ledochowska\/\",\"url\":\"https:\/\/www.oarcanjo.net\/site\/bem-aventurada-maria-teresa-ledochowska\/\",\"name\":\"Bem Aventurada Maria Teresa Ledochowska - O Arcanjo no ar\",\"isPartOf\":{\"@id\":\"https:\/\/www.oarcanjo.net\/site\/#website\"},\"primaryImageOfPage\":{\"@id\":\"https:\/\/www.oarcanjo.net\/site\/bem-aventurada-maria-teresa-ledochowska\/#primaryimage\"},\"image\":{\"@id\":\"https:\/\/www.oarcanjo.net\/site\/bem-aventurada-maria-teresa-ledochowska\/#primaryimage\"},\"thumbnailUrl\":\"http:\/\/www.oarcanjo.net\/site\/wp-content\/uploads\/Maria-Teresa-Ledochowska.jpg\",\"datePublished\":\"2018-07-06T03:51:03+00:00\",\"dateModified\":\"2018-06-20T21:23:05+00:00\",\"breadcrumb\":{\"@id\":\"https:\/\/www.oarcanjo.net\/site\/bem-aventurada-maria-teresa-ledochowska\/#breadcrumb\"},\"inLanguage\":\"pt-BR\",\"potentialAction\":[{\"@type\":\"ReadAction\",\"target\":[\"https:\/\/www.oarcanjo.net\/site\/bem-aventurada-maria-teresa-ledochowska\/\"]}]},{\"@type\":\"ImageObject\",\"inLanguage\":\"pt-BR\",\"@id\":\"https:\/\/www.oarcanjo.net\/site\/bem-aventurada-maria-teresa-ledochowska\/#primaryimage\",\"url\":\"https:\/\/www.oarcanjo.net\/site\/wp-content\/uploads\/Maria-Teresa-Ledochowska.jpg\",\"contentUrl\":\"https:\/\/www.oarcanjo.net\/site\/wp-content\/uploads\/Maria-Teresa-Ledochowska.jpg\",\"width\":150,\"height\":228,\"caption\":\"Maria Teresa Ledochowska\"},{\"@type\":\"BreadcrumbList\",\"@id\":\"https:\/\/www.oarcanjo.net\/site\/bem-aventurada-maria-teresa-ledochowska\/#breadcrumb\",\"itemListElement\":[{\"@type\":\"ListItem\",\"position\":1,\"name\":\"In\u00edcio\",\"item\":\"https:\/\/www.oarcanjo.net\/site\/\"},{\"@type\":\"ListItem\",\"position\":2,\"name\":\"Bem Aventurada Maria Teresa Ledochowska\"}]},{\"@type\":\"WebSite\",\"@id\":\"https:\/\/www.oarcanjo.net\/site\/#website\",\"url\":\"https:\/\/www.oarcanjo.net\/site\/\",\"name\":\"O Arcanjo no ar\",\"description\":\"Site da Par\u00f3quia S\u00e3o Miguel Arcanjo (Arquidiocese de SP)\",\"publisher\":{\"@id\":\"https:\/\/www.oarcanjo.net\/site\/#organization\"},\"potentialAction\":[{\"@type\":\"SearchAction\",\"target\":{\"@type\":\"EntryPoint\",\"urlTemplate\":\"https:\/\/www.oarcanjo.net\/site\/?s={search_term_string}\"},\"query-input\":{\"@type\":\"PropertyValueSpecification\",\"valueRequired\":true,\"valueName\":\"search_term_string\"}}],\"inLanguage\":\"pt-BR\"},{\"@type\":\"Organization\",\"@id\":\"https:\/\/www.oarcanjo.net\/site\/#organization\",\"name\":\"Par\u00f3quia S\u00e3o Miguel Arcanjo\",\"url\":\"https:\/\/www.oarcanjo.net\/site\/\",\"logo\":{\"@type\":\"ImageObject\",\"inLanguage\":\"pt-BR\",\"@id\":\"https:\/\/www.oarcanjo.net\/site\/#\/schema\/logo\/image\/\",\"url\":\"https:\/\/www.oarcanjo.net\/site\/wp-content\/uploads\/LogoOArcanjo.png\",\"contentUrl\":\"https:\/\/www.oarcanjo.net\/site\/wp-content\/uploads\/LogoOArcanjo.png\",\"width\":319,\"height\":99,\"caption\":\"Par\u00f3quia S\u00e3o Miguel Arcanjo\"},\"image\":{\"@id\":\"https:\/\/www.oarcanjo.net\/site\/#\/schema\/logo\/image\/\"},\"sameAs\":[\"https:\/\/www.facebook.com\/OArcanjoNoAr\/\"]},{\"@type\":\"Person\",\"@id\":\"https:\/\/www.oarcanjo.net\/site\/#\/schema\/person\/5eb9480bedd2f3c97e430ce128c29c6c\",\"name\":\"danilo\"}]}<\/script>\n<!-- \/ Yoast SEO plugin. -->","yoast_head_json":{"title":"Bem Aventurada Maria Teresa Ledochowska - O Arcanjo no ar","robots":{"index":"index","follow":"follow","max-snippet":"max-snippet:-1","max-image-preview":"max-image-preview:large","max-video-preview":"max-video-preview:-1"},"canonical":"https:\/\/www.oarcanjo.net\/site\/bem-aventurada-maria-teresa-ledochowska\/","og_locale":"pt_BR","og_type":"article","og_title":"Bem Aventurada Maria Teresa Ledochowska - O Arcanjo no ar","og_description":"6 de Julho Fundou o Instituto das Irm\u00e3s Mission\u00e1rias de S\u00e3o Pedro Claver Irm\u00e3s Claverianas Maria Teresa Ledochowska nasceu no dia 29 de abril de 1863, na \u00c1ustria. Os pais eram personalidades ilustres e pertenciam \u00e0 nobreza crist\u00e3 polonesa, freq\u00fcentando v\u00e1rias cortes da Europa. A irm\u00e3 mais nova, \u00darsula, anos mais tarde, tamb\u00e9m fundou uma [&hellip;]","og_url":"https:\/\/www.oarcanjo.net\/site\/bem-aventurada-maria-teresa-ledochowska\/","og_site_name":"O Arcanjo no ar","article_publisher":"https:\/\/www.facebook.com\/OArcanjoNoAr\/","article_published_time":"2018-07-06T03:51:03+00:00","article_modified_time":"2018-06-20T21:23:05+00:00","og_image":[{"url":"http:\/\/www.oarcanjo.net\/site\/wp-content\/uploads\/Maria-Teresa-Ledochowska.jpg"}],"author":"danilo","twitter_card":"summary_large_image","twitter_misc":{"Escrito por":"danilo","Est. tempo de leitura":"3 minutos"},"schema":{"@context":"https:\/\/schema.org","@graph":[{"@type":"Article","@id":"https:\/\/www.oarcanjo.net\/site\/bem-aventurada-maria-teresa-ledochowska\/#article","isPartOf":{"@id":"https:\/\/www.oarcanjo.net\/site\/bem-aventurada-maria-teresa-ledochowska\/"},"author":{"name":"danilo","@id":"https:\/\/www.oarcanjo.net\/site\/#\/schema\/person\/5eb9480bedd2f3c97e430ce128c29c6c"},"headline":"Bem Aventurada Maria Teresa Ledochowska","datePublished":"2018-07-06T03:51:03+00:00","dateModified":"2018-06-20T21:23:05+00:00","mainEntityOfPage":{"@id":"https:\/\/www.oarcanjo.net\/site\/bem-aventurada-maria-teresa-ledochowska\/"},"wordCount":555,"commentCount":0,"publisher":{"@id":"https:\/\/www.oarcanjo.net\/site\/#organization"},"image":{"@id":"https:\/\/www.oarcanjo.net\/site\/bem-aventurada-maria-teresa-ledochowska\/#primaryimage"},"thumbnailUrl":"http:\/\/www.oarcanjo.net\/site\/wp-content\/uploads\/Maria-Teresa-Ledochowska.jpg","articleSection":["Testemunhos"],"inLanguage":"pt-BR","potentialAction":[{"@type":"CommentAction","name":"Comment","target":["https:\/\/www.oarcanjo.net\/site\/bem-aventurada-maria-teresa-ledochowska\/#respond"]}]},{"@type":"WebPage","@id":"https:\/\/www.oarcanjo.net\/site\/bem-aventurada-maria-teresa-ledochowska\/","url":"https:\/\/www.oarcanjo.net\/site\/bem-aventurada-maria-teresa-ledochowska\/","name":"Bem Aventurada Maria Teresa Ledochowska - O Arcanjo no ar","isPartOf":{"@id":"https:\/\/www.oarcanjo.net\/site\/#website"},"primaryImageOfPage":{"@id":"https:\/\/www.oarcanjo.net\/site\/bem-aventurada-maria-teresa-ledochowska\/#primaryimage"},"image":{"@id":"https:\/\/www.oarcanjo.net\/site\/bem-aventurada-maria-teresa-ledochowska\/#primaryimage"},"thumbnailUrl":"http:\/\/www.oarcanjo.net\/site\/wp-content\/uploads\/Maria-Teresa-Ledochowska.jpg","datePublished":"2018-07-06T03:51:03+00:00","dateModified":"2018-06-20T21:23:05+00:00","breadcrumb":{"@id":"https:\/\/www.oarcanjo.net\/site\/bem-aventurada-maria-teresa-ledochowska\/#breadcrumb"},"inLanguage":"pt-BR","potentialAction":[{"@type":"ReadAction","target":["https:\/\/www.oarcanjo.net\/site\/bem-aventurada-maria-teresa-ledochowska\/"]}]},{"@type":"ImageObject","inLanguage":"pt-BR","@id":"https:\/\/www.oarcanjo.net\/site\/bem-aventurada-maria-teresa-ledochowska\/#primaryimage","url":"https:\/\/www.oarcanjo.net\/site\/wp-content\/uploads\/Maria-Teresa-Ledochowska.jpg","contentUrl":"https:\/\/www.oarcanjo.net\/site\/wp-content\/uploads\/Maria-Teresa-Ledochowska.jpg","width":150,"height":228,"caption":"Maria Teresa Ledochowska"},{"@type":"BreadcrumbList","@id":"https:\/\/www.oarcanjo.net\/site\/bem-aventurada-maria-teresa-ledochowska\/#breadcrumb","itemListElement":[{"@type":"ListItem","position":1,"name":"In\u00edcio","item":"https:\/\/www.oarcanjo.net\/site\/"},{"@type":"ListItem","position":2,"name":"Bem Aventurada Maria Teresa Ledochowska"}]},{"@type":"WebSite","@id":"https:\/\/www.oarcanjo.net\/site\/#website","url":"https:\/\/www.oarcanjo.net\/site\/","name":"O Arcanjo no ar","description":"Site da Par\u00f3quia S\u00e3o Miguel Arcanjo (Arquidiocese de SP)","publisher":{"@id":"https:\/\/www.oarcanjo.net\/site\/#organization"},"potentialAction":[{"@type":"SearchAction","target":{"@type":"EntryPoint","urlTemplate":"https:\/\/www.oarcanjo.net\/site\/?s={search_term_string}"},"query-input":{"@type":"PropertyValueSpecification","valueRequired":true,"valueName":"search_term_string"}}],"inLanguage":"pt-BR"},{"@type":"Organization","@id":"https:\/\/www.oarcanjo.net\/site\/#organization","name":"Par\u00f3quia S\u00e3o Miguel Arcanjo","url":"https:\/\/www.oarcanjo.net\/site\/","logo":{"@type":"ImageObject","inLanguage":"pt-BR","@id":"https:\/\/www.oarcanjo.net\/site\/#\/schema\/logo\/image\/","url":"https:\/\/www.oarcanjo.net\/site\/wp-content\/uploads\/LogoOArcanjo.png","contentUrl":"https:\/\/www.oarcanjo.net\/site\/wp-content\/uploads\/LogoOArcanjo.png","width":319,"height":99,"caption":"Par\u00f3quia S\u00e3o Miguel Arcanjo"},"image":{"@id":"https:\/\/www.oarcanjo.net\/site\/#\/schema\/logo\/image\/"},"sameAs":["https:\/\/www.facebook.com\/OArcanjoNoAr\/"]},{"@type":"Person","@id":"https:\/\/www.oarcanjo.net\/site\/#\/schema\/person\/5eb9480bedd2f3c97e430ce128c29c6c","name":"danilo"}]}},"publishpress_future_action":{"enabled":false,"date":"2026-05-08 13:02:44","action":"category","newStatus":"draft","terms":[],"taxonomy":"category"},"publishpress_future_workflow_manual_trigger":{"enabledWorkflows":[]},"_links":{"self":[{"href":"https:\/\/www.oarcanjo.net\/site\/wp-json\/wp\/v2\/posts\/10028"}],"collection":[{"href":"https:\/\/www.oarcanjo.net\/site\/wp-json\/wp\/v2\/posts"}],"about":[{"href":"https:\/\/www.oarcanjo.net\/site\/wp-json\/wp\/v2\/types\/post"}],"author":[{"embeddable":true,"href":"https:\/\/www.oarcanjo.net\/site\/wp-json\/wp\/v2\/users\/14"}],"replies":[{"embeddable":true,"href":"https:\/\/www.oarcanjo.net\/site\/wp-json\/wp\/v2\/comments?post=10028"}],"version-history":[{"count":1,"href":"https:\/\/www.oarcanjo.net\/site\/wp-json\/wp\/v2\/posts\/10028\/revisions"}],"predecessor-version":[{"id":88623,"href":"https:\/\/www.oarcanjo.net\/site\/wp-json\/wp\/v2\/posts\/10028\/revisions\/88623"}],"wp:attachment":[{"href":"https:\/\/www.oarcanjo.net\/site\/wp-json\/wp\/v2\/media?parent=10028"}],"wp:term":[{"taxonomy":"category","embeddable":true,"href":"https:\/\/www.oarcanjo.net\/site\/wp-json\/wp\/v2\/categories?post=10028"},{"taxonomy":"post_tag","embeddable":true,"href":"https:\/\/www.oarcanjo.net\/site\/wp-json\/wp\/v2\/tags?post=10028"}],"curies":[{"name":"wp","href":"https:\/\/api.w.org\/{rel}","templated":true}]}}