
{"id":10030,"date":"2018-07-06T00:55:05","date_gmt":"2018-07-06T03:55:05","guid":{"rendered":"http:\/\/www.oarcanjo.net\/site\/?p=10030"},"modified":"2018-06-20T18:22:30","modified_gmt":"2018-06-20T21:22:30","slug":"santa-maria-goretti-2","status":"publish","type":"post","link":"https:\/\/www.oarcanjo.net\/site\/santa-maria-goretti-2\/","title":{"rendered":"Santa Maria Goretti"},"content":{"rendered":"<p><img decoding=\"async\" src=\"http:\/\/www.agustinosnet.org.mx\/santos\/santos_delaorden\/imagenes\/maria_goretti.jpg\" alt=\"\" \/><\/p>\n<p>6 de Julho<\/p>\n<p>O Santo Padre Pio XII no dia 24 de julho de 1950 canonizou Maria Goretti, angelical jovem italiana e m\u00e1rtir da castidade aos 12 anos.<\/p>\n<p>\u00a0\u00a0\u00a0\u00a0\u00a0\u00a0\u00a0\u00a0\u00a0\u00a0\u00a0\u00a0\u00a0\u00a0\u00a0\u00a0\u00a0\u00a0\u00a0\u00a0\u00a0\u00a0\u00a0\u00a0\u00a0\u00a0\u00a0\u00a0\u00a0\u00a0\u00a0\u00a0\u00a0\u00a0\u00a0\u00a0\u00a0\u00a0\u00a0\u00a0\u00a0\u00a0\u00a0\u00a0\u00a0\u00a0\u00a0\u00a0\u00a0 Maria Goretti, a Santa In\u00eas do s\u00e9culo XX, \u00e9 um modelo perfeito de amor \u00e0 virgindade.<\/p>\n<p>\u00a0\u00a0\u00a0\u00a0\u00a0\u00a0\u00a0\u00a0\u00a0\u00a0\u00a0\u00a0\u00a0\u00a0\u00a0\u00a0\u00a0\u00a0\u00a0\u00a0\u00a0\u00a0\u00a0\u00a0\u00a0\u00a0\u00a0\u00a0\u00a0\u00a0\u00a0\u00a0\u00a0\u00a0\u00a0\u00a0\u00a0\u00a0\u00a0\u00a0\u00a0\u00a0\u00a0\u00a0\u00a0\u00a0\u00a0\u00a0\u00a0 Em Corinaldo, pequena povoa\u00e7\u00e3o da It\u00e1lia, a cinq\u00fcenta quil\u00f4metros da Ancona, nasceu Maria Goretti, dia 16 de outubro de 1890, sendo seus pais Lu\u00eds Goretti e Assun\u00e7\u00e3o Carlini, que chegaram a educar sete filhos, em meio de dificuldades econ\u00f4micas de vida. Como bons crist\u00e3os sabiam confiar na Provid\u00eancia do Pai celestial, que est\u00e1 no c\u00e9u.<\/p>\n<p>\u00a0\u00a0\u00a0\u00a0\u00a0\u00a0\u00a0\u00a0\u00a0\u00a0\u00a0\u00a0\u00a0\u00a0\u00a0\u00a0\u00a0\u00a0\u00a0\u00a0\u00a0\u00a0\u00a0\u00a0\u00a0\u00a0\u00a0\u00a0\u00a0\u00a0\u00a0\u00a0\u00a0\u00a0\u00a0\u00a0\u00a0\u00a0\u00a0\u00a0\u00a0\u00a0\u00a0\u00a0\u00a0\u00a0\u00a0\u00a0\u00a0 Em busca, de sustento, percorreram v\u00e1rios povoados e aldeias, estabelecendo-se, finalmente, em Agro Pontinho, onde a 6 de maio de 1900, faleceu o pai de nossa hero\u00edna.<\/p>\n<p><strong><span style=\"text-decoration: underline\">SITUA\u00c7\u00c3O TR\u00c1GICA<\/span><\/strong><\/p>\n<p>\u00a0\u00a0\u00a0\u00a0\u00a0\u00a0\u00a0\u00a0\u00a0\u00a0\u00a0\u00a0\u00a0\u00a0\u00a0\u00a0\u00a0\u00a0\u00a0\u00a0\u00a0\u00a0\u00a0\u00a0\u00a0\u00a0\u00a0\u00a0\u00a0\u00a0\u00a0\u00a0\u00a0\u00a0\u00a0\u00a0\u00a0\u00a0\u00a0\u00a0\u00a0\u00a0\u00a0\u00a0\u00a0\u00a0\u00a0\u00a0\u00a0 Naquela situa\u00e7\u00e3o tr\u00e1gica, Maria Goretti, que apenas contava nove anos de idade, ajudava sua m\u00e3e e procurava anim\u00e1-la, dizendo:<\/p>\n<p>&#8211;\u00a0\u00a0\u00a0\u00a0\u00a0\u00a0\u00a0\u00a0 Coragem, mam\u00e3e! a Provid\u00eancia nos guardar\u00e1!\u00a0 A\u00a0 Senhora h\u00e1 de ver como iremos \u00e0 frente!<\/p>\n<p>\u00a0\u00a0\u00a0\u00a0\u00a0\u00a0\u00a0\u00a0\u00a0\u00a0\u00a0\u00a0\u00a0\u00a0\u00a0\u00a0\u00a0\u00a0\u00a0\u00a0\u00a0\u00a0\u00a0\u00a0\u00a0\u00a0\u00a0\u00a0\u00a0\u00a0\u00a0\u00a0\u00a0\u00a0\u00a0\u00a0\u00a0\u00a0\u00a0\u00a0\u00a0\u00a0\u00a0\u00a0\u00a0\u00a0\u00a0\u00a0\u00a0 E a M\u00e3e com o apoio de sua filhinha transformou-se em a mulher forte da Sagrada Escritura.<\/p>\n<p>\u00a0\u00a0\u00a0\u00a0\u00a0\u00a0\u00a0\u00a0\u00a0\u00a0\u00a0\u00a0\u00a0\u00a0\u00a0\u00a0\u00a0\u00a0\u00a0\u00a0\u00a0\u00a0\u00a0\u00a0\u00a0\u00a0\u00a0\u00a0\u00a0\u00a0\u00a0\u00a0\u00a0\u00a0\u00a0\u00a0\u00a0\u00a0\u00a0\u00a0\u00a0\u00a0\u00a0\u00a0\u00a0\u00a0\u00a0\u00a0\u00a0 Ap\u00f3s um ano que o pai havia falecido, conseguiram colher 300 quintais de trigo e 96 de favas, mas ao fazer as contas viram que faltavam 95 liras para pagar as d\u00edvidas.<\/p>\n<p>\u00a0\u00a0\u00a0\u00a0\u00a0\u00a0\u00a0\u00a0\u00a0\u00a0\u00a0\u00a0\u00a0\u00a0\u00a0\u00a0\u00a0\u00a0\u00a0\u00a0\u00a0\u00a0\u00a0\u00a0\u00a0\u00a0\u00a0\u00a0\u00a0\u00a0\u00a0\u00a0\u00a0\u00a0\u00a0\u00a0\u00a0\u00a0\u00a0\u00a0\u00a0\u00a0\u00a0\u00a0\u00a0\u00a0\u00a0\u00a0\u00a0 Nas circunst\u00e2ncias de pen\u00faria e mis\u00e9ria em que viviam, ainda em vida de seu marido, para que pudessem vencer as dificuldades financeiras, uniram-se com a fam\u00edlia Serenelli, composta do pai vi\u00favo, chamado Jo\u00e3o, com sessenta anos, e de seus dois filhos, Gaspar e Alexandre.<\/p>\n<p><strong><span style=\"text-decoration: underline\">TERR\u00cdVEL BATALHA<\/span><\/strong><\/p>\n<p>\u00a0\u00a0\u00a0\u00a0\u00a0\u00a0\u00a0\u00a0\u00a0\u00a0\u00a0\u00a0\u00a0\u00a0\u00a0\u00a0\u00a0\u00a0\u00a0\u00a0\u00a0\u00a0\u00a0\u00a0\u00a0\u00a0\u00a0\u00a0\u00a0\u00a0\u00a0\u00a0\u00a0\u00a0\u00a0\u00a0\u00a0\u00a0\u00a0\u00a0\u00a0\u00a0\u00a0\u00a0\u00a0\u00a0\u00a0\u00a0\u00a0 Dia 5 de julho de 1902, pela tarde, sob um calor sufocante, achavam-se Assun\u00e7\u00e3o, m\u00e3e de Maria, e Alexandre Serenelli, trabalhando no campo de favas, a guiar dois \u201cbarrozze\u201d ou arados puxados por bois.<\/p>\n<p>\u00a0\u00a0\u00a0\u00a0\u00a0\u00a0\u00a0\u00a0\u00a0\u00a0\u00a0\u00a0\u00a0\u00a0\u00a0\u00a0\u00a0\u00a0\u00a0\u00a0\u00a0\u00a0\u00a0\u00a0\u00a0\u00a0\u00a0\u00a0\u00a0\u00a0\u00a0\u00a0\u00a0\u00a0\u00a0\u00a0\u00a0\u00a0\u00a0\u00a0\u00a0\u00a0\u00a0\u00a0\u00a0\u00a0\u00a0\u00a0\u00a0 Maria Goretti achava-se, por\u00e9m, em casa, a costurar uma camisa, como lhe havia pedido Alexandre.<\/p>\n<p>\u00a0\u00a0\u00a0\u00a0\u00a0\u00a0\u00a0\u00a0\u00a0\u00a0\u00a0\u00a0\u00a0\u00a0\u00a0\u00a0\u00a0\u00a0\u00a0\u00a0\u00a0\u00a0\u00a0\u00a0\u00a0\u00a0\u00a0\u00a0\u00a0\u00a0\u00a0\u00a0\u00a0\u00a0\u00a0\u00a0\u00a0\u00a0\u00a0\u00a0\u00a0\u00a0\u00a0\u00a0\u00a0\u00a0\u00a0\u00a0\u00a0 Em dado momento, j\u00e1 premeditado, Alexandre vai visitar Maria Goretti, dando qualquer desculpa a sua m\u00e3e, para que ficasse sozinha trabalhando com o arado. E assim fez.<\/p>\n<p>\u00a0\u00a0\u00a0\u00a0\u00a0\u00a0\u00a0\u00a0\u00a0\u00a0\u00a0\u00a0\u00a0\u00a0\u00a0\u00a0\u00a0\u00a0\u00a0\u00a0\u00a0\u00a0\u00a0\u00a0\u00a0\u00a0\u00a0\u00a0\u00a0\u00a0\u00a0\u00a0\u00a0\u00a0\u00a0\u00a0\u00a0\u00a0\u00a0\u00a0\u00a0\u00a0\u00a0\u00a0\u00a0\u00a0\u00a0\u00a0\u00a0 Com a alma cheia de sensualidade, Alexandre chamou por Maria. E o rapaz j\u00e1 se havia munido de uma barra de a\u00e7o de uns vinte e quatro cent\u00edmetros, afiada na ponta como um estilete, e que ele deixara em uma mesa pr\u00f3xima.<\/p>\n<p>\u00a0\u00a0\u00a0\u00a0\u00a0\u00a0\u00a0\u00a0\u00a0\u00a0\u00a0\u00a0\u00a0\u00a0\u00a0\u00a0\u00a0\u00a0\u00a0\u00a0\u00a0\u00a0\u00a0\u00a0\u00a0\u00a0\u00a0\u00a0\u00a0\u00a0\u00a0\u00a0\u00a0\u00a0\u00a0\u00a0\u00a0\u00a0\u00a0\u00a0\u00a0\u00a0\u00a0\u00a0\u00a0\u00a0\u00a0\u00a0\u00a0 Maria come\u00e7ou a tremer pois, conforme declara\u00e7\u00f5es posteriores do pr\u00f3prio assassino, ele havia tentado seduzi-la duas vezes, e a jovem conseguira escapar de suas garras, enquanto cobria seu rosto cheio de rubor pelas atrevidas propostas que em sua inoc\u00eancia n\u00e3o podia compreender.<\/p>\n<p>\u00a0\u00a0\u00a0\u00a0\u00a0\u00a0\u00a0\u00a0\u00a0\u00a0\u00a0\u00a0\u00a0\u00a0\u00a0\u00a0\u00a0\u00a0\u00a0\u00a0\u00a0\u00a0\u00a0\u00a0\u00a0\u00a0\u00a0\u00a0\u00a0\u00a0\u00a0\u00a0\u00a0\u00a0\u00a0\u00a0\u00a0\u00a0\u00a0\u00a0\u00a0\u00a0\u00a0\u00a0\u00a0\u00a0\u00a0\u00a0\u00a0 Alexandre, ao ver que Maria n\u00e3o queria acudir ao chamado, em um abrir e fechar de olhos, a tomou violentamente pelos bra\u00e7os, tapou-lhe a boca com a m\u00e3o, arrastou-a para dentro, enquanto fechava a porta com um ponta-p\u00e9.<\/p>\n<p>\u00a0\u00a0\u00a0\u00a0\u00a0\u00a0\u00a0\u00a0\u00a0\u00a0\u00a0\u00a0\u00a0\u00a0\u00a0\u00a0\u00a0\u00a0\u00a0\u00a0\u00a0\u00a0\u00a0\u00a0\u00a0\u00a0\u00a0\u00a0\u00a0\u00a0\u00a0\u00a0\u00a0\u00a0\u00a0\u00a0\u00a0\u00a0\u00a0\u00a0\u00a0\u00a0\u00a0\u00a0\u00a0\u00a0\u00a0\u00a0\u00a0 Diz o Processo Can\u00f4nico que Maria Goretti, aquela d\u00e9bil menina de doze anos incompletos encontrou for\u00e7as, para lutar com um le\u00e3o, somente para defender o tesouro mais querido de sua vida.<\/p>\n<p>\u00a0\u00a0\u00a0\u00a0 &#8211;\u00a0\u00a0\u00a0\u00a0\u00a0\u00a0\u00a0\u00a0 N\u00e3o!\u00a0 N\u00e3o!\u00a0 \u00c9 pecado!. . .\u00a0\u00a0 N\u00e3o! . . . N\u00e3o! . . . Que est\u00e1s fazendo, Alexandre . . . Ir\u00e1s para o inferno!<\/p>\n<p><strong>O MART\u00cdRIO<\/strong><\/p>\n<p>\u00a0\u00a0\u00a0\u00a0\u00a0\u00a0\u00a0\u00a0\u00a0\u00a0\u00a0\u00a0\u00a0\u00a0\u00a0\u00a0\u00a0\u00a0\u00a0\u00a0\u00a0\u00a0\u00a0\u00a0\u00a0\u00a0\u00a0\u00a0\u00a0\u00a0\u00a0\u00a0\u00a0\u00a0\u00a0\u00a0\u00a0\u00a0\u00a0\u00a0\u00a0\u00a0\u00a0\u00a0\u00a0\u00a0\u00a0\u00a0\u00a0 Diante daquela defesa her\u00f3ica da jovem m\u00e1rtir, o criminoso agarrou a barra de a\u00e7o e a cravou repetidas vezes naquele corpo virginal. Maria como uma express\u00e3o que enterneceria \u00e0s pr\u00f3prias pedras, exclamava:<\/p>\n<p>\u00a0\u00a0\u00a0\u00a0\u00a0 &#8211;\u00a0\u00a0\u00a0\u00a0\u00a0\u00a0\u00a0\u00a0 Meu Deus!\u00a0 Meu Deus! . . .\u00a0 Estou morrendo . . .\u00a0 Mam\u00e3e! . . .\u00a0 Mam\u00e3e! . . .<\/p>\n<p>\u00a0\u00a0\u00a0\u00a0\u00a0\u00a0\u00a0\u00a0\u00a0\u00a0\u00a0\u00a0\u00a0\u00a0\u00a0\u00a0\u00a0\u00a0\u00a0\u00a0\u00a0\u00a0\u00a0\u00a0\u00a0\u00a0\u00a0\u00a0\u00a0\u00a0\u00a0\u00a0\u00a0\u00a0\u00a0\u00a0\u00a0\u00a0\u00a0\u00a0\u00a0\u00a0\u00a0\u00a0\u00a0\u00a0\u00a0\u00a0\u00a0 Alexandre pensou que ela estivesse morta; Maria, por\u00e9m, que ainda vivia, come\u00e7ou a pedir socorro a Jo\u00e3o, o pai do assassino.<\/p>\n<p>\u00a0\u00a0\u00a0\u00a0\u00a0\u00a0\u00a0\u00a0\u00a0\u00a0\u00a0\u00a0\u00a0\u00a0\u00a0\u00a0\u00a0\u00a0\u00a0\u00a0\u00a0\u00a0\u00a0\u00a0\u00a0\u00a0\u00a0\u00a0\u00a0\u00a0\u00a0\u00a0\u00a0\u00a0\u00a0\u00a0\u00a0\u00a0\u00a0\u00a0\u00a0\u00a0\u00a0\u00a0\u00a0\u00a0\u00a0\u00a0\u00a0 Ent\u00e3o Alexandre em seu furor diab\u00f3lico, apertou a garganta da virgem crist\u00e3, desferindo novos golpes com a arma homicida, deixando-a novamente como estivesse morta.<\/p>\n<p>\u00a0\u00a0\u00a0\u00a0\u00a0\u00a0\u00a0\u00a0\u00a0\u00a0\u00a0\u00a0\u00a0\u00a0\u00a0\u00a0\u00a0\u00a0\u00a0\u00a0\u00a0\u00a0\u00a0\u00a0\u00a0\u00a0\u00a0\u00a0\u00a0\u00a0\u00a0\u00a0\u00a0\u00a0\u00a0\u00a0\u00a0\u00a0\u00a0\u00a0\u00a0\u00a0\u00a0\u00a0\u00a0\u00a0\u00a0\u00a0\u00a0 Maria conseguira a maior batalha de sua vida: conservar a virgindade!<\/p>\n<p>\u00a0\u00a0\u00a0\u00a0\u00a0\u00a0\u00a0\u00a0\u00a0\u00a0\u00a0\u00a0\u00a0\u00a0\u00a0\u00a0\u00a0\u00a0\u00a0\u00a0\u00a0\u00a0\u00a0\u00a0\u00a0\u00a0\u00a0\u00a0\u00a0\u00a0\u00a0\u00a0\u00a0\u00a0\u00a0\u00a0\u00a0\u00a0\u00a0\u00a0\u00a0\u00a0\u00a0\u00a0\u00a0\u00a0\u00a0\u00a0\u00a0 Acudiram logo M\u00e1rio e Tereza Cimarelli e outras testemunhas, e at\u00e9 a pr\u00f3pria m\u00e3e da v\u00edtima.<\/p>\n<p>&#8211;\u00a0\u00a0\u00a0\u00a0\u00a0\u00a0\u00a0\u00a0 Maria, minha filha que aconteceu? Quem foi . . .\u00a0 Diga-me, diga-me exclamou sua m\u00e3e, surpreendida e emocionada.<\/p>\n<p>&#8211;\u00a0\u00a0\u00a0\u00a0\u00a0\u00a0\u00a0\u00a0 Foi Alexandre!<\/p>\n<p>&#8211;\u00a0\u00a0\u00a0\u00a0\u00a0\u00a0\u00a0\u00a0 E por que fez isto?<\/p>\n<p>&#8211;\u00a0\u00a0\u00a0\u00a0\u00a0\u00a0\u00a0\u00a0 Ele queria fazer coisas m\u00e1s, e eu n\u00e3o quis e n\u00e3o deixei.<\/p>\n<p>\u00a0\u00a0\u00a0\u00a0\u00a0\u00a0\u00a0\u00a0\u00a0\u00a0\u00a0\u00a0\u00a0\u00a0\u00a0\u00a0\u00a0\u00a0\u00a0\u00a0\u00a0\u00a0\u00a0\u00a0\u00a0\u00a0\u00a0\u00a0\u00a0\u00a0\u00a0\u00a0\u00a0\u00a0\u00a0\u00a0\u00a0\u00a0\u00a0\u00a0\u00a0\u00a0\u00a0\u00a0\u00a0\u00a0\u00a0\u00a0\u00a0 E o criminoso, poucas horas depois, era levado \u00e0 pris\u00e3o, entre os gritos furiosos dos vizinhos, que o queriam linchar.\u00a0 A pobre v\u00edtima ficou quase despeda\u00e7ada.<\/p>\n<p>\u00a0\u00a0\u00a0\u00a0\u00a0\u00a0\u00a0\u00a0\u00a0\u00a0\u00a0\u00a0\u00a0\u00a0\u00a0\u00a0\u00a0\u00a0\u00a0\u00a0\u00a0\u00a0\u00a0\u00a0\u00a0\u00a0\u00a0\u00a0\u00a0\u00a0\u00a0\u00a0\u00a0\u00a0\u00a0\u00a0\u00a0\u00a0\u00a0\u00a0\u00a0\u00a0\u00a0\u00a0\u00a0\u00a0\u00a0\u00a0\u00a0 Conforme o documento da aut\u00f3psia, tinha quatorze feridas, nove das quais eram profundas em les\u00f5es do cora\u00e7\u00e3o, pulm\u00e3o esquerdo, do diafragma, do intestino delgado, do il\u00edaco, do mesent\u00e9rio. Foi um verdadeiro milagre viver, ainda vinte quatro horas!<\/p>\n<p>\u00a0\u00a0\u00a0\u00a0\u00a0\u00a0\u00a0\u00a0\u00a0\u00a0\u00a0\u00a0\u00a0\u00a0\u00a0\u00a0\u00a0\u00a0\u00a0\u00a0\u00a0\u00a0\u00a0\u00a0\u00a0\u00a0\u00a0\u00a0\u00a0\u00a0\u00a0\u00a0\u00a0\u00a0\u00a0\u00a0\u00a0\u00a0\u00a0\u00a0\u00a0\u00a0\u00a0\u00a0\u00a0\u00a0\u00a0\u00a0\u00a0 Levaram-na para o Hospital dos Irm\u00e3os de S\u00e3o Jo\u00e3o de Deus, em Nettuno.<\/p>\n<p>\u00a0\u00a0\u00a0\u00a0\u00a0\u00a0\u00a0\u00a0\u00a0\u00a0\u00a0\u00a0\u00a0\u00a0\u00a0\u00a0\u00a0\u00a0\u00a0\u00a0\u00a0\u00a0\u00a0\u00a0\u00a0\u00a0\u00a0\u00a0\u00a0\u00a0\u00a0\u00a0\u00a0\u00a0\u00a0\u00a0\u00a0\u00a0\u00a0\u00a0\u00a0\u00a0\u00a0\u00a0\u00a0\u00a0\u00a0\u00a0\u00a0 Os m\u00e9dicos tudo fizeram para salvar aquela vida, a sofrer duas horas de verdadeiro mart\u00edrio, enquanto durou a laparotomia, \u00fanico recurso, porque n\u00e3o lhe foi poss\u00edvel aplicar anestesia, devido seu estado n\u00e3o o permitir.<\/p>\n<p>\u00a0\u00a0\u00a0\u00a0\u00a0\u00a0\u00a0\u00a0\u00a0\u00a0\u00a0\u00a0\u00a0\u00a0\u00a0\u00a0\u00a0\u00a0\u00a0\u00a0\u00a0\u00a0\u00a0\u00a0\u00a0\u00a0\u00a0\u00a0\u00a0\u00a0\u00a0\u00a0\u00a0\u00a0\u00a0\u00a0\u00a0\u00a0\u00a0\u00a0\u00a0\u00a0\u00a0\u00a0\u00a0\u00a0\u00a0\u00a0\u00a0 Naquela mesma noite, Maria foi inscrita na Congrega\u00e7\u00e3o das Filhas de Maria osculando a medalha com verdadeira alegria, em meio \u00e0 dor que queimava os d\u00e9beis membros daquela terna a\u00e7ucena.<\/p>\n<p><strong>ALMA HER\u00d3ICA<\/strong><\/p>\n<p>\u00a0\u00a0\u00a0\u00a0\u00a0\u00a0\u00a0\u00a0\u00a0\u00a0\u00a0\u00a0\u00a0\u00a0\u00a0\u00a0\u00a0\u00a0\u00a0\u00a0\u00a0\u00a0\u00a0\u00a0\u00a0\u00a0\u00a0\u00a0\u00a0\u00a0\u00a0\u00a0\u00a0\u00a0\u00a0\u00a0\u00a0\u00a0\u00a0\u00a0\u00a0\u00a0\u00a0\u00a0\u00a0\u00a0\u00a0\u00a0\u00a0\u00a0\u00a0 Na manh\u00e3 seguinte, domingo, 6 de julho, recebeu a Sagrada Comunh\u00e3o. Foi comovente a cena que se passou. A sua m\u00e3e perguntou-lhe:<\/p>\n<p>&#8211;\u00a0\u00a0\u00a0\u00a0\u00a0\u00a0\u00a0\u00a0 Maria, minha filha, voc\u00ea perdoa de todo cora\u00e7\u00e3o ao seu assassino?<\/p>\n<p>&#8211;\u00a0\u00a0\u00a0\u00a0\u00a0\u00a0\u00a0\u00a0 Sim, perd\u00f4o . . . L\u00e1 do C\u00e9u rogarei para que se arrependa. Ainda mais: quero que ele esteja junto de mim na eterna gl\u00f3ria.<\/p>\n<p>\u00a0\u00a0\u00a0\u00a0\u00a0\u00a0\u00a0\u00a0\u00a0\u00a0\u00a0\u00a0\u00a0\u00a0\u00a0\u00a0\u00a0\u00a0\u00a0\u00a0\u00a0\u00a0\u00a0\u00a0\u00a0\u00a0\u00a0\u00a0\u00a0\u00a0\u00a0\u00a0\u00a0\u00a0\u00a0\u00a0\u00a0\u00a0\u00a0\u00a0\u00a0\u00a0\u00a0\u00a0\u00a0\u00a0\u00a0\u00a0\u00a0 O sacerdote que assistia aquela cena, perguntando tamb\u00e9m, se Maria perdoava, recebeu as mesmas respostas, e comovido derramou ardentes l\u00e1grimas de consolo.<\/p>\n<p>\u00a0\u00a0\u00a0\u00a0\u00a0\u00a0\u00a0\u00a0\u00a0\u00a0\u00a0\u00a0\u00a0\u00a0\u00a0\u00a0\u00a0\u00a0\u00a0\u00a0\u00a0\u00a0\u00a0\u00a0\u00a0\u00a0\u00a0\u00a0\u00a0\u00a0\u00a0\u00a0\u00a0\u00a0\u00a0\u00a0\u00a0\u00a0\u00a0\u00a0\u00a0\u00a0\u00a0\u00a0\u00a0\u00a0\u00a0\u00a0\u00a0 E a verdade \u00e9 que Maria conseguiu seu intento, porque no Processo Can\u00f4nico para a beatifica\u00e7\u00e3o aparece entre as primeiras testemunhas, Alexandre Serenelli, disposto a n\u00e3o afastar nenhuma humilha\u00e7\u00e3o de sua pr\u00f3pria pessoa, com tal que fosse para a gl\u00f3ria de sua v\u00edtima e hoje sua protetora no C\u00e9u.<\/p>\n<p>\u00a0\u00a0\u00a0\u00a0\u00a0\u00a0\u00a0\u00a0\u00a0\u00a0\u00a0\u00a0\u00a0\u00a0\u00a0\u00a0\u00a0\u00a0\u00a0\u00a0\u00a0\u00a0\u00a0\u00a0\u00a0\u00a0\u00a0\u00a0\u00a0\u00a0\u00a0\u00a0\u00a0\u00a0\u00a0\u00a0\u00a0\u00a0\u00a0\u00a0\u00a0\u00a0\u00a0\u00a0\u00a0\u00a0\u00a0\u00a0\u00a0 E aquela fragrante a\u00e7ucena deixou de existir \u00e0s 15,45 do dia 6 de julho de 1902. O seu enterro n\u00e3o foi um funeral, mas, sim, um verdadeiro triunfo!<\/p>\n<p>\u00a0\u00a0\u00a0\u00a0\u00a0\u00a0\u00a0\u00a0\u00a0\u00a0\u00a0\u00a0\u00a0\u00a0\u00a0\u00a0\u00a0\u00a0\u00a0\u00a0\u00a0\u00a0\u00a0\u00a0\u00a0\u00a0\u00a0\u00a0\u00a0\u00a0\u00a0\u00a0\u00a0\u00a0\u00a0\u00a0\u00a0\u00a0\u00a0\u00a0\u00a0\u00a0\u00a0\u00a0\u00a0\u00a0\u00a0\u00a0\u00a0 Os restos mortais dessa humilde camponesa italiana repousavam desde 1926 no belo mausol\u00e9u de Zaccagnini, erigido para ela no Santu\u00e1rio de Nossa Senhora das Gra\u00e7as, em Nettuno.<\/p>\n<p><strong>O AGRESSOR &#8211; PRIS\u00c3O, CONVERS\u00c3O, INGRESSO NO MOSTEIRO\u00a0<\/strong><\/p>\n<p>\u00a0\u00a0\u00a0\u00a0\u00a0\u00a0\u00a0\u00a0\u00a0\u00a0\u00a0\u00a0\u00a0\u00a0\u00a0\u00a0\u00a0\u00a0\u00a0\u00a0\u00a0\u00a0\u00a0\u00a0\u00a0\u00a0\u00a0\u00a0\u00a0\u00a0\u00a0\u00a0\u00a0\u00a0\u00a0\u00a0\u00a0\u00a0\u00a0\u00a0\u00a0\u00a0\u00a0\u00a0\u00a0\u00a0\u00a0\u00a0\u00a0\u00a0\u00a0 Alexandre Serenelli,\u00a0 preso logo ap\u00f3s a violenta investida,\u00a0 foi julgado e\u00a0 condenado a trabalhos for\u00e7ados e cumpriu 30 anos de pena, quando recebeu o perd\u00e3o por sua boa conduta.\u00a0 Ele pr\u00f3prio declarou ter tido uma vis\u00e3o da\u00a0 m\u00e1rtir, fato que culminou em sua convers\u00e3o.\u00a0 A m\u00e3e, os\u00a0 irm\u00e3os e\u00a0 o pr\u00f3prio assassino puderam assistir em 1950 a solene canoniza\u00e7\u00e3o de Santa Maria Goretti na Pra\u00e7a de S\u00e3o Pedro, ent\u00e3o\u00a0 presidida pelo Papa Pio XII.<\/p>\n<p>\u00a0\u00a0\u00a0\u00a0\u00a0\u00a0\u00a0\u00a0\u00a0\u00a0\u00a0\u00a0\u00a0\u00a0\u00a0\u00a0\u00a0\u00a0\u00a0\u00a0\u00a0\u00a0\u00a0\u00a0\u00a0\u00a0\u00a0\u00a0\u00a0\u00a0\u00a0\u00a0\u00a0\u00a0\u00a0\u00a0\u00a0\u00a0\u00a0\u00a0\u00a0\u00a0\u00a0\u00a0\u00a0\u00a0\u00a0\u00a0\u00a0\u00a0\u00a0 Em 1936,\u00a0 Alexandre Serenelli ingressara num mosteiro capuchinho e l\u00e1 viveu o resto de seus dias como frade contemplativo, em vida santa e penitente. Ele pr\u00f3prio, sentindo a aproxima\u00e7\u00e3o da morte,\u00a0 escreve de punho um belo e comovente testemunho:\u00a0<\/p>\n<p><em>&#8220;Sou um anci\u00e3o de quase oitenta anos e estou pronto para partir. Dando uma olhadela ao meu passado, reconhe\u00e7o que na minha primeira juventude escolhi o mau caminho, o caminho do mal que me levou \u00e0 ru\u00edna. Via, atrav\u00e9s da imprensa, os espect\u00e1culos e os maus exemplos que a maioria dos jovens seguem nesse mau caminho, sem refletir. E eu fiz o mesmo sem me preocupar com nada.<\/em><\/p>\n<p><em>Tinha perto de mim pessoas que criam e viviam a sua f\u00e9, mas n\u00e3o reparava nisso, cego por uma for\u00e7a selvagem que me arrastava para o mau caminho. Quando tinha vinte anos, cometi um crime passional, que hoje fico horrorizado s\u00f3 em recordar. Maria Goretti, agora uma santa, foi o anjo bom que a Provid\u00eancia p\u00f4s no meu caminho. Ainda tenho impressas no meu cora\u00e7\u00e3o as suas palavras de reprova\u00e7\u00e3o e de perd\u00e3o. Ela rezou por mim, intercedeu por mim, seu assassino.<\/em><\/p>\n<p><em>Depois, vieram 30 anos de c\u00e1rcere. Se n\u00e3o fosse ent\u00e3o menor de idade, teria sido condenado a pris\u00e3o perp\u00e9tua. Aceitei a senten\u00e7a que merecia, expiei com resigna\u00e7\u00e3o a minha culpa. Maria [Goretti] foi realmente a minha luz e a minha protetora; com a sua ajuda, portei-me bem e tratei de viver honestamente quando fui novamente aceito entre os membros da sociedade. Os filhos de S\u00e3o Francisco, os capuchinhos de le Marche, receberam-me no seu mosteiro com a sua ang\u00e9lica caridade, n\u00e3o como um criado, mas como um irm\u00e3o. Com eles convivo desde 1936.<\/em><\/p>\n<p><em>Agora estou serenamente \u00e0 espera de ser admitido \u00e0 vis\u00e3o de Deus, abra\u00e7ar de novo os meus entes queridos, estar junto do meu anjo protector e da sua querida m\u00e3e, Assunta.<\/em><\/p>\n<p><em>Desejaria que os que vierem a ler estas linhas aprendessem o estupendo ensinamento de evitar o mal e de seguir sempre o bom caminho, desde a inf\u00e2ncia. Pensem que a Religi\u00e3o, com os seus mandamentos, n\u00e3o \u00e9 algo que possa p\u00f4r-se de lado, mas sim o verdadeiro consolo, a \u00fanica via segura em todas as circunst\u00e2ncias, tamb\u00e9m nas mais dolorosas da vida. Paz e bem!&#8221;<\/em><\/p>\n<p><strong><span style=\"text-decoration: underline\">Reflex\u00f5es<\/span>:<\/strong><\/p>\n<p>Se a imprensa e os espet\u00e1culos da \u00e9poca,\u00a0 conforme atestou Frei Alexandre, foi causa de tanto dano aos jovens que lhe foram contempor\u00e2neos, isso h\u00e1 mais de 100 anos atr\u00e1s,\u00a0 que dizer da imprensa hoje, representada por vasto leque, desde os meios escritos, radiof\u00f4nicos, televisivos at\u00e9 os do mundo virtual,\u00a0 que tanto lixo lan\u00e7a em nossos lares diariamente?\u00a0 N\u00e3o \u00e9 \u00e0 toa que o Santo Padre sofre tantas investidas quando reafirma a posi\u00e7\u00e3o da Igreja contra o sexo antes do casamento, prostitui\u00e7\u00e3o, aborto e m\u00e9todos contraceptivos;\u00a0 hoje a apologia a m\u00e9todos e conven\u00e7\u00f5es pecaminosas fazem parte da rotina e os profissionais da imprensa, especialmente seus dirigentes s\u00e3o os primeiros respons\u00e1veis e, por seus atos, certamente prestar\u00e3o contas no dia do Ju\u00edzo. Sobre isto, lembremo-nos o que diz o Divino Mestre:\u00a0\u00a0<\/p>\n<p><strong><em>&#8220;Porque, a quem muito se tiver dado, muito lhe ser\u00e1 exigido; quanto mais se confia a algu\u00e9m, mais dele se exigir\u00e1.&#8221;<\/em><\/strong> (Lc 12, 48)<\/p>\n<p><strong><em>&#8220;Ai do mundo, por causa dos esc\u00e2ndalos! Eles s\u00e3o inevit\u00e1veis, mas ai daquele homem por quem vem o esc\u00e2ndalo.&#8221;<\/em><\/strong> (Mt 18, 7)<\/p>\n<p>A inoc\u00eancia das crian\u00e7as parece hoje comprometida e a nossa in\u00e9rcia, apatia ou aprova\u00e7\u00e3o, nos torna\u00a0 co-respons\u00e1veis. Se participamos desse concluio coletivo,\u00a0 terreno e carnal e aceitamos, difundimos ou n\u00e3o usamos do rigor necess\u00e1rio com nossos filhos impondo-lhes limites, comprometemos a salva\u00e7\u00e3o de toda a fam\u00edlia.\u00a0 Do embalo sucessivo das ondas do mundo n\u00e3o nos devemos agremiar,\u00a0\u00a0 mas lutar com todas as for\u00e7as e tendo por refer\u00eancia a doutrina e os ensinamentos da Santa Igreja,\u00a0 de pol\u00edtica impopular e cuja voz \u00e9 do\u00edda aos ouvidos, porque baseada na verdade que conduz \u00e0 salva\u00e7\u00e3o da alma.\u00a0\u00a0 J\u00e1,\u00a0 a voz do mundo, \u00e9 gostosa de ouvir, porque enaltece o ter, o poder, o prazer, enfim a &#8220;liberdade&#8221; na sua m\u00e1xima express\u00e3o que conduz \u00e0 perdi\u00e7\u00e3o eterna, ao inferno.\u00a0 \u00c9, portanto, hora de reflex\u00e3o e convers\u00e3o, pois que ningu\u00e9m sabe se amanh\u00e3 o cora\u00e7\u00e3o estar\u00e1 ainda batendo ao peito.\u00a0<\/p>\n<p>O \u00fanico e verdadeiro tesouro que os pais deixam aos filhos s\u00e3o os ensinamentos da Santa Religi\u00e3o. Afinal, eles garantem a eternidade,\u00a0 garantem que um dia nossa fam\u00edlia estar\u00e1 TODA REUNIDA,\u00a0 com Maria, anjos e santos, na morada eterna de Deus.\u00a0<\/p>\n<p>A hist\u00f3ria do Frei Alexandre Serenelli nos mostra qu\u00e3o grande \u00e9 a miseric\u00f3rdia divina ao pecador que se arrepende. Pagou sua d\u00edvida perante os homens e dedicou anos de mosteiro em vida de duras penit\u00eancias e extrema santidade.\u00a0<\/p>\n<p>Que Santa Maria Goretti, portadora do perd\u00e3o e da caridade crist\u00e3, de pureza em grau elevad\u00edssimo, interceda por todos n\u00f3s, especialmente pelas crian\u00e7as, adolescentes e jovens, e que a sociedade reencontre a santidade, a candura, o verdadeiro amor, que ensina a doutrina da Igreja de Cristo.\u00a0\u00a0\u00a0\u00a0\u00a0<\/p>\n<p>\u00a0<img loading=\"lazy\" decoding=\"async\" src=\"http:\/\/www.paginaoriente.com\/santosdaigreja\/imagens\/incorruptomariagoretti.jpg\" border=\"0\" alt=\"\" width=\"210\" height=\"121\" \/>\u00a0<img decoding=\"async\" src=\"http:\/\/files.eflog.net\/fotos\/img248413_sstrindade.jpg\" alt=\"\" \/><\/p>\n<div id=\"themify_builder_content-10030\" data-postid=\"10030\" class=\"themify_builder_content themify_builder_content-10030 themify_builder themify_builder_front\">\n\t<\/div>\n<!-- \/themify_builder_content -->","protected":false},"excerpt":{"rendered":"<p>6 de Julho O Santo Padre Pio XII no dia 24 de julho de 1950 canonizou Maria Goretti, angelical jovem italiana e m\u00e1rtir da castidade aos 12 anos. \u00a0\u00a0\u00a0\u00a0\u00a0\u00a0\u00a0\u00a0\u00a0\u00a0\u00a0\u00a0\u00a0\u00a0\u00a0\u00a0\u00a0\u00a0\u00a0\u00a0\u00a0\u00a0\u00a0\u00a0\u00a0\u00a0\u00a0\u00a0\u00a0\u00a0\u00a0\u00a0\u00a0\u00a0\u00a0\u00a0\u00a0\u00a0\u00a0\u00a0\u00a0\u00a0\u00a0\u00a0\u00a0\u00a0\u00a0\u00a0\u00a0 Maria Goretti, a Santa In\u00eas do s\u00e9culo XX, \u00e9 um modelo perfeito de amor \u00e0 virgindade. \u00a0\u00a0\u00a0\u00a0\u00a0\u00a0\u00a0\u00a0\u00a0\u00a0\u00a0\u00a0\u00a0\u00a0\u00a0\u00a0\u00a0\u00a0\u00a0\u00a0\u00a0\u00a0\u00a0\u00a0\u00a0\u00a0\u00a0\u00a0\u00a0\u00a0\u00a0\u00a0\u00a0\u00a0\u00a0\u00a0\u00a0\u00a0\u00a0\u00a0\u00a0\u00a0\u00a0\u00a0\u00a0\u00a0\u00a0\u00a0\u00a0 Em Corinaldo, pequena povoa\u00e7\u00e3o da It\u00e1lia, a cinq\u00fcenta quil\u00f4metros [&hellip;]<\/p>\n","protected":false},"author":14,"featured_media":0,"comment_status":"open","ping_status":"open","sticky":false,"template":"","format":"standard","meta":{"ngg_post_thumbnail":0,"footnotes":""},"categories":[186],"tags":[],"yoast_head":"<!-- This site is optimized with the Yoast SEO plugin v23.5 - https:\/\/yoast.com\/wordpress\/plugins\/seo\/ -->\n<title>Santa Maria Goretti - O Arcanjo no ar<\/title>\n<meta name=\"robots\" content=\"index, follow, max-snippet:-1, max-image-preview:large, max-video-preview:-1\" \/>\n<link rel=\"canonical\" href=\"https:\/\/www.oarcanjo.net\/site\/santa-maria-goretti-2\/\" \/>\n<meta property=\"og:locale\" content=\"pt_BR\" \/>\n<meta property=\"og:type\" content=\"article\" \/>\n<meta property=\"og:title\" content=\"Santa Maria Goretti - O Arcanjo no ar\" \/>\n<meta property=\"og:description\" content=\"6 de Julho O Santo Padre Pio XII no dia 24 de julho de 1950 canonizou Maria Goretti, angelical jovem italiana e m\u00e1rtir da castidade aos 12 anos. \u00a0\u00a0\u00a0\u00a0\u00a0\u00a0\u00a0\u00a0\u00a0\u00a0\u00a0\u00a0\u00a0\u00a0\u00a0\u00a0\u00a0\u00a0\u00a0\u00a0\u00a0\u00a0\u00a0\u00a0\u00a0\u00a0\u00a0\u00a0\u00a0\u00a0\u00a0\u00a0\u00a0\u00a0\u00a0\u00a0\u00a0\u00a0\u00a0\u00a0\u00a0\u00a0\u00a0\u00a0\u00a0\u00a0\u00a0\u00a0\u00a0 Maria Goretti, a Santa In\u00eas do s\u00e9culo XX, \u00e9 um modelo perfeito de amor \u00e0 virgindade. \u00a0\u00a0\u00a0\u00a0\u00a0\u00a0\u00a0\u00a0\u00a0\u00a0\u00a0\u00a0\u00a0\u00a0\u00a0\u00a0\u00a0\u00a0\u00a0\u00a0\u00a0\u00a0\u00a0\u00a0\u00a0\u00a0\u00a0\u00a0\u00a0\u00a0\u00a0\u00a0\u00a0\u00a0\u00a0\u00a0\u00a0\u00a0\u00a0\u00a0\u00a0\u00a0\u00a0\u00a0\u00a0\u00a0\u00a0\u00a0\u00a0 Em Corinaldo, pequena povoa\u00e7\u00e3o da It\u00e1lia, a cinq\u00fcenta quil\u00f4metros [&hellip;]\" \/>\n<meta property=\"og:url\" content=\"https:\/\/www.oarcanjo.net\/site\/santa-maria-goretti-2\/\" \/>\n<meta property=\"og:site_name\" content=\"O Arcanjo no ar\" \/>\n<meta property=\"article:publisher\" content=\"https:\/\/www.facebook.com\/OArcanjoNoAr\/\" \/>\n<meta property=\"article:published_time\" content=\"2018-07-06T03:55:05+00:00\" \/>\n<meta property=\"article:modified_time\" content=\"2018-06-20T21:22:30+00:00\" \/>\n<meta property=\"og:image\" content=\"http:\/\/www.agustinosnet.org.mx\/santos\/santos_delaorden\/imagenes\/maria_goretti.jpg\" \/>\n<meta name=\"author\" content=\"danilo\" \/>\n<meta name=\"twitter:card\" content=\"summary_large_image\" \/>\n<meta name=\"twitter:label1\" content=\"Escrito por\" \/>\n\t<meta name=\"twitter:data1\" content=\"danilo\" \/>\n\t<meta name=\"twitter:label2\" content=\"Est. tempo de leitura\" \/>\n\t<meta name=\"twitter:data2\" content=\"10 minutos\" \/>\n<script type=\"application\/ld+json\" class=\"yoast-schema-graph\">{\"@context\":\"https:\/\/schema.org\",\"@graph\":[{\"@type\":\"Article\",\"@id\":\"https:\/\/www.oarcanjo.net\/site\/santa-maria-goretti-2\/#article\",\"isPartOf\":{\"@id\":\"https:\/\/www.oarcanjo.net\/site\/santa-maria-goretti-2\/\"},\"author\":{\"name\":\"danilo\",\"@id\":\"https:\/\/www.oarcanjo.net\/site\/#\/schema\/person\/5eb9480bedd2f3c97e430ce128c29c6c\"},\"headline\":\"Santa Maria Goretti\",\"datePublished\":\"2018-07-06T03:55:05+00:00\",\"dateModified\":\"2018-06-20T21:22:30+00:00\",\"mainEntityOfPage\":{\"@id\":\"https:\/\/www.oarcanjo.net\/site\/santa-maria-goretti-2\/\"},\"wordCount\":2070,\"commentCount\":3,\"publisher\":{\"@id\":\"https:\/\/www.oarcanjo.net\/site\/#organization\"},\"image\":{\"@id\":\"https:\/\/www.oarcanjo.net\/site\/santa-maria-goretti-2\/#primaryimage\"},\"thumbnailUrl\":\"http:\/\/www.agustinosnet.org.mx\/santos\/santos_delaorden\/imagenes\/maria_goretti.jpg\",\"articleSection\":[\"Testemunhos\"],\"inLanguage\":\"pt-BR\",\"potentialAction\":[{\"@type\":\"CommentAction\",\"name\":\"Comment\",\"target\":[\"https:\/\/www.oarcanjo.net\/site\/santa-maria-goretti-2\/#respond\"]}]},{\"@type\":\"WebPage\",\"@id\":\"https:\/\/www.oarcanjo.net\/site\/santa-maria-goretti-2\/\",\"url\":\"https:\/\/www.oarcanjo.net\/site\/santa-maria-goretti-2\/\",\"name\":\"Santa Maria Goretti - O Arcanjo no ar\",\"isPartOf\":{\"@id\":\"https:\/\/www.oarcanjo.net\/site\/#website\"},\"primaryImageOfPage\":{\"@id\":\"https:\/\/www.oarcanjo.net\/site\/santa-maria-goretti-2\/#primaryimage\"},\"image\":{\"@id\":\"https:\/\/www.oarcanjo.net\/site\/santa-maria-goretti-2\/#primaryimage\"},\"thumbnailUrl\":\"http:\/\/www.agustinosnet.org.mx\/santos\/santos_delaorden\/imagenes\/maria_goretti.jpg\",\"datePublished\":\"2018-07-06T03:55:05+00:00\",\"dateModified\":\"2018-06-20T21:22:30+00:00\",\"breadcrumb\":{\"@id\":\"https:\/\/www.oarcanjo.net\/site\/santa-maria-goretti-2\/#breadcrumb\"},\"inLanguage\":\"pt-BR\",\"potentialAction\":[{\"@type\":\"ReadAction\",\"target\":[\"https:\/\/www.oarcanjo.net\/site\/santa-maria-goretti-2\/\"]}]},{\"@type\":\"ImageObject\",\"inLanguage\":\"pt-BR\",\"@id\":\"https:\/\/www.oarcanjo.net\/site\/santa-maria-goretti-2\/#primaryimage\",\"url\":\"http:\/\/www.agustinosnet.org.mx\/santos\/santos_delaorden\/imagenes\/maria_goretti.jpg\",\"contentUrl\":\"http:\/\/www.agustinosnet.org.mx\/santos\/santos_delaorden\/imagenes\/maria_goretti.jpg\"},{\"@type\":\"BreadcrumbList\",\"@id\":\"https:\/\/www.oarcanjo.net\/site\/santa-maria-goretti-2\/#breadcrumb\",\"itemListElement\":[{\"@type\":\"ListItem\",\"position\":1,\"name\":\"In\u00edcio\",\"item\":\"https:\/\/www.oarcanjo.net\/site\/\"},{\"@type\":\"ListItem\",\"position\":2,\"name\":\"Santa Maria Goretti\"}]},{\"@type\":\"WebSite\",\"@id\":\"https:\/\/www.oarcanjo.net\/site\/#website\",\"url\":\"https:\/\/www.oarcanjo.net\/site\/\",\"name\":\"O Arcanjo no ar\",\"description\":\"Site da Par\u00f3quia S\u00e3o Miguel Arcanjo (Arquidiocese de SP)\",\"publisher\":{\"@id\":\"https:\/\/www.oarcanjo.net\/site\/#organization\"},\"potentialAction\":[{\"@type\":\"SearchAction\",\"target\":{\"@type\":\"EntryPoint\",\"urlTemplate\":\"https:\/\/www.oarcanjo.net\/site\/?s={search_term_string}\"},\"query-input\":{\"@type\":\"PropertyValueSpecification\",\"valueRequired\":true,\"valueName\":\"search_term_string\"}}],\"inLanguage\":\"pt-BR\"},{\"@type\":\"Organization\",\"@id\":\"https:\/\/www.oarcanjo.net\/site\/#organization\",\"name\":\"Par\u00f3quia S\u00e3o Miguel Arcanjo\",\"url\":\"https:\/\/www.oarcanjo.net\/site\/\",\"logo\":{\"@type\":\"ImageObject\",\"inLanguage\":\"pt-BR\",\"@id\":\"https:\/\/www.oarcanjo.net\/site\/#\/schema\/logo\/image\/\",\"url\":\"https:\/\/www.oarcanjo.net\/site\/wp-content\/uploads\/LogoOArcanjo.png\",\"contentUrl\":\"https:\/\/www.oarcanjo.net\/site\/wp-content\/uploads\/LogoOArcanjo.png\",\"width\":319,\"height\":99,\"caption\":\"Par\u00f3quia S\u00e3o Miguel Arcanjo\"},\"image\":{\"@id\":\"https:\/\/www.oarcanjo.net\/site\/#\/schema\/logo\/image\/\"},\"sameAs\":[\"https:\/\/www.facebook.com\/OArcanjoNoAr\/\"]},{\"@type\":\"Person\",\"@id\":\"https:\/\/www.oarcanjo.net\/site\/#\/schema\/person\/5eb9480bedd2f3c97e430ce128c29c6c\",\"name\":\"danilo\"}]}<\/script>\n<!-- \/ Yoast SEO plugin. -->","yoast_head_json":{"title":"Santa Maria Goretti - O Arcanjo no ar","robots":{"index":"index","follow":"follow","max-snippet":"max-snippet:-1","max-image-preview":"max-image-preview:large","max-video-preview":"max-video-preview:-1"},"canonical":"https:\/\/www.oarcanjo.net\/site\/santa-maria-goretti-2\/","og_locale":"pt_BR","og_type":"article","og_title":"Santa Maria Goretti - O Arcanjo no ar","og_description":"6 de Julho O Santo Padre Pio XII no dia 24 de julho de 1950 canonizou Maria Goretti, angelical jovem italiana e m\u00e1rtir da castidade aos 12 anos. \u00a0\u00a0\u00a0\u00a0\u00a0\u00a0\u00a0\u00a0\u00a0\u00a0\u00a0\u00a0\u00a0\u00a0\u00a0\u00a0\u00a0\u00a0\u00a0\u00a0\u00a0\u00a0\u00a0\u00a0\u00a0\u00a0\u00a0\u00a0\u00a0\u00a0\u00a0\u00a0\u00a0\u00a0\u00a0\u00a0\u00a0\u00a0\u00a0\u00a0\u00a0\u00a0\u00a0\u00a0\u00a0\u00a0\u00a0\u00a0\u00a0 Maria Goretti, a Santa In\u00eas do s\u00e9culo XX, \u00e9 um modelo perfeito de amor \u00e0 virgindade. \u00a0\u00a0\u00a0\u00a0\u00a0\u00a0\u00a0\u00a0\u00a0\u00a0\u00a0\u00a0\u00a0\u00a0\u00a0\u00a0\u00a0\u00a0\u00a0\u00a0\u00a0\u00a0\u00a0\u00a0\u00a0\u00a0\u00a0\u00a0\u00a0\u00a0\u00a0\u00a0\u00a0\u00a0\u00a0\u00a0\u00a0\u00a0\u00a0\u00a0\u00a0\u00a0\u00a0\u00a0\u00a0\u00a0\u00a0\u00a0\u00a0 Em Corinaldo, pequena povoa\u00e7\u00e3o da It\u00e1lia, a cinq\u00fcenta quil\u00f4metros [&hellip;]","og_url":"https:\/\/www.oarcanjo.net\/site\/santa-maria-goretti-2\/","og_site_name":"O Arcanjo no ar","article_publisher":"https:\/\/www.facebook.com\/OArcanjoNoAr\/","article_published_time":"2018-07-06T03:55:05+00:00","article_modified_time":"2018-06-20T21:22:30+00:00","og_image":[{"url":"http:\/\/www.agustinosnet.org.mx\/santos\/santos_delaorden\/imagenes\/maria_goretti.jpg"}],"author":"danilo","twitter_card":"summary_large_image","twitter_misc":{"Escrito por":"danilo","Est. tempo de leitura":"10 minutos"},"schema":{"@context":"https:\/\/schema.org","@graph":[{"@type":"Article","@id":"https:\/\/www.oarcanjo.net\/site\/santa-maria-goretti-2\/#article","isPartOf":{"@id":"https:\/\/www.oarcanjo.net\/site\/santa-maria-goretti-2\/"},"author":{"name":"danilo","@id":"https:\/\/www.oarcanjo.net\/site\/#\/schema\/person\/5eb9480bedd2f3c97e430ce128c29c6c"},"headline":"Santa Maria Goretti","datePublished":"2018-07-06T03:55:05+00:00","dateModified":"2018-06-20T21:22:30+00:00","mainEntityOfPage":{"@id":"https:\/\/www.oarcanjo.net\/site\/santa-maria-goretti-2\/"},"wordCount":2070,"commentCount":3,"publisher":{"@id":"https:\/\/www.oarcanjo.net\/site\/#organization"},"image":{"@id":"https:\/\/www.oarcanjo.net\/site\/santa-maria-goretti-2\/#primaryimage"},"thumbnailUrl":"http:\/\/www.agustinosnet.org.mx\/santos\/santos_delaorden\/imagenes\/maria_goretti.jpg","articleSection":["Testemunhos"],"inLanguage":"pt-BR","potentialAction":[{"@type":"CommentAction","name":"Comment","target":["https:\/\/www.oarcanjo.net\/site\/santa-maria-goretti-2\/#respond"]}]},{"@type":"WebPage","@id":"https:\/\/www.oarcanjo.net\/site\/santa-maria-goretti-2\/","url":"https:\/\/www.oarcanjo.net\/site\/santa-maria-goretti-2\/","name":"Santa Maria Goretti - O Arcanjo no ar","isPartOf":{"@id":"https:\/\/www.oarcanjo.net\/site\/#website"},"primaryImageOfPage":{"@id":"https:\/\/www.oarcanjo.net\/site\/santa-maria-goretti-2\/#primaryimage"},"image":{"@id":"https:\/\/www.oarcanjo.net\/site\/santa-maria-goretti-2\/#primaryimage"},"thumbnailUrl":"http:\/\/www.agustinosnet.org.mx\/santos\/santos_delaorden\/imagenes\/maria_goretti.jpg","datePublished":"2018-07-06T03:55:05+00:00","dateModified":"2018-06-20T21:22:30+00:00","breadcrumb":{"@id":"https:\/\/www.oarcanjo.net\/site\/santa-maria-goretti-2\/#breadcrumb"},"inLanguage":"pt-BR","potentialAction":[{"@type":"ReadAction","target":["https:\/\/www.oarcanjo.net\/site\/santa-maria-goretti-2\/"]}]},{"@type":"ImageObject","inLanguage":"pt-BR","@id":"https:\/\/www.oarcanjo.net\/site\/santa-maria-goretti-2\/#primaryimage","url":"http:\/\/www.agustinosnet.org.mx\/santos\/santos_delaorden\/imagenes\/maria_goretti.jpg","contentUrl":"http:\/\/www.agustinosnet.org.mx\/santos\/santos_delaorden\/imagenes\/maria_goretti.jpg"},{"@type":"BreadcrumbList","@id":"https:\/\/www.oarcanjo.net\/site\/santa-maria-goretti-2\/#breadcrumb","itemListElement":[{"@type":"ListItem","position":1,"name":"In\u00edcio","item":"https:\/\/www.oarcanjo.net\/site\/"},{"@type":"ListItem","position":2,"name":"Santa Maria Goretti"}]},{"@type":"WebSite","@id":"https:\/\/www.oarcanjo.net\/site\/#website","url":"https:\/\/www.oarcanjo.net\/site\/","name":"O Arcanjo no ar","description":"Site da Par\u00f3quia S\u00e3o Miguel Arcanjo (Arquidiocese de SP)","publisher":{"@id":"https:\/\/www.oarcanjo.net\/site\/#organization"},"potentialAction":[{"@type":"SearchAction","target":{"@type":"EntryPoint","urlTemplate":"https:\/\/www.oarcanjo.net\/site\/?s={search_term_string}"},"query-input":{"@type":"PropertyValueSpecification","valueRequired":true,"valueName":"search_term_string"}}],"inLanguage":"pt-BR"},{"@type":"Organization","@id":"https:\/\/www.oarcanjo.net\/site\/#organization","name":"Par\u00f3quia S\u00e3o Miguel Arcanjo","url":"https:\/\/www.oarcanjo.net\/site\/","logo":{"@type":"ImageObject","inLanguage":"pt-BR","@id":"https:\/\/www.oarcanjo.net\/site\/#\/schema\/logo\/image\/","url":"https:\/\/www.oarcanjo.net\/site\/wp-content\/uploads\/LogoOArcanjo.png","contentUrl":"https:\/\/www.oarcanjo.net\/site\/wp-content\/uploads\/LogoOArcanjo.png","width":319,"height":99,"caption":"Par\u00f3quia S\u00e3o Miguel Arcanjo"},"image":{"@id":"https:\/\/www.oarcanjo.net\/site\/#\/schema\/logo\/image\/"},"sameAs":["https:\/\/www.facebook.com\/OArcanjoNoAr\/"]},{"@type":"Person","@id":"https:\/\/www.oarcanjo.net\/site\/#\/schema\/person\/5eb9480bedd2f3c97e430ce128c29c6c","name":"danilo"}]}},"publishpress_future_action":{"enabled":false,"date":"2026-05-08 12:38:36","action":"category","newStatus":"draft","terms":[],"taxonomy":"category"},"publishpress_future_workflow_manual_trigger":{"enabledWorkflows":[]},"_links":{"self":[{"href":"https:\/\/www.oarcanjo.net\/site\/wp-json\/wp\/v2\/posts\/10030"}],"collection":[{"href":"https:\/\/www.oarcanjo.net\/site\/wp-json\/wp\/v2\/posts"}],"about":[{"href":"https:\/\/www.oarcanjo.net\/site\/wp-json\/wp\/v2\/types\/post"}],"author":[{"embeddable":true,"href":"https:\/\/www.oarcanjo.net\/site\/wp-json\/wp\/v2\/users\/14"}],"replies":[{"embeddable":true,"href":"https:\/\/www.oarcanjo.net\/site\/wp-json\/wp\/v2\/comments?post=10030"}],"version-history":[{"count":1,"href":"https:\/\/www.oarcanjo.net\/site\/wp-json\/wp\/v2\/posts\/10030\/revisions"}],"predecessor-version":[{"id":88616,"href":"https:\/\/www.oarcanjo.net\/site\/wp-json\/wp\/v2\/posts\/10030\/revisions\/88616"}],"wp:attachment":[{"href":"https:\/\/www.oarcanjo.net\/site\/wp-json\/wp\/v2\/media?parent=10030"}],"wp:term":[{"taxonomy":"category","embeddable":true,"href":"https:\/\/www.oarcanjo.net\/site\/wp-json\/wp\/v2\/categories?post=10030"},{"taxonomy":"post_tag","embeddable":true,"href":"https:\/\/www.oarcanjo.net\/site\/wp-json\/wp\/v2\/tags?post=10030"}],"curies":[{"name":"wp","href":"https:\/\/api.w.org\/{rel}","templated":true}]}}