
{"id":10032,"date":"2018-07-07T00:01:59","date_gmt":"2018-07-07T03:01:59","guid":{"rendered":"http:\/\/www.oarcanjo.net\/site\/?p=10032"},"modified":"2018-06-20T18:22:34","modified_gmt":"2018-06-20T21:22:34","slug":"sao-vilibaldo","status":"publish","type":"post","link":"https:\/\/www.oarcanjo.net\/site\/sao-vilibaldo\/","title":{"rendered":"S\u00e3o Vilibaldo"},"content":{"rendered":"<p><img decoding=\"async\" src=\"http:\/\/www.derradeirasgracas.com\/images\/1.%20O%20Santo%20do%20Dia%20-%20Fotos\/Santos%20de%20Julho%20-%20Fotos\/S%C3%A3o%20vilibaldo%20.gif\" alt=\"\" \/><\/p>\n<p>7 de Julho<\/p>\n<p>Vilibaldo nasceu em 22 de outubro de 700, na cidade de Wessel, na Inglaterra. Pertencia \u00e0 casa real dos Kents, seu pai era o rei Ricardo I e os irm\u00e3os eram Vunibaldo e Valburga. Todos eles, mais tarde, inscritos no livro dos santos da Igreja.<\/p>\n<p>Ainda crian\u00e7a, ele foi confiado aos monges beneditinos da Abadia de Waltham, que cuidaram se sua forma\u00e7\u00e3o intelectual e religiosa. Foi ali, entre eles, que decidiu ser tamb\u00e9m um monge. Mas, em 720, saiu do mosteiro e da Inglaterra, antes de fazer os votos definitivos, e nunca mais voltou para sua p\u00e1tria. Na companhia de seu pai e seu irm\u00e3o, seguiu para uma longa peregrina\u00e7\u00e3o, cuja meta final era Jerusal\u00e9m. A viagem foi interrompida em 722, quando seu pai, o rei, morreu na It\u00e1lia. Assim, ele e o irm\u00e3o resolveram ficar em Roma.<\/p>\n<p>Dois anos depois, sem Vunibaldo, continuou a peregrina\u00e7\u00e3o percorrendo toda a Palestina, que estava sob o dom\u00ednio \u00e1rabe. Os peregrinos, em geral, eram bem acolhidos, entretanto, por causa das tens\u00f5es pol\u00edticas com o Imp\u00e9rio do Oriente, Vilibaldo e outros peregrinos quase foram presos, mas puderam prosseguir o caminho em paz. Cinco anos depois, em 729, retornou para Roma.<\/p>\n<p>Nesse mesmo ano, o papa Greg\u00f3rio II o enviou para o Mosteiro de Montecassino, que havia sido reerguido das ru\u00ednas e carecia de um novo quadro de monges. Vilibaldo deu, ent\u00e3o, novo f\u00f4lego a esse celeiro de homens dedicados \u00e0 santifica\u00e7\u00e3o, restabelecendo as regras beneditinas, de acordo com o Livro do fundador, que permanecera a salvo em Roma. Assim, este &#8220;quase-monge&#8221; ingl\u00eas, que ainda continuava sem os votos definitivos, recebeu a rel\u00edquia do papa e com ela organizou e formou uma nova gera\u00e7\u00e3o de monges, dentro da verdadeira tradi\u00e7\u00e3o e do estilo de vida espiritual institu\u00eddo pelo fundador. A essa obra dedicou outros dez anos de sua vida.<\/p>\n<p>Novamente foi a Roma, para encontrar-se com o papa sucessor, Greg\u00f3rio III, que lhe pediu ajuda para a evangeliza\u00e7\u00e3o da Germ\u00e2nia. Assim, Vilibaldo tornou a partir, viajando por todos os recantos da Europa. At\u00e9 ser requisitado por seu tio, o arcebispo da Alemanha, que alicer\u00e7ava uma estrutura diocesana na regi\u00e3o e precisava do seu auxilio. S\u00f3 em 740 Vilibaldo recebeu a ordem sacerdotal definitiva, para ser consagrado bispo de Eichestat, pelo pr\u00f3prio tio, Bonif\u00e1cio, hoje santo e chamado &#8220;ap\u00f3stolo da Alemanha&#8221;.<\/p>\n<p>O bispo Vilibaldo construiu sua catedral, fundou um mosteiro e, sobretudo, controlou rigorosamente todos os outros que ali existiam, por determina\u00e7\u00e3o de Bonif\u00e1cio. A partir de ent\u00e3o, iniciou uma experi\u00eancia nova: a de evangelizador itinerante, colocando-se frente a frente com os fi\u00e9is que aos poucos iam se convertendo ao cristianismo.<\/p>\n<p>\u00c0 obra dedicou-se at\u00e9 morrer, no dia 7 de julho de 787, no seu mosteiro de Eichestat, na Alemanha. Com fama de santidade ainda em vida, logo passou a ser venerado num culto espont\u00e2neo e vigoroso, muito antes do seu reconhecimento can\u00f4nico, em 1256.<\/p>\n<div id=\"themify_builder_content-10032\" data-postid=\"10032\" class=\"themify_builder_content themify_builder_content-10032 themify_builder themify_builder_front\">\n\t<\/div>\n<!-- \/themify_builder_content -->","protected":false},"excerpt":{"rendered":"<p>7 de Julho Vilibaldo nasceu em 22 de outubro de 700, na cidade de Wessel, na Inglaterra. Pertencia \u00e0 casa real dos Kents, seu pai era o rei Ricardo I e os irm\u00e3os eram Vunibaldo e Valburga. Todos eles, mais tarde, inscritos no livro dos santos da Igreja. Ainda crian\u00e7a, ele foi confiado aos monges [&hellip;]<\/p>\n","protected":false},"author":14,"featured_media":0,"comment_status":"open","ping_status":"open","sticky":false,"template":"","format":"standard","meta":{"ngg_post_thumbnail":0,"footnotes":""},"categories":[186],"tags":[],"yoast_head":"<!-- This site is optimized with the Yoast SEO plugin v23.5 - https:\/\/yoast.com\/wordpress\/plugins\/seo\/ -->\n<title>S\u00e3o Vilibaldo - O Arcanjo no ar<\/title>\n<meta name=\"robots\" content=\"index, follow, max-snippet:-1, max-image-preview:large, max-video-preview:-1\" \/>\n<link rel=\"canonical\" href=\"https:\/\/www.oarcanjo.net\/site\/sao-vilibaldo\/\" \/>\n<meta property=\"og:locale\" content=\"pt_BR\" \/>\n<meta property=\"og:type\" content=\"article\" \/>\n<meta property=\"og:title\" content=\"S\u00e3o Vilibaldo - O Arcanjo no ar\" \/>\n<meta property=\"og:description\" content=\"7 de Julho Vilibaldo nasceu em 22 de outubro de 700, na cidade de Wessel, na Inglaterra. Pertencia \u00e0 casa real dos Kents, seu pai era o rei Ricardo I e os irm\u00e3os eram Vunibaldo e Valburga. Todos eles, mais tarde, inscritos no livro dos santos da Igreja. Ainda crian\u00e7a, ele foi confiado aos monges [&hellip;]\" \/>\n<meta property=\"og:url\" content=\"https:\/\/www.oarcanjo.net\/site\/sao-vilibaldo\/\" \/>\n<meta property=\"og:site_name\" content=\"O Arcanjo no ar\" \/>\n<meta property=\"article:publisher\" content=\"https:\/\/www.facebook.com\/OArcanjoNoAr\/\" \/>\n<meta property=\"article:published_time\" content=\"2018-07-07T03:01:59+00:00\" \/>\n<meta property=\"article:modified_time\" content=\"2018-06-20T21:22:34+00:00\" \/>\n<meta property=\"og:image\" content=\"http:\/\/www.derradeirasgracas.com\/images\/1.%20O%20Santo%20do%20Dia%20-%20Fotos\/Santos%20de%20Julho%20-%20Fotos\/S%C3%A3o%20vilibaldo%20.gif\" \/>\n<meta name=\"author\" content=\"danilo\" \/>\n<meta name=\"twitter:card\" content=\"summary_large_image\" \/>\n<meta name=\"twitter:label1\" content=\"Escrito por\" \/>\n\t<meta name=\"twitter:data1\" content=\"danilo\" \/>\n\t<meta name=\"twitter:label2\" content=\"Est. tempo de leitura\" \/>\n\t<meta name=\"twitter:data2\" content=\"3 minutos\" \/>\n<script type=\"application\/ld+json\" class=\"yoast-schema-graph\">{\"@context\":\"https:\/\/schema.org\",\"@graph\":[{\"@type\":\"Article\",\"@id\":\"https:\/\/www.oarcanjo.net\/site\/sao-vilibaldo\/#article\",\"isPartOf\":{\"@id\":\"https:\/\/www.oarcanjo.net\/site\/sao-vilibaldo\/\"},\"author\":{\"name\":\"danilo\",\"@id\":\"https:\/\/www.oarcanjo.net\/site\/#\/schema\/person\/5eb9480bedd2f3c97e430ce128c29c6c\"},\"headline\":\"S\u00e3o Vilibaldo\",\"datePublished\":\"2018-07-07T03:01:59+00:00\",\"dateModified\":\"2018-06-20T21:22:34+00:00\",\"mainEntityOfPage\":{\"@id\":\"https:\/\/www.oarcanjo.net\/site\/sao-vilibaldo\/\"},\"wordCount\":512,\"commentCount\":0,\"publisher\":{\"@id\":\"https:\/\/www.oarcanjo.net\/site\/#organization\"},\"image\":{\"@id\":\"https:\/\/www.oarcanjo.net\/site\/sao-vilibaldo\/#primaryimage\"},\"thumbnailUrl\":\"http:\/\/www.derradeirasgracas.com\/images\/1.%20O%20Santo%20do%20Dia%20-%20Fotos\/Santos%20de%20Julho%20-%20Fotos\/S%C3%A3o%20vilibaldo%20.gif\",\"articleSection\":[\"Testemunhos\"],\"inLanguage\":\"pt-BR\",\"potentialAction\":[{\"@type\":\"CommentAction\",\"name\":\"Comment\",\"target\":[\"https:\/\/www.oarcanjo.net\/site\/sao-vilibaldo\/#respond\"]}]},{\"@type\":\"WebPage\",\"@id\":\"https:\/\/www.oarcanjo.net\/site\/sao-vilibaldo\/\",\"url\":\"https:\/\/www.oarcanjo.net\/site\/sao-vilibaldo\/\",\"name\":\"S\u00e3o Vilibaldo - O Arcanjo no ar\",\"isPartOf\":{\"@id\":\"https:\/\/www.oarcanjo.net\/site\/#website\"},\"primaryImageOfPage\":{\"@id\":\"https:\/\/www.oarcanjo.net\/site\/sao-vilibaldo\/#primaryimage\"},\"image\":{\"@id\":\"https:\/\/www.oarcanjo.net\/site\/sao-vilibaldo\/#primaryimage\"},\"thumbnailUrl\":\"http:\/\/www.derradeirasgracas.com\/images\/1.%20O%20Santo%20do%20Dia%20-%20Fotos\/Santos%20de%20Julho%20-%20Fotos\/S%C3%A3o%20vilibaldo%20.gif\",\"datePublished\":\"2018-07-07T03:01:59+00:00\",\"dateModified\":\"2018-06-20T21:22:34+00:00\",\"breadcrumb\":{\"@id\":\"https:\/\/www.oarcanjo.net\/site\/sao-vilibaldo\/#breadcrumb\"},\"inLanguage\":\"pt-BR\",\"potentialAction\":[{\"@type\":\"ReadAction\",\"target\":[\"https:\/\/www.oarcanjo.net\/site\/sao-vilibaldo\/\"]}]},{\"@type\":\"ImageObject\",\"inLanguage\":\"pt-BR\",\"@id\":\"https:\/\/www.oarcanjo.net\/site\/sao-vilibaldo\/#primaryimage\",\"url\":\"http:\/\/www.derradeirasgracas.com\/images\/1.%20O%20Santo%20do%20Dia%20-%20Fotos\/Santos%20de%20Julho%20-%20Fotos\/S%C3%A3o%20vilibaldo%20.gif\",\"contentUrl\":\"http:\/\/www.derradeirasgracas.com\/images\/1.%20O%20Santo%20do%20Dia%20-%20Fotos\/Santos%20de%20Julho%20-%20Fotos\/S%C3%A3o%20vilibaldo%20.gif\"},{\"@type\":\"BreadcrumbList\",\"@id\":\"https:\/\/www.oarcanjo.net\/site\/sao-vilibaldo\/#breadcrumb\",\"itemListElement\":[{\"@type\":\"ListItem\",\"position\":1,\"name\":\"In\u00edcio\",\"item\":\"https:\/\/www.oarcanjo.net\/site\/\"},{\"@type\":\"ListItem\",\"position\":2,\"name\":\"S\u00e3o Vilibaldo\"}]},{\"@type\":\"WebSite\",\"@id\":\"https:\/\/www.oarcanjo.net\/site\/#website\",\"url\":\"https:\/\/www.oarcanjo.net\/site\/\",\"name\":\"O Arcanjo no ar\",\"description\":\"Site da Par\u00f3quia S\u00e3o Miguel Arcanjo (Arquidiocese de SP)\",\"publisher\":{\"@id\":\"https:\/\/www.oarcanjo.net\/site\/#organization\"},\"potentialAction\":[{\"@type\":\"SearchAction\",\"target\":{\"@type\":\"EntryPoint\",\"urlTemplate\":\"https:\/\/www.oarcanjo.net\/site\/?s={search_term_string}\"},\"query-input\":{\"@type\":\"PropertyValueSpecification\",\"valueRequired\":true,\"valueName\":\"search_term_string\"}}],\"inLanguage\":\"pt-BR\"},{\"@type\":\"Organization\",\"@id\":\"https:\/\/www.oarcanjo.net\/site\/#organization\",\"name\":\"Par\u00f3quia S\u00e3o Miguel Arcanjo\",\"url\":\"https:\/\/www.oarcanjo.net\/site\/\",\"logo\":{\"@type\":\"ImageObject\",\"inLanguage\":\"pt-BR\",\"@id\":\"https:\/\/www.oarcanjo.net\/site\/#\/schema\/logo\/image\/\",\"url\":\"https:\/\/www.oarcanjo.net\/site\/wp-content\/uploads\/LogoOArcanjo.png\",\"contentUrl\":\"https:\/\/www.oarcanjo.net\/site\/wp-content\/uploads\/LogoOArcanjo.png\",\"width\":319,\"height\":99,\"caption\":\"Par\u00f3quia S\u00e3o Miguel Arcanjo\"},\"image\":{\"@id\":\"https:\/\/www.oarcanjo.net\/site\/#\/schema\/logo\/image\/\"},\"sameAs\":[\"https:\/\/www.facebook.com\/OArcanjoNoAr\/\"]},{\"@type\":\"Person\",\"@id\":\"https:\/\/www.oarcanjo.net\/site\/#\/schema\/person\/5eb9480bedd2f3c97e430ce128c29c6c\",\"name\":\"danilo\"}]}<\/script>\n<!-- \/ Yoast SEO plugin. -->","yoast_head_json":{"title":"S\u00e3o Vilibaldo - O Arcanjo no ar","robots":{"index":"index","follow":"follow","max-snippet":"max-snippet:-1","max-image-preview":"max-image-preview:large","max-video-preview":"max-video-preview:-1"},"canonical":"https:\/\/www.oarcanjo.net\/site\/sao-vilibaldo\/","og_locale":"pt_BR","og_type":"article","og_title":"S\u00e3o Vilibaldo - O Arcanjo no ar","og_description":"7 de Julho Vilibaldo nasceu em 22 de outubro de 700, na cidade de Wessel, na Inglaterra. Pertencia \u00e0 casa real dos Kents, seu pai era o rei Ricardo I e os irm\u00e3os eram Vunibaldo e Valburga. Todos eles, mais tarde, inscritos no livro dos santos da Igreja. Ainda crian\u00e7a, ele foi confiado aos monges [&hellip;]","og_url":"https:\/\/www.oarcanjo.net\/site\/sao-vilibaldo\/","og_site_name":"O Arcanjo no ar","article_publisher":"https:\/\/www.facebook.com\/OArcanjoNoAr\/","article_published_time":"2018-07-07T03:01:59+00:00","article_modified_time":"2018-06-20T21:22:34+00:00","og_image":[{"url":"http:\/\/www.derradeirasgracas.com\/images\/1.%20O%20Santo%20do%20Dia%20-%20Fotos\/Santos%20de%20Julho%20-%20Fotos\/S%C3%A3o%20vilibaldo%20.gif"}],"author":"danilo","twitter_card":"summary_large_image","twitter_misc":{"Escrito por":"danilo","Est. tempo de leitura":"3 minutos"},"schema":{"@context":"https:\/\/schema.org","@graph":[{"@type":"Article","@id":"https:\/\/www.oarcanjo.net\/site\/sao-vilibaldo\/#article","isPartOf":{"@id":"https:\/\/www.oarcanjo.net\/site\/sao-vilibaldo\/"},"author":{"name":"danilo","@id":"https:\/\/www.oarcanjo.net\/site\/#\/schema\/person\/5eb9480bedd2f3c97e430ce128c29c6c"},"headline":"S\u00e3o Vilibaldo","datePublished":"2018-07-07T03:01:59+00:00","dateModified":"2018-06-20T21:22:34+00:00","mainEntityOfPage":{"@id":"https:\/\/www.oarcanjo.net\/site\/sao-vilibaldo\/"},"wordCount":512,"commentCount":0,"publisher":{"@id":"https:\/\/www.oarcanjo.net\/site\/#organization"},"image":{"@id":"https:\/\/www.oarcanjo.net\/site\/sao-vilibaldo\/#primaryimage"},"thumbnailUrl":"http:\/\/www.derradeirasgracas.com\/images\/1.%20O%20Santo%20do%20Dia%20-%20Fotos\/Santos%20de%20Julho%20-%20Fotos\/S%C3%A3o%20vilibaldo%20.gif","articleSection":["Testemunhos"],"inLanguage":"pt-BR","potentialAction":[{"@type":"CommentAction","name":"Comment","target":["https:\/\/www.oarcanjo.net\/site\/sao-vilibaldo\/#respond"]}]},{"@type":"WebPage","@id":"https:\/\/www.oarcanjo.net\/site\/sao-vilibaldo\/","url":"https:\/\/www.oarcanjo.net\/site\/sao-vilibaldo\/","name":"S\u00e3o Vilibaldo - O Arcanjo no ar","isPartOf":{"@id":"https:\/\/www.oarcanjo.net\/site\/#website"},"primaryImageOfPage":{"@id":"https:\/\/www.oarcanjo.net\/site\/sao-vilibaldo\/#primaryimage"},"image":{"@id":"https:\/\/www.oarcanjo.net\/site\/sao-vilibaldo\/#primaryimage"},"thumbnailUrl":"http:\/\/www.derradeirasgracas.com\/images\/1.%20O%20Santo%20do%20Dia%20-%20Fotos\/Santos%20de%20Julho%20-%20Fotos\/S%C3%A3o%20vilibaldo%20.gif","datePublished":"2018-07-07T03:01:59+00:00","dateModified":"2018-06-20T21:22:34+00:00","breadcrumb":{"@id":"https:\/\/www.oarcanjo.net\/site\/sao-vilibaldo\/#breadcrumb"},"inLanguage":"pt-BR","potentialAction":[{"@type":"ReadAction","target":["https:\/\/www.oarcanjo.net\/site\/sao-vilibaldo\/"]}]},{"@type":"ImageObject","inLanguage":"pt-BR","@id":"https:\/\/www.oarcanjo.net\/site\/sao-vilibaldo\/#primaryimage","url":"http:\/\/www.derradeirasgracas.com\/images\/1.%20O%20Santo%20do%20Dia%20-%20Fotos\/Santos%20de%20Julho%20-%20Fotos\/S%C3%A3o%20vilibaldo%20.gif","contentUrl":"http:\/\/www.derradeirasgracas.com\/images\/1.%20O%20Santo%20do%20Dia%20-%20Fotos\/Santos%20de%20Julho%20-%20Fotos\/S%C3%A3o%20vilibaldo%20.gif"},{"@type":"BreadcrumbList","@id":"https:\/\/www.oarcanjo.net\/site\/sao-vilibaldo\/#breadcrumb","itemListElement":[{"@type":"ListItem","position":1,"name":"In\u00edcio","item":"https:\/\/www.oarcanjo.net\/site\/"},{"@type":"ListItem","position":2,"name":"S\u00e3o Vilibaldo"}]},{"@type":"WebSite","@id":"https:\/\/www.oarcanjo.net\/site\/#website","url":"https:\/\/www.oarcanjo.net\/site\/","name":"O Arcanjo no ar","description":"Site da Par\u00f3quia S\u00e3o Miguel Arcanjo (Arquidiocese de SP)","publisher":{"@id":"https:\/\/www.oarcanjo.net\/site\/#organization"},"potentialAction":[{"@type":"SearchAction","target":{"@type":"EntryPoint","urlTemplate":"https:\/\/www.oarcanjo.net\/site\/?s={search_term_string}"},"query-input":{"@type":"PropertyValueSpecification","valueRequired":true,"valueName":"search_term_string"}}],"inLanguage":"pt-BR"},{"@type":"Organization","@id":"https:\/\/www.oarcanjo.net\/site\/#organization","name":"Par\u00f3quia S\u00e3o Miguel Arcanjo","url":"https:\/\/www.oarcanjo.net\/site\/","logo":{"@type":"ImageObject","inLanguage":"pt-BR","@id":"https:\/\/www.oarcanjo.net\/site\/#\/schema\/logo\/image\/","url":"https:\/\/www.oarcanjo.net\/site\/wp-content\/uploads\/LogoOArcanjo.png","contentUrl":"https:\/\/www.oarcanjo.net\/site\/wp-content\/uploads\/LogoOArcanjo.png","width":319,"height":99,"caption":"Par\u00f3quia S\u00e3o Miguel Arcanjo"},"image":{"@id":"https:\/\/www.oarcanjo.net\/site\/#\/schema\/logo\/image\/"},"sameAs":["https:\/\/www.facebook.com\/OArcanjoNoAr\/"]},{"@type":"Person","@id":"https:\/\/www.oarcanjo.net\/site\/#\/schema\/person\/5eb9480bedd2f3c97e430ce128c29c6c","name":"danilo"}]}},"publishpress_future_action":{"enabled":false,"date":"2026-05-08 11:44:43","action":"category","newStatus":"draft","terms":[],"taxonomy":"category"},"publishpress_future_workflow_manual_trigger":{"enabledWorkflows":[]},"_links":{"self":[{"href":"https:\/\/www.oarcanjo.net\/site\/wp-json\/wp\/v2\/posts\/10032"}],"collection":[{"href":"https:\/\/www.oarcanjo.net\/site\/wp-json\/wp\/v2\/posts"}],"about":[{"href":"https:\/\/www.oarcanjo.net\/site\/wp-json\/wp\/v2\/types\/post"}],"author":[{"embeddable":true,"href":"https:\/\/www.oarcanjo.net\/site\/wp-json\/wp\/v2\/users\/14"}],"replies":[{"embeddable":true,"href":"https:\/\/www.oarcanjo.net\/site\/wp-json\/wp\/v2\/comments?post=10032"}],"version-history":[{"count":1,"href":"https:\/\/www.oarcanjo.net\/site\/wp-json\/wp\/v2\/posts\/10032\/revisions"}],"predecessor-version":[{"id":88617,"href":"https:\/\/www.oarcanjo.net\/site\/wp-json\/wp\/v2\/posts\/10032\/revisions\/88617"}],"wp:attachment":[{"href":"https:\/\/www.oarcanjo.net\/site\/wp-json\/wp\/v2\/media?parent=10032"}],"wp:term":[{"taxonomy":"category","embeddable":true,"href":"https:\/\/www.oarcanjo.net\/site\/wp-json\/wp\/v2\/categories?post=10032"},{"taxonomy":"post_tag","embeddable":true,"href":"https:\/\/www.oarcanjo.net\/site\/wp-json\/wp\/v2\/tags?post=10032"}],"curies":[{"name":"wp","href":"https:\/\/api.w.org\/{rel}","templated":true}]}}