
{"id":10034,"date":"2018-07-07T00:02:22","date_gmt":"2018-07-07T03:02:22","guid":{"rendered":"http:\/\/www.oarcanjo.net\/site\/?p=10034"},"modified":"2018-06-20T18:22:38","modified_gmt":"2018-06-20T21:22:38","slug":"bem-aventurado-bento-xi","status":"publish","type":"post","link":"https:\/\/www.oarcanjo.net\/site\/bem-aventurado-bento-xi\/","title":{"rendered":"Bem Aventurado Bento XI"},"content":{"rendered":"<p><img decoding=\"async\" src=\"http:\/\/www.derradeirasgracas.com\/images\/1.%20O%20Santo%20do%20Dia%20-%20Fotos\/Santos%20de%20Julho%20-%20Fotos\/Bem-aventurado%20Bento%20XI%20Papa.gif\" alt=\"\" \/><\/p>\n<p>07 de Julho<\/p>\n<p>Nicolau Boccasini nasceu numa fam\u00edlia muito pobre e crist\u00e3, em Treviso, no norte da It\u00e1lia, em 1240. Sua m\u00e3e era uma humilde lavadeira num convento dominicano, por isso muito cedo a voca\u00e7\u00e3o para a vida religiosa se acendeu no seu peito. E ele soube muito bem reconhecer o chamado para a f\u00e9.<\/p>\n<p>Aos dezessete anos, Nicolau ingressou na Ordem Dominicana e vestiu o h\u00e1bito. Assim, p\u00f4de completar os estudos em Mil\u00e3o, onde se ordenou padre antes de voltar a sua terra natal. Com a mesma rapidez sua carreira foi trilhando o caminho que o levaria \u00e0 hist\u00f3ria, como pacificador de poderosos reinos em guerra e \u00e0 c\u00e1tedra de Pedro. Em 1286, j\u00e1 era superior provincial da regi\u00e3o lombarda, e dez anos depois sucedia Est\u00eav\u00e3o de Besan\u00e7on no cargo de geral da Ordem de S\u00e3o Domingos.<\/p>\n<p>Foi nessa posi\u00e7\u00e3o que realizou uma das tarefas mais dif\u00edceis de sua vida. Conseguiu uma tr\u00e9gua que parecia imposs\u00edvel entre os reis da Inglaterra, Eduardo I, e da Fran\u00e7a, Felipe, o Belo. Com essa miss\u00e3o de paz totalmente coroada de \u00eaxito, Nicolau foi consagrado cardeal pelo papa Bonif\u00e1cio VIII. Ao dar tal honraria a um dominicano, homenageou toda aquela Ordem, por sua fidelidade ao papa em todos os momentos dif\u00edceis por que ele passara. Era um per\u00edodo de in\u00fameros conflitos espalhados pelo mundo todo, assim Bonif\u00e1cio resolveu manter ao seu lado o cardeal Nicolau, j\u00e1 considerado um dos melhores especialistas em negocia\u00e7\u00f5es diplom\u00e1ticas com reis e imperadores.<\/p>\n<p>Nicolau estava ao lado do papa Bonif\u00e1cio VIII quando ocorreu o c\u00e9lebre epis\u00f3dio da bofetada. Enviado pelo rei da Fran\u00e7a, Guilherme de Nogaret desferiu um humilhante tapa no rosto do papa, como um recado de Felipe, o Belo. Logo em seguida o papa Bonif\u00e1cio VIII veio a falecer. Por seu talento conciliador, Nicolau foi eleito seu sucessor em 22 de outubro de 1303, com o nome de Bento XI. E de fato, em pouco tempo as desaven\u00e7as entre Roma e Fran\u00e7a dissiparam-se. Ele absolveu Felipe, o Belo, das censuras que pesavam sobre o monarca, entretanto foi duro com o mensageiro que desferiu o tapa contra o rosto do papa morto. Guilherme Nogaret foi excomungado definitivamente da Igreja.<\/p>\n<p>Todavia o papa Bento XI teve um pontificado muito curto, durou apenas at\u00e9 o dia 7 de julho de 1304, quando morreu de repente. Ele preferiu residir em Perugia em vez de permanecer em Roma, para evitar a conviv\u00eancia com os perigosos inimigos da Igreja. Mas dizem que mesmo assim foi atingido mortalmente por eles. Contam os escritos que, ao comer um figo, o papa Bento XI come\u00e7ou a sentir-se mal e desconfiou que tinha sido envenenado. Por isso pediu para abrirem as portas de sua resid\u00eancia e chamou todos os fi\u00e9is para uma \u00faltima audi\u00eancia e b\u00ean\u00e7\u00e3o. Como sup\u00f4s, morreu algumas horas depois.<\/p>\n<p>Conciliador quando necess\u00e1rio, o papa Bento XI n\u00e3o descuidou dos preceitos da f\u00e9. Foi ele que instituiu o decreto que obriga todo crist\u00e3o a confessar-se pelo menos uma vez por ano.<\/p>\n<div id=\"themify_builder_content-10034\" data-postid=\"10034\" class=\"themify_builder_content themify_builder_content-10034 themify_builder themify_builder_front\">\n\t<\/div>\n<!-- \/themify_builder_content -->","protected":false},"excerpt":{"rendered":"<p>07 de Julho Nicolau Boccasini nasceu numa fam\u00edlia muito pobre e crist\u00e3, em Treviso, no norte da It\u00e1lia, em 1240. Sua m\u00e3e era uma humilde lavadeira num convento dominicano, por isso muito cedo a voca\u00e7\u00e3o para a vida religiosa se acendeu no seu peito. E ele soube muito bem reconhecer o chamado para a f\u00e9. [&hellip;]<\/p>\n","protected":false},"author":14,"featured_media":0,"comment_status":"open","ping_status":"open","sticky":false,"template":"","format":"standard","meta":{"ngg_post_thumbnail":0,"footnotes":""},"categories":[186],"tags":[],"yoast_head":"<!-- This site is optimized with the Yoast SEO plugin v23.5 - https:\/\/yoast.com\/wordpress\/plugins\/seo\/ -->\n<title>Bem Aventurado Bento XI - O Arcanjo no ar<\/title>\n<meta name=\"robots\" content=\"index, follow, max-snippet:-1, max-image-preview:large, max-video-preview:-1\" \/>\n<link rel=\"canonical\" href=\"https:\/\/www.oarcanjo.net\/site\/bem-aventurado-bento-xi\/\" \/>\n<meta property=\"og:locale\" content=\"pt_BR\" \/>\n<meta property=\"og:type\" content=\"article\" \/>\n<meta property=\"og:title\" content=\"Bem Aventurado Bento XI - O Arcanjo no ar\" \/>\n<meta property=\"og:description\" content=\"07 de Julho Nicolau Boccasini nasceu numa fam\u00edlia muito pobre e crist\u00e3, em Treviso, no norte da It\u00e1lia, em 1240. Sua m\u00e3e era uma humilde lavadeira num convento dominicano, por isso muito cedo a voca\u00e7\u00e3o para a vida religiosa se acendeu no seu peito. E ele soube muito bem reconhecer o chamado para a f\u00e9. [&hellip;]\" \/>\n<meta property=\"og:url\" content=\"https:\/\/www.oarcanjo.net\/site\/bem-aventurado-bento-xi\/\" \/>\n<meta property=\"og:site_name\" content=\"O Arcanjo no ar\" \/>\n<meta property=\"article:publisher\" content=\"https:\/\/www.facebook.com\/OArcanjoNoAr\/\" \/>\n<meta property=\"article:published_time\" content=\"2018-07-07T03:02:22+00:00\" \/>\n<meta property=\"article:modified_time\" content=\"2018-06-20T21:22:38+00:00\" \/>\n<meta property=\"og:image\" content=\"http:\/\/www.derradeirasgracas.com\/images\/1.%20O%20Santo%20do%20Dia%20-%20Fotos\/Santos%20de%20Julho%20-%20Fotos\/Bem-aventurado%20Bento%20XI%20Papa.gif\" \/>\n<meta name=\"author\" content=\"danilo\" \/>\n<meta name=\"twitter:card\" content=\"summary_large_image\" \/>\n<meta name=\"twitter:label1\" content=\"Escrito por\" \/>\n\t<meta name=\"twitter:data1\" content=\"danilo\" \/>\n\t<meta name=\"twitter:label2\" content=\"Est. tempo de leitura\" \/>\n\t<meta name=\"twitter:data2\" content=\"3 minutos\" \/>\n<script type=\"application\/ld+json\" class=\"yoast-schema-graph\">{\"@context\":\"https:\/\/schema.org\",\"@graph\":[{\"@type\":\"Article\",\"@id\":\"https:\/\/www.oarcanjo.net\/site\/bem-aventurado-bento-xi\/#article\",\"isPartOf\":{\"@id\":\"https:\/\/www.oarcanjo.net\/site\/bem-aventurado-bento-xi\/\"},\"author\":{\"name\":\"danilo\",\"@id\":\"https:\/\/www.oarcanjo.net\/site\/#\/schema\/person\/5eb9480bedd2f3c97e430ce128c29c6c\"},\"headline\":\"Bem Aventurado Bento XI\",\"datePublished\":\"2018-07-07T03:02:22+00:00\",\"dateModified\":\"2018-06-20T21:22:38+00:00\",\"mainEntityOfPage\":{\"@id\":\"https:\/\/www.oarcanjo.net\/site\/bem-aventurado-bento-xi\/\"},\"wordCount\":537,\"commentCount\":0,\"publisher\":{\"@id\":\"https:\/\/www.oarcanjo.net\/site\/#organization\"},\"image\":{\"@id\":\"https:\/\/www.oarcanjo.net\/site\/bem-aventurado-bento-xi\/#primaryimage\"},\"thumbnailUrl\":\"http:\/\/www.derradeirasgracas.com\/images\/1.%20O%20Santo%20do%20Dia%20-%20Fotos\/Santos%20de%20Julho%20-%20Fotos\/Bem-aventurado%20Bento%20XI%20Papa.gif\",\"articleSection\":[\"Testemunhos\"],\"inLanguage\":\"pt-BR\",\"potentialAction\":[{\"@type\":\"CommentAction\",\"name\":\"Comment\",\"target\":[\"https:\/\/www.oarcanjo.net\/site\/bem-aventurado-bento-xi\/#respond\"]}]},{\"@type\":\"WebPage\",\"@id\":\"https:\/\/www.oarcanjo.net\/site\/bem-aventurado-bento-xi\/\",\"url\":\"https:\/\/www.oarcanjo.net\/site\/bem-aventurado-bento-xi\/\",\"name\":\"Bem Aventurado Bento XI - O Arcanjo no ar\",\"isPartOf\":{\"@id\":\"https:\/\/www.oarcanjo.net\/site\/#website\"},\"primaryImageOfPage\":{\"@id\":\"https:\/\/www.oarcanjo.net\/site\/bem-aventurado-bento-xi\/#primaryimage\"},\"image\":{\"@id\":\"https:\/\/www.oarcanjo.net\/site\/bem-aventurado-bento-xi\/#primaryimage\"},\"thumbnailUrl\":\"http:\/\/www.derradeirasgracas.com\/images\/1.%20O%20Santo%20do%20Dia%20-%20Fotos\/Santos%20de%20Julho%20-%20Fotos\/Bem-aventurado%20Bento%20XI%20Papa.gif\",\"datePublished\":\"2018-07-07T03:02:22+00:00\",\"dateModified\":\"2018-06-20T21:22:38+00:00\",\"breadcrumb\":{\"@id\":\"https:\/\/www.oarcanjo.net\/site\/bem-aventurado-bento-xi\/#breadcrumb\"},\"inLanguage\":\"pt-BR\",\"potentialAction\":[{\"@type\":\"ReadAction\",\"target\":[\"https:\/\/www.oarcanjo.net\/site\/bem-aventurado-bento-xi\/\"]}]},{\"@type\":\"ImageObject\",\"inLanguage\":\"pt-BR\",\"@id\":\"https:\/\/www.oarcanjo.net\/site\/bem-aventurado-bento-xi\/#primaryimage\",\"url\":\"http:\/\/www.derradeirasgracas.com\/images\/1.%20O%20Santo%20do%20Dia%20-%20Fotos\/Santos%20de%20Julho%20-%20Fotos\/Bem-aventurado%20Bento%20XI%20Papa.gif\",\"contentUrl\":\"http:\/\/www.derradeirasgracas.com\/images\/1.%20O%20Santo%20do%20Dia%20-%20Fotos\/Santos%20de%20Julho%20-%20Fotos\/Bem-aventurado%20Bento%20XI%20Papa.gif\"},{\"@type\":\"BreadcrumbList\",\"@id\":\"https:\/\/www.oarcanjo.net\/site\/bem-aventurado-bento-xi\/#breadcrumb\",\"itemListElement\":[{\"@type\":\"ListItem\",\"position\":1,\"name\":\"In\u00edcio\",\"item\":\"https:\/\/www.oarcanjo.net\/site\/\"},{\"@type\":\"ListItem\",\"position\":2,\"name\":\"Bem Aventurado Bento XI\"}]},{\"@type\":\"WebSite\",\"@id\":\"https:\/\/www.oarcanjo.net\/site\/#website\",\"url\":\"https:\/\/www.oarcanjo.net\/site\/\",\"name\":\"O Arcanjo no ar\",\"description\":\"Site da Par\u00f3quia S\u00e3o Miguel Arcanjo (Arquidiocese de SP)\",\"publisher\":{\"@id\":\"https:\/\/www.oarcanjo.net\/site\/#organization\"},\"potentialAction\":[{\"@type\":\"SearchAction\",\"target\":{\"@type\":\"EntryPoint\",\"urlTemplate\":\"https:\/\/www.oarcanjo.net\/site\/?s={search_term_string}\"},\"query-input\":{\"@type\":\"PropertyValueSpecification\",\"valueRequired\":true,\"valueName\":\"search_term_string\"}}],\"inLanguage\":\"pt-BR\"},{\"@type\":\"Organization\",\"@id\":\"https:\/\/www.oarcanjo.net\/site\/#organization\",\"name\":\"Par\u00f3quia S\u00e3o Miguel Arcanjo\",\"url\":\"https:\/\/www.oarcanjo.net\/site\/\",\"logo\":{\"@type\":\"ImageObject\",\"inLanguage\":\"pt-BR\",\"@id\":\"https:\/\/www.oarcanjo.net\/site\/#\/schema\/logo\/image\/\",\"url\":\"https:\/\/www.oarcanjo.net\/site\/wp-content\/uploads\/LogoOArcanjo.png\",\"contentUrl\":\"https:\/\/www.oarcanjo.net\/site\/wp-content\/uploads\/LogoOArcanjo.png\",\"width\":319,\"height\":99,\"caption\":\"Par\u00f3quia S\u00e3o Miguel Arcanjo\"},\"image\":{\"@id\":\"https:\/\/www.oarcanjo.net\/site\/#\/schema\/logo\/image\/\"},\"sameAs\":[\"https:\/\/www.facebook.com\/OArcanjoNoAr\/\"]},{\"@type\":\"Person\",\"@id\":\"https:\/\/www.oarcanjo.net\/site\/#\/schema\/person\/5eb9480bedd2f3c97e430ce128c29c6c\",\"name\":\"danilo\"}]}<\/script>\n<!-- \/ Yoast SEO plugin. -->","yoast_head_json":{"title":"Bem Aventurado Bento XI - O Arcanjo no ar","robots":{"index":"index","follow":"follow","max-snippet":"max-snippet:-1","max-image-preview":"max-image-preview:large","max-video-preview":"max-video-preview:-1"},"canonical":"https:\/\/www.oarcanjo.net\/site\/bem-aventurado-bento-xi\/","og_locale":"pt_BR","og_type":"article","og_title":"Bem Aventurado Bento XI - O Arcanjo no ar","og_description":"07 de Julho Nicolau Boccasini nasceu numa fam\u00edlia muito pobre e crist\u00e3, em Treviso, no norte da It\u00e1lia, em 1240. Sua m\u00e3e era uma humilde lavadeira num convento dominicano, por isso muito cedo a voca\u00e7\u00e3o para a vida religiosa se acendeu no seu peito. E ele soube muito bem reconhecer o chamado para a f\u00e9. [&hellip;]","og_url":"https:\/\/www.oarcanjo.net\/site\/bem-aventurado-bento-xi\/","og_site_name":"O Arcanjo no ar","article_publisher":"https:\/\/www.facebook.com\/OArcanjoNoAr\/","article_published_time":"2018-07-07T03:02:22+00:00","article_modified_time":"2018-06-20T21:22:38+00:00","og_image":[{"url":"http:\/\/www.derradeirasgracas.com\/images\/1.%20O%20Santo%20do%20Dia%20-%20Fotos\/Santos%20de%20Julho%20-%20Fotos\/Bem-aventurado%20Bento%20XI%20Papa.gif"}],"author":"danilo","twitter_card":"summary_large_image","twitter_misc":{"Escrito por":"danilo","Est. tempo de leitura":"3 minutos"},"schema":{"@context":"https:\/\/schema.org","@graph":[{"@type":"Article","@id":"https:\/\/www.oarcanjo.net\/site\/bem-aventurado-bento-xi\/#article","isPartOf":{"@id":"https:\/\/www.oarcanjo.net\/site\/bem-aventurado-bento-xi\/"},"author":{"name":"danilo","@id":"https:\/\/www.oarcanjo.net\/site\/#\/schema\/person\/5eb9480bedd2f3c97e430ce128c29c6c"},"headline":"Bem Aventurado Bento XI","datePublished":"2018-07-07T03:02:22+00:00","dateModified":"2018-06-20T21:22:38+00:00","mainEntityOfPage":{"@id":"https:\/\/www.oarcanjo.net\/site\/bem-aventurado-bento-xi\/"},"wordCount":537,"commentCount":0,"publisher":{"@id":"https:\/\/www.oarcanjo.net\/site\/#organization"},"image":{"@id":"https:\/\/www.oarcanjo.net\/site\/bem-aventurado-bento-xi\/#primaryimage"},"thumbnailUrl":"http:\/\/www.derradeirasgracas.com\/images\/1.%20O%20Santo%20do%20Dia%20-%20Fotos\/Santos%20de%20Julho%20-%20Fotos\/Bem-aventurado%20Bento%20XI%20Papa.gif","articleSection":["Testemunhos"],"inLanguage":"pt-BR","potentialAction":[{"@type":"CommentAction","name":"Comment","target":["https:\/\/www.oarcanjo.net\/site\/bem-aventurado-bento-xi\/#respond"]}]},{"@type":"WebPage","@id":"https:\/\/www.oarcanjo.net\/site\/bem-aventurado-bento-xi\/","url":"https:\/\/www.oarcanjo.net\/site\/bem-aventurado-bento-xi\/","name":"Bem Aventurado Bento XI - O Arcanjo no ar","isPartOf":{"@id":"https:\/\/www.oarcanjo.net\/site\/#website"},"primaryImageOfPage":{"@id":"https:\/\/www.oarcanjo.net\/site\/bem-aventurado-bento-xi\/#primaryimage"},"image":{"@id":"https:\/\/www.oarcanjo.net\/site\/bem-aventurado-bento-xi\/#primaryimage"},"thumbnailUrl":"http:\/\/www.derradeirasgracas.com\/images\/1.%20O%20Santo%20do%20Dia%20-%20Fotos\/Santos%20de%20Julho%20-%20Fotos\/Bem-aventurado%20Bento%20XI%20Papa.gif","datePublished":"2018-07-07T03:02:22+00:00","dateModified":"2018-06-20T21:22:38+00:00","breadcrumb":{"@id":"https:\/\/www.oarcanjo.net\/site\/bem-aventurado-bento-xi\/#breadcrumb"},"inLanguage":"pt-BR","potentialAction":[{"@type":"ReadAction","target":["https:\/\/www.oarcanjo.net\/site\/bem-aventurado-bento-xi\/"]}]},{"@type":"ImageObject","inLanguage":"pt-BR","@id":"https:\/\/www.oarcanjo.net\/site\/bem-aventurado-bento-xi\/#primaryimage","url":"http:\/\/www.derradeirasgracas.com\/images\/1.%20O%20Santo%20do%20Dia%20-%20Fotos\/Santos%20de%20Julho%20-%20Fotos\/Bem-aventurado%20Bento%20XI%20Papa.gif","contentUrl":"http:\/\/www.derradeirasgracas.com\/images\/1.%20O%20Santo%20do%20Dia%20-%20Fotos\/Santos%20de%20Julho%20-%20Fotos\/Bem-aventurado%20Bento%20XI%20Papa.gif"},{"@type":"BreadcrumbList","@id":"https:\/\/www.oarcanjo.net\/site\/bem-aventurado-bento-xi\/#breadcrumb","itemListElement":[{"@type":"ListItem","position":1,"name":"In\u00edcio","item":"https:\/\/www.oarcanjo.net\/site\/"},{"@type":"ListItem","position":2,"name":"Bem Aventurado Bento XI"}]},{"@type":"WebSite","@id":"https:\/\/www.oarcanjo.net\/site\/#website","url":"https:\/\/www.oarcanjo.net\/site\/","name":"O Arcanjo no ar","description":"Site da Par\u00f3quia S\u00e3o Miguel Arcanjo (Arquidiocese de SP)","publisher":{"@id":"https:\/\/www.oarcanjo.net\/site\/#organization"},"potentialAction":[{"@type":"SearchAction","target":{"@type":"EntryPoint","urlTemplate":"https:\/\/www.oarcanjo.net\/site\/?s={search_term_string}"},"query-input":{"@type":"PropertyValueSpecification","valueRequired":true,"valueName":"search_term_string"}}],"inLanguage":"pt-BR"},{"@type":"Organization","@id":"https:\/\/www.oarcanjo.net\/site\/#organization","name":"Par\u00f3quia S\u00e3o Miguel Arcanjo","url":"https:\/\/www.oarcanjo.net\/site\/","logo":{"@type":"ImageObject","inLanguage":"pt-BR","@id":"https:\/\/www.oarcanjo.net\/site\/#\/schema\/logo\/image\/","url":"https:\/\/www.oarcanjo.net\/site\/wp-content\/uploads\/LogoOArcanjo.png","contentUrl":"https:\/\/www.oarcanjo.net\/site\/wp-content\/uploads\/LogoOArcanjo.png","width":319,"height":99,"caption":"Par\u00f3quia S\u00e3o Miguel Arcanjo"},"image":{"@id":"https:\/\/www.oarcanjo.net\/site\/#\/schema\/logo\/image\/"},"sameAs":["https:\/\/www.facebook.com\/OArcanjoNoAr\/"]},{"@type":"Person","@id":"https:\/\/www.oarcanjo.net\/site\/#\/schema\/person\/5eb9480bedd2f3c97e430ce128c29c6c","name":"danilo"}]}},"publishpress_future_action":{"enabled":false,"date":"2026-05-08 11:56:09","action":"category","newStatus":"draft","terms":[],"taxonomy":"category"},"publishpress_future_workflow_manual_trigger":{"enabledWorkflows":[]},"_links":{"self":[{"href":"https:\/\/www.oarcanjo.net\/site\/wp-json\/wp\/v2\/posts\/10034"}],"collection":[{"href":"https:\/\/www.oarcanjo.net\/site\/wp-json\/wp\/v2\/posts"}],"about":[{"href":"https:\/\/www.oarcanjo.net\/site\/wp-json\/wp\/v2\/types\/post"}],"author":[{"embeddable":true,"href":"https:\/\/www.oarcanjo.net\/site\/wp-json\/wp\/v2\/users\/14"}],"replies":[{"embeddable":true,"href":"https:\/\/www.oarcanjo.net\/site\/wp-json\/wp\/v2\/comments?post=10034"}],"version-history":[{"count":1,"href":"https:\/\/www.oarcanjo.net\/site\/wp-json\/wp\/v2\/posts\/10034\/revisions"}],"predecessor-version":[{"id":88618,"href":"https:\/\/www.oarcanjo.net\/site\/wp-json\/wp\/v2\/posts\/10034\/revisions\/88618"}],"wp:attachment":[{"href":"https:\/\/www.oarcanjo.net\/site\/wp-json\/wp\/v2\/media?parent=10034"}],"wp:term":[{"taxonomy":"category","embeddable":true,"href":"https:\/\/www.oarcanjo.net\/site\/wp-json\/wp\/v2\/categories?post=10034"},{"taxonomy":"post_tag","embeddable":true,"href":"https:\/\/www.oarcanjo.net\/site\/wp-json\/wp\/v2\/tags?post=10034"}],"curies":[{"name":"wp","href":"https:\/\/api.w.org\/{rel}","templated":true}]}}