
{"id":10039,"date":"2018-07-08T00:07:21","date_gmt":"2018-07-08T03:07:21","guid":{"rendered":"http:\/\/www.oarcanjo.net\/site\/?p=10039"},"modified":"2018-06-20T18:22:46","modified_gmt":"2018-06-20T21:22:46","slug":"bem-aventurado-eugenio-iii","status":"publish","type":"post","link":"https:\/\/www.oarcanjo.net\/site\/bem-aventurado-eugenio-iii\/","title":{"rendered":"Bem Aventurado Eug\u00eanio III"},"content":{"rendered":"<p><img loading=\"lazy\" decoding=\"async\" src=\"http:\/\/www.ocso.org\/HTM\/net\/images\/eugene3.jpg\" alt=\"\" width=\"436\" height=\"624\" \/><\/p>\n<p>8 de Julho<\/p>\n<p>O papa Eug\u00eanio III nasceu em Montemagno, numa fam\u00edlia crist\u00e3, rica e da nobreza italiana. Foi batizado com o nome de P\u00eder Bernardo Paganelli, estudou e recebeu a ordena\u00e7\u00e3o sacerdotal na diocese de Pisa, centro cultural pr\u00f3ximo da sua cidade natal.<\/p>\n<p>Possu\u00eda um temperamento reservado, era inteligente, muito ponderado e calmo. Segundo os registros da \u00e9poca, em 1130 ele teve um encontro com o religioso Bernardo de Claraval, fundador da Ordem dos Monges Cistercienses e hoje um santo da Igreja. A afinidade entre ambos foi t\u00e3o grande que, cinco anos depois, P\u00eder Bernardo ingressou no mosteiro dirigido pelo amigo e vestiu o h\u00e1bito cisterciense.<\/p>\n<p>Atrav\u00e9s da conviv\u00eancia com Bernardo de Claraval, ele se tornou conhecido, pois foi escolhido para abrir um outro mosteiro da Ordem em Farfa, diocese de Viterbo, sendo consagrado o abade pelo papa Inoc\u00eancio II. Quando esse papa morreu, o abade P\u00eder Bernardo foi eleito sucessor.<\/p>\n<p>Isto ocorreu n\u00e3o por acaso, ele era o homem adequado para enfrentar a dif\u00edcil e delicada situa\u00e7\u00e3o que persistia na \u00e9poca. Roma estava agitada e \u00e0s voltas com graves transtornos provocados, especialmente, pelo l\u00edder pol\u00edtico Arnaldo de Br\u00e9scia e outros republicanos que exigiam que fosse eleito um papa que for\u00e7asse a entrega do poder pol\u00edtico ao seu partido. Muitas casas de bispos e cardeais j\u00e1 tinham sido saqueadas. Por isso os cardeais resolveram escolher o abade P\u00eder Bernardo, justamente porque ele estava fora do col\u00e9gio cardinal\u00edcio, portanto isento das press\u00f5es dos republicanos.<\/p>\n<p>Ele assumiu o pontificado com o nome de papa Eug\u00eanio III. Mas teve de fugir de Roma \u00e0 noite, horas ap\u00f3s sua elei\u00e7\u00e3o, para ser coroado no mosteiro de Farfa, em Viterbo. Era o dia 18 de fevereiro de 1145. Como a situa\u00e7\u00e3o da cidade n\u00e3o era segura, o novo papa e seus cardeais decidiram mudar para Viterbo. Quando a popula\u00e7\u00e3o romana foi informada, correu para pedir sua volta. Foi assim, apoiado pelo povo, que o papa Eug\u00eanio III retornou para Roma e assumiu o controle da cidade, impondo a paz. Infelizmente, durou pouco.<\/p>\n<p>Em 1146, Arnaldo passou a exigir a destrui\u00e7\u00e3o total de Tr\u00edvoli. Novamente o papa Eug\u00eanio III teve de fugir. Como se recusou a comandar o massacre, ele corria risco de morte. Teve de atravessar os Alpes para ingressar na Fran\u00e7a, onde permaneceu exilado por tr\u00eas anos.<\/p>\n<p>Os conflitos n\u00e3o paravam, o povo estava sempre nas ruas, liderado por Arnaldo, e o papa teve de ser duro com os insubordinados da Igreja que se aproveitavam da situa\u00e7\u00e3o. Nesse per\u00edodo, convocou quatro conc\u00edlios para impor disciplina. Tamb\u00e9m dep\u00f4s os arcebispos de York e Mainz; promoveu uma s\u00e9ria reforma na Igreja e na C\u00faria Romana em defesa da ortodoxia nos estudos eclesi\u00e1sticos. Enviou o cardeal Breakspear, o futuro papa Adriano IV, para divulg\u00e1-la na Escandin\u00e1via, enquanto ele pr\u00f3prio ainda o fazia percorrendo o norte da It\u00e1lia.<\/p>\n<p>S\u00f3 retornou a Roma depois de receber ajuda do imperador alem\u00e3o Frederico Barba-Roxa, contra os republicanos de Arnaldo. Ainda p\u00f4de defender a Igreja contra os invasores turcos e iniciar a constru\u00e7\u00e3o do pal\u00e1cio pontif\u00edcio. Morreu no dia 8 de julho de 1153, depois de governar a Igreja por oito anos e cinco meses, num per\u00edodo t\u00e3o complicado e violento da hist\u00f3ria. O papa Eug\u00eanio III foi beatificado em 1872.<\/p>\n<div id=\"themify_builder_content-10039\" data-postid=\"10039\" class=\"themify_builder_content themify_builder_content-10039 themify_builder themify_builder_front\">\n\t<\/div>\n<!-- \/themify_builder_content -->","protected":false},"excerpt":{"rendered":"<p>8 de Julho O papa Eug\u00eanio III nasceu em Montemagno, numa fam\u00edlia crist\u00e3, rica e da nobreza italiana. Foi batizado com o nome de P\u00eder Bernardo Paganelli, estudou e recebeu a ordena\u00e7\u00e3o sacerdotal na diocese de Pisa, centro cultural pr\u00f3ximo da sua cidade natal. Possu\u00eda um temperamento reservado, era inteligente, muito ponderado e calmo. Segundo [&hellip;]<\/p>\n","protected":false},"author":14,"featured_media":0,"comment_status":"open","ping_status":"open","sticky":false,"template":"","format":"standard","meta":{"ngg_post_thumbnail":0,"footnotes":""},"categories":[186],"tags":[],"yoast_head":"<!-- This site is optimized with the Yoast SEO plugin v23.5 - https:\/\/yoast.com\/wordpress\/plugins\/seo\/ -->\n<title>Bem Aventurado Eug\u00eanio III - O Arcanjo no ar<\/title>\n<meta name=\"robots\" content=\"index, follow, max-snippet:-1, max-image-preview:large, max-video-preview:-1\" \/>\n<link rel=\"canonical\" href=\"https:\/\/www.oarcanjo.net\/site\/bem-aventurado-eugenio-iii\/\" \/>\n<meta property=\"og:locale\" content=\"pt_BR\" \/>\n<meta property=\"og:type\" content=\"article\" \/>\n<meta property=\"og:title\" content=\"Bem Aventurado Eug\u00eanio III - O Arcanjo no ar\" \/>\n<meta property=\"og:description\" content=\"8 de Julho O papa Eug\u00eanio III nasceu em Montemagno, numa fam\u00edlia crist\u00e3, rica e da nobreza italiana. Foi batizado com o nome de P\u00eder Bernardo Paganelli, estudou e recebeu a ordena\u00e7\u00e3o sacerdotal na diocese de Pisa, centro cultural pr\u00f3ximo da sua cidade natal. Possu\u00eda um temperamento reservado, era inteligente, muito ponderado e calmo. Segundo [&hellip;]\" \/>\n<meta property=\"og:url\" content=\"https:\/\/www.oarcanjo.net\/site\/bem-aventurado-eugenio-iii\/\" \/>\n<meta property=\"og:site_name\" content=\"O Arcanjo no ar\" \/>\n<meta property=\"article:publisher\" content=\"https:\/\/www.facebook.com\/OArcanjoNoAr\/\" \/>\n<meta property=\"article:published_time\" content=\"2018-07-08T03:07:21+00:00\" \/>\n<meta property=\"article:modified_time\" content=\"2018-06-20T21:22:46+00:00\" \/>\n<meta property=\"og:image\" content=\"http:\/\/www.ocso.org\/HTM\/net\/images\/eugene3.jpg\" \/>\n<meta name=\"author\" content=\"danilo\" \/>\n<meta name=\"twitter:card\" content=\"summary_large_image\" \/>\n<meta name=\"twitter:label1\" content=\"Escrito por\" \/>\n\t<meta name=\"twitter:data1\" content=\"danilo\" \/>\n\t<meta name=\"twitter:label2\" content=\"Est. tempo de leitura\" \/>\n\t<meta name=\"twitter:data2\" content=\"3 minutos\" \/>\n<script type=\"application\/ld+json\" class=\"yoast-schema-graph\">{\"@context\":\"https:\/\/schema.org\",\"@graph\":[{\"@type\":\"Article\",\"@id\":\"https:\/\/www.oarcanjo.net\/site\/bem-aventurado-eugenio-iii\/#article\",\"isPartOf\":{\"@id\":\"https:\/\/www.oarcanjo.net\/site\/bem-aventurado-eugenio-iii\/\"},\"author\":{\"name\":\"danilo\",\"@id\":\"https:\/\/www.oarcanjo.net\/site\/#\/schema\/person\/5eb9480bedd2f3c97e430ce128c29c6c\"},\"headline\":\"Bem Aventurado Eug\u00eanio III\",\"datePublished\":\"2018-07-08T03:07:21+00:00\",\"dateModified\":\"2018-06-20T21:22:46+00:00\",\"mainEntityOfPage\":{\"@id\":\"https:\/\/www.oarcanjo.net\/site\/bem-aventurado-eugenio-iii\/\"},\"wordCount\":595,\"commentCount\":0,\"publisher\":{\"@id\":\"https:\/\/www.oarcanjo.net\/site\/#organization\"},\"image\":{\"@id\":\"https:\/\/www.oarcanjo.net\/site\/bem-aventurado-eugenio-iii\/#primaryimage\"},\"thumbnailUrl\":\"http:\/\/www.ocso.org\/HTM\/net\/images\/eugene3.jpg\",\"articleSection\":[\"Testemunhos\"],\"inLanguage\":\"pt-BR\",\"potentialAction\":[{\"@type\":\"CommentAction\",\"name\":\"Comment\",\"target\":[\"https:\/\/www.oarcanjo.net\/site\/bem-aventurado-eugenio-iii\/#respond\"]}]},{\"@type\":\"WebPage\",\"@id\":\"https:\/\/www.oarcanjo.net\/site\/bem-aventurado-eugenio-iii\/\",\"url\":\"https:\/\/www.oarcanjo.net\/site\/bem-aventurado-eugenio-iii\/\",\"name\":\"Bem Aventurado Eug\u00eanio III - O Arcanjo no ar\",\"isPartOf\":{\"@id\":\"https:\/\/www.oarcanjo.net\/site\/#website\"},\"primaryImageOfPage\":{\"@id\":\"https:\/\/www.oarcanjo.net\/site\/bem-aventurado-eugenio-iii\/#primaryimage\"},\"image\":{\"@id\":\"https:\/\/www.oarcanjo.net\/site\/bem-aventurado-eugenio-iii\/#primaryimage\"},\"thumbnailUrl\":\"http:\/\/www.ocso.org\/HTM\/net\/images\/eugene3.jpg\",\"datePublished\":\"2018-07-08T03:07:21+00:00\",\"dateModified\":\"2018-06-20T21:22:46+00:00\",\"breadcrumb\":{\"@id\":\"https:\/\/www.oarcanjo.net\/site\/bem-aventurado-eugenio-iii\/#breadcrumb\"},\"inLanguage\":\"pt-BR\",\"potentialAction\":[{\"@type\":\"ReadAction\",\"target\":[\"https:\/\/www.oarcanjo.net\/site\/bem-aventurado-eugenio-iii\/\"]}]},{\"@type\":\"ImageObject\",\"inLanguage\":\"pt-BR\",\"@id\":\"https:\/\/www.oarcanjo.net\/site\/bem-aventurado-eugenio-iii\/#primaryimage\",\"url\":\"http:\/\/www.ocso.org\/HTM\/net\/images\/eugene3.jpg\",\"contentUrl\":\"http:\/\/www.ocso.org\/HTM\/net\/images\/eugene3.jpg\"},{\"@type\":\"BreadcrumbList\",\"@id\":\"https:\/\/www.oarcanjo.net\/site\/bem-aventurado-eugenio-iii\/#breadcrumb\",\"itemListElement\":[{\"@type\":\"ListItem\",\"position\":1,\"name\":\"In\u00edcio\",\"item\":\"https:\/\/www.oarcanjo.net\/site\/\"},{\"@type\":\"ListItem\",\"position\":2,\"name\":\"Bem Aventurado Eug\u00eanio III\"}]},{\"@type\":\"WebSite\",\"@id\":\"https:\/\/www.oarcanjo.net\/site\/#website\",\"url\":\"https:\/\/www.oarcanjo.net\/site\/\",\"name\":\"O Arcanjo no ar\",\"description\":\"Site da Par\u00f3quia S\u00e3o Miguel Arcanjo (Arquidiocese de SP)\",\"publisher\":{\"@id\":\"https:\/\/www.oarcanjo.net\/site\/#organization\"},\"potentialAction\":[{\"@type\":\"SearchAction\",\"target\":{\"@type\":\"EntryPoint\",\"urlTemplate\":\"https:\/\/www.oarcanjo.net\/site\/?s={search_term_string}\"},\"query-input\":{\"@type\":\"PropertyValueSpecification\",\"valueRequired\":true,\"valueName\":\"search_term_string\"}}],\"inLanguage\":\"pt-BR\"},{\"@type\":\"Organization\",\"@id\":\"https:\/\/www.oarcanjo.net\/site\/#organization\",\"name\":\"Par\u00f3quia S\u00e3o Miguel Arcanjo\",\"url\":\"https:\/\/www.oarcanjo.net\/site\/\",\"logo\":{\"@type\":\"ImageObject\",\"inLanguage\":\"pt-BR\",\"@id\":\"https:\/\/www.oarcanjo.net\/site\/#\/schema\/logo\/image\/\",\"url\":\"https:\/\/www.oarcanjo.net\/site\/wp-content\/uploads\/LogoOArcanjo.png\",\"contentUrl\":\"https:\/\/www.oarcanjo.net\/site\/wp-content\/uploads\/LogoOArcanjo.png\",\"width\":319,\"height\":99,\"caption\":\"Par\u00f3quia S\u00e3o Miguel Arcanjo\"},\"image\":{\"@id\":\"https:\/\/www.oarcanjo.net\/site\/#\/schema\/logo\/image\/\"},\"sameAs\":[\"https:\/\/www.facebook.com\/OArcanjoNoAr\/\"]},{\"@type\":\"Person\",\"@id\":\"https:\/\/www.oarcanjo.net\/site\/#\/schema\/person\/5eb9480bedd2f3c97e430ce128c29c6c\",\"name\":\"danilo\"}]}<\/script>\n<!-- \/ Yoast SEO plugin. -->","yoast_head_json":{"title":"Bem Aventurado Eug\u00eanio III - O Arcanjo no ar","robots":{"index":"index","follow":"follow","max-snippet":"max-snippet:-1","max-image-preview":"max-image-preview:large","max-video-preview":"max-video-preview:-1"},"canonical":"https:\/\/www.oarcanjo.net\/site\/bem-aventurado-eugenio-iii\/","og_locale":"pt_BR","og_type":"article","og_title":"Bem Aventurado Eug\u00eanio III - O Arcanjo no ar","og_description":"8 de Julho O papa Eug\u00eanio III nasceu em Montemagno, numa fam\u00edlia crist\u00e3, rica e da nobreza italiana. Foi batizado com o nome de P\u00eder Bernardo Paganelli, estudou e recebeu a ordena\u00e7\u00e3o sacerdotal na diocese de Pisa, centro cultural pr\u00f3ximo da sua cidade natal. Possu\u00eda um temperamento reservado, era inteligente, muito ponderado e calmo. Segundo [&hellip;]","og_url":"https:\/\/www.oarcanjo.net\/site\/bem-aventurado-eugenio-iii\/","og_site_name":"O Arcanjo no ar","article_publisher":"https:\/\/www.facebook.com\/OArcanjoNoAr\/","article_published_time":"2018-07-08T03:07:21+00:00","article_modified_time":"2018-06-20T21:22:46+00:00","og_image":[{"url":"http:\/\/www.ocso.org\/HTM\/net\/images\/eugene3.jpg"}],"author":"danilo","twitter_card":"summary_large_image","twitter_misc":{"Escrito por":"danilo","Est. tempo de leitura":"3 minutos"},"schema":{"@context":"https:\/\/schema.org","@graph":[{"@type":"Article","@id":"https:\/\/www.oarcanjo.net\/site\/bem-aventurado-eugenio-iii\/#article","isPartOf":{"@id":"https:\/\/www.oarcanjo.net\/site\/bem-aventurado-eugenio-iii\/"},"author":{"name":"danilo","@id":"https:\/\/www.oarcanjo.net\/site\/#\/schema\/person\/5eb9480bedd2f3c97e430ce128c29c6c"},"headline":"Bem Aventurado Eug\u00eanio III","datePublished":"2018-07-08T03:07:21+00:00","dateModified":"2018-06-20T21:22:46+00:00","mainEntityOfPage":{"@id":"https:\/\/www.oarcanjo.net\/site\/bem-aventurado-eugenio-iii\/"},"wordCount":595,"commentCount":0,"publisher":{"@id":"https:\/\/www.oarcanjo.net\/site\/#organization"},"image":{"@id":"https:\/\/www.oarcanjo.net\/site\/bem-aventurado-eugenio-iii\/#primaryimage"},"thumbnailUrl":"http:\/\/www.ocso.org\/HTM\/net\/images\/eugene3.jpg","articleSection":["Testemunhos"],"inLanguage":"pt-BR","potentialAction":[{"@type":"CommentAction","name":"Comment","target":["https:\/\/www.oarcanjo.net\/site\/bem-aventurado-eugenio-iii\/#respond"]}]},{"@type":"WebPage","@id":"https:\/\/www.oarcanjo.net\/site\/bem-aventurado-eugenio-iii\/","url":"https:\/\/www.oarcanjo.net\/site\/bem-aventurado-eugenio-iii\/","name":"Bem Aventurado Eug\u00eanio III - O Arcanjo no ar","isPartOf":{"@id":"https:\/\/www.oarcanjo.net\/site\/#website"},"primaryImageOfPage":{"@id":"https:\/\/www.oarcanjo.net\/site\/bem-aventurado-eugenio-iii\/#primaryimage"},"image":{"@id":"https:\/\/www.oarcanjo.net\/site\/bem-aventurado-eugenio-iii\/#primaryimage"},"thumbnailUrl":"http:\/\/www.ocso.org\/HTM\/net\/images\/eugene3.jpg","datePublished":"2018-07-08T03:07:21+00:00","dateModified":"2018-06-20T21:22:46+00:00","breadcrumb":{"@id":"https:\/\/www.oarcanjo.net\/site\/bem-aventurado-eugenio-iii\/#breadcrumb"},"inLanguage":"pt-BR","potentialAction":[{"@type":"ReadAction","target":["https:\/\/www.oarcanjo.net\/site\/bem-aventurado-eugenio-iii\/"]}]},{"@type":"ImageObject","inLanguage":"pt-BR","@id":"https:\/\/www.oarcanjo.net\/site\/bem-aventurado-eugenio-iii\/#primaryimage","url":"http:\/\/www.ocso.org\/HTM\/net\/images\/eugene3.jpg","contentUrl":"http:\/\/www.ocso.org\/HTM\/net\/images\/eugene3.jpg"},{"@type":"BreadcrumbList","@id":"https:\/\/www.oarcanjo.net\/site\/bem-aventurado-eugenio-iii\/#breadcrumb","itemListElement":[{"@type":"ListItem","position":1,"name":"In\u00edcio","item":"https:\/\/www.oarcanjo.net\/site\/"},{"@type":"ListItem","position":2,"name":"Bem Aventurado Eug\u00eanio III"}]},{"@type":"WebSite","@id":"https:\/\/www.oarcanjo.net\/site\/#website","url":"https:\/\/www.oarcanjo.net\/site\/","name":"O Arcanjo no ar","description":"Site da Par\u00f3quia S\u00e3o Miguel Arcanjo (Arquidiocese de SP)","publisher":{"@id":"https:\/\/www.oarcanjo.net\/site\/#organization"},"potentialAction":[{"@type":"SearchAction","target":{"@type":"EntryPoint","urlTemplate":"https:\/\/www.oarcanjo.net\/site\/?s={search_term_string}"},"query-input":{"@type":"PropertyValueSpecification","valueRequired":true,"valueName":"search_term_string"}}],"inLanguage":"pt-BR"},{"@type":"Organization","@id":"https:\/\/www.oarcanjo.net\/site\/#organization","name":"Par\u00f3quia S\u00e3o Miguel Arcanjo","url":"https:\/\/www.oarcanjo.net\/site\/","logo":{"@type":"ImageObject","inLanguage":"pt-BR","@id":"https:\/\/www.oarcanjo.net\/site\/#\/schema\/logo\/image\/","url":"https:\/\/www.oarcanjo.net\/site\/wp-content\/uploads\/LogoOArcanjo.png","contentUrl":"https:\/\/www.oarcanjo.net\/site\/wp-content\/uploads\/LogoOArcanjo.png","width":319,"height":99,"caption":"Par\u00f3quia S\u00e3o Miguel Arcanjo"},"image":{"@id":"https:\/\/www.oarcanjo.net\/site\/#\/schema\/logo\/image\/"},"sameAs":["https:\/\/www.facebook.com\/OArcanjoNoAr\/"]},{"@type":"Person","@id":"https:\/\/www.oarcanjo.net\/site\/#\/schema\/person\/5eb9480bedd2f3c97e430ce128c29c6c","name":"danilo"}]}},"publishpress_future_action":{"enabled":false,"date":"2026-05-08 11:44:42","action":"category","newStatus":"draft","terms":[],"taxonomy":"category"},"publishpress_future_workflow_manual_trigger":{"enabledWorkflows":[]},"_links":{"self":[{"href":"https:\/\/www.oarcanjo.net\/site\/wp-json\/wp\/v2\/posts\/10039"}],"collection":[{"href":"https:\/\/www.oarcanjo.net\/site\/wp-json\/wp\/v2\/posts"}],"about":[{"href":"https:\/\/www.oarcanjo.net\/site\/wp-json\/wp\/v2\/types\/post"}],"author":[{"embeddable":true,"href":"https:\/\/www.oarcanjo.net\/site\/wp-json\/wp\/v2\/users\/14"}],"replies":[{"embeddable":true,"href":"https:\/\/www.oarcanjo.net\/site\/wp-json\/wp\/v2\/comments?post=10039"}],"version-history":[{"count":1,"href":"https:\/\/www.oarcanjo.net\/site\/wp-json\/wp\/v2\/posts\/10039\/revisions"}],"predecessor-version":[{"id":88620,"href":"https:\/\/www.oarcanjo.net\/site\/wp-json\/wp\/v2\/posts\/10039\/revisions\/88620"}],"wp:attachment":[{"href":"https:\/\/www.oarcanjo.net\/site\/wp-json\/wp\/v2\/media?parent=10039"}],"wp:term":[{"taxonomy":"category","embeddable":true,"href":"https:\/\/www.oarcanjo.net\/site\/wp-json\/wp\/v2\/categories?post=10039"},{"taxonomy":"post_tag","embeddable":true,"href":"https:\/\/www.oarcanjo.net\/site\/wp-json\/wp\/v2\/tags?post=10039"}],"curies":[{"name":"wp","href":"https:\/\/api.w.org\/{rel}","templated":true}]}}