
{"id":10041,"date":"2018-07-08T00:24:57","date_gmt":"2018-07-08T03:24:57","guid":{"rendered":"http:\/\/www.oarcanjo.net\/site\/?p=10041"},"modified":"2018-06-20T18:23:15","modified_gmt":"2018-06-20T21:23:15","slug":"bem-aventurado-pedro-vigne","status":"publish","type":"post","link":"https:\/\/www.oarcanjo.net\/site\/bem-aventurado-pedro-vigne\/","title":{"rendered":"Bem Aventurado Pedro Vigne"},"content":{"rendered":"<p><img decoding=\"async\" src=\"http:\/\/3.bp.blogspot.com\/_z-c0Sh5Zlrs\/SHKa0OTCw9I\/AAAAAAAAAVY\/vqZhfHBNCTo\/s400\/Pedro+Vigne.jpg\" alt=\"\" \/><\/p>\n<p>8 de Julho<\/p>\n<p>Fundou a Congrega\u00e7\u00e3o das Religiosas do Sant\u00edssimo Sacramento Irm\u00e3s Sacramentinas<\/p>\n<p>Pierre, ou Pedro, Vigne nasceu no dia 20 de agosto de 1670 na Fran\u00e7a, em Privas, uma pequena cidade ainda sob as seq\u00fcelas de lutas religiosas entre cat\u00f3licos e protestantes no s\u00e9culo anterior. Seus pais, Pedro e Francisca, eram protestantes, mas batizaram os cinco filhos tamb\u00e9m na par\u00f3quia cat\u00f3lica de Privas. Era assim que os protestantes agiam, tentando resguardar os filhos de uma poss\u00edvel discrimina\u00e7\u00e3o religiosa. Duas meninas morreram cedo. Ele e seus dois irm\u00e3os mais velhos tiveram uma vida confort\u00e1vel.<\/p>\n<p>At\u00e9 os dezesseis anos, Pedro recebeu forma\u00e7\u00e3o crist\u00e3 cat\u00f3lica e teve uma instru\u00e7\u00e3o de bom n\u00edvel. No final da adolesc\u00eancia, entretanto, parecia ter reabsorvido a f\u00e9 da fam\u00edlia e pretendia tornar-se pastor protestante, estudando na Su\u00ed\u00e7a. Foi ent\u00e3o que sua vida teve uma transforma\u00e7\u00e3o s\u00fabita, pela tomada de consci\u00eancia da presen\u00e7a de Jesus Cristo na eucaristia.<\/p>\n<p>Pedro viajava a cavalo quando passou por ele um sacerdote cat\u00f3lico levando o vi\u00e1tico a um enfermo. Nesse instante, como s\u00e3o Paulo Ap\u00f3stolo, seu cavalo refugou seguir adiante, tr\u00eas vezes. Essa experi\u00eancia o orientou definitivamente para o Salvador. Pouco tempo depois, ingressou no Semin\u00e1rio de S\u00e3o Sulp\u00edcio de Viviers. Em 1694, foi ordenado sacerdote e seguiu, como vig\u00e1rio, a Saint-Agr\u00e8ve.<\/p>\n<p>Nessa \u00e9poca, sente que o Senhor o quer como mission\u00e1rio no meio do povo simples. Assim, em 1770, ingressou na Congrega\u00e7\u00e3o dos Padres Lazaristas, em Lyon, onde recebeu uma s\u00f3lida forma\u00e7\u00e3o voltada \u00e0 pobreza e para as chamadas &#8220;miss\u00f5es populares&#8221;. Logo come\u00e7ou a evangelizar a popula\u00e7\u00e3o mais distante e esquecida. Em 1706, com aprova\u00e7\u00e3o dos seus superiores, deixou os lazaristas para ser um mission\u00e1rio itinerante, utilizando seu pr\u00f3prio m\u00e9todo pastoral.<\/p>\n<p>Durante mais de trinta anos, padre Vigne percorreu, a p\u00e9 ou a cavalo, longas dist\u00e2ncias. Incans\u00e1vel, celebrava a missa, expunha o Sant\u00edssimo Sacramento e ensinava os fi\u00e9is a ador\u00e1-lo. A M\u00e3e de Deus tamb\u00e9m ocupou um lugar de predile\u00e7\u00e3o nos seus ensinamentos e ora\u00e7\u00f5es. Em 1712, chegou \u00e0 cidade de Boucieu le Roi, onde fixou sua resid\u00eancia. L\u00e1, a paisagem permitiu-lhe erigir uma Via-Sacra. Com a ajuda da popula\u00e7\u00e3o, construiu trinta e nove esta\u00e7\u00f5es, entre a aldeia e o campo, que ensinam aos crist\u00e3os a seguir Jesus, da ceia \u00e0 P\u00e1scoa e a Pentecostes.<\/p>\n<p>Mas padre Vigne queria, tamb\u00e9m, promover o culto \u00e0 eucaristia. Para isso, em 1715, fundou a Congrega\u00e7\u00e3o das Religiosas do Sant\u00edssimo Sacramento. \u00c0s Irm\u00e3s Sacramentinas ele recomendou com insist\u00eancia a caridade, a vida oculta, o sil\u00eancio, a ora\u00e7\u00e3o: tudo que lhes permitisse ser mission\u00e1rias fervorosas, a servi\u00e7o da Igreja e de seus irm\u00e3os mais pobres. Preocupado com a forma\u00e7\u00e3o crist\u00e3 e instru\u00e7\u00e3o das crian\u00e7as, o fundador criou escolas e um semin\u00e1rio de professoras de classe.<\/p>\n<p>Apesar da vida intensa, padre Vigne nunca deixou de procurar seus antigos mestres do Semin\u00e1rio de S\u00e3o Sulp\u00edcio, em Lyon. Com relativa freq\u00fc\u00eancia ia se encontrar com seu confessor e seu diretor espiritual. Atra\u00eddo pela espiritualidade eucar\u00edstica dos Padres do Sant\u00edssimo Sacramento, entrou nessa sociedade sacerdotal em 1724, em Valen\u00e7a.<\/p>\n<p>Ao notar sua jovem Congrega\u00e7\u00e3o consistente, passou a dedicar-se a escrever livros de regulamentos de vida, obras de espiritualidade. Mas continuou, tamb\u00e9m, com as viagens apost\u00f3licas. Aos setenta anos, padre Vigne ressentiu-se dos efeitos da fadiga. Durante uma miss\u00e3o em Rencurel, passou mal e morreu, em 8 de julho de 1740. Seu corpo foi transportado para a cidade de Boucieu, e sepultado na igrejinha.<\/p>\n<p>A Congrega\u00e7\u00e3o das Religiosas do Sant\u00edssimo Sacramento, nesses quase trezentos anos, superou grandes dificuldades. A aprova\u00e7\u00e3o can\u00f4nica ocorreu em 1869. A Casa-m\u00e3e e noviciado foram estabelecidos em Valen\u00e7a.<\/p>\n<p>Atualmente, as Irm\u00e3s Sacramentinas est\u00e3o presentes na It\u00e1lia, Inglaterra, Irlanda e principalmente no Brasil, com v\u00e1rias Casas.<\/p>\n<p>O papa Jo\u00e3o Paulo II, em 2004, beatificou o fundador e marcou sua celebra\u00e7\u00e3o para o dia de sua morte.<\/p>\n<div id=\"themify_builder_content-10041\" data-postid=\"10041\" class=\"themify_builder_content themify_builder_content-10041 themify_builder themify_builder_front\">\n\t<\/div>\n<!-- \/themify_builder_content -->","protected":false},"excerpt":{"rendered":"<p>8 de Julho Fundou a Congrega\u00e7\u00e3o das Religiosas do Sant\u00edssimo Sacramento Irm\u00e3s Sacramentinas Pierre, ou Pedro, Vigne nasceu no dia 20 de agosto de 1670 na Fran\u00e7a, em Privas, uma pequena cidade ainda sob as seq\u00fcelas de lutas religiosas entre cat\u00f3licos e protestantes no s\u00e9culo anterior. Seus pais, Pedro e Francisca, eram protestantes, mas batizaram [&hellip;]<\/p>\n","protected":false},"author":14,"featured_media":0,"comment_status":"open","ping_status":"open","sticky":false,"template":"","format":"standard","meta":{"ngg_post_thumbnail":0,"footnotes":""},"categories":[186],"tags":[],"yoast_head":"<!-- This site is optimized with the Yoast SEO plugin v23.5 - https:\/\/yoast.com\/wordpress\/plugins\/seo\/ -->\n<title>Bem Aventurado Pedro Vigne - O Arcanjo no ar<\/title>\n<meta name=\"robots\" content=\"index, follow, max-snippet:-1, max-image-preview:large, max-video-preview:-1\" \/>\n<link rel=\"canonical\" href=\"https:\/\/www.oarcanjo.net\/site\/bem-aventurado-pedro-vigne\/\" \/>\n<meta property=\"og:locale\" content=\"pt_BR\" \/>\n<meta property=\"og:type\" content=\"article\" \/>\n<meta property=\"og:title\" content=\"Bem Aventurado Pedro Vigne - O Arcanjo no ar\" \/>\n<meta property=\"og:description\" content=\"8 de Julho Fundou a Congrega\u00e7\u00e3o das Religiosas do Sant\u00edssimo Sacramento Irm\u00e3s Sacramentinas Pierre, ou Pedro, Vigne nasceu no dia 20 de agosto de 1670 na Fran\u00e7a, em Privas, uma pequena cidade ainda sob as seq\u00fcelas de lutas religiosas entre cat\u00f3licos e protestantes no s\u00e9culo anterior. Seus pais, Pedro e Francisca, eram protestantes, mas batizaram [&hellip;]\" \/>\n<meta property=\"og:url\" content=\"https:\/\/www.oarcanjo.net\/site\/bem-aventurado-pedro-vigne\/\" \/>\n<meta property=\"og:site_name\" content=\"O Arcanjo no ar\" \/>\n<meta property=\"article:publisher\" content=\"https:\/\/www.facebook.com\/OArcanjoNoAr\/\" \/>\n<meta property=\"article:published_time\" content=\"2018-07-08T03:24:57+00:00\" \/>\n<meta property=\"article:modified_time\" content=\"2018-06-20T21:23:15+00:00\" \/>\n<meta property=\"og:image\" content=\"http:\/\/3.bp.blogspot.com\/_z-c0Sh5Zlrs\/SHKa0OTCw9I\/AAAAAAAAAVY\/vqZhfHBNCTo\/s400\/Pedro+Vigne.jpg\" \/>\n<meta name=\"author\" content=\"danilo\" \/>\n<meta name=\"twitter:card\" content=\"summary_large_image\" \/>\n<meta name=\"twitter:label1\" content=\"Escrito por\" \/>\n\t<meta name=\"twitter:data1\" content=\"danilo\" \/>\n\t<meta name=\"twitter:label2\" content=\"Est. tempo de leitura\" \/>\n\t<meta name=\"twitter:data2\" content=\"4 minutos\" \/>\n<script type=\"application\/ld+json\" class=\"yoast-schema-graph\">{\"@context\":\"https:\/\/schema.org\",\"@graph\":[{\"@type\":\"Article\",\"@id\":\"https:\/\/www.oarcanjo.net\/site\/bem-aventurado-pedro-vigne\/#article\",\"isPartOf\":{\"@id\":\"https:\/\/www.oarcanjo.net\/site\/bem-aventurado-pedro-vigne\/\"},\"author\":{\"name\":\"danilo\",\"@id\":\"https:\/\/www.oarcanjo.net\/site\/#\/schema\/person\/5eb9480bedd2f3c97e430ce128c29c6c\"},\"headline\":\"Bem Aventurado Pedro Vigne\",\"datePublished\":\"2018-07-08T03:24:57+00:00\",\"dateModified\":\"2018-06-20T21:23:15+00:00\",\"mainEntityOfPage\":{\"@id\":\"https:\/\/www.oarcanjo.net\/site\/bem-aventurado-pedro-vigne\/\"},\"wordCount\":715,\"commentCount\":0,\"publisher\":{\"@id\":\"https:\/\/www.oarcanjo.net\/site\/#organization\"},\"image\":{\"@id\":\"https:\/\/www.oarcanjo.net\/site\/bem-aventurado-pedro-vigne\/#primaryimage\"},\"thumbnailUrl\":\"http:\/\/3.bp.blogspot.com\/_z-c0Sh5Zlrs\/SHKa0OTCw9I\/AAAAAAAAAVY\/vqZhfHBNCTo\/s400\/Pedro+Vigne.jpg\",\"articleSection\":[\"Testemunhos\"],\"inLanguage\":\"pt-BR\",\"potentialAction\":[{\"@type\":\"CommentAction\",\"name\":\"Comment\",\"target\":[\"https:\/\/www.oarcanjo.net\/site\/bem-aventurado-pedro-vigne\/#respond\"]}]},{\"@type\":\"WebPage\",\"@id\":\"https:\/\/www.oarcanjo.net\/site\/bem-aventurado-pedro-vigne\/\",\"url\":\"https:\/\/www.oarcanjo.net\/site\/bem-aventurado-pedro-vigne\/\",\"name\":\"Bem Aventurado Pedro Vigne - O Arcanjo no ar\",\"isPartOf\":{\"@id\":\"https:\/\/www.oarcanjo.net\/site\/#website\"},\"primaryImageOfPage\":{\"@id\":\"https:\/\/www.oarcanjo.net\/site\/bem-aventurado-pedro-vigne\/#primaryimage\"},\"image\":{\"@id\":\"https:\/\/www.oarcanjo.net\/site\/bem-aventurado-pedro-vigne\/#primaryimage\"},\"thumbnailUrl\":\"http:\/\/3.bp.blogspot.com\/_z-c0Sh5Zlrs\/SHKa0OTCw9I\/AAAAAAAAAVY\/vqZhfHBNCTo\/s400\/Pedro+Vigne.jpg\",\"datePublished\":\"2018-07-08T03:24:57+00:00\",\"dateModified\":\"2018-06-20T21:23:15+00:00\",\"breadcrumb\":{\"@id\":\"https:\/\/www.oarcanjo.net\/site\/bem-aventurado-pedro-vigne\/#breadcrumb\"},\"inLanguage\":\"pt-BR\",\"potentialAction\":[{\"@type\":\"ReadAction\",\"target\":[\"https:\/\/www.oarcanjo.net\/site\/bem-aventurado-pedro-vigne\/\"]}]},{\"@type\":\"ImageObject\",\"inLanguage\":\"pt-BR\",\"@id\":\"https:\/\/www.oarcanjo.net\/site\/bem-aventurado-pedro-vigne\/#primaryimage\",\"url\":\"http:\/\/3.bp.blogspot.com\/_z-c0Sh5Zlrs\/SHKa0OTCw9I\/AAAAAAAAAVY\/vqZhfHBNCTo\/s400\/Pedro+Vigne.jpg\",\"contentUrl\":\"http:\/\/3.bp.blogspot.com\/_z-c0Sh5Zlrs\/SHKa0OTCw9I\/AAAAAAAAAVY\/vqZhfHBNCTo\/s400\/Pedro+Vigne.jpg\"},{\"@type\":\"BreadcrumbList\",\"@id\":\"https:\/\/www.oarcanjo.net\/site\/bem-aventurado-pedro-vigne\/#breadcrumb\",\"itemListElement\":[{\"@type\":\"ListItem\",\"position\":1,\"name\":\"In\u00edcio\",\"item\":\"https:\/\/www.oarcanjo.net\/site\/\"},{\"@type\":\"ListItem\",\"position\":2,\"name\":\"Bem Aventurado Pedro Vigne\"}]},{\"@type\":\"WebSite\",\"@id\":\"https:\/\/www.oarcanjo.net\/site\/#website\",\"url\":\"https:\/\/www.oarcanjo.net\/site\/\",\"name\":\"O Arcanjo no ar\",\"description\":\"Site da Par\u00f3quia S\u00e3o Miguel Arcanjo (Arquidiocese de SP)\",\"publisher\":{\"@id\":\"https:\/\/www.oarcanjo.net\/site\/#organization\"},\"potentialAction\":[{\"@type\":\"SearchAction\",\"target\":{\"@type\":\"EntryPoint\",\"urlTemplate\":\"https:\/\/www.oarcanjo.net\/site\/?s={search_term_string}\"},\"query-input\":{\"@type\":\"PropertyValueSpecification\",\"valueRequired\":true,\"valueName\":\"search_term_string\"}}],\"inLanguage\":\"pt-BR\"},{\"@type\":\"Organization\",\"@id\":\"https:\/\/www.oarcanjo.net\/site\/#organization\",\"name\":\"Par\u00f3quia S\u00e3o Miguel Arcanjo\",\"url\":\"https:\/\/www.oarcanjo.net\/site\/\",\"logo\":{\"@type\":\"ImageObject\",\"inLanguage\":\"pt-BR\",\"@id\":\"https:\/\/www.oarcanjo.net\/site\/#\/schema\/logo\/image\/\",\"url\":\"https:\/\/www.oarcanjo.net\/site\/wp-content\/uploads\/LogoOArcanjo.png\",\"contentUrl\":\"https:\/\/www.oarcanjo.net\/site\/wp-content\/uploads\/LogoOArcanjo.png\",\"width\":319,\"height\":99,\"caption\":\"Par\u00f3quia S\u00e3o Miguel Arcanjo\"},\"image\":{\"@id\":\"https:\/\/www.oarcanjo.net\/site\/#\/schema\/logo\/image\/\"},\"sameAs\":[\"https:\/\/www.facebook.com\/OArcanjoNoAr\/\"]},{\"@type\":\"Person\",\"@id\":\"https:\/\/www.oarcanjo.net\/site\/#\/schema\/person\/5eb9480bedd2f3c97e430ce128c29c6c\",\"name\":\"danilo\"}]}<\/script>\n<!-- \/ Yoast SEO plugin. -->","yoast_head_json":{"title":"Bem Aventurado Pedro Vigne - O Arcanjo no ar","robots":{"index":"index","follow":"follow","max-snippet":"max-snippet:-1","max-image-preview":"max-image-preview:large","max-video-preview":"max-video-preview:-1"},"canonical":"https:\/\/www.oarcanjo.net\/site\/bem-aventurado-pedro-vigne\/","og_locale":"pt_BR","og_type":"article","og_title":"Bem Aventurado Pedro Vigne - O Arcanjo no ar","og_description":"8 de Julho Fundou a Congrega\u00e7\u00e3o das Religiosas do Sant\u00edssimo Sacramento Irm\u00e3s Sacramentinas Pierre, ou Pedro, Vigne nasceu no dia 20 de agosto de 1670 na Fran\u00e7a, em Privas, uma pequena cidade ainda sob as seq\u00fcelas de lutas religiosas entre cat\u00f3licos e protestantes no s\u00e9culo anterior. Seus pais, Pedro e Francisca, eram protestantes, mas batizaram [&hellip;]","og_url":"https:\/\/www.oarcanjo.net\/site\/bem-aventurado-pedro-vigne\/","og_site_name":"O Arcanjo no ar","article_publisher":"https:\/\/www.facebook.com\/OArcanjoNoAr\/","article_published_time":"2018-07-08T03:24:57+00:00","article_modified_time":"2018-06-20T21:23:15+00:00","og_image":[{"url":"http:\/\/3.bp.blogspot.com\/_z-c0Sh5Zlrs\/SHKa0OTCw9I\/AAAAAAAAAVY\/vqZhfHBNCTo\/s400\/Pedro+Vigne.jpg"}],"author":"danilo","twitter_card":"summary_large_image","twitter_misc":{"Escrito por":"danilo","Est. tempo de leitura":"4 minutos"},"schema":{"@context":"https:\/\/schema.org","@graph":[{"@type":"Article","@id":"https:\/\/www.oarcanjo.net\/site\/bem-aventurado-pedro-vigne\/#article","isPartOf":{"@id":"https:\/\/www.oarcanjo.net\/site\/bem-aventurado-pedro-vigne\/"},"author":{"name":"danilo","@id":"https:\/\/www.oarcanjo.net\/site\/#\/schema\/person\/5eb9480bedd2f3c97e430ce128c29c6c"},"headline":"Bem Aventurado Pedro Vigne","datePublished":"2018-07-08T03:24:57+00:00","dateModified":"2018-06-20T21:23:15+00:00","mainEntityOfPage":{"@id":"https:\/\/www.oarcanjo.net\/site\/bem-aventurado-pedro-vigne\/"},"wordCount":715,"commentCount":0,"publisher":{"@id":"https:\/\/www.oarcanjo.net\/site\/#organization"},"image":{"@id":"https:\/\/www.oarcanjo.net\/site\/bem-aventurado-pedro-vigne\/#primaryimage"},"thumbnailUrl":"http:\/\/3.bp.blogspot.com\/_z-c0Sh5Zlrs\/SHKa0OTCw9I\/AAAAAAAAAVY\/vqZhfHBNCTo\/s400\/Pedro+Vigne.jpg","articleSection":["Testemunhos"],"inLanguage":"pt-BR","potentialAction":[{"@type":"CommentAction","name":"Comment","target":["https:\/\/www.oarcanjo.net\/site\/bem-aventurado-pedro-vigne\/#respond"]}]},{"@type":"WebPage","@id":"https:\/\/www.oarcanjo.net\/site\/bem-aventurado-pedro-vigne\/","url":"https:\/\/www.oarcanjo.net\/site\/bem-aventurado-pedro-vigne\/","name":"Bem Aventurado Pedro Vigne - O Arcanjo no ar","isPartOf":{"@id":"https:\/\/www.oarcanjo.net\/site\/#website"},"primaryImageOfPage":{"@id":"https:\/\/www.oarcanjo.net\/site\/bem-aventurado-pedro-vigne\/#primaryimage"},"image":{"@id":"https:\/\/www.oarcanjo.net\/site\/bem-aventurado-pedro-vigne\/#primaryimage"},"thumbnailUrl":"http:\/\/3.bp.blogspot.com\/_z-c0Sh5Zlrs\/SHKa0OTCw9I\/AAAAAAAAAVY\/vqZhfHBNCTo\/s400\/Pedro+Vigne.jpg","datePublished":"2018-07-08T03:24:57+00:00","dateModified":"2018-06-20T21:23:15+00:00","breadcrumb":{"@id":"https:\/\/www.oarcanjo.net\/site\/bem-aventurado-pedro-vigne\/#breadcrumb"},"inLanguage":"pt-BR","potentialAction":[{"@type":"ReadAction","target":["https:\/\/www.oarcanjo.net\/site\/bem-aventurado-pedro-vigne\/"]}]},{"@type":"ImageObject","inLanguage":"pt-BR","@id":"https:\/\/www.oarcanjo.net\/site\/bem-aventurado-pedro-vigne\/#primaryimage","url":"http:\/\/3.bp.blogspot.com\/_z-c0Sh5Zlrs\/SHKa0OTCw9I\/AAAAAAAAAVY\/vqZhfHBNCTo\/s400\/Pedro+Vigne.jpg","contentUrl":"http:\/\/3.bp.blogspot.com\/_z-c0Sh5Zlrs\/SHKa0OTCw9I\/AAAAAAAAAVY\/vqZhfHBNCTo\/s400\/Pedro+Vigne.jpg"},{"@type":"BreadcrumbList","@id":"https:\/\/www.oarcanjo.net\/site\/bem-aventurado-pedro-vigne\/#breadcrumb","itemListElement":[{"@type":"ListItem","position":1,"name":"In\u00edcio","item":"https:\/\/www.oarcanjo.net\/site\/"},{"@type":"ListItem","position":2,"name":"Bem Aventurado Pedro Vigne"}]},{"@type":"WebSite","@id":"https:\/\/www.oarcanjo.net\/site\/#website","url":"https:\/\/www.oarcanjo.net\/site\/","name":"O Arcanjo no ar","description":"Site da Par\u00f3quia S\u00e3o Miguel Arcanjo (Arquidiocese de SP)","publisher":{"@id":"https:\/\/www.oarcanjo.net\/site\/#organization"},"potentialAction":[{"@type":"SearchAction","target":{"@type":"EntryPoint","urlTemplate":"https:\/\/www.oarcanjo.net\/site\/?s={search_term_string}"},"query-input":{"@type":"PropertyValueSpecification","valueRequired":true,"valueName":"search_term_string"}}],"inLanguage":"pt-BR"},{"@type":"Organization","@id":"https:\/\/www.oarcanjo.net\/site\/#organization","name":"Par\u00f3quia S\u00e3o Miguel Arcanjo","url":"https:\/\/www.oarcanjo.net\/site\/","logo":{"@type":"ImageObject","inLanguage":"pt-BR","@id":"https:\/\/www.oarcanjo.net\/site\/#\/schema\/logo\/image\/","url":"https:\/\/www.oarcanjo.net\/site\/wp-content\/uploads\/LogoOArcanjo.png","contentUrl":"https:\/\/www.oarcanjo.net\/site\/wp-content\/uploads\/LogoOArcanjo.png","width":319,"height":99,"caption":"Par\u00f3quia S\u00e3o Miguel Arcanjo"},"image":{"@id":"https:\/\/www.oarcanjo.net\/site\/#\/schema\/logo\/image\/"},"sameAs":["https:\/\/www.facebook.com\/OArcanjoNoAr\/"]},{"@type":"Person","@id":"https:\/\/www.oarcanjo.net\/site\/#\/schema\/person\/5eb9480bedd2f3c97e430ce128c29c6c","name":"danilo"}]}},"publishpress_future_action":{"enabled":false,"date":"2026-05-08 11:44:26","action":"category","newStatus":"draft","terms":[],"taxonomy":"category"},"publishpress_future_workflow_manual_trigger":{"enabledWorkflows":[]},"_links":{"self":[{"href":"https:\/\/www.oarcanjo.net\/site\/wp-json\/wp\/v2\/posts\/10041"}],"collection":[{"href":"https:\/\/www.oarcanjo.net\/site\/wp-json\/wp\/v2\/posts"}],"about":[{"href":"https:\/\/www.oarcanjo.net\/site\/wp-json\/wp\/v2\/types\/post"}],"author":[{"embeddable":true,"href":"https:\/\/www.oarcanjo.net\/site\/wp-json\/wp\/v2\/users\/14"}],"replies":[{"embeddable":true,"href":"https:\/\/www.oarcanjo.net\/site\/wp-json\/wp\/v2\/comments?post=10041"}],"version-history":[{"count":1,"href":"https:\/\/www.oarcanjo.net\/site\/wp-json\/wp\/v2\/posts\/10041\/revisions"}],"predecessor-version":[{"id":88624,"href":"https:\/\/www.oarcanjo.net\/site\/wp-json\/wp\/v2\/posts\/10041\/revisions\/88624"}],"wp:attachment":[{"href":"https:\/\/www.oarcanjo.net\/site\/wp-json\/wp\/v2\/media?parent=10041"}],"wp:term":[{"taxonomy":"category","embeddable":true,"href":"https:\/\/www.oarcanjo.net\/site\/wp-json\/wp\/v2\/categories?post=10041"},{"taxonomy":"post_tag","embeddable":true,"href":"https:\/\/www.oarcanjo.net\/site\/wp-json\/wp\/v2\/tags?post=10041"}],"curies":[{"name":"wp","href":"https:\/\/api.w.org\/{rel}","templated":true}]}}