
{"id":10058,"date":"2010-07-03T05:50:43","date_gmt":"2010-07-03T08:50:43","guid":{"rendered":"http:\/\/www.oarcanjo.net\/site\/?p=10058"},"modified":"2010-07-03T06:05:31","modified_gmt":"2010-07-03T09:05:31","slug":"dona-alzira-participa-da-missa-no-domingo","status":"publish","type":"post","link":"https:\/\/www.oarcanjo.net\/site\/dona-alzira-participa-da-missa-no-domingo\/","title":{"rendered":"Dona Alzira participa da missa no domingo"},"content":{"rendered":"<p>A alegria no domingo, dia 27 de junho, foi maior na Capela S\u00e3o Judas. Al\u00e9m dos batizados, fomos agraciados com o retorno da Dona Alzira. Foi recebida com palmas e os cumprimentos de todos.<\/p>\n<p><img loading=\"lazy\" decoding=\"async\" src=\"http:\/\/www.oarcanjo.net\/site\/wp-content\/uploads\/DAlzira-02.jpg\" alt=\"Dona Alzira participa da missa na Capela S\u00e3o Judas\" title=\"Dona Alzira participa da missa na Capela S\u00e3o Judas\" width=\"450\" height=\"300\" class=\"aligncenter size-full wp-image-10060\" srcset=\"https:\/\/www.oarcanjo.net\/site\/wp-content\/uploads\/DAlzira-02.jpg 450w, https:\/\/www.oarcanjo.net\/site\/wp-content\/uploads\/DAlzira-02-300x200.jpg 300w\" sizes=\"(max-width: 450px) 100vw, 450px\" \/><\/p>\n<p>Passou quase tr\u00eas meses no hospital, mas com serenidade, confian\u00e7a e sobretudo muita f\u00e9. Sua felicidade nesse retorno e seu sorriso doce emocionou a todos, como mostram as fotos.<\/p>\n<p><img loading=\"lazy\" decoding=\"async\" src=\"http:\/\/www.oarcanjo.net\/site\/wp-content\/uploads\/DAlzira-04.jpg\" alt=\"\" title=\"Dona Alzira voltou a participar da missa na Capela S\u00e3o Judas\" width=\"450\" height=\"300\" class=\"aligncenter size-full wp-image-10068\" srcset=\"https:\/\/www.oarcanjo.net\/site\/wp-content\/uploads\/DAlzira-04.jpg 450w, https:\/\/www.oarcanjo.net\/site\/wp-content\/uploads\/DAlzira-04-300x200.jpg 300w\" sizes=\"(max-width: 450px) 100vw, 450px\" \/><\/p>\n<p><img loading=\"lazy\" decoding=\"async\" src=\"http:\/\/www.oarcanjo.net\/site\/wp-content\/uploads\/DAlzira-01.jpg\" alt=\"Dona Alzira voltou a participar da missa na Capela S\u00e3o Judas\" title=\"Dona Alzira voltou a participar da missa na Capela S\u00e3o Judas\" width=\"450\" height=\"300\" class=\"aligncenter size-full wp-image-10059\" srcset=\"https:\/\/www.oarcanjo.net\/site\/wp-content\/uploads\/DAlzira-01.jpg 450w, https:\/\/www.oarcanjo.net\/site\/wp-content\/uploads\/DAlzira-01-300x200.jpg 300w\" sizes=\"(max-width: 450px) 100vw, 450px\" \/><\/p>\n<p><img loading=\"lazy\" decoding=\"async\" src=\"http:\/\/www.oarcanjo.net\/site\/wp-content\/uploads\/DAlzira-03.jpg\" alt=\"Dona Alzira participa da missa na Capela S\u00e3o Judas\" title=\"DAlzira-03\" width=\"450\" height=\"300\" class=\"aligncenter size-full wp-image-10061\" srcset=\"https:\/\/www.oarcanjo.net\/site\/wp-content\/uploads\/DAlzira-03.jpg 450w, https:\/\/www.oarcanjo.net\/site\/wp-content\/uploads\/DAlzira-03-300x200.jpg 300w\" sizes=\"(max-width: 450px) 100vw, 450px\" \/><\/p>\n<p><img loading=\"lazy\" decoding=\"async\" src=\"http:\/\/www.oarcanjo.net\/site\/wp-content\/uploads\/DAlzira-05.jpg\" alt=\"Dona Alzira voltou a participar da missa na Capela S\u00e3o Judas\" title=\"Dona Alzira voltou a participar da missa na Capela S\u00e3o Judas\" width=\"450\" height=\"300\" class=\"aligncenter size-full wp-image-10070\" srcset=\"https:\/\/www.oarcanjo.net\/site\/wp-content\/uploads\/DAlzira-05.jpg 450w, https:\/\/www.oarcanjo.net\/site\/wp-content\/uploads\/DAlzira-05-300x200.jpg 300w\" sizes=\"(max-width: 450px) 100vw, 450px\" \/><\/p>\n<p><img loading=\"lazy\" decoding=\"async\" src=\"http:\/\/www.oarcanjo.net\/site\/wp-content\/uploads\/DAlzira-06.jpg\" alt=\"Dona Alzira voltou a participar da missa na Capela S\u00e3o Judas\" title=\"Dona Alzira voltou a participar da missa na Capela S\u00e3o Judas\" width=\"450\" height=\"300\" class=\"aligncenter size-full wp-image-10071\" srcset=\"https:\/\/www.oarcanjo.net\/site\/wp-content\/uploads\/DAlzira-06.jpg 450w, https:\/\/www.oarcanjo.net\/site\/wp-content\/uploads\/DAlzira-06-300x200.jpg 300w\" sizes=\"(max-width: 450px) 100vw, 450px\" \/><\/p>\n<p><em>Imagens e texto de Carlos Beatriz<\/em><\/p>\n<div id=\"themify_builder_content-10058\" data-postid=\"10058\" class=\"themify_builder_content themify_builder_content-10058 themify_builder themify_builder_front\">\n\t<\/div>\n<!-- \/themify_builder_content -->","protected":false},"excerpt":{"rendered":"<p>A alegria no domingo, dia 27 de junho, foi maior na Capela S\u00e3o Judas. Al\u00e9m dos batizados, fomos agraciados com o retorno da Dona Alzira. Foi recebida com palmas e os cumprimentos de todos. Passou quase tr\u00eas meses no hospital, mas com serenidade, confian\u00e7a e sobretudo muita f\u00e9. Sua felicidade nesse retorno e seu sorriso [&hellip;]<\/p>\n","protected":false},"author":5,"featured_media":0,"comment_status":"open","ping_status":"open","sticky":false,"template":"","format":"standard","meta":{"ngg_post_thumbnail":0,"footnotes":""},"categories":[8,7],"tags":[],"yoast_head":"<!-- This site is optimized with the Yoast SEO plugin v23.5 - https:\/\/yoast.com\/wordpress\/plugins\/seo\/ -->\n<title>Dona Alzira participa da missa no domingo - O Arcanjo no ar<\/title>\n<meta name=\"robots\" content=\"index, follow, max-snippet:-1, max-image-preview:large, max-video-preview:-1\" \/>\n<link rel=\"canonical\" href=\"https:\/\/www.oarcanjo.net\/site\/dona-alzira-participa-da-missa-no-domingo\/\" \/>\n<meta property=\"og:locale\" content=\"pt_BR\" \/>\n<meta property=\"og:type\" content=\"article\" \/>\n<meta property=\"og:title\" content=\"Dona Alzira participa da missa no domingo - O Arcanjo no ar\" \/>\n<meta property=\"og:description\" content=\"A alegria no domingo, dia 27 de junho, foi maior na Capela S\u00e3o Judas. Al\u00e9m dos batizados, fomos agraciados com o retorno da Dona Alzira. Foi recebida com palmas e os cumprimentos de todos. Passou quase tr\u00eas meses no hospital, mas com serenidade, confian\u00e7a e sobretudo muita f\u00e9. Sua felicidade nesse retorno e seu sorriso [&hellip;]\" \/>\n<meta property=\"og:url\" content=\"https:\/\/www.oarcanjo.net\/site\/dona-alzira-participa-da-missa-no-domingo\/\" \/>\n<meta property=\"og:site_name\" content=\"O Arcanjo no ar\" \/>\n<meta property=\"article:publisher\" content=\"https:\/\/www.facebook.com\/OArcanjoNoAr\/\" \/>\n<meta property=\"article:published_time\" content=\"2010-07-03T08:50:43+00:00\" \/>\n<meta property=\"article:modified_time\" content=\"2010-07-03T09:05:31+00:00\" \/>\n<meta property=\"og:image\" content=\"http:\/\/www.oarcanjo.net\/site\/wp-content\/uploads\/DAlzira-02.jpg\" \/>\n<meta name=\"author\" content=\"editor\" \/>\n<meta name=\"twitter:card\" content=\"summary_large_image\" \/>\n<meta name=\"twitter:label1\" content=\"Escrito por\" \/>\n\t<meta name=\"twitter:data1\" content=\"editor\" \/>\n<script type=\"application\/ld+json\" class=\"yoast-schema-graph\">{\"@context\":\"https:\/\/schema.org\",\"@graph\":[{\"@type\":\"Article\",\"@id\":\"https:\/\/www.oarcanjo.net\/site\/dona-alzira-participa-da-missa-no-domingo\/#article\",\"isPartOf\":{\"@id\":\"https:\/\/www.oarcanjo.net\/site\/dona-alzira-participa-da-missa-no-domingo\/\"},\"author\":{\"name\":\"editor\",\"@id\":\"https:\/\/www.oarcanjo.net\/site\/#\/schema\/person\/f7024d007863202483a31326673a0838\"},\"headline\":\"Dona Alzira participa da missa no domingo\",\"datePublished\":\"2010-07-03T08:50:43+00:00\",\"dateModified\":\"2010-07-03T09:05:31+00:00\",\"mainEntityOfPage\":{\"@id\":\"https:\/\/www.oarcanjo.net\/site\/dona-alzira-participa-da-missa-no-domingo\/\"},\"wordCount\":79,\"commentCount\":1,\"publisher\":{\"@id\":\"https:\/\/www.oarcanjo.net\/site\/#organization\"},\"image\":{\"@id\":\"https:\/\/www.oarcanjo.net\/site\/dona-alzira-participa-da-missa-no-domingo\/#primaryimage\"},\"thumbnailUrl\":\"http:\/\/www.oarcanjo.net\/site\/wp-content\/uploads\/DAlzira-02.jpg\",\"articleSection\":[\"Not\u00edcias\",\"Rosto da comunidade\"],\"inLanguage\":\"pt-BR\",\"potentialAction\":[{\"@type\":\"CommentAction\",\"name\":\"Comment\",\"target\":[\"https:\/\/www.oarcanjo.net\/site\/dona-alzira-participa-da-missa-no-domingo\/#respond\"]}]},{\"@type\":\"WebPage\",\"@id\":\"https:\/\/www.oarcanjo.net\/site\/dona-alzira-participa-da-missa-no-domingo\/\",\"url\":\"https:\/\/www.oarcanjo.net\/site\/dona-alzira-participa-da-missa-no-domingo\/\",\"name\":\"Dona Alzira participa da missa no domingo - O Arcanjo no ar\",\"isPartOf\":{\"@id\":\"https:\/\/www.oarcanjo.net\/site\/#website\"},\"primaryImageOfPage\":{\"@id\":\"https:\/\/www.oarcanjo.net\/site\/dona-alzira-participa-da-missa-no-domingo\/#primaryimage\"},\"image\":{\"@id\":\"https:\/\/www.oarcanjo.net\/site\/dona-alzira-participa-da-missa-no-domingo\/#primaryimage\"},\"thumbnailUrl\":\"http:\/\/www.oarcanjo.net\/site\/wp-content\/uploads\/DAlzira-02.jpg\",\"datePublished\":\"2010-07-03T08:50:43+00:00\",\"dateModified\":\"2010-07-03T09:05:31+00:00\",\"breadcrumb\":{\"@id\":\"https:\/\/www.oarcanjo.net\/site\/dona-alzira-participa-da-missa-no-domingo\/#breadcrumb\"},\"inLanguage\":\"pt-BR\",\"potentialAction\":[{\"@type\":\"ReadAction\",\"target\":[\"https:\/\/www.oarcanjo.net\/site\/dona-alzira-participa-da-missa-no-domingo\/\"]}]},{\"@type\":\"ImageObject\",\"inLanguage\":\"pt-BR\",\"@id\":\"https:\/\/www.oarcanjo.net\/site\/dona-alzira-participa-da-missa-no-domingo\/#primaryimage\",\"url\":\"https:\/\/www.oarcanjo.net\/site\/wp-content\/uploads\/DAlzira-02.jpg\",\"contentUrl\":\"https:\/\/www.oarcanjo.net\/site\/wp-content\/uploads\/DAlzira-02.jpg\",\"width\":\"450\",\"height\":\"300\",\"caption\":\"Dona Alzira participa da missa na Capela S\u00e3o Judas\"},{\"@type\":\"BreadcrumbList\",\"@id\":\"https:\/\/www.oarcanjo.net\/site\/dona-alzira-participa-da-missa-no-domingo\/#breadcrumb\",\"itemListElement\":[{\"@type\":\"ListItem\",\"position\":1,\"name\":\"In\u00edcio\",\"item\":\"https:\/\/www.oarcanjo.net\/site\/\"},{\"@type\":\"ListItem\",\"position\":2,\"name\":\"Dona Alzira participa da missa no domingo\"}]},{\"@type\":\"WebSite\",\"@id\":\"https:\/\/www.oarcanjo.net\/site\/#website\",\"url\":\"https:\/\/www.oarcanjo.net\/site\/\",\"name\":\"O Arcanjo no ar\",\"description\":\"Site da Par\u00f3quia S\u00e3o Miguel Arcanjo (Arquidiocese de SP)\",\"publisher\":{\"@id\":\"https:\/\/www.oarcanjo.net\/site\/#organization\"},\"potentialAction\":[{\"@type\":\"SearchAction\",\"target\":{\"@type\":\"EntryPoint\",\"urlTemplate\":\"https:\/\/www.oarcanjo.net\/site\/?s={search_term_string}\"},\"query-input\":{\"@type\":\"PropertyValueSpecification\",\"valueRequired\":true,\"valueName\":\"search_term_string\"}}],\"inLanguage\":\"pt-BR\"},{\"@type\":\"Organization\",\"@id\":\"https:\/\/www.oarcanjo.net\/site\/#organization\",\"name\":\"Par\u00f3quia S\u00e3o Miguel Arcanjo\",\"url\":\"https:\/\/www.oarcanjo.net\/site\/\",\"logo\":{\"@type\":\"ImageObject\",\"inLanguage\":\"pt-BR\",\"@id\":\"https:\/\/www.oarcanjo.net\/site\/#\/schema\/logo\/image\/\",\"url\":\"https:\/\/www.oarcanjo.net\/site\/wp-content\/uploads\/LogoOArcanjo.png\",\"contentUrl\":\"https:\/\/www.oarcanjo.net\/site\/wp-content\/uploads\/LogoOArcanjo.png\",\"width\":319,\"height\":99,\"caption\":\"Par\u00f3quia S\u00e3o Miguel Arcanjo\"},\"image\":{\"@id\":\"https:\/\/www.oarcanjo.net\/site\/#\/schema\/logo\/image\/\"},\"sameAs\":[\"https:\/\/www.facebook.com\/OArcanjoNoAr\/\"]},{\"@type\":\"Person\",\"@id\":\"https:\/\/www.oarcanjo.net\/site\/#\/schema\/person\/f7024d007863202483a31326673a0838\",\"name\":\"editor\",\"sameAs\":[\"http:\/\/www.oarcanjo.net\"]}]}<\/script>\n<!-- \/ Yoast SEO plugin. -->","yoast_head_json":{"title":"Dona Alzira participa da missa no domingo - O Arcanjo no ar","robots":{"index":"index","follow":"follow","max-snippet":"max-snippet:-1","max-image-preview":"max-image-preview:large","max-video-preview":"max-video-preview:-1"},"canonical":"https:\/\/www.oarcanjo.net\/site\/dona-alzira-participa-da-missa-no-domingo\/","og_locale":"pt_BR","og_type":"article","og_title":"Dona Alzira participa da missa no domingo - O Arcanjo no ar","og_description":"A alegria no domingo, dia 27 de junho, foi maior na Capela S\u00e3o Judas. Al\u00e9m dos batizados, fomos agraciados com o retorno da Dona Alzira. Foi recebida com palmas e os cumprimentos de todos. Passou quase tr\u00eas meses no hospital, mas com serenidade, confian\u00e7a e sobretudo muita f\u00e9. Sua felicidade nesse retorno e seu sorriso [&hellip;]","og_url":"https:\/\/www.oarcanjo.net\/site\/dona-alzira-participa-da-missa-no-domingo\/","og_site_name":"O Arcanjo no ar","article_publisher":"https:\/\/www.facebook.com\/OArcanjoNoAr\/","article_published_time":"2010-07-03T08:50:43+00:00","article_modified_time":"2010-07-03T09:05:31+00:00","og_image":[{"url":"http:\/\/www.oarcanjo.net\/site\/wp-content\/uploads\/DAlzira-02.jpg"}],"author":"editor","twitter_card":"summary_large_image","twitter_misc":{"Escrito por":"editor"},"schema":{"@context":"https:\/\/schema.org","@graph":[{"@type":"Article","@id":"https:\/\/www.oarcanjo.net\/site\/dona-alzira-participa-da-missa-no-domingo\/#article","isPartOf":{"@id":"https:\/\/www.oarcanjo.net\/site\/dona-alzira-participa-da-missa-no-domingo\/"},"author":{"name":"editor","@id":"https:\/\/www.oarcanjo.net\/site\/#\/schema\/person\/f7024d007863202483a31326673a0838"},"headline":"Dona Alzira participa da missa no domingo","datePublished":"2010-07-03T08:50:43+00:00","dateModified":"2010-07-03T09:05:31+00:00","mainEntityOfPage":{"@id":"https:\/\/www.oarcanjo.net\/site\/dona-alzira-participa-da-missa-no-domingo\/"},"wordCount":79,"commentCount":1,"publisher":{"@id":"https:\/\/www.oarcanjo.net\/site\/#organization"},"image":{"@id":"https:\/\/www.oarcanjo.net\/site\/dona-alzira-participa-da-missa-no-domingo\/#primaryimage"},"thumbnailUrl":"http:\/\/www.oarcanjo.net\/site\/wp-content\/uploads\/DAlzira-02.jpg","articleSection":["Not\u00edcias","Rosto da comunidade"],"inLanguage":"pt-BR","potentialAction":[{"@type":"CommentAction","name":"Comment","target":["https:\/\/www.oarcanjo.net\/site\/dona-alzira-participa-da-missa-no-domingo\/#respond"]}]},{"@type":"WebPage","@id":"https:\/\/www.oarcanjo.net\/site\/dona-alzira-participa-da-missa-no-domingo\/","url":"https:\/\/www.oarcanjo.net\/site\/dona-alzira-participa-da-missa-no-domingo\/","name":"Dona Alzira participa da missa no domingo - O Arcanjo no ar","isPartOf":{"@id":"https:\/\/www.oarcanjo.net\/site\/#website"},"primaryImageOfPage":{"@id":"https:\/\/www.oarcanjo.net\/site\/dona-alzira-participa-da-missa-no-domingo\/#primaryimage"},"image":{"@id":"https:\/\/www.oarcanjo.net\/site\/dona-alzira-participa-da-missa-no-domingo\/#primaryimage"},"thumbnailUrl":"http:\/\/www.oarcanjo.net\/site\/wp-content\/uploads\/DAlzira-02.jpg","datePublished":"2010-07-03T08:50:43+00:00","dateModified":"2010-07-03T09:05:31+00:00","breadcrumb":{"@id":"https:\/\/www.oarcanjo.net\/site\/dona-alzira-participa-da-missa-no-domingo\/#breadcrumb"},"inLanguage":"pt-BR","potentialAction":[{"@type":"ReadAction","target":["https:\/\/www.oarcanjo.net\/site\/dona-alzira-participa-da-missa-no-domingo\/"]}]},{"@type":"ImageObject","inLanguage":"pt-BR","@id":"https:\/\/www.oarcanjo.net\/site\/dona-alzira-participa-da-missa-no-domingo\/#primaryimage","url":"https:\/\/www.oarcanjo.net\/site\/wp-content\/uploads\/DAlzira-02.jpg","contentUrl":"https:\/\/www.oarcanjo.net\/site\/wp-content\/uploads\/DAlzira-02.jpg","width":"450","height":"300","caption":"Dona Alzira participa da missa na Capela S\u00e3o Judas"},{"@type":"BreadcrumbList","@id":"https:\/\/www.oarcanjo.net\/site\/dona-alzira-participa-da-missa-no-domingo\/#breadcrumb","itemListElement":[{"@type":"ListItem","position":1,"name":"In\u00edcio","item":"https:\/\/www.oarcanjo.net\/site\/"},{"@type":"ListItem","position":2,"name":"Dona Alzira participa da missa no domingo"}]},{"@type":"WebSite","@id":"https:\/\/www.oarcanjo.net\/site\/#website","url":"https:\/\/www.oarcanjo.net\/site\/","name":"O Arcanjo no ar","description":"Site da Par\u00f3quia S\u00e3o Miguel Arcanjo (Arquidiocese de SP)","publisher":{"@id":"https:\/\/www.oarcanjo.net\/site\/#organization"},"potentialAction":[{"@type":"SearchAction","target":{"@type":"EntryPoint","urlTemplate":"https:\/\/www.oarcanjo.net\/site\/?s={search_term_string}"},"query-input":{"@type":"PropertyValueSpecification","valueRequired":true,"valueName":"search_term_string"}}],"inLanguage":"pt-BR"},{"@type":"Organization","@id":"https:\/\/www.oarcanjo.net\/site\/#organization","name":"Par\u00f3quia S\u00e3o Miguel Arcanjo","url":"https:\/\/www.oarcanjo.net\/site\/","logo":{"@type":"ImageObject","inLanguage":"pt-BR","@id":"https:\/\/www.oarcanjo.net\/site\/#\/schema\/logo\/image\/","url":"https:\/\/www.oarcanjo.net\/site\/wp-content\/uploads\/LogoOArcanjo.png","contentUrl":"https:\/\/www.oarcanjo.net\/site\/wp-content\/uploads\/LogoOArcanjo.png","width":319,"height":99,"caption":"Par\u00f3quia S\u00e3o Miguel Arcanjo"},"image":{"@id":"https:\/\/www.oarcanjo.net\/site\/#\/schema\/logo\/image\/"},"sameAs":["https:\/\/www.facebook.com\/OArcanjoNoAr\/"]},{"@type":"Person","@id":"https:\/\/www.oarcanjo.net\/site\/#\/schema\/person\/f7024d007863202483a31326673a0838","name":"editor","sameAs":["http:\/\/www.oarcanjo.net"]}]}},"publishpress_future_action":{"enabled":false,"date":"2026-05-07 22:18:33","action":"category","newStatus":"draft","terms":[],"taxonomy":"category"},"publishpress_future_workflow_manual_trigger":{"enabledWorkflows":[]},"_links":{"self":[{"href":"https:\/\/www.oarcanjo.net\/site\/wp-json\/wp\/v2\/posts\/10058"}],"collection":[{"href":"https:\/\/www.oarcanjo.net\/site\/wp-json\/wp\/v2\/posts"}],"about":[{"href":"https:\/\/www.oarcanjo.net\/site\/wp-json\/wp\/v2\/types\/post"}],"author":[{"embeddable":true,"href":"https:\/\/www.oarcanjo.net\/site\/wp-json\/wp\/v2\/users\/5"}],"replies":[{"embeddable":true,"href":"https:\/\/www.oarcanjo.net\/site\/wp-json\/wp\/v2\/comments?post=10058"}],"version-history":[{"count":0,"href":"https:\/\/www.oarcanjo.net\/site\/wp-json\/wp\/v2\/posts\/10058\/revisions"}],"wp:attachment":[{"href":"https:\/\/www.oarcanjo.net\/site\/wp-json\/wp\/v2\/media?parent=10058"}],"wp:term":[{"taxonomy":"category","embeddable":true,"href":"https:\/\/www.oarcanjo.net\/site\/wp-json\/wp\/v2\/categories?post=10058"},{"taxonomy":"post_tag","embeddable":true,"href":"https:\/\/www.oarcanjo.net\/site\/wp-json\/wp\/v2\/tags?post=10058"}],"curies":[{"name":"wp","href":"https:\/\/api.w.org\/{rel}","templated":true}]}}