
{"id":10096,"date":"2010-07-03T19:29:12","date_gmt":"2010-07-03T22:29:12","guid":{"rendered":"http:\/\/www.oarcanjo.net\/site\/?p=10096"},"modified":"2010-08-09T22:14:00","modified_gmt":"2010-08-10T01:14:00","slug":"plebiscito-popular-pelo-limite-da-terra-sera-realizado-em-setembro","status":"publish","type":"post","link":"https:\/\/www.oarcanjo.net\/site\/plebiscito-popular-pelo-limite-da-terra-sera-realizado-em-setembro\/","title":{"rendered":"Plebiscito Popular pelo limite da terra ser\u00e1 realizado em setembro"},"content":{"rendered":"<p>Assessoria de Comunica\u00e7\u00e3o do FNRA<\/p>\n<p><img loading=\"lazy\" decoding=\"async\" class=\"alignleft size-full wp-image-10099\" title=\"Plebiscito pelo limite da propriedade da terra\" src=\"http:\/\/www.oarcanjo.net\/site\/wp-content\/uploads\/marca_site_2.jpg\" alt=\"Plebiscito pelo limite da propriedade da terra\" width=\"314\" height=\"227\" srcset=\"https:\/\/www.oarcanjo.net\/site\/wp-content\/uploads\/marca_site_2.jpg 448w, https:\/\/www.oarcanjo.net\/site\/wp-content\/uploads\/marca_site_2-300x216.jpg 300w\" sizes=\"(max-width: 314px) 100vw, 314px\" \/><\/p>\n<p>O Plebiscito Popular pelo limite da propriedade da terra ser\u00e1 o ato concreto do povo brasileiro contra a concentra\u00e7\u00e3o de terras no pa\u00eds, que \u00e9 o segundo maior concentrador do mundo, perdendo apenas para o Paraguai. Esta consulta popular \u00e9 fruto da Campanha Nacional pelo Limite da Propriedade da Terra, promovida pelo F\u00f3rum Nacional da Reforma Agr\u00e1ria e Justi\u00e7a no Campo (FNRA) desde o ano 2000.<\/p>\n<p>A campanha foi criada com o objetivo de conscientizar e mobilizar a sociedade brasileira sobre a necessidade e a import\u00e2ncia de se estabelecer um limite para a propriedade. Mais de 50 entidades, organiza\u00e7\u00f5es, movimentos e pastorais sociais que comp\u00f5em o FNRA est\u00e3o engajadas na articula\u00e7\u00e3o massiva em todos os estados da federa\u00e7\u00e3o.<\/p>\n<p>Cada cidad\u00e3 e cidad\u00e3o brasileiro ser\u00e1 convidado a votar entre os dias 01 e 07 de setembro, durante a Semana da P\u00e1tria, junto com o Grito dos Exclu\u00eddos, para expressar se concorda ou n\u00e3o com o limite da propriedade. O objetivo final \u00e9 pressionar o Congresso Nacional para que seja inclu\u00edda na Constitui\u00e7\u00e3o Brasileira um novo inciso que <strong>limite a terra em 35 m\u00f3dulos fiscais<\/strong>, medida sugerida pela campanha do FNRA. \u00c1reas acima de 35 m\u00f3dulos seriam automaticamente incorporadas ao patrim\u00f4nio p\u00fablico e destinadas \u00e0 reforma agr\u00e1ria.<\/p>\n<p>&#8220;A Campanha da Fraternidade deste ano tamb\u00e9m prop\u00f5e como gesto concreto de compromisso a participa\u00e7\u00e3o no plebiscito pelo limite da propriedade. Um limite para a propriedade faz parte de uma nova ordem econ\u00f4mica a servi\u00e7o da vida&#8221;, afirmou Dirceu Fumagalli, membro da coordena\u00e7\u00e3o nacional da CPT. Para ele, uma consulta popular, mais do que obter resultados concretos com a vota\u00e7\u00e3o, \u00e9 um processo pedag\u00f3gico importante de forma\u00e7\u00e3o e conscientiza\u00e7\u00e3o do povo brasileiro sobre a realidade agr\u00e1ria. &#8220;S\u00e3o milhares de fam\u00edlias acampadas \u00e0 espera de uma reforma agr\u00e1ria justa. S\u00e3o \u00edndices crescentes da viol\u00eancia no campo. \u00c9 o crescimento desordenado dos grandes centros urbanos. Tudo isso tem rela\u00e7\u00e3o direta com a absurda concentra\u00e7\u00e3o de terras no Brasil.&#8221;<\/p>\n<p>Segundo Luiz Claudio Mandela, membro da coordena\u00e7\u00e3o colegiada da C\u00e1ritas Brasileira, os promotores do plebiscito querem dialogar com a sociedade sobre a concentra\u00e7\u00e3o de terras no Brasil. &#8220;Isso interfere na estrutura pol\u00edtica, social, econ\u00f4mica e geogr\u00e1fica do pa\u00eds&#8221;, ressaltou. De acordo com Mandela, durante toda a campanha est\u00e3o sendo coletadas assinaturas para que esta proposta seja convertida em um projeto de iniciativa popular. &#8220;Para isso precisamos de, no m\u00ednimo, 1,5 milh\u00e3o de assinaturas. Mas pretendemos superar esta meta.&#8221;<\/p>\n<p><strong>Outras informa\u00e7\u00f5es:<\/strong><\/p>\n<p><em>Por que limitar as propriedades de terra no Brasil?<\/em><\/p>\n<p><strong>Porque a pequena propriedade familiar, segundo dados do Censo Agropecu\u00e1rio do IBGE 2006:<\/strong><\/p>\n<p>* Produz a maior parte dos alimentos da mesa dos brasileiros: toda a produ\u00e7\u00e3o de hortali\u00e7as, 87% da mandioca, 70% do feij\u00e3o, 46% do milho, 38% do caf\u00e9, 34% do arroz, 21% do trigo; 58% do leite, 59% dos su\u00ednos, 50% das aves.<\/p>\n<p>* Emprega 74,4% das pessoas ocupadas no campo (as empresas do agroneg\u00f3cio s\u00f3 empregam 25,6% do total.)<\/p>\n<p>* A cada cem hectares ocupa 15 pessoas (as empresas do agroneg\u00f3cio ocupam 1,7 pessoas a cada cem hectares).<\/p>\n<p>* Os estabelecimentos com at\u00e9 10 hectares apresentam os maiores ganhos por hectare, R$ 3.800,00.<\/p>\n<p><strong>Enquanto a concentra\u00e7\u00e3o de terras no latif\u00fandio e grandes empresas:<\/strong><\/p>\n<p>* Expulsa as fam\u00edlias do campo, jogando-as nas favelas e \u00e1reas de risco das grandes cidades;<\/p>\n<p>* \u00c9 respons\u00e1vel pelos conflitos e a viol\u00eancia no campo. Nos \u00faltimos 25 anos, conforme a Comiss\u00e3o Pastoral da Terra (CPT):<\/p>\n<p>1.546 trabalhadores foram assassinados e houve uma m\u00e9dia anual de<\/p>\n<p>2.709 fam\u00edlias expulsas de suas terras!<\/p>\n<p>13.815 fam\u00edlias despejadas!<\/p>\n<p>422 pessoas presas!<\/p>\n<p>765 conflitos diretamente relacionados \u00e0 luta pela terra!<\/p>\n<p>92.290 fam\u00edlias envolvidas em conflitos por terra!<\/p>\n<p>* Lan\u00e7a m\u00e3o de rela\u00e7\u00f5es de trabalho an\u00e1logas ao trabalho escravo. Em 25 anos 2.438 ocorr\u00eancias de trabalho escravo foram registradas, com 163 mil trabalhadores escravizados.<\/p>\n<p>Para mais informa\u00e7\u00f5es, leia o <strong><a href=\"http:\/\/www.oarcanjo.net\/site\/wp-content\/uploads\/Campanha-Nacional-pelo-Limite-da-Propriedade-da-Terra.pdf\" target=\"_blank\">texto do Pe. Nelito Dorneles<\/a><\/strong> e visite o <strong><a href=\"http:\/\/www.limitedaterra.org.br\" target=\"_blank\">site da\u00a0campanha (<\/a><\/strong><strong><a href=\"http:\/\/www.limitedaterra.org.br\" target=\"_blank\">www.limitedaterra.org.br<\/a><\/strong><strong><a href=\"http:\/\/www.limitedaterra.org.br\" target=\"_blank\">)<\/a><\/strong><\/p>\n<p><strong>V\u00eddeo da campanha<\/strong><\/p>\n<p><object classid=\"clsid:d27cdb6e-ae6d-11cf-96b8-444553540000\" width=\"480\" height=\"385\" codebase=\"http:\/\/download.macromedia.com\/pub\/shockwave\/cabs\/flash\/swflash.cab#version=6,0,40,0\"><param name=\"allowFullScreen\" value=\"true\" \/><param name=\"allowscriptaccess\" value=\"always\" \/><param name=\"src\" value=\"http:\/\/www.youtube.com\/v\/p5hG9DOwSh0&amp;hl=en_US&amp;fs=1?rel=0&amp;color1=0xe1600f&amp;color2=0xfebd01\" \/><param name=\"allowfullscreen\" value=\"true\" \/><embed type=\"application\/x-shockwave-flash\" width=\"480\" height=\"385\" src=\"http:\/\/www.youtube.com\/v\/p5hG9DOwSh0&amp;hl=en_US&amp;fs=1?rel=0&amp;color1=0xe1600f&amp;color2=0xfebd01\" allowscriptaccess=\"always\" allowfullscreen=\"true\"><\/embed><\/object><\/p>\n<div id=\"themify_builder_content-10096\" data-postid=\"10096\" class=\"themify_builder_content themify_builder_content-10096 themify_builder themify_builder_front\">\n\t<\/div>\n<!-- \/themify_builder_content -->","protected":false},"excerpt":{"rendered":"<p>Sociedade brasileira est\u00e1 sendo conscientizada e mobilizada para a campanha do limite; v\u00e1rios estados j\u00e1 est\u00e3o se organizando para levar a popula\u00e7\u00e3o \u00e0s urnas entre os dias 01 e 07 de setembro<\/p>\n","protected":false},"author":5,"featured_media":0,"comment_status":"open","ping_status":"open","sticky":false,"template":"","format":"standard","meta":{"ngg_post_thumbnail":0,"footnotes":""},"categories":[241,3,8,280],"tags":[229,264,75,1153,341,293],"yoast_head":"<!-- This site is optimized with the Yoast SEO plugin v23.5 - https:\/\/yoast.com\/wordpress\/plugins\/seo\/ -->\n<title>Plebiscito Popular pelo limite da terra ser\u00e1 realizado em setembro - O Arcanjo no ar<\/title>\n<meta name=\"robots\" content=\"index, follow, max-snippet:-1, max-image-preview:large, max-video-preview:-1\" \/>\n<link rel=\"canonical\" href=\"https:\/\/www.oarcanjo.net\/site\/plebiscito-popular-pelo-limite-da-terra-sera-realizado-em-setembro\/\" \/>\n<meta property=\"og:locale\" content=\"pt_BR\" \/>\n<meta property=\"og:type\" content=\"article\" \/>\n<meta property=\"og:title\" content=\"Plebiscito Popular pelo limite da terra ser\u00e1 realizado em setembro - O Arcanjo no ar\" \/>\n<meta property=\"og:description\" content=\"Sociedade brasileira est\u00e1 sendo conscientizada e mobilizada para a campanha do limite; v\u00e1rios estados j\u00e1 est\u00e3o se organizando para levar a popula\u00e7\u00e3o \u00e0s urnas entre os dias 01 e 07 de setembro\" \/>\n<meta property=\"og:url\" content=\"https:\/\/www.oarcanjo.net\/site\/plebiscito-popular-pelo-limite-da-terra-sera-realizado-em-setembro\/\" \/>\n<meta property=\"og:site_name\" content=\"O Arcanjo no ar\" \/>\n<meta property=\"article:publisher\" content=\"https:\/\/www.facebook.com\/OArcanjoNoAr\/\" \/>\n<meta property=\"article:published_time\" content=\"2010-07-03T22:29:12+00:00\" \/>\n<meta property=\"article:modified_time\" content=\"2010-08-10T01:14:00+00:00\" \/>\n<meta property=\"og:image\" content=\"http:\/\/www.oarcanjo.net\/site\/wp-content\/uploads\/marca_site_2.jpg\" \/>\n<meta name=\"author\" content=\"editor\" \/>\n<meta name=\"twitter:card\" content=\"summary_large_image\" \/>\n<meta name=\"twitter:label1\" content=\"Escrito por\" \/>\n\t<meta name=\"twitter:data1\" content=\"editor\" \/>\n\t<meta name=\"twitter:label2\" content=\"Est. tempo de leitura\" \/>\n\t<meta name=\"twitter:data2\" content=\"3 minutos\" \/>\n<script type=\"application\/ld+json\" class=\"yoast-schema-graph\">{\"@context\":\"https:\/\/schema.org\",\"@graph\":[{\"@type\":\"Article\",\"@id\":\"https:\/\/www.oarcanjo.net\/site\/plebiscito-popular-pelo-limite-da-terra-sera-realizado-em-setembro\/#article\",\"isPartOf\":{\"@id\":\"https:\/\/www.oarcanjo.net\/site\/plebiscito-popular-pelo-limite-da-terra-sera-realizado-em-setembro\/\"},\"author\":{\"name\":\"editor\",\"@id\":\"https:\/\/www.oarcanjo.net\/site\/#\/schema\/person\/f7024d007863202483a31326673a0838\"},\"headline\":\"Plebiscito Popular pelo limite da terra ser\u00e1 realizado em setembro\",\"datePublished\":\"2010-07-03T22:29:12+00:00\",\"dateModified\":\"2010-08-10T01:14:00+00:00\",\"mainEntityOfPage\":{\"@id\":\"https:\/\/www.oarcanjo.net\/site\/plebiscito-popular-pelo-limite-da-terra-sera-realizado-em-setembro\/\"},\"wordCount\":692,\"commentCount\":4,\"publisher\":{\"@id\":\"https:\/\/www.oarcanjo.net\/site\/#organization\"},\"image\":{\"@id\":\"https:\/\/www.oarcanjo.net\/site\/plebiscito-popular-pelo-limite-da-terra-sera-realizado-em-setembro\/#primaryimage\"},\"thumbnailUrl\":\"http:\/\/www.oarcanjo.net\/site\/wp-content\/uploads\/marca_site_2.jpg\",\"keywords\":[\"Campanha da Fraternidade\",\"CPT\",\"Justi\u00e7a social\",\"luta pela terra\",\"Pastoral da Terra\",\"Reforma agr\u00e1ria\"],\"articleSection\":[\"CF\",\"Destaques\",\"Not\u00edcias\",\"V\u00eddeos\"],\"inLanguage\":\"pt-BR\",\"potentialAction\":[{\"@type\":\"CommentAction\",\"name\":\"Comment\",\"target\":[\"https:\/\/www.oarcanjo.net\/site\/plebiscito-popular-pelo-limite-da-terra-sera-realizado-em-setembro\/#respond\"]}]},{\"@type\":\"WebPage\",\"@id\":\"https:\/\/www.oarcanjo.net\/site\/plebiscito-popular-pelo-limite-da-terra-sera-realizado-em-setembro\/\",\"url\":\"https:\/\/www.oarcanjo.net\/site\/plebiscito-popular-pelo-limite-da-terra-sera-realizado-em-setembro\/\",\"name\":\"Plebiscito Popular pelo limite da terra ser\u00e1 realizado em setembro - O Arcanjo no ar\",\"isPartOf\":{\"@id\":\"https:\/\/www.oarcanjo.net\/site\/#website\"},\"primaryImageOfPage\":{\"@id\":\"https:\/\/www.oarcanjo.net\/site\/plebiscito-popular-pelo-limite-da-terra-sera-realizado-em-setembro\/#primaryimage\"},\"image\":{\"@id\":\"https:\/\/www.oarcanjo.net\/site\/plebiscito-popular-pelo-limite-da-terra-sera-realizado-em-setembro\/#primaryimage\"},\"thumbnailUrl\":\"http:\/\/www.oarcanjo.net\/site\/wp-content\/uploads\/marca_site_2.jpg\",\"datePublished\":\"2010-07-03T22:29:12+00:00\",\"dateModified\":\"2010-08-10T01:14:00+00:00\",\"breadcrumb\":{\"@id\":\"https:\/\/www.oarcanjo.net\/site\/plebiscito-popular-pelo-limite-da-terra-sera-realizado-em-setembro\/#breadcrumb\"},\"inLanguage\":\"pt-BR\",\"potentialAction\":[{\"@type\":\"ReadAction\",\"target\":[\"https:\/\/www.oarcanjo.net\/site\/plebiscito-popular-pelo-limite-da-terra-sera-realizado-em-setembro\/\"]}]},{\"@type\":\"ImageObject\",\"inLanguage\":\"pt-BR\",\"@id\":\"https:\/\/www.oarcanjo.net\/site\/plebiscito-popular-pelo-limite-da-terra-sera-realizado-em-setembro\/#primaryimage\",\"url\":\"https:\/\/www.oarcanjo.net\/site\/wp-content\/uploads\/marca_site_2.jpg\",\"contentUrl\":\"https:\/\/www.oarcanjo.net\/site\/wp-content\/uploads\/marca_site_2.jpg\",\"width\":\"448\",\"height\":\"324\",\"caption\":\"Plebiscito pelo limite da propriedade da terra\"},{\"@type\":\"BreadcrumbList\",\"@id\":\"https:\/\/www.oarcanjo.net\/site\/plebiscito-popular-pelo-limite-da-terra-sera-realizado-em-setembro\/#breadcrumb\",\"itemListElement\":[{\"@type\":\"ListItem\",\"position\":1,\"name\":\"In\u00edcio\",\"item\":\"https:\/\/www.oarcanjo.net\/site\/\"},{\"@type\":\"ListItem\",\"position\":2,\"name\":\"Plebiscito Popular pelo limite da terra ser\u00e1 realizado em setembro\"}]},{\"@type\":\"WebSite\",\"@id\":\"https:\/\/www.oarcanjo.net\/site\/#website\",\"url\":\"https:\/\/www.oarcanjo.net\/site\/\",\"name\":\"O Arcanjo no ar\",\"description\":\"Site da Par\u00f3quia S\u00e3o Miguel Arcanjo (Arquidiocese de SP)\",\"publisher\":{\"@id\":\"https:\/\/www.oarcanjo.net\/site\/#organization\"},\"potentialAction\":[{\"@type\":\"SearchAction\",\"target\":{\"@type\":\"EntryPoint\",\"urlTemplate\":\"https:\/\/www.oarcanjo.net\/site\/?s={search_term_string}\"},\"query-input\":{\"@type\":\"PropertyValueSpecification\",\"valueRequired\":true,\"valueName\":\"search_term_string\"}}],\"inLanguage\":\"pt-BR\"},{\"@type\":\"Organization\",\"@id\":\"https:\/\/www.oarcanjo.net\/site\/#organization\",\"name\":\"Par\u00f3quia S\u00e3o Miguel Arcanjo\",\"url\":\"https:\/\/www.oarcanjo.net\/site\/\",\"logo\":{\"@type\":\"ImageObject\",\"inLanguage\":\"pt-BR\",\"@id\":\"https:\/\/www.oarcanjo.net\/site\/#\/schema\/logo\/image\/\",\"url\":\"https:\/\/www.oarcanjo.net\/site\/wp-content\/uploads\/LogoOArcanjo.png\",\"contentUrl\":\"https:\/\/www.oarcanjo.net\/site\/wp-content\/uploads\/LogoOArcanjo.png\",\"width\":319,\"height\":99,\"caption\":\"Par\u00f3quia S\u00e3o Miguel Arcanjo\"},\"image\":{\"@id\":\"https:\/\/www.oarcanjo.net\/site\/#\/schema\/logo\/image\/\"},\"sameAs\":[\"https:\/\/www.facebook.com\/OArcanjoNoAr\/\"]},{\"@type\":\"Person\",\"@id\":\"https:\/\/www.oarcanjo.net\/site\/#\/schema\/person\/f7024d007863202483a31326673a0838\",\"name\":\"editor\",\"sameAs\":[\"http:\/\/www.oarcanjo.net\"]}]}<\/script>\n<!-- \/ Yoast SEO plugin. -->","yoast_head_json":{"title":"Plebiscito Popular pelo limite da terra ser\u00e1 realizado em setembro - O Arcanjo no ar","robots":{"index":"index","follow":"follow","max-snippet":"max-snippet:-1","max-image-preview":"max-image-preview:large","max-video-preview":"max-video-preview:-1"},"canonical":"https:\/\/www.oarcanjo.net\/site\/plebiscito-popular-pelo-limite-da-terra-sera-realizado-em-setembro\/","og_locale":"pt_BR","og_type":"article","og_title":"Plebiscito Popular pelo limite da terra ser\u00e1 realizado em setembro - O Arcanjo no ar","og_description":"Sociedade brasileira est\u00e1 sendo conscientizada e mobilizada para a campanha do limite; v\u00e1rios estados j\u00e1 est\u00e3o se organizando para levar a popula\u00e7\u00e3o \u00e0s urnas entre os dias 01 e 07 de setembro","og_url":"https:\/\/www.oarcanjo.net\/site\/plebiscito-popular-pelo-limite-da-terra-sera-realizado-em-setembro\/","og_site_name":"O Arcanjo no ar","article_publisher":"https:\/\/www.facebook.com\/OArcanjoNoAr\/","article_published_time":"2010-07-03T22:29:12+00:00","article_modified_time":"2010-08-10T01:14:00+00:00","og_image":[{"url":"http:\/\/www.oarcanjo.net\/site\/wp-content\/uploads\/marca_site_2.jpg"}],"author":"editor","twitter_card":"summary_large_image","twitter_misc":{"Escrito por":"editor","Est. tempo de leitura":"3 minutos"},"schema":{"@context":"https:\/\/schema.org","@graph":[{"@type":"Article","@id":"https:\/\/www.oarcanjo.net\/site\/plebiscito-popular-pelo-limite-da-terra-sera-realizado-em-setembro\/#article","isPartOf":{"@id":"https:\/\/www.oarcanjo.net\/site\/plebiscito-popular-pelo-limite-da-terra-sera-realizado-em-setembro\/"},"author":{"name":"editor","@id":"https:\/\/www.oarcanjo.net\/site\/#\/schema\/person\/f7024d007863202483a31326673a0838"},"headline":"Plebiscito Popular pelo limite da terra ser\u00e1 realizado em setembro","datePublished":"2010-07-03T22:29:12+00:00","dateModified":"2010-08-10T01:14:00+00:00","mainEntityOfPage":{"@id":"https:\/\/www.oarcanjo.net\/site\/plebiscito-popular-pelo-limite-da-terra-sera-realizado-em-setembro\/"},"wordCount":692,"commentCount":4,"publisher":{"@id":"https:\/\/www.oarcanjo.net\/site\/#organization"},"image":{"@id":"https:\/\/www.oarcanjo.net\/site\/plebiscito-popular-pelo-limite-da-terra-sera-realizado-em-setembro\/#primaryimage"},"thumbnailUrl":"http:\/\/www.oarcanjo.net\/site\/wp-content\/uploads\/marca_site_2.jpg","keywords":["Campanha da Fraternidade","CPT","Justi\u00e7a social","luta pela terra","Pastoral da Terra","Reforma agr\u00e1ria"],"articleSection":["CF","Destaques","Not\u00edcias","V\u00eddeos"],"inLanguage":"pt-BR","potentialAction":[{"@type":"CommentAction","name":"Comment","target":["https:\/\/www.oarcanjo.net\/site\/plebiscito-popular-pelo-limite-da-terra-sera-realizado-em-setembro\/#respond"]}]},{"@type":"WebPage","@id":"https:\/\/www.oarcanjo.net\/site\/plebiscito-popular-pelo-limite-da-terra-sera-realizado-em-setembro\/","url":"https:\/\/www.oarcanjo.net\/site\/plebiscito-popular-pelo-limite-da-terra-sera-realizado-em-setembro\/","name":"Plebiscito Popular pelo limite da terra ser\u00e1 realizado em setembro - O Arcanjo no ar","isPartOf":{"@id":"https:\/\/www.oarcanjo.net\/site\/#website"},"primaryImageOfPage":{"@id":"https:\/\/www.oarcanjo.net\/site\/plebiscito-popular-pelo-limite-da-terra-sera-realizado-em-setembro\/#primaryimage"},"image":{"@id":"https:\/\/www.oarcanjo.net\/site\/plebiscito-popular-pelo-limite-da-terra-sera-realizado-em-setembro\/#primaryimage"},"thumbnailUrl":"http:\/\/www.oarcanjo.net\/site\/wp-content\/uploads\/marca_site_2.jpg","datePublished":"2010-07-03T22:29:12+00:00","dateModified":"2010-08-10T01:14:00+00:00","breadcrumb":{"@id":"https:\/\/www.oarcanjo.net\/site\/plebiscito-popular-pelo-limite-da-terra-sera-realizado-em-setembro\/#breadcrumb"},"inLanguage":"pt-BR","potentialAction":[{"@type":"ReadAction","target":["https:\/\/www.oarcanjo.net\/site\/plebiscito-popular-pelo-limite-da-terra-sera-realizado-em-setembro\/"]}]},{"@type":"ImageObject","inLanguage":"pt-BR","@id":"https:\/\/www.oarcanjo.net\/site\/plebiscito-popular-pelo-limite-da-terra-sera-realizado-em-setembro\/#primaryimage","url":"https:\/\/www.oarcanjo.net\/site\/wp-content\/uploads\/marca_site_2.jpg","contentUrl":"https:\/\/www.oarcanjo.net\/site\/wp-content\/uploads\/marca_site_2.jpg","width":"448","height":"324","caption":"Plebiscito pelo limite da propriedade da terra"},{"@type":"BreadcrumbList","@id":"https:\/\/www.oarcanjo.net\/site\/plebiscito-popular-pelo-limite-da-terra-sera-realizado-em-setembro\/#breadcrumb","itemListElement":[{"@type":"ListItem","position":1,"name":"In\u00edcio","item":"https:\/\/www.oarcanjo.net\/site\/"},{"@type":"ListItem","position":2,"name":"Plebiscito Popular pelo limite da terra ser\u00e1 realizado em setembro"}]},{"@type":"WebSite","@id":"https:\/\/www.oarcanjo.net\/site\/#website","url":"https:\/\/www.oarcanjo.net\/site\/","name":"O Arcanjo no ar","description":"Site da Par\u00f3quia S\u00e3o Miguel Arcanjo (Arquidiocese de SP)","publisher":{"@id":"https:\/\/www.oarcanjo.net\/site\/#organization"},"potentialAction":[{"@type":"SearchAction","target":{"@type":"EntryPoint","urlTemplate":"https:\/\/www.oarcanjo.net\/site\/?s={search_term_string}"},"query-input":{"@type":"PropertyValueSpecification","valueRequired":true,"valueName":"search_term_string"}}],"inLanguage":"pt-BR"},{"@type":"Organization","@id":"https:\/\/www.oarcanjo.net\/site\/#organization","name":"Par\u00f3quia S\u00e3o Miguel Arcanjo","url":"https:\/\/www.oarcanjo.net\/site\/","logo":{"@type":"ImageObject","inLanguage":"pt-BR","@id":"https:\/\/www.oarcanjo.net\/site\/#\/schema\/logo\/image\/","url":"https:\/\/www.oarcanjo.net\/site\/wp-content\/uploads\/LogoOArcanjo.png","contentUrl":"https:\/\/www.oarcanjo.net\/site\/wp-content\/uploads\/LogoOArcanjo.png","width":319,"height":99,"caption":"Par\u00f3quia S\u00e3o Miguel Arcanjo"},"image":{"@id":"https:\/\/www.oarcanjo.net\/site\/#\/schema\/logo\/image\/"},"sameAs":["https:\/\/www.facebook.com\/OArcanjoNoAr\/"]},{"@type":"Person","@id":"https:\/\/www.oarcanjo.net\/site\/#\/schema\/person\/f7024d007863202483a31326673a0838","name":"editor","sameAs":["http:\/\/www.oarcanjo.net"]}]}},"publishpress_future_action":{"enabled":false,"date":"2026-05-07 19:28:08","action":"category","newStatus":"draft","terms":[],"taxonomy":"category"},"publishpress_future_workflow_manual_trigger":{"enabledWorkflows":[]},"_links":{"self":[{"href":"https:\/\/www.oarcanjo.net\/site\/wp-json\/wp\/v2\/posts\/10096"}],"collection":[{"href":"https:\/\/www.oarcanjo.net\/site\/wp-json\/wp\/v2\/posts"}],"about":[{"href":"https:\/\/www.oarcanjo.net\/site\/wp-json\/wp\/v2\/types\/post"}],"author":[{"embeddable":true,"href":"https:\/\/www.oarcanjo.net\/site\/wp-json\/wp\/v2\/users\/5"}],"replies":[{"embeddable":true,"href":"https:\/\/www.oarcanjo.net\/site\/wp-json\/wp\/v2\/comments?post=10096"}],"version-history":[{"count":0,"href":"https:\/\/www.oarcanjo.net\/site\/wp-json\/wp\/v2\/posts\/10096\/revisions"}],"wp:attachment":[{"href":"https:\/\/www.oarcanjo.net\/site\/wp-json\/wp\/v2\/media?parent=10096"}],"wp:term":[{"taxonomy":"category","embeddable":true,"href":"https:\/\/www.oarcanjo.net\/site\/wp-json\/wp\/v2\/categories?post=10096"},{"taxonomy":"post_tag","embeddable":true,"href":"https:\/\/www.oarcanjo.net\/site\/wp-json\/wp\/v2\/tags?post=10096"}],"curies":[{"name":"wp","href":"https:\/\/api.w.org\/{rel}","templated":true}]}}