
{"id":101117,"date":"2020-07-26T14:30:54","date_gmt":"2020-07-26T17:30:54","guid":{"rendered":"https:\/\/www.oarcanjo.net\/site\/?p=101117"},"modified":"2020-07-26T17:01:15","modified_gmt":"2020-07-26T20:01:15","slug":"homilia-do-pe-julio-no-17o-domingo-do-tempo-comum-26-07-2020","status":"publish","type":"post","link":"https:\/\/www.oarcanjo.net\/site\/homilia-do-pe-julio-no-17o-domingo-do-tempo-comum-26-07-2020\/","title":{"rendered":"Homilia do Pe. Julio no 17\u00ba Domingo do Tempo Comum &#8211; 26\/07\/2020"},"content":{"rendered":"<p>No Evangelho de 26\/07\/2020, Jesus conta mais tr\u00eas par\u00e1bolas: a do tesouro escondido, a da p\u00e9rola e a da rede. O que \u00e9 o tesouro, o que \u00e9 a p\u00e9rola? \u00c9 o reinado de Deus. Se voc\u00ea encontrou, tenha alegria! Se voc\u00ea encontrou, v\u00e1 contra a corrente e se entregue pro amor de Deus no amor aos irm\u00e3os. O que Mateus prop\u00f5e \u00e9 uma sociedade alternativa, onde h\u00e1 o discernimento pra denunciar, pra anunciar, pra partilhar, para olhar pros irm\u00e3os e descobrir os pequenos. Acompanhe a homilia do Pe. Julio no 17\u00ba Domingo do Tempo Comum:<\/p>\n<p><iframe loading=\"lazy\" src=\"https:\/\/www.youtube.com\/embed\/mgpLzSElWT8?rel=0\" allowfullscreen=\"allowfullscreen\" width=\"700\" height=\"394\" frameborder=\"0\"><\/iframe><\/p>\n<div id=\"themify_builder_content-101117\" data-postid=\"101117\" class=\"themify_builder_content themify_builder_content-101117 themify_builder themify_builder_front\">\n\t<\/div>\n<!-- \/themify_builder_content -->","protected":false},"excerpt":{"rendered":"<p>O que \u00e9 o tesouro, o que \u00e9 a p\u00e9rola? \u00c9 o reinado de Deus. Se voc\u00ea encontrou, tenha alegria! Se voc\u00ea encontrou, v\u00e1 contra a corrente e se entregue pro amor de Deus no amor aos irm\u00e3os<\/p>\n","protected":false},"author":5,"featured_media":101118,"comment_status":"open","ping_status":"open","sticky":false,"template":"","format":"standard","meta":{"ngg_post_thumbnail":0,"footnotes":""},"categories":[4,3,475],"tags":[],"yoast_head":"<!-- This site is optimized with the Yoast SEO plugin v23.5 - https:\/\/yoast.com\/wordpress\/plugins\/seo\/ -->\n<title>Homilia do Pe. Julio no 17\u00ba Domingo do Tempo Comum - 26\/07\/2020 - O Arcanjo no ar<\/title>\n<meta name=\"robots\" content=\"index, follow, max-snippet:-1, max-image-preview:large, max-video-preview:-1\" \/>\n<link rel=\"canonical\" href=\"https:\/\/www.oarcanjo.net\/site\/homilia-do-pe-julio-no-17o-domingo-do-tempo-comum-26-07-2020\/\" \/>\n<meta property=\"og:locale\" content=\"pt_BR\" \/>\n<meta property=\"og:type\" content=\"article\" \/>\n<meta property=\"og:title\" content=\"Homilia do Pe. Julio no 17\u00ba Domingo do Tempo Comum - 26\/07\/2020 - O Arcanjo no ar\" \/>\n<meta property=\"og:description\" content=\"O que \u00e9 o tesouro, o que \u00e9 a p\u00e9rola? \u00c9 o reinado de Deus. Se voc\u00ea encontrou, tenha alegria! Se voc\u00ea encontrou, v\u00e1 contra a corrente e se entregue pro amor de Deus no amor aos irm\u00e3os\" \/>\n<meta property=\"og:url\" content=\"https:\/\/www.oarcanjo.net\/site\/homilia-do-pe-julio-no-17o-domingo-do-tempo-comum-26-07-2020\/\" \/>\n<meta property=\"og:site_name\" content=\"O Arcanjo no ar\" \/>\n<meta property=\"article:publisher\" content=\"https:\/\/www.facebook.com\/OArcanjoNoAr\/\" \/>\n<meta property=\"article:published_time\" content=\"2020-07-26T17:30:54+00:00\" \/>\n<meta property=\"article:modified_time\" content=\"2020-07-26T20:01:15+00:00\" \/>\n<meta property=\"og:image\" content=\"https:\/\/www.oarcanjo.net\/site\/wp-content\/uploads\/20200726Homilia02.png\" \/>\n\t<meta property=\"og:image:width\" content=\"910\" \/>\n\t<meta property=\"og:image:height\" content=\"510\" \/>\n\t<meta property=\"og:image:type\" content=\"image\/png\" \/>\n<meta name=\"author\" content=\"editor\" \/>\n<meta name=\"twitter:card\" content=\"summary_large_image\" \/>\n<meta name=\"twitter:label1\" content=\"Escrito por\" \/>\n\t<meta name=\"twitter:data1\" content=\"editor\" \/>\n<script type=\"application\/ld+json\" class=\"yoast-schema-graph\">{\"@context\":\"https:\/\/schema.org\",\"@graph\":[{\"@type\":\"Article\",\"@id\":\"https:\/\/www.oarcanjo.net\/site\/homilia-do-pe-julio-no-17o-domingo-do-tempo-comum-26-07-2020\/#article\",\"isPartOf\":{\"@id\":\"https:\/\/www.oarcanjo.net\/site\/homilia-do-pe-julio-no-17o-domingo-do-tempo-comum-26-07-2020\/\"},\"author\":{\"name\":\"editor\",\"@id\":\"https:\/\/www.oarcanjo.net\/site\/#\/schema\/person\/f7024d007863202483a31326673a0838\"},\"headline\":\"Homilia do Pe. Julio no 17\u00ba Domingo do Tempo Comum &#8211; 26\/07\/2020\",\"datePublished\":\"2020-07-26T17:30:54+00:00\",\"dateModified\":\"2020-07-26T20:01:15+00:00\",\"mainEntityOfPage\":{\"@id\":\"https:\/\/www.oarcanjo.net\/site\/homilia-do-pe-julio-no-17o-domingo-do-tempo-comum-26-07-2020\/\"},\"wordCount\":107,\"commentCount\":1,\"publisher\":{\"@id\":\"https:\/\/www.oarcanjo.net\/site\/#organization\"},\"image\":{\"@id\":\"https:\/\/www.oarcanjo.net\/site\/homilia-do-pe-julio-no-17o-domingo-do-tempo-comum-26-07-2020\/#primaryimage\"},\"thumbnailUrl\":\"https:\/\/www.oarcanjo.net\/site\/wp-content\/uploads\/20200726Homilia02.png\",\"articleSection\":[\"Blog\",\"Destaques\",\"Homilias\"],\"inLanguage\":\"pt-BR\",\"potentialAction\":[{\"@type\":\"CommentAction\",\"name\":\"Comment\",\"target\":[\"https:\/\/www.oarcanjo.net\/site\/homilia-do-pe-julio-no-17o-domingo-do-tempo-comum-26-07-2020\/#respond\"]}]},{\"@type\":\"WebPage\",\"@id\":\"https:\/\/www.oarcanjo.net\/site\/homilia-do-pe-julio-no-17o-domingo-do-tempo-comum-26-07-2020\/\",\"url\":\"https:\/\/www.oarcanjo.net\/site\/homilia-do-pe-julio-no-17o-domingo-do-tempo-comum-26-07-2020\/\",\"name\":\"Homilia do Pe. Julio no 17\u00ba Domingo do Tempo Comum - 26\/07\/2020 - O Arcanjo no ar\",\"isPartOf\":{\"@id\":\"https:\/\/www.oarcanjo.net\/site\/#website\"},\"primaryImageOfPage\":{\"@id\":\"https:\/\/www.oarcanjo.net\/site\/homilia-do-pe-julio-no-17o-domingo-do-tempo-comum-26-07-2020\/#primaryimage\"},\"image\":{\"@id\":\"https:\/\/www.oarcanjo.net\/site\/homilia-do-pe-julio-no-17o-domingo-do-tempo-comum-26-07-2020\/#primaryimage\"},\"thumbnailUrl\":\"https:\/\/www.oarcanjo.net\/site\/wp-content\/uploads\/20200726Homilia02.png\",\"datePublished\":\"2020-07-26T17:30:54+00:00\",\"dateModified\":\"2020-07-26T20:01:15+00:00\",\"breadcrumb\":{\"@id\":\"https:\/\/www.oarcanjo.net\/site\/homilia-do-pe-julio-no-17o-domingo-do-tempo-comum-26-07-2020\/#breadcrumb\"},\"inLanguage\":\"pt-BR\",\"potentialAction\":[{\"@type\":\"ReadAction\",\"target\":[\"https:\/\/www.oarcanjo.net\/site\/homilia-do-pe-julio-no-17o-domingo-do-tempo-comum-26-07-2020\/\"]}]},{\"@type\":\"ImageObject\",\"inLanguage\":\"pt-BR\",\"@id\":\"https:\/\/www.oarcanjo.net\/site\/homilia-do-pe-julio-no-17o-domingo-do-tempo-comum-26-07-2020\/#primaryimage\",\"url\":\"https:\/\/www.oarcanjo.net\/site\/wp-content\/uploads\/20200726Homilia02.png\",\"contentUrl\":\"https:\/\/www.oarcanjo.net\/site\/wp-content\/uploads\/20200726Homilia02.png\",\"width\":910,\"height\":510},{\"@type\":\"BreadcrumbList\",\"@id\":\"https:\/\/www.oarcanjo.net\/site\/homilia-do-pe-julio-no-17o-domingo-do-tempo-comum-26-07-2020\/#breadcrumb\",\"itemListElement\":[{\"@type\":\"ListItem\",\"position\":1,\"name\":\"In\u00edcio\",\"item\":\"https:\/\/www.oarcanjo.net\/site\/\"},{\"@type\":\"ListItem\",\"position\":2,\"name\":\"Homilia do Pe. Julio no 17\u00ba Domingo do Tempo Comum &#8211; 26\/07\/2020\"}]},{\"@type\":\"WebSite\",\"@id\":\"https:\/\/www.oarcanjo.net\/site\/#website\",\"url\":\"https:\/\/www.oarcanjo.net\/site\/\",\"name\":\"O Arcanjo no ar\",\"description\":\"Site da Par\u00f3quia S\u00e3o Miguel Arcanjo (Arquidiocese de SP)\",\"publisher\":{\"@id\":\"https:\/\/www.oarcanjo.net\/site\/#organization\"},\"potentialAction\":[{\"@type\":\"SearchAction\",\"target\":{\"@type\":\"EntryPoint\",\"urlTemplate\":\"https:\/\/www.oarcanjo.net\/site\/?s={search_term_string}\"},\"query-input\":{\"@type\":\"PropertyValueSpecification\",\"valueRequired\":true,\"valueName\":\"search_term_string\"}}],\"inLanguage\":\"pt-BR\"},{\"@type\":\"Organization\",\"@id\":\"https:\/\/www.oarcanjo.net\/site\/#organization\",\"name\":\"Par\u00f3quia S\u00e3o Miguel Arcanjo\",\"url\":\"https:\/\/www.oarcanjo.net\/site\/\",\"logo\":{\"@type\":\"ImageObject\",\"inLanguage\":\"pt-BR\",\"@id\":\"https:\/\/www.oarcanjo.net\/site\/#\/schema\/logo\/image\/\",\"url\":\"https:\/\/www.oarcanjo.net\/site\/wp-content\/uploads\/LogoOArcanjo.png\",\"contentUrl\":\"https:\/\/www.oarcanjo.net\/site\/wp-content\/uploads\/LogoOArcanjo.png\",\"width\":319,\"height\":99,\"caption\":\"Par\u00f3quia S\u00e3o Miguel Arcanjo\"},\"image\":{\"@id\":\"https:\/\/www.oarcanjo.net\/site\/#\/schema\/logo\/image\/\"},\"sameAs\":[\"https:\/\/www.facebook.com\/OArcanjoNoAr\/\"]},{\"@type\":\"Person\",\"@id\":\"https:\/\/www.oarcanjo.net\/site\/#\/schema\/person\/f7024d007863202483a31326673a0838\",\"name\":\"editor\",\"sameAs\":[\"http:\/\/www.oarcanjo.net\"]}]}<\/script>\n<!-- \/ Yoast SEO plugin. -->","yoast_head_json":{"title":"Homilia do Pe. Julio no 17\u00ba Domingo do Tempo Comum - 26\/07\/2020 - O Arcanjo no ar","robots":{"index":"index","follow":"follow","max-snippet":"max-snippet:-1","max-image-preview":"max-image-preview:large","max-video-preview":"max-video-preview:-1"},"canonical":"https:\/\/www.oarcanjo.net\/site\/homilia-do-pe-julio-no-17o-domingo-do-tempo-comum-26-07-2020\/","og_locale":"pt_BR","og_type":"article","og_title":"Homilia do Pe. Julio no 17\u00ba Domingo do Tempo Comum - 26\/07\/2020 - O Arcanjo no ar","og_description":"O que \u00e9 o tesouro, o que \u00e9 a p\u00e9rola? \u00c9 o reinado de Deus. Se voc\u00ea encontrou, tenha alegria! Se voc\u00ea encontrou, v\u00e1 contra a corrente e se entregue pro amor de Deus no amor aos irm\u00e3os","og_url":"https:\/\/www.oarcanjo.net\/site\/homilia-do-pe-julio-no-17o-domingo-do-tempo-comum-26-07-2020\/","og_site_name":"O Arcanjo no ar","article_publisher":"https:\/\/www.facebook.com\/OArcanjoNoAr\/","article_published_time":"2020-07-26T17:30:54+00:00","article_modified_time":"2020-07-26T20:01:15+00:00","og_image":[{"width":910,"height":510,"url":"https:\/\/www.oarcanjo.net\/site\/wp-content\/uploads\/20200726Homilia02.png","type":"image\/png"}],"author":"editor","twitter_card":"summary_large_image","twitter_misc":{"Escrito por":"editor"},"schema":{"@context":"https:\/\/schema.org","@graph":[{"@type":"Article","@id":"https:\/\/www.oarcanjo.net\/site\/homilia-do-pe-julio-no-17o-domingo-do-tempo-comum-26-07-2020\/#article","isPartOf":{"@id":"https:\/\/www.oarcanjo.net\/site\/homilia-do-pe-julio-no-17o-domingo-do-tempo-comum-26-07-2020\/"},"author":{"name":"editor","@id":"https:\/\/www.oarcanjo.net\/site\/#\/schema\/person\/f7024d007863202483a31326673a0838"},"headline":"Homilia do Pe. Julio no 17\u00ba Domingo do Tempo Comum &#8211; 26\/07\/2020","datePublished":"2020-07-26T17:30:54+00:00","dateModified":"2020-07-26T20:01:15+00:00","mainEntityOfPage":{"@id":"https:\/\/www.oarcanjo.net\/site\/homilia-do-pe-julio-no-17o-domingo-do-tempo-comum-26-07-2020\/"},"wordCount":107,"commentCount":1,"publisher":{"@id":"https:\/\/www.oarcanjo.net\/site\/#organization"},"image":{"@id":"https:\/\/www.oarcanjo.net\/site\/homilia-do-pe-julio-no-17o-domingo-do-tempo-comum-26-07-2020\/#primaryimage"},"thumbnailUrl":"https:\/\/www.oarcanjo.net\/site\/wp-content\/uploads\/20200726Homilia02.png","articleSection":["Blog","Destaques","Homilias"],"inLanguage":"pt-BR","potentialAction":[{"@type":"CommentAction","name":"Comment","target":["https:\/\/www.oarcanjo.net\/site\/homilia-do-pe-julio-no-17o-domingo-do-tempo-comum-26-07-2020\/#respond"]}]},{"@type":"WebPage","@id":"https:\/\/www.oarcanjo.net\/site\/homilia-do-pe-julio-no-17o-domingo-do-tempo-comum-26-07-2020\/","url":"https:\/\/www.oarcanjo.net\/site\/homilia-do-pe-julio-no-17o-domingo-do-tempo-comum-26-07-2020\/","name":"Homilia do Pe. Julio no 17\u00ba Domingo do Tempo Comum - 26\/07\/2020 - O Arcanjo no ar","isPartOf":{"@id":"https:\/\/www.oarcanjo.net\/site\/#website"},"primaryImageOfPage":{"@id":"https:\/\/www.oarcanjo.net\/site\/homilia-do-pe-julio-no-17o-domingo-do-tempo-comum-26-07-2020\/#primaryimage"},"image":{"@id":"https:\/\/www.oarcanjo.net\/site\/homilia-do-pe-julio-no-17o-domingo-do-tempo-comum-26-07-2020\/#primaryimage"},"thumbnailUrl":"https:\/\/www.oarcanjo.net\/site\/wp-content\/uploads\/20200726Homilia02.png","datePublished":"2020-07-26T17:30:54+00:00","dateModified":"2020-07-26T20:01:15+00:00","breadcrumb":{"@id":"https:\/\/www.oarcanjo.net\/site\/homilia-do-pe-julio-no-17o-domingo-do-tempo-comum-26-07-2020\/#breadcrumb"},"inLanguage":"pt-BR","potentialAction":[{"@type":"ReadAction","target":["https:\/\/www.oarcanjo.net\/site\/homilia-do-pe-julio-no-17o-domingo-do-tempo-comum-26-07-2020\/"]}]},{"@type":"ImageObject","inLanguage":"pt-BR","@id":"https:\/\/www.oarcanjo.net\/site\/homilia-do-pe-julio-no-17o-domingo-do-tempo-comum-26-07-2020\/#primaryimage","url":"https:\/\/www.oarcanjo.net\/site\/wp-content\/uploads\/20200726Homilia02.png","contentUrl":"https:\/\/www.oarcanjo.net\/site\/wp-content\/uploads\/20200726Homilia02.png","width":910,"height":510},{"@type":"BreadcrumbList","@id":"https:\/\/www.oarcanjo.net\/site\/homilia-do-pe-julio-no-17o-domingo-do-tempo-comum-26-07-2020\/#breadcrumb","itemListElement":[{"@type":"ListItem","position":1,"name":"In\u00edcio","item":"https:\/\/www.oarcanjo.net\/site\/"},{"@type":"ListItem","position":2,"name":"Homilia do Pe. Julio no 17\u00ba Domingo do Tempo Comum &#8211; 26\/07\/2020"}]},{"@type":"WebSite","@id":"https:\/\/www.oarcanjo.net\/site\/#website","url":"https:\/\/www.oarcanjo.net\/site\/","name":"O Arcanjo no ar","description":"Site da Par\u00f3quia S\u00e3o Miguel Arcanjo (Arquidiocese de SP)","publisher":{"@id":"https:\/\/www.oarcanjo.net\/site\/#organization"},"potentialAction":[{"@type":"SearchAction","target":{"@type":"EntryPoint","urlTemplate":"https:\/\/www.oarcanjo.net\/site\/?s={search_term_string}"},"query-input":{"@type":"PropertyValueSpecification","valueRequired":true,"valueName":"search_term_string"}}],"inLanguage":"pt-BR"},{"@type":"Organization","@id":"https:\/\/www.oarcanjo.net\/site\/#organization","name":"Par\u00f3quia S\u00e3o Miguel Arcanjo","url":"https:\/\/www.oarcanjo.net\/site\/","logo":{"@type":"ImageObject","inLanguage":"pt-BR","@id":"https:\/\/www.oarcanjo.net\/site\/#\/schema\/logo\/image\/","url":"https:\/\/www.oarcanjo.net\/site\/wp-content\/uploads\/LogoOArcanjo.png","contentUrl":"https:\/\/www.oarcanjo.net\/site\/wp-content\/uploads\/LogoOArcanjo.png","width":319,"height":99,"caption":"Par\u00f3quia S\u00e3o Miguel Arcanjo"},"image":{"@id":"https:\/\/www.oarcanjo.net\/site\/#\/schema\/logo\/image\/"},"sameAs":["https:\/\/www.facebook.com\/OArcanjoNoAr\/"]},{"@type":"Person","@id":"https:\/\/www.oarcanjo.net\/site\/#\/schema\/person\/f7024d007863202483a31326673a0838","name":"editor","sameAs":["http:\/\/www.oarcanjo.net"]}]}},"publishpress_future_action":{"enabled":false,"date":"2026-05-06 06:11:54","action":"category","newStatus":"draft","terms":[],"taxonomy":"category"},"publishpress_future_workflow_manual_trigger":{"enabledWorkflows":[]},"_links":{"self":[{"href":"https:\/\/www.oarcanjo.net\/site\/wp-json\/wp\/v2\/posts\/101117"}],"collection":[{"href":"https:\/\/www.oarcanjo.net\/site\/wp-json\/wp\/v2\/posts"}],"about":[{"href":"https:\/\/www.oarcanjo.net\/site\/wp-json\/wp\/v2\/types\/post"}],"author":[{"embeddable":true,"href":"https:\/\/www.oarcanjo.net\/site\/wp-json\/wp\/v2\/users\/5"}],"replies":[{"embeddable":true,"href":"https:\/\/www.oarcanjo.net\/site\/wp-json\/wp\/v2\/comments?post=101117"}],"version-history":[{"count":3,"href":"https:\/\/www.oarcanjo.net\/site\/wp-json\/wp\/v2\/posts\/101117\/revisions"}],"predecessor-version":[{"id":101120,"href":"https:\/\/www.oarcanjo.net\/site\/wp-json\/wp\/v2\/posts\/101117\/revisions\/101120"}],"wp:featuredmedia":[{"embeddable":true,"href":"https:\/\/www.oarcanjo.net\/site\/wp-json\/wp\/v2\/media\/101118"}],"wp:attachment":[{"href":"https:\/\/www.oarcanjo.net\/site\/wp-json\/wp\/v2\/media?parent=101117"}],"wp:term":[{"taxonomy":"category","embeddable":true,"href":"https:\/\/www.oarcanjo.net\/site\/wp-json\/wp\/v2\/categories?post=101117"},{"taxonomy":"post_tag","embeddable":true,"href":"https:\/\/www.oarcanjo.net\/site\/wp-json\/wp\/v2\/tags?post=101117"}],"curies":[{"name":"wp","href":"https:\/\/api.w.org\/{rel}","templated":true}]}}