
{"id":10119,"date":"2010-07-05T06:13:18","date_gmt":"2010-07-05T09:13:18","guid":{"rendered":"http:\/\/www.oarcanjo.net\/site\/?p=10119"},"modified":"2010-07-03T20:17:11","modified_gmt":"2010-07-03T23:17:11","slug":"votar-bem-texto-dos-bispos-do-estado-de-sp","status":"publish","type":"post","link":"https:\/\/www.oarcanjo.net\/site\/votar-bem-texto-dos-bispos-do-estado-de-sp\/","title":{"rendered":"Votar Bem &#8211; Texto dos bispos do Estado de SP"},"content":{"rendered":"<p>Os Bispos Cat\u00f3licos do Regional Sul 1, da CNBB (Estado de S\u00e3o Paulo), no cumprimento de sua miss\u00e3o pastoral, oferecem as seguintes orienta\u00e7\u00f5es aos seus fi\u00e9is para a participa\u00e7\u00e3o consciente e respons\u00e1vel no processo pol\u00edtico-eleitoral deste ano:<\/p>\n<p><strong>1. O poder pol\u00edtico emana do povo.<\/strong> Votar \u00e9 um exerc\u00edcio importante de cidadania; por isso, n\u00e3o deixe de participar das elei\u00e7\u00f5es e de exercer bem este poder. Lembre-se de que seu voto contribui para definir a vida pol\u00edtica do Pa\u00eds e do nosso Estado.<\/p>\n<p><strong>2. O exerc\u00edcio do poder \u00e9 um servi\u00e7o ao povo.<\/strong> Verifique se os candidatos est\u00e3o comprometidos com as grandes quest\u00f5es que requerem a\u00e7\u00f5es decididas dos governantes e legisladores: a supera\u00e7\u00e3o da pobreza, a promo\u00e7\u00e3o de uma economia voltada para a cria\u00e7\u00e3o de postos de trabalho e melhor distribui\u00e7\u00e3o da renda, educa\u00e7\u00e3o de qualidade para todos, sa\u00fade, moradia, saneamento b\u00e1sico, respeito \u00e0 vida e defesa do meio ambiente.<\/p>\n<p><strong>3. Governar \u00e9 promover o bem comum.<\/strong> Veja se os candidatos e seus partidos est\u00e3o comprometidos com a justi\u00e7a e a solidariedade social, a seguran\u00e7a p\u00fablica, a supera\u00e7\u00e3o da viol\u00eancia, a justi\u00e7a no campo, a dignidade da pessoa, os direitos humanos, a cultura da paz e o respeito pleno pela vida humana desde a concep\u00e7\u00e3o at\u00e9 \u00e0 morte natural. S\u00e3o valores fundamentais irrenunci\u00e1veis para o conv\u00edvio social. Isso tamb\u00e9m sup\u00f5e o reconhecimento \u00e0 leg\u00edtima posse de bens e \u00e0 dimens\u00e3o social da propriedade.<\/p>\n<p><strong>4. O bom governante governa para todos.<\/strong> Observe se os candidatos representam apenas o interesse de um grupo espec\u00edfico ou se pretendem promover pol\u00edticas que beneficiem a sociedade como um todo, levando em conta, especialmente, as camadas sociais mais fr\u00e1geis e necessitadas da aten\u00e7\u00e3o do Poder p\u00fablico.<\/p>\n<p><strong>5. O homem p\u00fablico deve ter idoneidade moral.<\/strong> D\u00ea seu voto apenas a candidatos com \u201cficha limpa\u201d, dignos de confian\u00e7a, capazes de governar com prud\u00eancia e equidade e de fazer leis boas e justas para o conv\u00edvio social.<\/p>\n<p><strong>6. Voto n\u00e3o \u00e9 mercadoria.<\/strong> Fique atento \u00e0 pr\u00e1tica da corrup\u00e7\u00e3o eleitoral, ao abuso do poder econ\u00f4mico, \u00e0 compra de votos e ao uso indevido da m\u00e1quina administrativa na campanha eleitoral. Fatos como esses devem ser denunciados imediatamente, com testemunhas, \u00e0s autoridades competentes. Questione tamb\u00e9m se os candidatos est\u00e3o dispostos a administrar ou legislar de forma transparente, aceitando mecanismos de controle por parte da sociedade. Candidatos com um hist\u00f3rico de corrup\u00e7\u00e3o ou m\u00e1 gest\u00e3o dos recursos p\u00fablicos n\u00e3o devem receber nosso apoio nas elei\u00e7\u00f5es.<\/p>\n<p><strong>7. Voto consciente n\u00e3o \u00e9 troca de favores, mas uma escolha livre.<\/strong> Procure conhecer os candidatos, sua hist\u00f3ria pessoal, suas ideias e as propostas defendidas por eles e os partidos aos quais est\u00e3o filiados. Vote em candidatos que representem e defendam, depois de eleitos, as convic\u00e7\u00f5es que voc\u00ea tamb\u00e9m defende.<\/p>\n<p><strong>8. A religi\u00e3o pertence \u00e0 identidade de um povo.<\/strong> Vote em candidatos que respeitem a liberdade de consci\u00eancia, as convic\u00e7\u00f5es religiosas dos cidad\u00e3os, seus s\u00edmbolos religiosos e a livre manifesta\u00e7\u00e3o de sua f\u00e9.<\/p>\n<p><strong>9. A Fam\u00edlia \u00e9 um patrim\u00f4nio da humanidade e um bem insubstitu\u00edvel para a pessoa.<\/strong> Ajude a promover, com seu voto, a prote\u00e7\u00e3o da fam\u00edlia contra todas as amea\u00e7as \u00e0 sua miss\u00e3o e identidade natural. A sociedade que descuida da fam\u00edlia, destr\u00f3i as pr\u00f3prias bases.<\/p>\n<p><strong>10. Votar \u00e9 importante, mas ainda n\u00e3o \u00e9 tudo.<\/strong> Acompanhe, depois das elei\u00e7\u00f5es, as a\u00e7\u00f5es e decis\u00f5es pol\u00edticas e administrativas dos governantes e parlamentares, para cobrar deles a coer\u00eancia para com as promessas de campanha e apoiar as decis\u00f5es acertadas.<\/p>\n<p>Aparecida, 29 de junho de 2010<\/p>\n<p>Dom Nelson Westrupp, scj<br \/>\nPresidente do CONSER<\/p>\n<p>Dom Benedito Beni dos Santos<br \/>\nVice-Presidente<\/p>\n<p>Dom Airton Jos\u00e9 dos Santos<br \/>\nSecret\u00e1rio-Geral<\/p>\n<div id=\"themify_builder_content-10119\" data-postid=\"10119\" class=\"themify_builder_content themify_builder_content-10119 themify_builder themify_builder_front\">\n\t<\/div>\n<!-- \/themify_builder_content -->","protected":false},"excerpt":{"rendered":"<p>Os Bispos Cat\u00f3licos do Regional Sul 1, da CNBB (Estado de S\u00e3o Paulo), no cumprimento de sua miss\u00e3o pastoral, oferecem as seguintes orienta\u00e7\u00f5es aos seus fi\u00e9is para a participa\u00e7\u00e3o consciente e respons\u00e1vel no processo pol\u00edtico-eleitoral deste ano: 1. O poder pol\u00edtico emana do povo. Votar \u00e9 um exerc\u00edcio importante de cidadania; por isso, n\u00e3o deixe [&hellip;]<\/p>\n","protected":false},"author":5,"featured_media":0,"comment_status":"open","ping_status":"open","sticky":false,"template":"","format":"standard","meta":{"ngg_post_thumbnail":0,"footnotes":""},"categories":[8],"tags":[63,1041,103,843,1662,11,1661],"yoast_head":"<!-- This site is optimized with the Yoast SEO plugin v23.5 - https:\/\/yoast.com\/wordpress\/plugins\/seo\/ -->\n<title>Votar Bem - Texto dos bispos do Estado de SP - O Arcanjo no ar<\/title>\n<meta name=\"robots\" content=\"index, follow, max-snippet:-1, max-image-preview:large, max-video-preview:-1\" \/>\n<link rel=\"canonical\" href=\"https:\/\/www.oarcanjo.net\/site\/votar-bem-texto-dos-bispos-do-estado-de-sp\/\" \/>\n<meta property=\"og:locale\" content=\"pt_BR\" \/>\n<meta property=\"og:type\" content=\"article\" \/>\n<meta property=\"og:title\" content=\"Votar Bem - Texto dos bispos do Estado de SP - O Arcanjo no ar\" \/>\n<meta property=\"og:description\" content=\"Os Bispos Cat\u00f3licos do Regional Sul 1, da CNBB (Estado de S\u00e3o Paulo), no cumprimento de sua miss\u00e3o pastoral, oferecem as seguintes orienta\u00e7\u00f5es aos seus fi\u00e9is para a participa\u00e7\u00e3o consciente e respons\u00e1vel no processo pol\u00edtico-eleitoral deste ano: 1. O poder pol\u00edtico emana do povo. Votar \u00e9 um exerc\u00edcio importante de cidadania; por isso, n\u00e3o deixe [&hellip;]\" \/>\n<meta property=\"og:url\" content=\"https:\/\/www.oarcanjo.net\/site\/votar-bem-texto-dos-bispos-do-estado-de-sp\/\" \/>\n<meta property=\"og:site_name\" content=\"O Arcanjo no ar\" \/>\n<meta property=\"article:publisher\" content=\"https:\/\/www.facebook.com\/OArcanjoNoAr\/\" \/>\n<meta property=\"article:published_time\" content=\"2010-07-05T09:13:18+00:00\" \/>\n<meta property=\"article:modified_time\" content=\"2010-07-03T23:17:11+00:00\" \/>\n<meta property=\"og:image\" content=\"https:\/\/www.oarcanjo.net\/site\/wp-content\/uploads\/logo-o-arcanjo-no-ar-facebook.png\" \/>\n\t<meta property=\"og:image:width\" content=\"300\" \/>\n\t<meta property=\"og:image:height\" content=\"300\" \/>\n\t<meta property=\"og:image:type\" content=\"image\/png\" \/>\n<meta name=\"author\" content=\"editor\" \/>\n<meta name=\"twitter:card\" content=\"summary_large_image\" \/>\n<meta name=\"twitter:label1\" content=\"Escrito por\" \/>\n\t<meta name=\"twitter:data1\" content=\"editor\" \/>\n\t<meta name=\"twitter:label2\" content=\"Est. tempo de leitura\" \/>\n\t<meta name=\"twitter:data2\" content=\"3 minutos\" \/>\n<script type=\"application\/ld+json\" class=\"yoast-schema-graph\">{\"@context\":\"https:\/\/schema.org\",\"@graph\":[{\"@type\":\"Article\",\"@id\":\"https:\/\/www.oarcanjo.net\/site\/votar-bem-texto-dos-bispos-do-estado-de-sp\/#article\",\"isPartOf\":{\"@id\":\"https:\/\/www.oarcanjo.net\/site\/votar-bem-texto-dos-bispos-do-estado-de-sp\/\"},\"author\":{\"name\":\"editor\",\"@id\":\"https:\/\/www.oarcanjo.net\/site\/#\/schema\/person\/f7024d007863202483a31326673a0838\"},\"headline\":\"Votar Bem &#8211; Texto dos bispos do Estado de SP\",\"datePublished\":\"2010-07-05T09:13:18+00:00\",\"dateModified\":\"2010-07-03T23:17:11+00:00\",\"mainEntityOfPage\":{\"@id\":\"https:\/\/www.oarcanjo.net\/site\/votar-bem-texto-dos-bispos-do-estado-de-sp\/\"},\"wordCount\":667,\"commentCount\":1,\"publisher\":{\"@id\":\"https:\/\/www.oarcanjo.net\/site\/#organization\"},\"keywords\":[\"CNBB\",\"elei\u00e7\u00e3o\",\"f\u00e9 e pol\u00edtica\",\"Ficha Limpa\",\"Regional Sul 1\",\"S\u00e3o Paulo\",\"voto\"],\"articleSection\":[\"Not\u00edcias\"],\"inLanguage\":\"pt-BR\",\"potentialAction\":[{\"@type\":\"CommentAction\",\"name\":\"Comment\",\"target\":[\"https:\/\/www.oarcanjo.net\/site\/votar-bem-texto-dos-bispos-do-estado-de-sp\/#respond\"]}]},{\"@type\":\"WebPage\",\"@id\":\"https:\/\/www.oarcanjo.net\/site\/votar-bem-texto-dos-bispos-do-estado-de-sp\/\",\"url\":\"https:\/\/www.oarcanjo.net\/site\/votar-bem-texto-dos-bispos-do-estado-de-sp\/\",\"name\":\"Votar Bem - Texto dos bispos do Estado de SP - O Arcanjo no ar\",\"isPartOf\":{\"@id\":\"https:\/\/www.oarcanjo.net\/site\/#website\"},\"datePublished\":\"2010-07-05T09:13:18+00:00\",\"dateModified\":\"2010-07-03T23:17:11+00:00\",\"breadcrumb\":{\"@id\":\"https:\/\/www.oarcanjo.net\/site\/votar-bem-texto-dos-bispos-do-estado-de-sp\/#breadcrumb\"},\"inLanguage\":\"pt-BR\",\"potentialAction\":[{\"@type\":\"ReadAction\",\"target\":[\"https:\/\/www.oarcanjo.net\/site\/votar-bem-texto-dos-bispos-do-estado-de-sp\/\"]}]},{\"@type\":\"BreadcrumbList\",\"@id\":\"https:\/\/www.oarcanjo.net\/site\/votar-bem-texto-dos-bispos-do-estado-de-sp\/#breadcrumb\",\"itemListElement\":[{\"@type\":\"ListItem\",\"position\":1,\"name\":\"In\u00edcio\",\"item\":\"https:\/\/www.oarcanjo.net\/site\/\"},{\"@type\":\"ListItem\",\"position\":2,\"name\":\"Votar Bem &#8211; Texto dos bispos do Estado de SP\"}]},{\"@type\":\"WebSite\",\"@id\":\"https:\/\/www.oarcanjo.net\/site\/#website\",\"url\":\"https:\/\/www.oarcanjo.net\/site\/\",\"name\":\"O Arcanjo no ar\",\"description\":\"Site da Par\u00f3quia S\u00e3o Miguel Arcanjo (Arquidiocese de SP)\",\"publisher\":{\"@id\":\"https:\/\/www.oarcanjo.net\/site\/#organization\"},\"potentialAction\":[{\"@type\":\"SearchAction\",\"target\":{\"@type\":\"EntryPoint\",\"urlTemplate\":\"https:\/\/www.oarcanjo.net\/site\/?s={search_term_string}\"},\"query-input\":{\"@type\":\"PropertyValueSpecification\",\"valueRequired\":true,\"valueName\":\"search_term_string\"}}],\"inLanguage\":\"pt-BR\"},{\"@type\":\"Organization\",\"@id\":\"https:\/\/www.oarcanjo.net\/site\/#organization\",\"name\":\"Par\u00f3quia S\u00e3o Miguel Arcanjo\",\"url\":\"https:\/\/www.oarcanjo.net\/site\/\",\"logo\":{\"@type\":\"ImageObject\",\"inLanguage\":\"pt-BR\",\"@id\":\"https:\/\/www.oarcanjo.net\/site\/#\/schema\/logo\/image\/\",\"url\":\"https:\/\/www.oarcanjo.net\/site\/wp-content\/uploads\/LogoOArcanjo.png\",\"contentUrl\":\"https:\/\/www.oarcanjo.net\/site\/wp-content\/uploads\/LogoOArcanjo.png\",\"width\":319,\"height\":99,\"caption\":\"Par\u00f3quia S\u00e3o Miguel Arcanjo\"},\"image\":{\"@id\":\"https:\/\/www.oarcanjo.net\/site\/#\/schema\/logo\/image\/\"},\"sameAs\":[\"https:\/\/www.facebook.com\/OArcanjoNoAr\/\"]},{\"@type\":\"Person\",\"@id\":\"https:\/\/www.oarcanjo.net\/site\/#\/schema\/person\/f7024d007863202483a31326673a0838\",\"name\":\"editor\",\"sameAs\":[\"http:\/\/www.oarcanjo.net\"]}]}<\/script>\n<!-- \/ Yoast SEO plugin. -->","yoast_head_json":{"title":"Votar Bem - Texto dos bispos do Estado de SP - O Arcanjo no ar","robots":{"index":"index","follow":"follow","max-snippet":"max-snippet:-1","max-image-preview":"max-image-preview:large","max-video-preview":"max-video-preview:-1"},"canonical":"https:\/\/www.oarcanjo.net\/site\/votar-bem-texto-dos-bispos-do-estado-de-sp\/","og_locale":"pt_BR","og_type":"article","og_title":"Votar Bem - Texto dos bispos do Estado de SP - O Arcanjo no ar","og_description":"Os Bispos Cat\u00f3licos do Regional Sul 1, da CNBB (Estado de S\u00e3o Paulo), no cumprimento de sua miss\u00e3o pastoral, oferecem as seguintes orienta\u00e7\u00f5es aos seus fi\u00e9is para a participa\u00e7\u00e3o consciente e respons\u00e1vel no processo pol\u00edtico-eleitoral deste ano: 1. O poder pol\u00edtico emana do povo. Votar \u00e9 um exerc\u00edcio importante de cidadania; por isso, n\u00e3o deixe [&hellip;]","og_url":"https:\/\/www.oarcanjo.net\/site\/votar-bem-texto-dos-bispos-do-estado-de-sp\/","og_site_name":"O Arcanjo no ar","article_publisher":"https:\/\/www.facebook.com\/OArcanjoNoAr\/","article_published_time":"2010-07-05T09:13:18+00:00","article_modified_time":"2010-07-03T23:17:11+00:00","og_image":[{"width":300,"height":300,"url":"https:\/\/www.oarcanjo.net\/site\/wp-content\/uploads\/logo-o-arcanjo-no-ar-facebook.png","type":"image\/png"}],"author":"editor","twitter_card":"summary_large_image","twitter_misc":{"Escrito por":"editor","Est. tempo de leitura":"3 minutos"},"schema":{"@context":"https:\/\/schema.org","@graph":[{"@type":"Article","@id":"https:\/\/www.oarcanjo.net\/site\/votar-bem-texto-dos-bispos-do-estado-de-sp\/#article","isPartOf":{"@id":"https:\/\/www.oarcanjo.net\/site\/votar-bem-texto-dos-bispos-do-estado-de-sp\/"},"author":{"name":"editor","@id":"https:\/\/www.oarcanjo.net\/site\/#\/schema\/person\/f7024d007863202483a31326673a0838"},"headline":"Votar Bem &#8211; Texto dos bispos do Estado de SP","datePublished":"2010-07-05T09:13:18+00:00","dateModified":"2010-07-03T23:17:11+00:00","mainEntityOfPage":{"@id":"https:\/\/www.oarcanjo.net\/site\/votar-bem-texto-dos-bispos-do-estado-de-sp\/"},"wordCount":667,"commentCount":1,"publisher":{"@id":"https:\/\/www.oarcanjo.net\/site\/#organization"},"keywords":["CNBB","elei\u00e7\u00e3o","f\u00e9 e pol\u00edtica","Ficha Limpa","Regional Sul 1","S\u00e3o Paulo","voto"],"articleSection":["Not\u00edcias"],"inLanguage":"pt-BR","potentialAction":[{"@type":"CommentAction","name":"Comment","target":["https:\/\/www.oarcanjo.net\/site\/votar-bem-texto-dos-bispos-do-estado-de-sp\/#respond"]}]},{"@type":"WebPage","@id":"https:\/\/www.oarcanjo.net\/site\/votar-bem-texto-dos-bispos-do-estado-de-sp\/","url":"https:\/\/www.oarcanjo.net\/site\/votar-bem-texto-dos-bispos-do-estado-de-sp\/","name":"Votar Bem - Texto dos bispos do Estado de SP - O Arcanjo no ar","isPartOf":{"@id":"https:\/\/www.oarcanjo.net\/site\/#website"},"datePublished":"2010-07-05T09:13:18+00:00","dateModified":"2010-07-03T23:17:11+00:00","breadcrumb":{"@id":"https:\/\/www.oarcanjo.net\/site\/votar-bem-texto-dos-bispos-do-estado-de-sp\/#breadcrumb"},"inLanguage":"pt-BR","potentialAction":[{"@type":"ReadAction","target":["https:\/\/www.oarcanjo.net\/site\/votar-bem-texto-dos-bispos-do-estado-de-sp\/"]}]},{"@type":"BreadcrumbList","@id":"https:\/\/www.oarcanjo.net\/site\/votar-bem-texto-dos-bispos-do-estado-de-sp\/#breadcrumb","itemListElement":[{"@type":"ListItem","position":1,"name":"In\u00edcio","item":"https:\/\/www.oarcanjo.net\/site\/"},{"@type":"ListItem","position":2,"name":"Votar Bem &#8211; Texto dos bispos do Estado de SP"}]},{"@type":"WebSite","@id":"https:\/\/www.oarcanjo.net\/site\/#website","url":"https:\/\/www.oarcanjo.net\/site\/","name":"O Arcanjo no ar","description":"Site da Par\u00f3quia S\u00e3o Miguel Arcanjo (Arquidiocese de SP)","publisher":{"@id":"https:\/\/www.oarcanjo.net\/site\/#organization"},"potentialAction":[{"@type":"SearchAction","target":{"@type":"EntryPoint","urlTemplate":"https:\/\/www.oarcanjo.net\/site\/?s={search_term_string}"},"query-input":{"@type":"PropertyValueSpecification","valueRequired":true,"valueName":"search_term_string"}}],"inLanguage":"pt-BR"},{"@type":"Organization","@id":"https:\/\/www.oarcanjo.net\/site\/#organization","name":"Par\u00f3quia S\u00e3o Miguel Arcanjo","url":"https:\/\/www.oarcanjo.net\/site\/","logo":{"@type":"ImageObject","inLanguage":"pt-BR","@id":"https:\/\/www.oarcanjo.net\/site\/#\/schema\/logo\/image\/","url":"https:\/\/www.oarcanjo.net\/site\/wp-content\/uploads\/LogoOArcanjo.png","contentUrl":"https:\/\/www.oarcanjo.net\/site\/wp-content\/uploads\/LogoOArcanjo.png","width":319,"height":99,"caption":"Par\u00f3quia S\u00e3o Miguel Arcanjo"},"image":{"@id":"https:\/\/www.oarcanjo.net\/site\/#\/schema\/logo\/image\/"},"sameAs":["https:\/\/www.facebook.com\/OArcanjoNoAr\/"]},{"@type":"Person","@id":"https:\/\/www.oarcanjo.net\/site\/#\/schema\/person\/f7024d007863202483a31326673a0838","name":"editor","sameAs":["http:\/\/www.oarcanjo.net"]}]}},"publishpress_future_action":{"enabled":false,"date":"2026-05-08 00:02:05","action":"category","newStatus":"draft","terms":[],"taxonomy":"category"},"publishpress_future_workflow_manual_trigger":{"enabledWorkflows":[]},"_links":{"self":[{"href":"https:\/\/www.oarcanjo.net\/site\/wp-json\/wp\/v2\/posts\/10119"}],"collection":[{"href":"https:\/\/www.oarcanjo.net\/site\/wp-json\/wp\/v2\/posts"}],"about":[{"href":"https:\/\/www.oarcanjo.net\/site\/wp-json\/wp\/v2\/types\/post"}],"author":[{"embeddable":true,"href":"https:\/\/www.oarcanjo.net\/site\/wp-json\/wp\/v2\/users\/5"}],"replies":[{"embeddable":true,"href":"https:\/\/www.oarcanjo.net\/site\/wp-json\/wp\/v2\/comments?post=10119"}],"version-history":[{"count":0,"href":"https:\/\/www.oarcanjo.net\/site\/wp-json\/wp\/v2\/posts\/10119\/revisions"}],"wp:attachment":[{"href":"https:\/\/www.oarcanjo.net\/site\/wp-json\/wp\/v2\/media?parent=10119"}],"wp:term":[{"taxonomy":"category","embeddable":true,"href":"https:\/\/www.oarcanjo.net\/site\/wp-json\/wp\/v2\/categories?post=10119"},{"taxonomy":"post_tag","embeddable":true,"href":"https:\/\/www.oarcanjo.net\/site\/wp-json\/wp\/v2\/tags?post=10119"}],"curies":[{"name":"wp","href":"https:\/\/api.w.org\/{rel}","templated":true}]}}