
{"id":10126,"date":"2010-07-03T20:27:21","date_gmt":"2010-07-03T23:27:21","guid":{"rendered":"http:\/\/www.oarcanjo.net\/site\/?p=10126"},"modified":"2010-07-04T13:10:28","modified_gmt":"2010-07-04T16:10:28","slug":"leituras-do-domingo-18072010","status":"publish","type":"post","link":"https:\/\/www.oarcanjo.net\/site\/leituras-do-domingo-18072010\/","title":{"rendered":"Leituras do domingo 18\/07\/2010"},"content":{"rendered":"<h4>16\u00ba Domingo Comum<\/h4>\n<p><strong>Primeira leitura (G\u00eanesis 18,1-10a)<\/strong><\/p>\n<p>Naqueles dias,\u00a0<sup>1<\/sup>o Senhor apareceu a Abra\u00e3o junto ao carvalho de Mambr\u00e9, quando ele estava sentado \u00e0 entrada de sua tenda, no maior calor do dia.<br \/>\n<sup>2<\/sup>Levantando os olhos, Abra\u00e3o viu tr\u00eas homens de p\u00e9, perto dele. Assim que os viu, correu ao seu encontro e prostrou-se por terra.\u00a0<sup>3<\/sup>E disse: \u201cMeu Senhor, se ganhei tua amizade, pe\u00e7o-te que n\u00e3o prossigas viagem, sem parar junto a mim, teu servo.\u00a0<sup>4<\/sup>Mandarei trazer um pouco de \u00e1gua para vos lavar os p\u00e9s, e descansareis debaixo da \u00e1rvore.\u00a0<sup>5<\/sup>Farei servir um pouco de p\u00e3o para refazerdes vossas for\u00e7as, antes de continuar a viagem. Pois foi para isso mesmo que vos aproximastes do vosso servo\u201d.<br \/>\nEles responderam: \u201cFaze como disseste\u201d.<br \/>\n<sup>6<\/sup>Abra\u00e3o entrou logo na tenda, onde estava Sara, e lhe disse: \u201cToma depressa tr\u00eas medidas da mais fina farinha, amassa alguns p\u00e3es e assa-os\u201d.<br \/>\n<sup>7<\/sup>Depois, Abra\u00e3o correu at\u00e9 o rebanho, pegou um bezerro dos mais tenros e melhores, e deu-o a um criado, para que o preparasse sem demora.<br \/>\n<sup>8<\/sup>A seguir, foi buscar coalhada, leite e o bezerro assado, e p\u00f4s tudo diante deles. Abra\u00e3o, por\u00e9m, permaneceu de p\u00e9, junto deles, debaixo da \u00e1rvore, enquanto comiam.<br \/>\n<sup>9<\/sup>E eles lhe perguntaram: \u201cOnde est\u00e1 Sara, tua mulher?\u201d<br \/>\n\u201cEst\u00e1 na tenda\u201d, respondeu ele.<br \/>\n<sup>10a<\/sup>E um deles disse: \u201cVoltarei, sem falta, no ano que vem, por este tempo, e Sara, tua mulher, j\u00e1 ter\u00e1 um filho\u201d.<\/p>\n<p><em><br \/>\n<\/em><\/p>\n<p><strong>Salmo (Salmos 14)<\/strong><\/p>\n<p>\u2014 Senhor, quem morar\u00e1 em vossa casa?<br \/>\n<strong>\u2014 Senhor, quem morar\u00e1 em vossa casa?<\/strong><\/p>\n<p>\u2014 \u00c9 aquele que caminha sem pecado\/ e pratica a justi\u00e7a fielmente;\/ que pensa a verdade no seu \u00edntimo\/ e n\u00e3o solta em cal\u00fanias sua l\u00edngua.<br \/>\n\u2014 Que em nada prejudica seu irm\u00e3o,\/ nem cobre de insultos seu vizinho;\/ que n\u00e3o d\u00e1 valor algum ao homem \u00edmpio,\/ mas honra os que respeitam ao Senhor.<br \/>\n\u2014 N\u00e3o empresta o seu dinheiro com usura,\/ nem se deixa subornar contra o inocente.\/ Jamais vacilar\u00e1 quem vive assim!<\/p>\n<p><strong>Segunda leitura (Colossenses 1,24-28)<\/strong><\/p>\n<p><em><span style=\"font-style: normal;\">Carta de S\u00e3o Paulo ap\u00f3stolo aos Colossenses:<\/p>\n<p>Irm\u00e3os: <\/span><sup><span style=\"font-style: normal;\">24<\/span><\/sup><span style=\"font-style: normal;\">Alegro-me de tudo o que j\u00e1 sofri por v\u00f3s e procuro completar em minha pr\u00f3pria carne o que falta das tribula\u00e7\u00f5es de Cristo, em solidariedade com o seu corpo, isto \u00e9, a Igreja.<br \/>\n<\/span><sup><span style=\"font-style: normal;\">25<\/span><\/sup><span style=\"font-style: normal;\">A ela eu sirvo, exercendo o cargo que Deus me confiou de vos transmitir a palavra de Deus em sua plenitude: <\/span><sup><span style=\"font-style: normal;\">26<\/span><\/sup><span style=\"font-style: normal;\">o mist\u00e9rio escondido por s\u00e9culos e gera\u00e7\u00f5es, mas agora revelado aos seus santos.<br \/>\n<\/span><sup><span style=\"font-style: normal;\">27<\/span><\/sup><span style=\"font-style: normal;\">A estes Deus quis manifestar como \u00e9 rico e glorioso entre as na\u00e7\u00f5es este mist\u00e9rio: a presen\u00e7a de Cristo em v\u00f3s, a esperan\u00e7a da gl\u00f3ria.<br \/>\n<\/span><sup><span style=\"font-style: normal;\">28<\/span><\/sup><span style=\"font-style: normal;\">N\u00f3s o anunciamos, admoestando a todos e ensinando a todos, com toda a sabedoria, para a todos tornar perfeitos em sua uni\u00e3o com Cristo.<br \/>\n<\/span><br \/>\n<\/em><\/p>\n<p><strong>Evangelho (Lucas 10,38-42)<\/strong><\/p>\n<p><em>Naquele tempo,\u00a0<sup>38<\/sup>Jesus entrou num povoado, e certa mulher, de nome Marta, recebeu-o em sua casa.\u00a0<sup>39<\/sup>Sua irm\u00e3, chamada Maria, sentou-se aos p\u00e9s do Senhor, e escutava sua palavra.<br \/>\n<sup>40<\/sup>Marta, por\u00e9m, estava ocupada com muitos afazeres. Ela aproximou-se e disse: \u201cSenhor, n\u00e3o te importas que minha irm\u00e3 me deixe sozinha, com todo o servi\u00e7o? Manda que ela me venha ajudar!\u201d<br \/>\n<sup>41<\/sup> O Senhor, por\u00e9m, lhe respondeu: \u201cMarta, Marta! Tu te preocupas e andas agitada por muitas coisas.\u00a0<sup>42<\/sup>Por\u00e9m, uma s\u00f3 coisa \u00e9 necess\u00e1ria. Maria escolheu a melhor parte e esta n\u00e3o lhe ser\u00e1 tirada\u201d.<\/em><\/p>\n<div id=\"themify_builder_content-10126\" data-postid=\"10126\" class=\"themify_builder_content themify_builder_content-10126 themify_builder themify_builder_front\">\n\t<\/div>\n<!-- \/themify_builder_content -->","protected":false},"excerpt":{"rendered":"<p>16\u00ba Domingo Comum Primeira leitura (G\u00eanesis 18,1-10a) Naqueles dias,\u00a01o Senhor apareceu a Abra\u00e3o junto ao carvalho de Mambr\u00e9, quando ele estava sentado \u00e0 entrada de sua tenda, no maior calor do dia. 2Levantando os olhos, Abra\u00e3o viu tr\u00eas homens de p\u00e9, perto dele. Assim que os viu, correu ao seu encontro e prostrou-se por terra.\u00a03E [&hellip;]<\/p>\n","protected":false},"author":5,"featured_media":0,"comment_status":"open","ping_status":"open","sticky":false,"template":"","format":"standard","meta":{"ngg_post_thumbnail":0,"footnotes":""},"categories":[109],"tags":[],"yoast_head":"<!-- This site is optimized with the Yoast SEO plugin v23.5 - https:\/\/yoast.com\/wordpress\/plugins\/seo\/ -->\n<title>Leituras do domingo 18\/07\/2010 - O Arcanjo no ar<\/title>\n<meta name=\"robots\" content=\"index, follow, max-snippet:-1, max-image-preview:large, max-video-preview:-1\" \/>\n<link rel=\"canonical\" href=\"https:\/\/www.oarcanjo.net\/site\/leituras-do-domingo-18072010\/\" \/>\n<meta property=\"og:locale\" content=\"pt_BR\" \/>\n<meta property=\"og:type\" content=\"article\" \/>\n<meta property=\"og:title\" content=\"Leituras do domingo 18\/07\/2010 - O Arcanjo no ar\" \/>\n<meta property=\"og:description\" content=\"16\u00ba Domingo Comum Primeira leitura (G\u00eanesis 18,1-10a) Naqueles dias,\u00a01o Senhor apareceu a Abra\u00e3o junto ao carvalho de Mambr\u00e9, quando ele estava sentado \u00e0 entrada de sua tenda, no maior calor do dia. 2Levantando os olhos, Abra\u00e3o viu tr\u00eas homens de p\u00e9, perto dele. Assim que os viu, correu ao seu encontro e prostrou-se por terra.\u00a03E [&hellip;]\" \/>\n<meta property=\"og:url\" content=\"https:\/\/www.oarcanjo.net\/site\/leituras-do-domingo-18072010\/\" \/>\n<meta property=\"og:site_name\" content=\"O Arcanjo no ar\" \/>\n<meta property=\"article:publisher\" content=\"https:\/\/www.facebook.com\/OArcanjoNoAr\/\" \/>\n<meta property=\"article:published_time\" content=\"2010-07-03T23:27:21+00:00\" \/>\n<meta property=\"article:modified_time\" content=\"2010-07-04T16:10:28+00:00\" \/>\n<meta property=\"og:image\" content=\"https:\/\/www.oarcanjo.net\/site\/wp-content\/uploads\/logo-o-arcanjo-no-ar-facebook.png\" \/>\n\t<meta property=\"og:image:width\" content=\"300\" \/>\n\t<meta property=\"og:image:height\" content=\"300\" \/>\n\t<meta property=\"og:image:type\" content=\"image\/png\" \/>\n<meta name=\"author\" content=\"editor\" \/>\n<meta name=\"twitter:card\" content=\"summary_large_image\" \/>\n<meta name=\"twitter:label1\" content=\"Escrito por\" \/>\n\t<meta name=\"twitter:data1\" content=\"editor\" \/>\n\t<meta name=\"twitter:label2\" content=\"Est. tempo de leitura\" \/>\n\t<meta name=\"twitter:data2\" content=\"3 minutos\" \/>\n<script type=\"application\/ld+json\" class=\"yoast-schema-graph\">{\"@context\":\"https:\/\/schema.org\",\"@graph\":[{\"@type\":\"Article\",\"@id\":\"https:\/\/www.oarcanjo.net\/site\/leituras-do-domingo-18072010\/#article\",\"isPartOf\":{\"@id\":\"https:\/\/www.oarcanjo.net\/site\/leituras-do-domingo-18072010\/\"},\"author\":{\"name\":\"editor\",\"@id\":\"https:\/\/www.oarcanjo.net\/site\/#\/schema\/person\/f7024d007863202483a31326673a0838\"},\"headline\":\"Leituras do domingo 18\/07\/2010\",\"datePublished\":\"2010-07-03T23:27:21+00:00\",\"dateModified\":\"2010-07-04T16:10:28+00:00\",\"mainEntityOfPage\":{\"@id\":\"https:\/\/www.oarcanjo.net\/site\/leituras-do-domingo-18072010\/\"},\"wordCount\":590,\"commentCount\":1,\"publisher\":{\"@id\":\"https:\/\/www.oarcanjo.net\/site\/#organization\"},\"articleSection\":[\"Liturgia\"],\"inLanguage\":\"pt-BR\",\"potentialAction\":[{\"@type\":\"CommentAction\",\"name\":\"Comment\",\"target\":[\"https:\/\/www.oarcanjo.net\/site\/leituras-do-domingo-18072010\/#respond\"]}]},{\"@type\":\"WebPage\",\"@id\":\"https:\/\/www.oarcanjo.net\/site\/leituras-do-domingo-18072010\/\",\"url\":\"https:\/\/www.oarcanjo.net\/site\/leituras-do-domingo-18072010\/\",\"name\":\"Leituras do domingo 18\/07\/2010 - O Arcanjo no ar\",\"isPartOf\":{\"@id\":\"https:\/\/www.oarcanjo.net\/site\/#website\"},\"datePublished\":\"2010-07-03T23:27:21+00:00\",\"dateModified\":\"2010-07-04T16:10:28+00:00\",\"breadcrumb\":{\"@id\":\"https:\/\/www.oarcanjo.net\/site\/leituras-do-domingo-18072010\/#breadcrumb\"},\"inLanguage\":\"pt-BR\",\"potentialAction\":[{\"@type\":\"ReadAction\",\"target\":[\"https:\/\/www.oarcanjo.net\/site\/leituras-do-domingo-18072010\/\"]}]},{\"@type\":\"BreadcrumbList\",\"@id\":\"https:\/\/www.oarcanjo.net\/site\/leituras-do-domingo-18072010\/#breadcrumb\",\"itemListElement\":[{\"@type\":\"ListItem\",\"position\":1,\"name\":\"In\u00edcio\",\"item\":\"https:\/\/www.oarcanjo.net\/site\/\"},{\"@type\":\"ListItem\",\"position\":2,\"name\":\"Leituras do domingo 18\/07\/2010\"}]},{\"@type\":\"WebSite\",\"@id\":\"https:\/\/www.oarcanjo.net\/site\/#website\",\"url\":\"https:\/\/www.oarcanjo.net\/site\/\",\"name\":\"O Arcanjo no ar\",\"description\":\"Site da Par\u00f3quia S\u00e3o Miguel Arcanjo (Arquidiocese de SP)\",\"publisher\":{\"@id\":\"https:\/\/www.oarcanjo.net\/site\/#organization\"},\"potentialAction\":[{\"@type\":\"SearchAction\",\"target\":{\"@type\":\"EntryPoint\",\"urlTemplate\":\"https:\/\/www.oarcanjo.net\/site\/?s={search_term_string}\"},\"query-input\":{\"@type\":\"PropertyValueSpecification\",\"valueRequired\":true,\"valueName\":\"search_term_string\"}}],\"inLanguage\":\"pt-BR\"},{\"@type\":\"Organization\",\"@id\":\"https:\/\/www.oarcanjo.net\/site\/#organization\",\"name\":\"Par\u00f3quia S\u00e3o Miguel Arcanjo\",\"url\":\"https:\/\/www.oarcanjo.net\/site\/\",\"logo\":{\"@type\":\"ImageObject\",\"inLanguage\":\"pt-BR\",\"@id\":\"https:\/\/www.oarcanjo.net\/site\/#\/schema\/logo\/image\/\",\"url\":\"https:\/\/www.oarcanjo.net\/site\/wp-content\/uploads\/LogoOArcanjo.png\",\"contentUrl\":\"https:\/\/www.oarcanjo.net\/site\/wp-content\/uploads\/LogoOArcanjo.png\",\"width\":319,\"height\":99,\"caption\":\"Par\u00f3quia S\u00e3o Miguel Arcanjo\"},\"image\":{\"@id\":\"https:\/\/www.oarcanjo.net\/site\/#\/schema\/logo\/image\/\"},\"sameAs\":[\"https:\/\/www.facebook.com\/OArcanjoNoAr\/\"]},{\"@type\":\"Person\",\"@id\":\"https:\/\/www.oarcanjo.net\/site\/#\/schema\/person\/f7024d007863202483a31326673a0838\",\"name\":\"editor\",\"sameAs\":[\"http:\/\/www.oarcanjo.net\"]}]}<\/script>\n<!-- \/ Yoast SEO plugin. -->","yoast_head_json":{"title":"Leituras do domingo 18\/07\/2010 - O Arcanjo no ar","robots":{"index":"index","follow":"follow","max-snippet":"max-snippet:-1","max-image-preview":"max-image-preview:large","max-video-preview":"max-video-preview:-1"},"canonical":"https:\/\/www.oarcanjo.net\/site\/leituras-do-domingo-18072010\/","og_locale":"pt_BR","og_type":"article","og_title":"Leituras do domingo 18\/07\/2010 - O Arcanjo no ar","og_description":"16\u00ba Domingo Comum Primeira leitura (G\u00eanesis 18,1-10a) Naqueles dias,\u00a01o Senhor apareceu a Abra\u00e3o junto ao carvalho de Mambr\u00e9, quando ele estava sentado \u00e0 entrada de sua tenda, no maior calor do dia. 2Levantando os olhos, Abra\u00e3o viu tr\u00eas homens de p\u00e9, perto dele. Assim que os viu, correu ao seu encontro e prostrou-se por terra.\u00a03E [&hellip;]","og_url":"https:\/\/www.oarcanjo.net\/site\/leituras-do-domingo-18072010\/","og_site_name":"O Arcanjo no ar","article_publisher":"https:\/\/www.facebook.com\/OArcanjoNoAr\/","article_published_time":"2010-07-03T23:27:21+00:00","article_modified_time":"2010-07-04T16:10:28+00:00","og_image":[{"width":300,"height":300,"url":"https:\/\/www.oarcanjo.net\/site\/wp-content\/uploads\/logo-o-arcanjo-no-ar-facebook.png","type":"image\/png"}],"author":"editor","twitter_card":"summary_large_image","twitter_misc":{"Escrito por":"editor","Est. tempo de leitura":"3 minutos"},"schema":{"@context":"https:\/\/schema.org","@graph":[{"@type":"Article","@id":"https:\/\/www.oarcanjo.net\/site\/leituras-do-domingo-18072010\/#article","isPartOf":{"@id":"https:\/\/www.oarcanjo.net\/site\/leituras-do-domingo-18072010\/"},"author":{"name":"editor","@id":"https:\/\/www.oarcanjo.net\/site\/#\/schema\/person\/f7024d007863202483a31326673a0838"},"headline":"Leituras do domingo 18\/07\/2010","datePublished":"2010-07-03T23:27:21+00:00","dateModified":"2010-07-04T16:10:28+00:00","mainEntityOfPage":{"@id":"https:\/\/www.oarcanjo.net\/site\/leituras-do-domingo-18072010\/"},"wordCount":590,"commentCount":1,"publisher":{"@id":"https:\/\/www.oarcanjo.net\/site\/#organization"},"articleSection":["Liturgia"],"inLanguage":"pt-BR","potentialAction":[{"@type":"CommentAction","name":"Comment","target":["https:\/\/www.oarcanjo.net\/site\/leituras-do-domingo-18072010\/#respond"]}]},{"@type":"WebPage","@id":"https:\/\/www.oarcanjo.net\/site\/leituras-do-domingo-18072010\/","url":"https:\/\/www.oarcanjo.net\/site\/leituras-do-domingo-18072010\/","name":"Leituras do domingo 18\/07\/2010 - O Arcanjo no ar","isPartOf":{"@id":"https:\/\/www.oarcanjo.net\/site\/#website"},"datePublished":"2010-07-03T23:27:21+00:00","dateModified":"2010-07-04T16:10:28+00:00","breadcrumb":{"@id":"https:\/\/www.oarcanjo.net\/site\/leituras-do-domingo-18072010\/#breadcrumb"},"inLanguage":"pt-BR","potentialAction":[{"@type":"ReadAction","target":["https:\/\/www.oarcanjo.net\/site\/leituras-do-domingo-18072010\/"]}]},{"@type":"BreadcrumbList","@id":"https:\/\/www.oarcanjo.net\/site\/leituras-do-domingo-18072010\/#breadcrumb","itemListElement":[{"@type":"ListItem","position":1,"name":"In\u00edcio","item":"https:\/\/www.oarcanjo.net\/site\/"},{"@type":"ListItem","position":2,"name":"Leituras do domingo 18\/07\/2010"}]},{"@type":"WebSite","@id":"https:\/\/www.oarcanjo.net\/site\/#website","url":"https:\/\/www.oarcanjo.net\/site\/","name":"O Arcanjo no ar","description":"Site da Par\u00f3quia S\u00e3o Miguel Arcanjo (Arquidiocese de SP)","publisher":{"@id":"https:\/\/www.oarcanjo.net\/site\/#organization"},"potentialAction":[{"@type":"SearchAction","target":{"@type":"EntryPoint","urlTemplate":"https:\/\/www.oarcanjo.net\/site\/?s={search_term_string}"},"query-input":{"@type":"PropertyValueSpecification","valueRequired":true,"valueName":"search_term_string"}}],"inLanguage":"pt-BR"},{"@type":"Organization","@id":"https:\/\/www.oarcanjo.net\/site\/#organization","name":"Par\u00f3quia S\u00e3o Miguel Arcanjo","url":"https:\/\/www.oarcanjo.net\/site\/","logo":{"@type":"ImageObject","inLanguage":"pt-BR","@id":"https:\/\/www.oarcanjo.net\/site\/#\/schema\/logo\/image\/","url":"https:\/\/www.oarcanjo.net\/site\/wp-content\/uploads\/LogoOArcanjo.png","contentUrl":"https:\/\/www.oarcanjo.net\/site\/wp-content\/uploads\/LogoOArcanjo.png","width":319,"height":99,"caption":"Par\u00f3quia S\u00e3o Miguel Arcanjo"},"image":{"@id":"https:\/\/www.oarcanjo.net\/site\/#\/schema\/logo\/image\/"},"sameAs":["https:\/\/www.facebook.com\/OArcanjoNoAr\/"]},{"@type":"Person","@id":"https:\/\/www.oarcanjo.net\/site\/#\/schema\/person\/f7024d007863202483a31326673a0838","name":"editor","sameAs":["http:\/\/www.oarcanjo.net"]}]}},"publishpress_future_action":{"enabled":false,"date":"2026-05-08 18:14:08","action":"category","newStatus":"draft","terms":[],"taxonomy":"category"},"publishpress_future_workflow_manual_trigger":{"enabledWorkflows":[]},"_links":{"self":[{"href":"https:\/\/www.oarcanjo.net\/site\/wp-json\/wp\/v2\/posts\/10126"}],"collection":[{"href":"https:\/\/www.oarcanjo.net\/site\/wp-json\/wp\/v2\/posts"}],"about":[{"href":"https:\/\/www.oarcanjo.net\/site\/wp-json\/wp\/v2\/types\/post"}],"author":[{"embeddable":true,"href":"https:\/\/www.oarcanjo.net\/site\/wp-json\/wp\/v2\/users\/5"}],"replies":[{"embeddable":true,"href":"https:\/\/www.oarcanjo.net\/site\/wp-json\/wp\/v2\/comments?post=10126"}],"version-history":[{"count":0,"href":"https:\/\/www.oarcanjo.net\/site\/wp-json\/wp\/v2\/posts\/10126\/revisions"}],"wp:attachment":[{"href":"https:\/\/www.oarcanjo.net\/site\/wp-json\/wp\/v2\/media?parent=10126"}],"wp:term":[{"taxonomy":"category","embeddable":true,"href":"https:\/\/www.oarcanjo.net\/site\/wp-json\/wp\/v2\/categories?post=10126"},{"taxonomy":"post_tag","embeddable":true,"href":"https:\/\/www.oarcanjo.net\/site\/wp-json\/wp\/v2\/tags?post=10126"}],"curies":[{"name":"wp","href":"https:\/\/api.w.org\/{rel}","templated":true}]}}