
{"id":10137,"date":"2010-07-04T10:29:10","date_gmt":"2010-07-04T13:29:10","guid":{"rendered":"http:\/\/www.oarcanjo.net\/site\/?p=10137"},"modified":"2010-07-04T10:29:10","modified_gmt":"2010-07-04T13:29:10","slug":"venda-de-camisetas-em-apoio-ao-centro-ezequiel-ramin","status":"publish","type":"post","link":"https:\/\/www.oarcanjo.net\/site\/venda-de-camisetas-em-apoio-ao-centro-ezequiel-ramin\/","title":{"rendered":"Venda de camisetas em apoio ao Centro Ezequiel Ramin"},"content":{"rendered":"<p>Est\u00e3o dispon\u00edveis na igreja S\u00e3o Miguel Arcanjo camisetas com frases do livro <em>Gentileza, <\/em>de Gabriel Chalita.<\/p>\n<p><img loading=\"lazy\" decoding=\"async\" class=\"aligncenter size-full wp-image-10141\" title=\"Camiseta - Frente e verso\" src=\"http:\/\/www.oarcanjo.net\/site\/wp-content\/uploads\/camiseta-frente-verso.jpg\" alt=\"Camiseta - Frente e verso\" width=\"470\" height=\"342\" srcset=\"https:\/\/www.oarcanjo.net\/site\/wp-content\/uploads\/camiseta-frente-verso.jpg 470w, https:\/\/www.oarcanjo.net\/site\/wp-content\/uploads\/camiseta-frente-verso-300x218.jpg 300w\" sizes=\"(max-width: 470px) 100vw, 470px\" \/><\/p>\n<p>As vendas ser\u00e3o em prol do Centro de Defesa dos Direitos Humanos Pe. Ezequiel Ramin, entidade que atende\u00a0familiares e\u00a0jovens em conflito com a lei.<\/p>\n<p>Cada camiseta custa R$ 15,00 mais custos de entrega. Interessados devem entrar em contato pelo telefone (11) 2692-6798.<\/p>\n<div id=\"themify_builder_content-10137\" data-postid=\"10137\" class=\"themify_builder_content themify_builder_content-10137 themify_builder themify_builder_front\">\n\t<\/div>\n<!-- \/themify_builder_content -->","protected":false},"excerpt":{"rendered":"<p>Est\u00e3o dispon\u00edveis na igreja S\u00e3o Miguel Arcanjo camisetas com frases do livro Gentileza, de Gabriel Chalita. As vendas ser\u00e3o em prol do Centro de Defesa dos Direitos Humanos Pe. Ezequiel Ramin, entidade que atende\u00a0familiares e\u00a0jovens em conflito com a lei. Cada camiseta custa R$ 15,00 mais custos de entrega. Interessados devem entrar em contato pelo [&hellip;]<\/p>\n","protected":false},"author":5,"featured_media":0,"comment_status":"open","ping_status":"open","sticky":false,"template":"","format":"standard","meta":{"ngg_post_thumbnail":0,"footnotes":""},"categories":[8],"tags":[],"yoast_head":"<!-- This site is optimized with the Yoast SEO plugin v23.5 - https:\/\/yoast.com\/wordpress\/plugins\/seo\/ -->\n<title>Venda de camisetas em apoio ao Centro Ezequiel Ramin - O Arcanjo no ar<\/title>\n<meta name=\"robots\" content=\"index, follow, max-snippet:-1, max-image-preview:large, max-video-preview:-1\" \/>\n<link rel=\"canonical\" href=\"https:\/\/www.oarcanjo.net\/site\/venda-de-camisetas-em-apoio-ao-centro-ezequiel-ramin\/\" \/>\n<meta property=\"og:locale\" content=\"pt_BR\" \/>\n<meta property=\"og:type\" content=\"article\" \/>\n<meta property=\"og:title\" content=\"Venda de camisetas em apoio ao Centro Ezequiel Ramin - O Arcanjo no ar\" \/>\n<meta property=\"og:description\" content=\"Est\u00e3o dispon\u00edveis na igreja S\u00e3o Miguel Arcanjo camisetas com frases do livro Gentileza, de Gabriel Chalita. As vendas ser\u00e3o em prol do Centro de Defesa dos Direitos Humanos Pe. Ezequiel Ramin, entidade que atende\u00a0familiares e\u00a0jovens em conflito com a lei. Cada camiseta custa R$ 15,00 mais custos de entrega. Interessados devem entrar em contato pelo [&hellip;]\" \/>\n<meta property=\"og:url\" content=\"https:\/\/www.oarcanjo.net\/site\/venda-de-camisetas-em-apoio-ao-centro-ezequiel-ramin\/\" \/>\n<meta property=\"og:site_name\" content=\"O Arcanjo no ar\" \/>\n<meta property=\"article:publisher\" content=\"https:\/\/www.facebook.com\/OArcanjoNoAr\/\" \/>\n<meta property=\"article:published_time\" content=\"2010-07-04T13:29:10+00:00\" \/>\n<meta property=\"og:image\" content=\"http:\/\/www.oarcanjo.net\/site\/wp-content\/uploads\/camiseta-frente-verso.jpg\" \/>\n<meta name=\"author\" content=\"editor\" \/>\n<meta name=\"twitter:card\" content=\"summary_large_image\" \/>\n<meta name=\"twitter:label1\" content=\"Escrito por\" \/>\n\t<meta name=\"twitter:data1\" content=\"editor\" \/>\n<script type=\"application\/ld+json\" class=\"yoast-schema-graph\">{\"@context\":\"https:\/\/schema.org\",\"@graph\":[{\"@type\":\"Article\",\"@id\":\"https:\/\/www.oarcanjo.net\/site\/venda-de-camisetas-em-apoio-ao-centro-ezequiel-ramin\/#article\",\"isPartOf\":{\"@id\":\"https:\/\/www.oarcanjo.net\/site\/venda-de-camisetas-em-apoio-ao-centro-ezequiel-ramin\/\"},\"author\":{\"name\":\"editor\",\"@id\":\"https:\/\/www.oarcanjo.net\/site\/#\/schema\/person\/f7024d007863202483a31326673a0838\"},\"headline\":\"Venda de camisetas em apoio ao Centro Ezequiel Ramin\",\"datePublished\":\"2010-07-04T13:29:10+00:00\",\"dateModified\":\"2010-07-04T13:29:10+00:00\",\"mainEntityOfPage\":{\"@id\":\"https:\/\/www.oarcanjo.net\/site\/venda-de-camisetas-em-apoio-ao-centro-ezequiel-ramin\/\"},\"wordCount\":71,\"commentCount\":0,\"publisher\":{\"@id\":\"https:\/\/www.oarcanjo.net\/site\/#organization\"},\"image\":{\"@id\":\"https:\/\/www.oarcanjo.net\/site\/venda-de-camisetas-em-apoio-ao-centro-ezequiel-ramin\/#primaryimage\"},\"thumbnailUrl\":\"http:\/\/www.oarcanjo.net\/site\/wp-content\/uploads\/camiseta-frente-verso.jpg\",\"articleSection\":[\"Not\u00edcias\"],\"inLanguage\":\"pt-BR\",\"potentialAction\":[{\"@type\":\"CommentAction\",\"name\":\"Comment\",\"target\":[\"https:\/\/www.oarcanjo.net\/site\/venda-de-camisetas-em-apoio-ao-centro-ezequiel-ramin\/#respond\"]}]},{\"@type\":\"WebPage\",\"@id\":\"https:\/\/www.oarcanjo.net\/site\/venda-de-camisetas-em-apoio-ao-centro-ezequiel-ramin\/\",\"url\":\"https:\/\/www.oarcanjo.net\/site\/venda-de-camisetas-em-apoio-ao-centro-ezequiel-ramin\/\",\"name\":\"Venda de camisetas em apoio ao Centro Ezequiel Ramin - O Arcanjo no ar\",\"isPartOf\":{\"@id\":\"https:\/\/www.oarcanjo.net\/site\/#website\"},\"primaryImageOfPage\":{\"@id\":\"https:\/\/www.oarcanjo.net\/site\/venda-de-camisetas-em-apoio-ao-centro-ezequiel-ramin\/#primaryimage\"},\"image\":{\"@id\":\"https:\/\/www.oarcanjo.net\/site\/venda-de-camisetas-em-apoio-ao-centro-ezequiel-ramin\/#primaryimage\"},\"thumbnailUrl\":\"http:\/\/www.oarcanjo.net\/site\/wp-content\/uploads\/camiseta-frente-verso.jpg\",\"datePublished\":\"2010-07-04T13:29:10+00:00\",\"dateModified\":\"2010-07-04T13:29:10+00:00\",\"breadcrumb\":{\"@id\":\"https:\/\/www.oarcanjo.net\/site\/venda-de-camisetas-em-apoio-ao-centro-ezequiel-ramin\/#breadcrumb\"},\"inLanguage\":\"pt-BR\",\"potentialAction\":[{\"@type\":\"ReadAction\",\"target\":[\"https:\/\/www.oarcanjo.net\/site\/venda-de-camisetas-em-apoio-ao-centro-ezequiel-ramin\/\"]}]},{\"@type\":\"ImageObject\",\"inLanguage\":\"pt-BR\",\"@id\":\"https:\/\/www.oarcanjo.net\/site\/venda-de-camisetas-em-apoio-ao-centro-ezequiel-ramin\/#primaryimage\",\"url\":\"https:\/\/www.oarcanjo.net\/site\/wp-content\/uploads\/camiseta-frente-verso.jpg\",\"contentUrl\":\"https:\/\/www.oarcanjo.net\/site\/wp-content\/uploads\/camiseta-frente-verso.jpg\",\"width\":\"470\",\"height\":\"342\",\"caption\":\"Camiseta - Frente e verso\"},{\"@type\":\"BreadcrumbList\",\"@id\":\"https:\/\/www.oarcanjo.net\/site\/venda-de-camisetas-em-apoio-ao-centro-ezequiel-ramin\/#breadcrumb\",\"itemListElement\":[{\"@type\":\"ListItem\",\"position\":1,\"name\":\"In\u00edcio\",\"item\":\"https:\/\/www.oarcanjo.net\/site\/\"},{\"@type\":\"ListItem\",\"position\":2,\"name\":\"Venda de camisetas em apoio ao Centro Ezequiel Ramin\"}]},{\"@type\":\"WebSite\",\"@id\":\"https:\/\/www.oarcanjo.net\/site\/#website\",\"url\":\"https:\/\/www.oarcanjo.net\/site\/\",\"name\":\"O Arcanjo no ar\",\"description\":\"Site da Par\u00f3quia S\u00e3o Miguel Arcanjo (Arquidiocese de SP)\",\"publisher\":{\"@id\":\"https:\/\/www.oarcanjo.net\/site\/#organization\"},\"potentialAction\":[{\"@type\":\"SearchAction\",\"target\":{\"@type\":\"EntryPoint\",\"urlTemplate\":\"https:\/\/www.oarcanjo.net\/site\/?s={search_term_string}\"},\"query-input\":{\"@type\":\"PropertyValueSpecification\",\"valueRequired\":true,\"valueName\":\"search_term_string\"}}],\"inLanguage\":\"pt-BR\"},{\"@type\":\"Organization\",\"@id\":\"https:\/\/www.oarcanjo.net\/site\/#organization\",\"name\":\"Par\u00f3quia S\u00e3o Miguel Arcanjo\",\"url\":\"https:\/\/www.oarcanjo.net\/site\/\",\"logo\":{\"@type\":\"ImageObject\",\"inLanguage\":\"pt-BR\",\"@id\":\"https:\/\/www.oarcanjo.net\/site\/#\/schema\/logo\/image\/\",\"url\":\"https:\/\/www.oarcanjo.net\/site\/wp-content\/uploads\/LogoOArcanjo.png\",\"contentUrl\":\"https:\/\/www.oarcanjo.net\/site\/wp-content\/uploads\/LogoOArcanjo.png\",\"width\":319,\"height\":99,\"caption\":\"Par\u00f3quia S\u00e3o Miguel Arcanjo\"},\"image\":{\"@id\":\"https:\/\/www.oarcanjo.net\/site\/#\/schema\/logo\/image\/\"},\"sameAs\":[\"https:\/\/www.facebook.com\/OArcanjoNoAr\/\"]},{\"@type\":\"Person\",\"@id\":\"https:\/\/www.oarcanjo.net\/site\/#\/schema\/person\/f7024d007863202483a31326673a0838\",\"name\":\"editor\",\"sameAs\":[\"http:\/\/www.oarcanjo.net\"]}]}<\/script>\n<!-- \/ Yoast SEO plugin. -->","yoast_head_json":{"title":"Venda de camisetas em apoio ao Centro Ezequiel Ramin - O Arcanjo no ar","robots":{"index":"index","follow":"follow","max-snippet":"max-snippet:-1","max-image-preview":"max-image-preview:large","max-video-preview":"max-video-preview:-1"},"canonical":"https:\/\/www.oarcanjo.net\/site\/venda-de-camisetas-em-apoio-ao-centro-ezequiel-ramin\/","og_locale":"pt_BR","og_type":"article","og_title":"Venda de camisetas em apoio ao Centro Ezequiel Ramin - O Arcanjo no ar","og_description":"Est\u00e3o dispon\u00edveis na igreja S\u00e3o Miguel Arcanjo camisetas com frases do livro Gentileza, de Gabriel Chalita. As vendas ser\u00e3o em prol do Centro de Defesa dos Direitos Humanos Pe. Ezequiel Ramin, entidade que atende\u00a0familiares e\u00a0jovens em conflito com a lei. Cada camiseta custa R$ 15,00 mais custos de entrega. Interessados devem entrar em contato pelo [&hellip;]","og_url":"https:\/\/www.oarcanjo.net\/site\/venda-de-camisetas-em-apoio-ao-centro-ezequiel-ramin\/","og_site_name":"O Arcanjo no ar","article_publisher":"https:\/\/www.facebook.com\/OArcanjoNoAr\/","article_published_time":"2010-07-04T13:29:10+00:00","og_image":[{"url":"http:\/\/www.oarcanjo.net\/site\/wp-content\/uploads\/camiseta-frente-verso.jpg"}],"author":"editor","twitter_card":"summary_large_image","twitter_misc":{"Escrito por":"editor"},"schema":{"@context":"https:\/\/schema.org","@graph":[{"@type":"Article","@id":"https:\/\/www.oarcanjo.net\/site\/venda-de-camisetas-em-apoio-ao-centro-ezequiel-ramin\/#article","isPartOf":{"@id":"https:\/\/www.oarcanjo.net\/site\/venda-de-camisetas-em-apoio-ao-centro-ezequiel-ramin\/"},"author":{"name":"editor","@id":"https:\/\/www.oarcanjo.net\/site\/#\/schema\/person\/f7024d007863202483a31326673a0838"},"headline":"Venda de camisetas em apoio ao Centro Ezequiel Ramin","datePublished":"2010-07-04T13:29:10+00:00","dateModified":"2010-07-04T13:29:10+00:00","mainEntityOfPage":{"@id":"https:\/\/www.oarcanjo.net\/site\/venda-de-camisetas-em-apoio-ao-centro-ezequiel-ramin\/"},"wordCount":71,"commentCount":0,"publisher":{"@id":"https:\/\/www.oarcanjo.net\/site\/#organization"},"image":{"@id":"https:\/\/www.oarcanjo.net\/site\/venda-de-camisetas-em-apoio-ao-centro-ezequiel-ramin\/#primaryimage"},"thumbnailUrl":"http:\/\/www.oarcanjo.net\/site\/wp-content\/uploads\/camiseta-frente-verso.jpg","articleSection":["Not\u00edcias"],"inLanguage":"pt-BR","potentialAction":[{"@type":"CommentAction","name":"Comment","target":["https:\/\/www.oarcanjo.net\/site\/venda-de-camisetas-em-apoio-ao-centro-ezequiel-ramin\/#respond"]}]},{"@type":"WebPage","@id":"https:\/\/www.oarcanjo.net\/site\/venda-de-camisetas-em-apoio-ao-centro-ezequiel-ramin\/","url":"https:\/\/www.oarcanjo.net\/site\/venda-de-camisetas-em-apoio-ao-centro-ezequiel-ramin\/","name":"Venda de camisetas em apoio ao Centro Ezequiel Ramin - O Arcanjo no ar","isPartOf":{"@id":"https:\/\/www.oarcanjo.net\/site\/#website"},"primaryImageOfPage":{"@id":"https:\/\/www.oarcanjo.net\/site\/venda-de-camisetas-em-apoio-ao-centro-ezequiel-ramin\/#primaryimage"},"image":{"@id":"https:\/\/www.oarcanjo.net\/site\/venda-de-camisetas-em-apoio-ao-centro-ezequiel-ramin\/#primaryimage"},"thumbnailUrl":"http:\/\/www.oarcanjo.net\/site\/wp-content\/uploads\/camiseta-frente-verso.jpg","datePublished":"2010-07-04T13:29:10+00:00","dateModified":"2010-07-04T13:29:10+00:00","breadcrumb":{"@id":"https:\/\/www.oarcanjo.net\/site\/venda-de-camisetas-em-apoio-ao-centro-ezequiel-ramin\/#breadcrumb"},"inLanguage":"pt-BR","potentialAction":[{"@type":"ReadAction","target":["https:\/\/www.oarcanjo.net\/site\/venda-de-camisetas-em-apoio-ao-centro-ezequiel-ramin\/"]}]},{"@type":"ImageObject","inLanguage":"pt-BR","@id":"https:\/\/www.oarcanjo.net\/site\/venda-de-camisetas-em-apoio-ao-centro-ezequiel-ramin\/#primaryimage","url":"https:\/\/www.oarcanjo.net\/site\/wp-content\/uploads\/camiseta-frente-verso.jpg","contentUrl":"https:\/\/www.oarcanjo.net\/site\/wp-content\/uploads\/camiseta-frente-verso.jpg","width":"470","height":"342","caption":"Camiseta - Frente e verso"},{"@type":"BreadcrumbList","@id":"https:\/\/www.oarcanjo.net\/site\/venda-de-camisetas-em-apoio-ao-centro-ezequiel-ramin\/#breadcrumb","itemListElement":[{"@type":"ListItem","position":1,"name":"In\u00edcio","item":"https:\/\/www.oarcanjo.net\/site\/"},{"@type":"ListItem","position":2,"name":"Venda de camisetas em apoio ao Centro Ezequiel Ramin"}]},{"@type":"WebSite","@id":"https:\/\/www.oarcanjo.net\/site\/#website","url":"https:\/\/www.oarcanjo.net\/site\/","name":"O Arcanjo no ar","description":"Site da Par\u00f3quia S\u00e3o Miguel Arcanjo (Arquidiocese de SP)","publisher":{"@id":"https:\/\/www.oarcanjo.net\/site\/#organization"},"potentialAction":[{"@type":"SearchAction","target":{"@type":"EntryPoint","urlTemplate":"https:\/\/www.oarcanjo.net\/site\/?s={search_term_string}"},"query-input":{"@type":"PropertyValueSpecification","valueRequired":true,"valueName":"search_term_string"}}],"inLanguage":"pt-BR"},{"@type":"Organization","@id":"https:\/\/www.oarcanjo.net\/site\/#organization","name":"Par\u00f3quia S\u00e3o Miguel Arcanjo","url":"https:\/\/www.oarcanjo.net\/site\/","logo":{"@type":"ImageObject","inLanguage":"pt-BR","@id":"https:\/\/www.oarcanjo.net\/site\/#\/schema\/logo\/image\/","url":"https:\/\/www.oarcanjo.net\/site\/wp-content\/uploads\/LogoOArcanjo.png","contentUrl":"https:\/\/www.oarcanjo.net\/site\/wp-content\/uploads\/LogoOArcanjo.png","width":319,"height":99,"caption":"Par\u00f3quia S\u00e3o Miguel Arcanjo"},"image":{"@id":"https:\/\/www.oarcanjo.net\/site\/#\/schema\/logo\/image\/"},"sameAs":["https:\/\/www.facebook.com\/OArcanjoNoAr\/"]},{"@type":"Person","@id":"https:\/\/www.oarcanjo.net\/site\/#\/schema\/person\/f7024d007863202483a31326673a0838","name":"editor","sameAs":["http:\/\/www.oarcanjo.net"]}]}},"publishpress_future_action":{"enabled":false,"date":"2026-05-07 21:00:05","action":"category","newStatus":"draft","terms":[],"taxonomy":"category"},"publishpress_future_workflow_manual_trigger":{"enabledWorkflows":[]},"_links":{"self":[{"href":"https:\/\/www.oarcanjo.net\/site\/wp-json\/wp\/v2\/posts\/10137"}],"collection":[{"href":"https:\/\/www.oarcanjo.net\/site\/wp-json\/wp\/v2\/posts"}],"about":[{"href":"https:\/\/www.oarcanjo.net\/site\/wp-json\/wp\/v2\/types\/post"}],"author":[{"embeddable":true,"href":"https:\/\/www.oarcanjo.net\/site\/wp-json\/wp\/v2\/users\/5"}],"replies":[{"embeddable":true,"href":"https:\/\/www.oarcanjo.net\/site\/wp-json\/wp\/v2\/comments?post=10137"}],"version-history":[{"count":0,"href":"https:\/\/www.oarcanjo.net\/site\/wp-json\/wp\/v2\/posts\/10137\/revisions"}],"wp:attachment":[{"href":"https:\/\/www.oarcanjo.net\/site\/wp-json\/wp\/v2\/media?parent=10137"}],"wp:term":[{"taxonomy":"category","embeddable":true,"href":"https:\/\/www.oarcanjo.net\/site\/wp-json\/wp\/v2\/categories?post=10137"},{"taxonomy":"post_tag","embeddable":true,"href":"https:\/\/www.oarcanjo.net\/site\/wp-json\/wp\/v2\/tags?post=10137"}],"curies":[{"name":"wp","href":"https:\/\/api.w.org\/{rel}","templated":true}]}}