
{"id":10155,"date":"2010-07-04T15:36:19","date_gmt":"2010-07-04T18:36:19","guid":{"rendered":"http:\/\/www.oarcanjo.net\/site\/?p=10155"},"modified":"2010-08-16T00:08:50","modified_gmt":"2010-08-16T03:08:50","slug":"sao-miguel-arcanjo-participa-das-oficinas-do-congresso-de-leigos","status":"publish","type":"post","link":"https:\/\/www.oarcanjo.net\/site\/sao-miguel-arcanjo-participa-das-oficinas-do-congresso-de-leigos\/","title":{"rendered":"S\u00e3o Miguel Arcanjo participa das Oficinas do Congresso de Leigos"},"content":{"rendered":"<p>A comunidade S\u00e3o Miguel Arcanjo se prepara para participar das oficinas tem\u00e1ticas da Regi\u00e3o Bel\u00e9m do 1\u00ba Congresso de Leigos da Arquidiocese de S\u00e3o Paulo.<\/p>\n<p>Oficinas de junho:<\/p>\n<p><strong>OFICINA: Miss\u00e3o do leigo na Vida e Anima\u00e7\u00e3o da Comunidade Eclesial<\/strong><strong><br \/>\nData:<\/strong> 26\/06\/2010 (s\u00e1bado)<br \/>\nHor\u00e1rio: 8h \u00e0s 12h<br \/>\nLocal: Par\u00f3quia S\u00e3o Mateus<br \/>\nR. Antonio Previato, 1343 &#8211; S\u00e3o Mateus<\/p>\n<p><strong>OFICINA: Vida e miss\u00e3o do leigo junto \u00e0 Juventude<br \/>\n<\/strong><strong>PARTICIPANTE: Alexandre Leone<\/strong><br \/>\n<strong> Data:<\/strong> 27\/06\/2010 (domingo)<br \/>\nHor\u00e1rio: 8h \u00e0s 17h<br \/>\nLocal: Col\u00e9gio Mary Ward<br \/>\nR. Gon\u00e7alo Nunes, 310-366 &#8211; Tatuap\u00e9<\/p>\n<p>Oficinas de julho:<\/p>\n<p><strong>OFICINA: Vida e miss\u00e3o do leigo no processo de inicia\u00e7\u00e3o \u00e0 vida crist\u00e3<\/strong><br \/>\n<strong>PARTICIPANTES: In\u00eas e Rosely<br \/>\nData:<\/strong> 10\/07\/2010 (s\u00e1bado)<br \/>\nHor\u00e1rio: 8h \u00e0s 12h<br \/>\nLocal: Centro Pastoral S\u00e3o Jos\u00e9<br \/>\nAv. \u00c1lvaro Ramos, 366 &#8211; Bel\u00e9m<\/p>\n<p><strong>OFICINA: Vida e miss\u00e3o do leigo na fam\u00edlia<\/strong><br \/>\n<strong>PARTICIPANTES: Ang\u00e9lica, Alexandre Leone e Noeli<br \/>\nData:<\/strong> 11\/07\/2010 (domingo)<br \/>\nHor\u00e1rio: 8h \u00e0s 12h<br \/>\nLocal: Par\u00f3quia Santa Bernadete<br \/>\nAv. do Orat\u00f3rio, 4246 &#8211; Vila IVG<\/p>\n<p><strong>OFICINA: Vida e miss\u00e3o do leigo na moradia<\/strong><br \/>\n<strong> Data:<\/strong> 15\/07\/2010 (quinta-feira)<br \/>\nHor\u00e1rio: 20h \u00e0s 22h<br \/>\nLocal: Centro Pastoral S\u00e3o Jos\u00e9<br \/>\nAv. \u00c1lvaro Ramos, 366 &#8211; Bel\u00e9m<\/p>\n<p><strong>OFICINA: Vida e miss\u00e3o do leigo na promo\u00e7\u00e3o da caridade<\/strong><br \/>\n<strong>PARTICIPANTES: Deolinda e Luiz Carlos<br \/>\nData:<\/strong> 17\/07\/2010 (s\u00e1bado)<br \/>\nHor\u00e1rio: 8h30 \u00e0s 12h<br \/>\nLocal: Par\u00f3quia Santa Luzia e S\u00e3o Pio X<br \/>\nAv. Sapopemba, 1500 &#8211; \u00c1gua Rasa<\/p>\n<p><strong>OFICINA: Vida e miss\u00e3o do leigo na promo\u00e7\u00e3o da Justi\u00e7a e da Solidariedade Social<\/strong><br \/>\n<strong>PARTICIPANTES: Evaniza e Silvia<br \/>\nData:<\/strong> 24\/07\/2010 (s\u00e1bado)<br \/>\nHor\u00e1rio: 8h \u00e0s 12h<br \/>\nLocal: Arsenal da Esperan\u00e7a<br \/>\nRua Dr. Almeida Lima, 900 &#8211; Br\u00e1s<\/p>\n<p><strong>OFICINA: Vida e miss\u00e3o do leigo no mundo da comunica\u00e7\u00e3o<\/strong><br \/>\n<strong>PARTICIPANTES: Carlos Beatriz<br \/>\nData:<\/strong> 24\/07\/2010 (s\u00e1bado)<br \/>\nHor\u00e1rio: 14h \u00e0s 18h<br \/>\nLocal: Par\u00f3quia Nossa Senhora de Lourdes<br \/>\nR. Jo\u00e3o Soares, 13 &#8211; \u00c1gua Rasa<\/p>\n<p><strong>OFICINA: Vida e miss\u00e3o do leigo nas responsabilidades p\u00fablicas<\/strong><br \/>\n<strong>PARTICIPANTE: Zeneide<br \/>\nData:<\/strong> 30\/07\/2010 (sexta-feira)<br \/>\nHor\u00e1rio: 19h30 \u00e0s 21h30<br \/>\nLocal: Par\u00f3quia S\u00e3o Sebasti\u00e3o<br \/>\nR. Tenente Godofredo Cerqueira Leite, 300 &#8211; Mascarenhas de Moraes<\/p>\n<p><strong>OFICINA: Vida e miss\u00e3o do leigo e os problemas da Cidade (centro e periferia)<\/strong><strong><br \/>\nData: <\/strong>31\/07\/2010 (s\u00e1bado)<br \/>\nHor\u00e1rio: 8h \u00e0s 12h<br \/>\nLocal: Col\u00e9gio C\u00e1ritas<br \/>\nR. Pedro Paulino dos Santos, 157 &#8211; Jardim Tr\u00eas Marias<\/p>\n<p>Oficinas de agosto:<\/p>\n<p><strong>OFICINA: Vida e miss\u00e3o do leigo no mundo da sa\u00fade<\/strong><strong><br \/>\nData: <\/strong>07\/08\/2010 (s\u00e1bado)<br \/>\nHor\u00e1rio: 9h \u00e0s 14h<br \/>\nLocal: Col\u00e9gio das Irm\u00e3s do Sagrado Cora\u00e7\u00e3o de Jesus<br \/>\nR. Planalto, 15 &#8211; Vila Formosa<\/p>\n<p><strong>OFICINA: Vida e miss\u00e3o do leigo nos desafios ambientais<br \/>\n<\/strong><strong>PARTICIPANTES: Mariana e Assu\u00e7ena<br \/>\n<\/strong><strong>Data: <\/strong>07\/08\/2010 (s\u00e1bado)<br \/>\nHor\u00e1rio: 8h30 \u00e0s 12h<br \/>\nLocal: Centro Pastoral S\u00e3o Jos\u00e9<br \/>\nAv. \u00c1lvaro Ramos, 366 &#8211; Bel\u00e9m<\/p>\n<p><strong>OFICINA: Vida e miss\u00e3o do leigo no an\u00fancio querigm\u00e1tico<\/strong><br \/>\n<strong>PARTICIPANTES: Norma e Carlos<br \/>\nData:<\/strong> 07\/08\/2010 (s\u00e1bado)<br \/>\nHor\u00e1rio: 14h \u00e0s 18h<br \/>\nLocal: Santu\u00e1rio Sagrado Cora\u00e7\u00e3o<br \/>\nAv. Renata, 01 &#8211; Sapopemba<\/p>\n<p><strong>OFICINA: Vida e miss\u00e3o do leigo no mundo do trabalho<br \/>\n<\/strong><strong>PARTICIPANTES: Oct\u00e1vio e Mauro<br \/>\n<\/strong><strong>Data: <\/strong>14\/08\/2010 (s\u00e1bado)<br \/>\nHor\u00e1rio: 9h \u00e0s 13h<br \/>\nLocal: Centro Pastoral S\u00e3o Jos\u00e9<br \/>\nAv. \u00c1lvaro Ramos, 366 &#8211; Bel\u00e9m<\/p>\n<p><strong>OFICINA: O leigo como sujeito na miss\u00e3o da Igreja<br \/>\n<\/strong><strong>PARTICIPANTE: Rinalda<br \/>\n<\/strong><strong>Data: <\/strong>14\/08\/2010 (s\u00e1bado)<br \/>\nHor\u00e1rio: 14h \u00e0s 17h<br \/>\nLocal: Centro Social Santa Clara e S\u00e3o Francisco<br \/>\nR. Costa Barros, 544 &#8211; Vila Alpina<\/p>\n<p><strong>OFICINA: Vida e miss\u00e3o do leigo na educa\u00e7\u00e3o em todos os n\u00edveis<br \/>\n<\/strong><strong>PARTICIPANTE: Maria In\u00eas<br \/>\n<\/strong><strong>Data: <\/strong>21\/08\/2010 (s\u00e1bado)<br \/>\nHor\u00e1rio: 9h \u00e0s 12h<br \/>\nLocal: Col\u00e9gio S\u00e3o Miguel Arcanjo<br \/>\nR. Campos Novos, 153 &#8211; Vila Zelina<\/p>\n<p><strong>CELEBRA\u00c7\u00c3O REGIONAL DAS OFICINAS TEM\u00c1TICAS<\/strong><br \/>\n<strong> <\/strong><strong>Data: <\/strong>28\/08\/2010 (s\u00e1bado)<br \/>\nHor\u00e1rio: 8h \u00e0s 13h<br \/>\nLocal: Col\u00e9gio Santa Isabel<br \/>\nR. Geraldo Correia, 351 &#8211; Vila Santa Isabel<\/p>\n<p>Para obter mais informa\u00e7\u00f5es sobre as oficinas na regi\u00e3o, entrar em contato pelo e-mail <a href=\"mailto:regiaobelem@uol.com.br\">regiaobelem@uol.com.br<\/a> ou pelo telefone 11 2693-0287. Para mais informa\u00e7\u00f5es sobre o Congresso de Leigos, acesse o site: <a title=\"http:\/\/www.congressodeleigos.org.br\" href=\"http:\/\/www.congressodeleigos.org.br\/\" target=\"_blank\">http:\/\/www.congressodeleigos.org.br<\/a>.<\/p>\n<div id=\"themify_builder_content-10155\" data-postid=\"10155\" class=\"themify_builder_content themify_builder_content-10155 themify_builder themify_builder_front\">\n\t<\/div>\n<!-- \/themify_builder_content -->","protected":false},"excerpt":{"rendered":"<p>A comunidade S\u00e3o Miguel Arcanjo se prepara para participar das oficinas tem\u00e1ticas da Regi\u00e3o Bel\u00e9m do 1\u00ba Congresso de Leigos da Arquidiocese de S\u00e3o Paulo. Oficinas de junho: OFICINA: Miss\u00e3o do leigo na Vida e Anima\u00e7\u00e3o da Comunidade Eclesial Data: 26\/06\/2010 (s\u00e1bado) Hor\u00e1rio: 8h \u00e0s 12h Local: Par\u00f3quia S\u00e3o Mateus R. Antonio Previato, 1343 &#8211; [&hellip;]<\/p>\n","protected":false},"author":5,"featured_media":0,"comment_status":"open","ping_status":"open","sticky":false,"template":"","format":"standard","meta":{"ngg_post_thumbnail":0,"footnotes":""},"categories":[8,7],"tags":[],"yoast_head":"<!-- This site is optimized with the Yoast SEO plugin v23.5 - https:\/\/yoast.com\/wordpress\/plugins\/seo\/ -->\n<title>S\u00e3o Miguel Arcanjo participa das Oficinas do Congresso de Leigos - O Arcanjo no ar<\/title>\n<meta name=\"robots\" content=\"index, follow, max-snippet:-1, max-image-preview:large, max-video-preview:-1\" \/>\n<link rel=\"canonical\" href=\"https:\/\/www.oarcanjo.net\/site\/sao-miguel-arcanjo-participa-das-oficinas-do-congresso-de-leigos\/\" \/>\n<meta property=\"og:locale\" content=\"pt_BR\" \/>\n<meta property=\"og:type\" content=\"article\" \/>\n<meta property=\"og:title\" content=\"S\u00e3o Miguel Arcanjo participa das Oficinas do Congresso de Leigos - O Arcanjo no ar\" \/>\n<meta property=\"og:description\" content=\"A comunidade S\u00e3o Miguel Arcanjo se prepara para participar das oficinas tem\u00e1ticas da Regi\u00e3o Bel\u00e9m do 1\u00ba Congresso de Leigos da Arquidiocese de S\u00e3o Paulo. Oficinas de junho: OFICINA: Miss\u00e3o do leigo na Vida e Anima\u00e7\u00e3o da Comunidade Eclesial Data: 26\/06\/2010 (s\u00e1bado) Hor\u00e1rio: 8h \u00e0s 12h Local: Par\u00f3quia S\u00e3o Mateus R. Antonio Previato, 1343 &#8211; [&hellip;]\" \/>\n<meta property=\"og:url\" content=\"https:\/\/www.oarcanjo.net\/site\/sao-miguel-arcanjo-participa-das-oficinas-do-congresso-de-leigos\/\" \/>\n<meta property=\"og:site_name\" content=\"O Arcanjo no ar\" \/>\n<meta property=\"article:publisher\" content=\"https:\/\/www.facebook.com\/OArcanjoNoAr\/\" \/>\n<meta property=\"article:published_time\" content=\"2010-07-04T18:36:19+00:00\" \/>\n<meta property=\"article:modified_time\" content=\"2010-08-16T03:08:50+00:00\" \/>\n<meta property=\"og:image\" content=\"https:\/\/www.oarcanjo.net\/site\/wp-content\/uploads\/logo-o-arcanjo-no-ar-facebook.png\" \/>\n\t<meta property=\"og:image:width\" content=\"300\" \/>\n\t<meta property=\"og:image:height\" content=\"300\" \/>\n\t<meta property=\"og:image:type\" content=\"image\/png\" \/>\n<meta name=\"author\" content=\"editor\" \/>\n<meta name=\"twitter:card\" content=\"summary_large_image\" \/>\n<meta name=\"twitter:label1\" content=\"Escrito por\" \/>\n\t<meta name=\"twitter:data1\" content=\"editor\" \/>\n\t<meta name=\"twitter:label2\" content=\"Est. tempo de leitura\" \/>\n\t<meta name=\"twitter:data2\" content=\"3 minutos\" \/>\n<script type=\"application\/ld+json\" class=\"yoast-schema-graph\">{\"@context\":\"https:\/\/schema.org\",\"@graph\":[{\"@type\":\"Article\",\"@id\":\"https:\/\/www.oarcanjo.net\/site\/sao-miguel-arcanjo-participa-das-oficinas-do-congresso-de-leigos\/#article\",\"isPartOf\":{\"@id\":\"https:\/\/www.oarcanjo.net\/site\/sao-miguel-arcanjo-participa-das-oficinas-do-congresso-de-leigos\/\"},\"author\":{\"name\":\"editor\",\"@id\":\"https:\/\/www.oarcanjo.net\/site\/#\/schema\/person\/f7024d007863202483a31326673a0838\"},\"headline\":\"S\u00e3o Miguel Arcanjo participa das Oficinas do Congresso de Leigos\",\"datePublished\":\"2010-07-04T18:36:19+00:00\",\"dateModified\":\"2010-08-16T03:08:50+00:00\",\"mainEntityOfPage\":{\"@id\":\"https:\/\/www.oarcanjo.net\/site\/sao-miguel-arcanjo-participa-das-oficinas-do-congresso-de-leigos\/\"},\"wordCount\":694,\"commentCount\":0,\"publisher\":{\"@id\":\"https:\/\/www.oarcanjo.net\/site\/#organization\"},\"articleSection\":[\"Not\u00edcias\",\"Rosto da comunidade\"],\"inLanguage\":\"pt-BR\",\"potentialAction\":[{\"@type\":\"CommentAction\",\"name\":\"Comment\",\"target\":[\"https:\/\/www.oarcanjo.net\/site\/sao-miguel-arcanjo-participa-das-oficinas-do-congresso-de-leigos\/#respond\"]}]},{\"@type\":\"WebPage\",\"@id\":\"https:\/\/www.oarcanjo.net\/site\/sao-miguel-arcanjo-participa-das-oficinas-do-congresso-de-leigos\/\",\"url\":\"https:\/\/www.oarcanjo.net\/site\/sao-miguel-arcanjo-participa-das-oficinas-do-congresso-de-leigos\/\",\"name\":\"S\u00e3o Miguel Arcanjo participa das Oficinas do Congresso de Leigos - O Arcanjo no ar\",\"isPartOf\":{\"@id\":\"https:\/\/www.oarcanjo.net\/site\/#website\"},\"datePublished\":\"2010-07-04T18:36:19+00:00\",\"dateModified\":\"2010-08-16T03:08:50+00:00\",\"breadcrumb\":{\"@id\":\"https:\/\/www.oarcanjo.net\/site\/sao-miguel-arcanjo-participa-das-oficinas-do-congresso-de-leigos\/#breadcrumb\"},\"inLanguage\":\"pt-BR\",\"potentialAction\":[{\"@type\":\"ReadAction\",\"target\":[\"https:\/\/www.oarcanjo.net\/site\/sao-miguel-arcanjo-participa-das-oficinas-do-congresso-de-leigos\/\"]}]},{\"@type\":\"BreadcrumbList\",\"@id\":\"https:\/\/www.oarcanjo.net\/site\/sao-miguel-arcanjo-participa-das-oficinas-do-congresso-de-leigos\/#breadcrumb\",\"itemListElement\":[{\"@type\":\"ListItem\",\"position\":1,\"name\":\"In\u00edcio\",\"item\":\"https:\/\/www.oarcanjo.net\/site\/\"},{\"@type\":\"ListItem\",\"position\":2,\"name\":\"S\u00e3o Miguel Arcanjo participa das Oficinas do Congresso de Leigos\"}]},{\"@type\":\"WebSite\",\"@id\":\"https:\/\/www.oarcanjo.net\/site\/#website\",\"url\":\"https:\/\/www.oarcanjo.net\/site\/\",\"name\":\"O Arcanjo no ar\",\"description\":\"Site da Par\u00f3quia S\u00e3o Miguel Arcanjo (Arquidiocese de SP)\",\"publisher\":{\"@id\":\"https:\/\/www.oarcanjo.net\/site\/#organization\"},\"potentialAction\":[{\"@type\":\"SearchAction\",\"target\":{\"@type\":\"EntryPoint\",\"urlTemplate\":\"https:\/\/www.oarcanjo.net\/site\/?s={search_term_string}\"},\"query-input\":{\"@type\":\"PropertyValueSpecification\",\"valueRequired\":true,\"valueName\":\"search_term_string\"}}],\"inLanguage\":\"pt-BR\"},{\"@type\":\"Organization\",\"@id\":\"https:\/\/www.oarcanjo.net\/site\/#organization\",\"name\":\"Par\u00f3quia S\u00e3o Miguel Arcanjo\",\"url\":\"https:\/\/www.oarcanjo.net\/site\/\",\"logo\":{\"@type\":\"ImageObject\",\"inLanguage\":\"pt-BR\",\"@id\":\"https:\/\/www.oarcanjo.net\/site\/#\/schema\/logo\/image\/\",\"url\":\"https:\/\/www.oarcanjo.net\/site\/wp-content\/uploads\/LogoOArcanjo.png\",\"contentUrl\":\"https:\/\/www.oarcanjo.net\/site\/wp-content\/uploads\/LogoOArcanjo.png\",\"width\":319,\"height\":99,\"caption\":\"Par\u00f3quia S\u00e3o Miguel Arcanjo\"},\"image\":{\"@id\":\"https:\/\/www.oarcanjo.net\/site\/#\/schema\/logo\/image\/\"},\"sameAs\":[\"https:\/\/www.facebook.com\/OArcanjoNoAr\/\"]},{\"@type\":\"Person\",\"@id\":\"https:\/\/www.oarcanjo.net\/site\/#\/schema\/person\/f7024d007863202483a31326673a0838\",\"name\":\"editor\",\"sameAs\":[\"http:\/\/www.oarcanjo.net\"]}]}<\/script>\n<!-- \/ Yoast SEO plugin. -->","yoast_head_json":{"title":"S\u00e3o Miguel Arcanjo participa das Oficinas do Congresso de Leigos - O Arcanjo no ar","robots":{"index":"index","follow":"follow","max-snippet":"max-snippet:-1","max-image-preview":"max-image-preview:large","max-video-preview":"max-video-preview:-1"},"canonical":"https:\/\/www.oarcanjo.net\/site\/sao-miguel-arcanjo-participa-das-oficinas-do-congresso-de-leigos\/","og_locale":"pt_BR","og_type":"article","og_title":"S\u00e3o Miguel Arcanjo participa das Oficinas do Congresso de Leigos - O Arcanjo no ar","og_description":"A comunidade S\u00e3o Miguel Arcanjo se prepara para participar das oficinas tem\u00e1ticas da Regi\u00e3o Bel\u00e9m do 1\u00ba Congresso de Leigos da Arquidiocese de S\u00e3o Paulo. Oficinas de junho: OFICINA: Miss\u00e3o do leigo na Vida e Anima\u00e7\u00e3o da Comunidade Eclesial Data: 26\/06\/2010 (s\u00e1bado) Hor\u00e1rio: 8h \u00e0s 12h Local: Par\u00f3quia S\u00e3o Mateus R. Antonio Previato, 1343 &#8211; [&hellip;]","og_url":"https:\/\/www.oarcanjo.net\/site\/sao-miguel-arcanjo-participa-das-oficinas-do-congresso-de-leigos\/","og_site_name":"O Arcanjo no ar","article_publisher":"https:\/\/www.facebook.com\/OArcanjoNoAr\/","article_published_time":"2010-07-04T18:36:19+00:00","article_modified_time":"2010-08-16T03:08:50+00:00","og_image":[{"width":300,"height":300,"url":"https:\/\/www.oarcanjo.net\/site\/wp-content\/uploads\/logo-o-arcanjo-no-ar-facebook.png","type":"image\/png"}],"author":"editor","twitter_card":"summary_large_image","twitter_misc":{"Escrito por":"editor","Est. tempo de leitura":"3 minutos"},"schema":{"@context":"https:\/\/schema.org","@graph":[{"@type":"Article","@id":"https:\/\/www.oarcanjo.net\/site\/sao-miguel-arcanjo-participa-das-oficinas-do-congresso-de-leigos\/#article","isPartOf":{"@id":"https:\/\/www.oarcanjo.net\/site\/sao-miguel-arcanjo-participa-das-oficinas-do-congresso-de-leigos\/"},"author":{"name":"editor","@id":"https:\/\/www.oarcanjo.net\/site\/#\/schema\/person\/f7024d007863202483a31326673a0838"},"headline":"S\u00e3o Miguel Arcanjo participa das Oficinas do Congresso de Leigos","datePublished":"2010-07-04T18:36:19+00:00","dateModified":"2010-08-16T03:08:50+00:00","mainEntityOfPage":{"@id":"https:\/\/www.oarcanjo.net\/site\/sao-miguel-arcanjo-participa-das-oficinas-do-congresso-de-leigos\/"},"wordCount":694,"commentCount":0,"publisher":{"@id":"https:\/\/www.oarcanjo.net\/site\/#organization"},"articleSection":["Not\u00edcias","Rosto da comunidade"],"inLanguage":"pt-BR","potentialAction":[{"@type":"CommentAction","name":"Comment","target":["https:\/\/www.oarcanjo.net\/site\/sao-miguel-arcanjo-participa-das-oficinas-do-congresso-de-leigos\/#respond"]}]},{"@type":"WebPage","@id":"https:\/\/www.oarcanjo.net\/site\/sao-miguel-arcanjo-participa-das-oficinas-do-congresso-de-leigos\/","url":"https:\/\/www.oarcanjo.net\/site\/sao-miguel-arcanjo-participa-das-oficinas-do-congresso-de-leigos\/","name":"S\u00e3o Miguel Arcanjo participa das Oficinas do Congresso de Leigos - O Arcanjo no ar","isPartOf":{"@id":"https:\/\/www.oarcanjo.net\/site\/#website"},"datePublished":"2010-07-04T18:36:19+00:00","dateModified":"2010-08-16T03:08:50+00:00","breadcrumb":{"@id":"https:\/\/www.oarcanjo.net\/site\/sao-miguel-arcanjo-participa-das-oficinas-do-congresso-de-leigos\/#breadcrumb"},"inLanguage":"pt-BR","potentialAction":[{"@type":"ReadAction","target":["https:\/\/www.oarcanjo.net\/site\/sao-miguel-arcanjo-participa-das-oficinas-do-congresso-de-leigos\/"]}]},{"@type":"BreadcrumbList","@id":"https:\/\/www.oarcanjo.net\/site\/sao-miguel-arcanjo-participa-das-oficinas-do-congresso-de-leigos\/#breadcrumb","itemListElement":[{"@type":"ListItem","position":1,"name":"In\u00edcio","item":"https:\/\/www.oarcanjo.net\/site\/"},{"@type":"ListItem","position":2,"name":"S\u00e3o Miguel Arcanjo participa das Oficinas do Congresso de Leigos"}]},{"@type":"WebSite","@id":"https:\/\/www.oarcanjo.net\/site\/#website","url":"https:\/\/www.oarcanjo.net\/site\/","name":"O Arcanjo no ar","description":"Site da Par\u00f3quia S\u00e3o Miguel Arcanjo (Arquidiocese de SP)","publisher":{"@id":"https:\/\/www.oarcanjo.net\/site\/#organization"},"potentialAction":[{"@type":"SearchAction","target":{"@type":"EntryPoint","urlTemplate":"https:\/\/www.oarcanjo.net\/site\/?s={search_term_string}"},"query-input":{"@type":"PropertyValueSpecification","valueRequired":true,"valueName":"search_term_string"}}],"inLanguage":"pt-BR"},{"@type":"Organization","@id":"https:\/\/www.oarcanjo.net\/site\/#organization","name":"Par\u00f3quia S\u00e3o Miguel Arcanjo","url":"https:\/\/www.oarcanjo.net\/site\/","logo":{"@type":"ImageObject","inLanguage":"pt-BR","@id":"https:\/\/www.oarcanjo.net\/site\/#\/schema\/logo\/image\/","url":"https:\/\/www.oarcanjo.net\/site\/wp-content\/uploads\/LogoOArcanjo.png","contentUrl":"https:\/\/www.oarcanjo.net\/site\/wp-content\/uploads\/LogoOArcanjo.png","width":319,"height":99,"caption":"Par\u00f3quia S\u00e3o Miguel Arcanjo"},"image":{"@id":"https:\/\/www.oarcanjo.net\/site\/#\/schema\/logo\/image\/"},"sameAs":["https:\/\/www.facebook.com\/OArcanjoNoAr\/"]},{"@type":"Person","@id":"https:\/\/www.oarcanjo.net\/site\/#\/schema\/person\/f7024d007863202483a31326673a0838","name":"editor","sameAs":["http:\/\/www.oarcanjo.net"]}]}},"publishpress_future_action":{"enabled":false,"date":"2026-05-07 22:25:46","action":"category","newStatus":"draft","terms":[],"taxonomy":"category"},"publishpress_future_workflow_manual_trigger":{"enabledWorkflows":[]},"_links":{"self":[{"href":"https:\/\/www.oarcanjo.net\/site\/wp-json\/wp\/v2\/posts\/10155"}],"collection":[{"href":"https:\/\/www.oarcanjo.net\/site\/wp-json\/wp\/v2\/posts"}],"about":[{"href":"https:\/\/www.oarcanjo.net\/site\/wp-json\/wp\/v2\/types\/post"}],"author":[{"embeddable":true,"href":"https:\/\/www.oarcanjo.net\/site\/wp-json\/wp\/v2\/users\/5"}],"replies":[{"embeddable":true,"href":"https:\/\/www.oarcanjo.net\/site\/wp-json\/wp\/v2\/comments?post=10155"}],"version-history":[{"count":0,"href":"https:\/\/www.oarcanjo.net\/site\/wp-json\/wp\/v2\/posts\/10155\/revisions"}],"wp:attachment":[{"href":"https:\/\/www.oarcanjo.net\/site\/wp-json\/wp\/v2\/media?parent=10155"}],"wp:term":[{"taxonomy":"category","embeddable":true,"href":"https:\/\/www.oarcanjo.net\/site\/wp-json\/wp\/v2\/categories?post=10155"},{"taxonomy":"post_tag","embeddable":true,"href":"https:\/\/www.oarcanjo.net\/site\/wp-json\/wp\/v2\/tags?post=10155"}],"curies":[{"name":"wp","href":"https:\/\/api.w.org\/{rel}","templated":true}]}}