
{"id":10174,"date":"2018-07-09T00:54:21","date_gmt":"2018-07-09T03:54:21","guid":{"rendered":"http:\/\/www.oarcanjo.net\/site\/?p=10174"},"modified":"2018-06-20T18:24:05","modified_gmt":"2018-06-20T21:24:05","slug":"santa-veronica-giuliani","status":"publish","type":"post","link":"https:\/\/www.oarcanjo.net\/site\/santa-veronica-giuliani\/","title":{"rendered":"Santa Ver\u00f4nica Giuliani"},"content":{"rendered":"<p><img decoding=\"async\" src=\"http:\/\/www.mariadinazareth.it\/sveronica300grande.jpg\" alt=\"\" \/><img loading=\"lazy\" decoding=\"async\" src=\"http:\/\/www.paginaoriente.com\/santosdaigreja\/jul\/veronicagiuliani.jpg\" border=\"0\" alt=\"\" width=\"224\" height=\"355\" align=\"right\" \/><\/p>\n<p>9 de Julho<\/p>\n<p>\u00darsula Giuliani nasceu em Mercatello, perto de Urbino, no ano de 1660. Foi a s\u00e9tima filha do casal Francisco e Benta, profundamente cat\u00f3lico. Quatro de suas filhas j\u00e1 eram clarissas quando apoiaram a sua ca\u00e7ula, que, aos dezessete anos, desejou ingressar no mosteiro da Ordem na cidade de Castello. L\u00e1 ela vestiu o h\u00e1bito e tomou o nome de Ver\u00f4nica.<\/p>\n<p>No convento, ela trabalhou muito, sem distin\u00e7\u00e3o de cargos: foi camareira, cozinheira, encarregada da despensa, enfermeira, professora das novi\u00e7as e, finalmente, abadessa. Transformou o mosteiro numa verdadeira e especial escola de perfei\u00e7\u00e3o com o seu pr\u00f3prio exemplo de amor ao Redentor, \u00e0 sua Paix\u00e3o na cruz e \u00e0 Virgem Maria, deixando para a posteridade um legado instigante de sua prolongada e rica experi\u00eancia m\u00edstica.<\/p>\n<p>Os registros de manifesta\u00e7\u00f5es m\u00edsticas na vida dos santos da Igreja n\u00e3o s\u00e3o poucos. E consideram-se m\u00edsticos os fen\u00f4menos extraordin\u00e1rios que vivem algumas pessoas escolhidas por Deus para mostrar sua interven\u00e7\u00e3o na exist\u00eancia terrena de seus filhos. S\u00e3o eles os milagres, as profecias, o dom\u00ednio sobre fen\u00f4menos da natureza, as vis\u00f5es, os \u00eaxtases e as apari\u00e7\u00f5es dos estigmas de Cristo no corpo. Entretanto o que ocorreu com Ver\u00f4nica n\u00e3o teria chegado at\u00e9 n\u00f3s se n\u00e3o fosse a inspira\u00e7\u00e3o de seu diretor espiritual.<\/p>\n<p>Tudo come\u00e7ou a partir de 1697, quando lhe apareceram no corpo os estigmas de Jesus, ou seja, passou a conviver com as mesmas chagas que martirizaram o Cristo. Na ocasi\u00e3o, Ver\u00f4nica pediu a Jesus que os escondesse aos olhos de todos, n\u00e3o desejava que absolutamente ningu\u00e9m soubesse o que lhe ocorria. Tamb\u00e9m n\u00e3o queria ser vista como uma escolhida, preferia viver na humildade. Ela conseguiu, mantendo-se reclusa em sua cela e sem contato com nenhuma pessoa fora do convento, pelo resto da vida.<\/p>\n<p>E teria permanecido assim, sem que ningu\u00e9m soubesse de sua hist\u00f3ria, n\u00e3o fosse uma ordem que lhe imp\u00f4s seu confessor e diretor espiritual. Ver\u00f4nica teria de escrever todas as experi\u00eancias m\u00edsticas que vivenciava e sentia nos seus contatos com Jesus. Por\u00e9m, depois, n\u00e3o poderia reler o que havia registrado. Desse modo, ficaram para a posteridade quarenta e quatro volumes de uma fant\u00e1stica viv\u00eancia de trinta anos com o extraordin\u00e1rio.<\/p>\n<p>Um dos relatos mais impressionantes trata-se da descri\u00e7\u00e3o que ela fez de como lhe surgiram os estigmas. &#8220;Vi sair das santas chagas do Cristo cinco raios resplandecentes e todos vieram perto de mim. Em quatro estavam os pregos, e no quinto a lan\u00e7a que, candente, me transpassou o cora\u00e7\u00e3o de fora a fora&#8221;, descreveu ela. Era uma Sexta-Feira Santa, de madrugada.<\/p>\n<p>Foi numa sexta-feira tamb\u00e9m que Ver\u00f4nica Giuliani morreu, em 1727, depois de trinta e tr\u00eas dias de doen\u00e7a e agonia em seu corpo, onde se viam, ainda, as chagas da Paix\u00e3o. Para corroborar seus escritos, a aut\u00f3psia constatou que, realmente, seu cora\u00e7\u00e3o estava vazado de lado a lado.<\/p>\n<p><img decoding=\"async\" src=\"http:\/\/cristaojovem.files.wordpress.com\/2010\/03\/guiliani-tm.jpg\" alt=\"\" \/><\/p>\n<div id=\"themify_builder_content-10174\" data-postid=\"10174\" class=\"themify_builder_content themify_builder_content-10174 themify_builder themify_builder_front\">\n\t<\/div>\n<!-- \/themify_builder_content -->","protected":false},"excerpt":{"rendered":"<p>9 de Julho \u00darsula Giuliani nasceu em Mercatello, perto de Urbino, no ano de 1660. Foi a s\u00e9tima filha do casal Francisco e Benta, profundamente cat\u00f3lico. Quatro de suas filhas j\u00e1 eram clarissas quando apoiaram a sua ca\u00e7ula, que, aos dezessete anos, desejou ingressar no mosteiro da Ordem na cidade de Castello. L\u00e1 ela vestiu [&hellip;]<\/p>\n","protected":false},"author":14,"featured_media":0,"comment_status":"open","ping_status":"open","sticky":false,"template":"","format":"standard","meta":{"ngg_post_thumbnail":0,"footnotes":""},"categories":[186],"tags":[],"yoast_head":"<!-- This site is optimized with the Yoast SEO plugin v23.5 - https:\/\/yoast.com\/wordpress\/plugins\/seo\/ -->\n<title>Santa Ver\u00f4nica Giuliani - O Arcanjo no ar<\/title>\n<meta name=\"robots\" content=\"index, follow, max-snippet:-1, max-image-preview:large, max-video-preview:-1\" \/>\n<link rel=\"canonical\" href=\"https:\/\/www.oarcanjo.net\/site\/santa-veronica-giuliani\/\" \/>\n<meta property=\"og:locale\" content=\"pt_BR\" \/>\n<meta property=\"og:type\" content=\"article\" \/>\n<meta property=\"og:title\" content=\"Santa Ver\u00f4nica Giuliani - O Arcanjo no ar\" \/>\n<meta property=\"og:description\" content=\"9 de Julho \u00darsula Giuliani nasceu em Mercatello, perto de Urbino, no ano de 1660. Foi a s\u00e9tima filha do casal Francisco e Benta, profundamente cat\u00f3lico. Quatro de suas filhas j\u00e1 eram clarissas quando apoiaram a sua ca\u00e7ula, que, aos dezessete anos, desejou ingressar no mosteiro da Ordem na cidade de Castello. L\u00e1 ela vestiu [&hellip;]\" \/>\n<meta property=\"og:url\" content=\"https:\/\/www.oarcanjo.net\/site\/santa-veronica-giuliani\/\" \/>\n<meta property=\"og:site_name\" content=\"O Arcanjo no ar\" \/>\n<meta property=\"article:publisher\" content=\"https:\/\/www.facebook.com\/OArcanjoNoAr\/\" \/>\n<meta property=\"article:published_time\" content=\"2018-07-09T03:54:21+00:00\" \/>\n<meta property=\"article:modified_time\" content=\"2018-06-20T21:24:05+00:00\" \/>\n<meta property=\"og:image\" content=\"http:\/\/www.mariadinazareth.it\/sveronica300grande.jpg\" \/>\n<meta name=\"author\" content=\"danilo\" \/>\n<meta name=\"twitter:card\" content=\"summary_large_image\" \/>\n<meta name=\"twitter:label1\" content=\"Escrito por\" \/>\n\t<meta name=\"twitter:data1\" content=\"danilo\" \/>\n\t<meta name=\"twitter:label2\" content=\"Est. tempo de leitura\" \/>\n\t<meta name=\"twitter:data2\" content=\"3 minutos\" \/>\n<script type=\"application\/ld+json\" class=\"yoast-schema-graph\">{\"@context\":\"https:\/\/schema.org\",\"@graph\":[{\"@type\":\"Article\",\"@id\":\"https:\/\/www.oarcanjo.net\/site\/santa-veronica-giuliani\/#article\",\"isPartOf\":{\"@id\":\"https:\/\/www.oarcanjo.net\/site\/santa-veronica-giuliani\/\"},\"author\":{\"name\":\"danilo\",\"@id\":\"https:\/\/www.oarcanjo.net\/site\/#\/schema\/person\/5eb9480bedd2f3c97e430ce128c29c6c\"},\"headline\":\"Santa Ver\u00f4nica Giuliani\",\"datePublished\":\"2018-07-09T03:54:21+00:00\",\"dateModified\":\"2018-06-20T21:24:05+00:00\",\"mainEntityOfPage\":{\"@id\":\"https:\/\/www.oarcanjo.net\/site\/santa-veronica-giuliani\/\"},\"wordCount\":528,\"commentCount\":1,\"publisher\":{\"@id\":\"https:\/\/www.oarcanjo.net\/site\/#organization\"},\"image\":{\"@id\":\"https:\/\/www.oarcanjo.net\/site\/santa-veronica-giuliani\/#primaryimage\"},\"thumbnailUrl\":\"http:\/\/www.mariadinazareth.it\/sveronica300grande.jpg\",\"articleSection\":[\"Testemunhos\"],\"inLanguage\":\"pt-BR\",\"potentialAction\":[{\"@type\":\"CommentAction\",\"name\":\"Comment\",\"target\":[\"https:\/\/www.oarcanjo.net\/site\/santa-veronica-giuliani\/#respond\"]}]},{\"@type\":\"WebPage\",\"@id\":\"https:\/\/www.oarcanjo.net\/site\/santa-veronica-giuliani\/\",\"url\":\"https:\/\/www.oarcanjo.net\/site\/santa-veronica-giuliani\/\",\"name\":\"Santa Ver\u00f4nica Giuliani - O Arcanjo no ar\",\"isPartOf\":{\"@id\":\"https:\/\/www.oarcanjo.net\/site\/#website\"},\"primaryImageOfPage\":{\"@id\":\"https:\/\/www.oarcanjo.net\/site\/santa-veronica-giuliani\/#primaryimage\"},\"image\":{\"@id\":\"https:\/\/www.oarcanjo.net\/site\/santa-veronica-giuliani\/#primaryimage\"},\"thumbnailUrl\":\"http:\/\/www.mariadinazareth.it\/sveronica300grande.jpg\",\"datePublished\":\"2018-07-09T03:54:21+00:00\",\"dateModified\":\"2018-06-20T21:24:05+00:00\",\"breadcrumb\":{\"@id\":\"https:\/\/www.oarcanjo.net\/site\/santa-veronica-giuliani\/#breadcrumb\"},\"inLanguage\":\"pt-BR\",\"potentialAction\":[{\"@type\":\"ReadAction\",\"target\":[\"https:\/\/www.oarcanjo.net\/site\/santa-veronica-giuliani\/\"]}]},{\"@type\":\"ImageObject\",\"inLanguage\":\"pt-BR\",\"@id\":\"https:\/\/www.oarcanjo.net\/site\/santa-veronica-giuliani\/#primaryimage\",\"url\":\"http:\/\/www.mariadinazareth.it\/sveronica300grande.jpg\",\"contentUrl\":\"http:\/\/www.mariadinazareth.it\/sveronica300grande.jpg\"},{\"@type\":\"BreadcrumbList\",\"@id\":\"https:\/\/www.oarcanjo.net\/site\/santa-veronica-giuliani\/#breadcrumb\",\"itemListElement\":[{\"@type\":\"ListItem\",\"position\":1,\"name\":\"In\u00edcio\",\"item\":\"https:\/\/www.oarcanjo.net\/site\/\"},{\"@type\":\"ListItem\",\"position\":2,\"name\":\"Santa Ver\u00f4nica Giuliani\"}]},{\"@type\":\"WebSite\",\"@id\":\"https:\/\/www.oarcanjo.net\/site\/#website\",\"url\":\"https:\/\/www.oarcanjo.net\/site\/\",\"name\":\"O Arcanjo no ar\",\"description\":\"Site da Par\u00f3quia S\u00e3o Miguel Arcanjo (Arquidiocese de SP)\",\"publisher\":{\"@id\":\"https:\/\/www.oarcanjo.net\/site\/#organization\"},\"potentialAction\":[{\"@type\":\"SearchAction\",\"target\":{\"@type\":\"EntryPoint\",\"urlTemplate\":\"https:\/\/www.oarcanjo.net\/site\/?s={search_term_string}\"},\"query-input\":{\"@type\":\"PropertyValueSpecification\",\"valueRequired\":true,\"valueName\":\"search_term_string\"}}],\"inLanguage\":\"pt-BR\"},{\"@type\":\"Organization\",\"@id\":\"https:\/\/www.oarcanjo.net\/site\/#organization\",\"name\":\"Par\u00f3quia S\u00e3o Miguel Arcanjo\",\"url\":\"https:\/\/www.oarcanjo.net\/site\/\",\"logo\":{\"@type\":\"ImageObject\",\"inLanguage\":\"pt-BR\",\"@id\":\"https:\/\/www.oarcanjo.net\/site\/#\/schema\/logo\/image\/\",\"url\":\"https:\/\/www.oarcanjo.net\/site\/wp-content\/uploads\/LogoOArcanjo.png\",\"contentUrl\":\"https:\/\/www.oarcanjo.net\/site\/wp-content\/uploads\/LogoOArcanjo.png\",\"width\":319,\"height\":99,\"caption\":\"Par\u00f3quia S\u00e3o Miguel Arcanjo\"},\"image\":{\"@id\":\"https:\/\/www.oarcanjo.net\/site\/#\/schema\/logo\/image\/\"},\"sameAs\":[\"https:\/\/www.facebook.com\/OArcanjoNoAr\/\"]},{\"@type\":\"Person\",\"@id\":\"https:\/\/www.oarcanjo.net\/site\/#\/schema\/person\/5eb9480bedd2f3c97e430ce128c29c6c\",\"name\":\"danilo\"}]}<\/script>\n<!-- \/ Yoast SEO plugin. -->","yoast_head_json":{"title":"Santa Ver\u00f4nica Giuliani - O Arcanjo no ar","robots":{"index":"index","follow":"follow","max-snippet":"max-snippet:-1","max-image-preview":"max-image-preview:large","max-video-preview":"max-video-preview:-1"},"canonical":"https:\/\/www.oarcanjo.net\/site\/santa-veronica-giuliani\/","og_locale":"pt_BR","og_type":"article","og_title":"Santa Ver\u00f4nica Giuliani - O Arcanjo no ar","og_description":"9 de Julho \u00darsula Giuliani nasceu em Mercatello, perto de Urbino, no ano de 1660. Foi a s\u00e9tima filha do casal Francisco e Benta, profundamente cat\u00f3lico. Quatro de suas filhas j\u00e1 eram clarissas quando apoiaram a sua ca\u00e7ula, que, aos dezessete anos, desejou ingressar no mosteiro da Ordem na cidade de Castello. L\u00e1 ela vestiu [&hellip;]","og_url":"https:\/\/www.oarcanjo.net\/site\/santa-veronica-giuliani\/","og_site_name":"O Arcanjo no ar","article_publisher":"https:\/\/www.facebook.com\/OArcanjoNoAr\/","article_published_time":"2018-07-09T03:54:21+00:00","article_modified_time":"2018-06-20T21:24:05+00:00","og_image":[{"url":"http:\/\/www.mariadinazareth.it\/sveronica300grande.jpg"}],"author":"danilo","twitter_card":"summary_large_image","twitter_misc":{"Escrito por":"danilo","Est. tempo de leitura":"3 minutos"},"schema":{"@context":"https:\/\/schema.org","@graph":[{"@type":"Article","@id":"https:\/\/www.oarcanjo.net\/site\/santa-veronica-giuliani\/#article","isPartOf":{"@id":"https:\/\/www.oarcanjo.net\/site\/santa-veronica-giuliani\/"},"author":{"name":"danilo","@id":"https:\/\/www.oarcanjo.net\/site\/#\/schema\/person\/5eb9480bedd2f3c97e430ce128c29c6c"},"headline":"Santa Ver\u00f4nica Giuliani","datePublished":"2018-07-09T03:54:21+00:00","dateModified":"2018-06-20T21:24:05+00:00","mainEntityOfPage":{"@id":"https:\/\/www.oarcanjo.net\/site\/santa-veronica-giuliani\/"},"wordCount":528,"commentCount":1,"publisher":{"@id":"https:\/\/www.oarcanjo.net\/site\/#organization"},"image":{"@id":"https:\/\/www.oarcanjo.net\/site\/santa-veronica-giuliani\/#primaryimage"},"thumbnailUrl":"http:\/\/www.mariadinazareth.it\/sveronica300grande.jpg","articleSection":["Testemunhos"],"inLanguage":"pt-BR","potentialAction":[{"@type":"CommentAction","name":"Comment","target":["https:\/\/www.oarcanjo.net\/site\/santa-veronica-giuliani\/#respond"]}]},{"@type":"WebPage","@id":"https:\/\/www.oarcanjo.net\/site\/santa-veronica-giuliani\/","url":"https:\/\/www.oarcanjo.net\/site\/santa-veronica-giuliani\/","name":"Santa Ver\u00f4nica Giuliani - O Arcanjo no ar","isPartOf":{"@id":"https:\/\/www.oarcanjo.net\/site\/#website"},"primaryImageOfPage":{"@id":"https:\/\/www.oarcanjo.net\/site\/santa-veronica-giuliani\/#primaryimage"},"image":{"@id":"https:\/\/www.oarcanjo.net\/site\/santa-veronica-giuliani\/#primaryimage"},"thumbnailUrl":"http:\/\/www.mariadinazareth.it\/sveronica300grande.jpg","datePublished":"2018-07-09T03:54:21+00:00","dateModified":"2018-06-20T21:24:05+00:00","breadcrumb":{"@id":"https:\/\/www.oarcanjo.net\/site\/santa-veronica-giuliani\/#breadcrumb"},"inLanguage":"pt-BR","potentialAction":[{"@type":"ReadAction","target":["https:\/\/www.oarcanjo.net\/site\/santa-veronica-giuliani\/"]}]},{"@type":"ImageObject","inLanguage":"pt-BR","@id":"https:\/\/www.oarcanjo.net\/site\/santa-veronica-giuliani\/#primaryimage","url":"http:\/\/www.mariadinazareth.it\/sveronica300grande.jpg","contentUrl":"http:\/\/www.mariadinazareth.it\/sveronica300grande.jpg"},{"@type":"BreadcrumbList","@id":"https:\/\/www.oarcanjo.net\/site\/santa-veronica-giuliani\/#breadcrumb","itemListElement":[{"@type":"ListItem","position":1,"name":"In\u00edcio","item":"https:\/\/www.oarcanjo.net\/site\/"},{"@type":"ListItem","position":2,"name":"Santa Ver\u00f4nica Giuliani"}]},{"@type":"WebSite","@id":"https:\/\/www.oarcanjo.net\/site\/#website","url":"https:\/\/www.oarcanjo.net\/site\/","name":"O Arcanjo no ar","description":"Site da Par\u00f3quia S\u00e3o Miguel Arcanjo (Arquidiocese de SP)","publisher":{"@id":"https:\/\/www.oarcanjo.net\/site\/#organization"},"potentialAction":[{"@type":"SearchAction","target":{"@type":"EntryPoint","urlTemplate":"https:\/\/www.oarcanjo.net\/site\/?s={search_term_string}"},"query-input":{"@type":"PropertyValueSpecification","valueRequired":true,"valueName":"search_term_string"}}],"inLanguage":"pt-BR"},{"@type":"Organization","@id":"https:\/\/www.oarcanjo.net\/site\/#organization","name":"Par\u00f3quia S\u00e3o Miguel Arcanjo","url":"https:\/\/www.oarcanjo.net\/site\/","logo":{"@type":"ImageObject","inLanguage":"pt-BR","@id":"https:\/\/www.oarcanjo.net\/site\/#\/schema\/logo\/image\/","url":"https:\/\/www.oarcanjo.net\/site\/wp-content\/uploads\/LogoOArcanjo.png","contentUrl":"https:\/\/www.oarcanjo.net\/site\/wp-content\/uploads\/LogoOArcanjo.png","width":319,"height":99,"caption":"Par\u00f3quia S\u00e3o Miguel Arcanjo"},"image":{"@id":"https:\/\/www.oarcanjo.net\/site\/#\/schema\/logo\/image\/"},"sameAs":["https:\/\/www.facebook.com\/OArcanjoNoAr\/"]},{"@type":"Person","@id":"https:\/\/www.oarcanjo.net\/site\/#\/schema\/person\/5eb9480bedd2f3c97e430ce128c29c6c","name":"danilo"}]}},"publishpress_future_action":{"enabled":false,"date":"2026-05-08 11:44:42","action":"category","newStatus":"draft","terms":[],"taxonomy":"category"},"publishpress_future_workflow_manual_trigger":{"enabledWorkflows":[]},"_links":{"self":[{"href":"https:\/\/www.oarcanjo.net\/site\/wp-json\/wp\/v2\/posts\/10174"}],"collection":[{"href":"https:\/\/www.oarcanjo.net\/site\/wp-json\/wp\/v2\/posts"}],"about":[{"href":"https:\/\/www.oarcanjo.net\/site\/wp-json\/wp\/v2\/types\/post"}],"author":[{"embeddable":true,"href":"https:\/\/www.oarcanjo.net\/site\/wp-json\/wp\/v2\/users\/14"}],"replies":[{"embeddable":true,"href":"https:\/\/www.oarcanjo.net\/site\/wp-json\/wp\/v2\/comments?post=10174"}],"version-history":[{"count":1,"href":"https:\/\/www.oarcanjo.net\/site\/wp-json\/wp\/v2\/posts\/10174\/revisions"}],"predecessor-version":[{"id":88627,"href":"https:\/\/www.oarcanjo.net\/site\/wp-json\/wp\/v2\/posts\/10174\/revisions\/88627"}],"wp:attachment":[{"href":"https:\/\/www.oarcanjo.net\/site\/wp-json\/wp\/v2\/media?parent=10174"}],"wp:term":[{"taxonomy":"category","embeddable":true,"href":"https:\/\/www.oarcanjo.net\/site\/wp-json\/wp\/v2\/categories?post=10174"},{"taxonomy":"post_tag","embeddable":true,"href":"https:\/\/www.oarcanjo.net\/site\/wp-json\/wp\/v2\/tags?post=10174"}],"curies":[{"name":"wp","href":"https:\/\/api.w.org\/{rel}","templated":true}]}}