
{"id":10176,"date":"2018-07-09T00:04:16","date_gmt":"2018-07-09T03:04:16","guid":{"rendered":"http:\/\/www.oarcanjo.net\/site\/?p=10176"},"modified":"2018-06-20T18:23:20","modified_gmt":"2018-06-20T21:23:20","slug":"santa-madre-paulina-do-coracao-agonizante-de-jesus-2","status":"publish","type":"post","link":"https:\/\/www.oarcanjo.net\/site\/santa-madre-paulina-do-coracao-agonizante-de-jesus-2\/","title":{"rendered":"Santa Madre Paulina do Cora\u00e7\u00e3o Agonizante de Jesus"},"content":{"rendered":"<p><img decoding=\"async\" src=\"http:\/\/3.bp.blogspot.com\/_1zyet0w8rPE\/SlYmJ-2zHRI\/AAAAAAAAAB0\/3oAX4-nJFeA\/s400\/sta_paulina.gif\" alt=\"\" \/><\/p>\n<p>9 de Julho<\/p>\n<p>Fundou a Congrega\u00e7\u00e3o das Irm\u00e3zinhas da Imaculada Concei\u00e7\u00e3o<\/p>\n<p>Am\u00e1bile L\u00facia Visintainer nasceu no dia 16 de dezembro de 1865, em Vigolo Vattaro, prov\u00edncia de Trento, no norte da It\u00e1lia. Foi a segunda filha do casal Napole\u00e3o e Anna, que eram \u00f3timos crist\u00e3os, mas muito pobres.<\/p>\n<p>Nessa \u00e9poca, come\u00e7ava a emigra\u00e7\u00e3o dos italianos, movida pela doen\u00e7a e carestia que assolava a regi\u00e3o. Foi o caso da fam\u00edlia de Am\u00e1bile, que em setembro de 1875 escolheu o Brasil e o local onde muitos outros trentinos j\u00e1 haviam se estabelecido no estado de Santa Catarina, em Nova Trento, na pequena localidade de Vigolo.<\/p>\n<p>Assim que chegou, Am\u00e1bile conheceu Virg\u00ednia Rosa Nicolodi e tornaram-se grandes amigas. As duas se confessam apaixonadas pelo Senhor Jesus e n\u00e3o era raro encontr\u00e1-las, juntas, rezando fervorosamente. Fizeram a primeira comunh\u00e3o no mesmo dia, quando Am\u00e1bile j\u00e1 tinha completado doze anos de idade.<\/p>\n<p>Logo em seguida, o padre Servanzi a iniciou no apostolado paroquial, encarregando-a da catequese das crian\u00e7as, da assist\u00eancia aos doentes e da limpeza da capela de seu vilarejo, Vigolo, dedicada a s\u00e3o Jorge. Mas mal sabia o padre que estaria confirmando a voca\u00e7\u00e3o da jovem Am\u00e1bile para o servi\u00e7o do Senhor.<\/p>\n<p>Am\u00e1bile inclu\u00eda, sempre, Virg\u00ednia nas atividades para ampliar o campo de a\u00e7\u00e3o. Dedicava-se de corpo e alma \u00e0 caridade, servia consolando e ajudando os necessitados, os idosos, os abandonados, os doentes e as crian\u00e7as. As obras j\u00e1 eram reconhecidas e notadas por todos, embora n\u00e3o soubesse que j\u00e1 se consagrava a Deus.<\/p>\n<p>Com a permiss\u00e3o de seu pai, Am\u00e1bile construiu um pequeno casebre, num terreno doado por um bar\u00e3o, pr\u00f3ximo \u00e0 capela, para l\u00e1 rezar, cuidar dos doentes, instruir as crian\u00e7as. A primeira paciente foi uma mulher portadora de c\u00e2ncer terminal, a qual n\u00e3o tinha quem lhe cuidasse. Era o dia 12 de julho de 1890, data considerada como o dia da funda\u00e7\u00e3o da Congrega\u00e7\u00e3o das Irm\u00e3zinhas da Imaculada Concei\u00e7\u00e3o, que iniciou com Am\u00e1bile e Virg\u00ednia atuando como enfermeiras.<\/p>\n<p>Essa tamb\u00e9m foi a primeira congrega\u00e7\u00e3o religiosa feminina fundada em solo brasileiro, tendo sido aprovada pelo bispo de Curitiba, em agosto 1895. Quatro meses depois, Am\u00e1bile, Virg\u00ednia e Teresa Anna Maule, outra jovem que se juntou a elas, fizeram os votos religiosos; e Am\u00e1bile recebeu o nome de irm\u00e3 Paulina do Cora\u00e7\u00e3o Agonizante de Jesus. Tamb\u00e9m foi nomeada superiora, passando a ser chamada de madre Paulina.<\/p>\n<p>A santidade e a vida apost\u00f3lica de madre Paulina e de suas irm\u00e3zinhas atra\u00edram muitas voca\u00e7\u00f5es, apesar da pobreza e das dificuldades em que viviam. Al\u00e9m do cuidado dos doentes, das crian\u00e7as \u00f3rf\u00e3s, dos trabalhos da par\u00f3quia, trabalhavam tamb\u00e9m na pequena ind\u00fastria da seda para poderem sobreviver.<\/p>\n<p>Em 1903, com o reconhecimento de sua obra, madre Paulina foi convidada a transferir-se para S\u00e3o Paulo. Fixando-se junto a uma capela no bairro do Ipiranga, iniciou a obra da &#8220;Sagrada Fam\u00edlia&#8221; para abrigar os ex-escravos e seus filhos depois da aboli\u00e7\u00e3o da escravatura, ocorrida em 1888. Em 1918, madre Paulina foi chamada \u00e0 Casa-geral, em S\u00e3o Paulo, com o reconhecimento de suas virtudes, para servir de exemplo \u00e0s jovens voca\u00e7\u00f5es da sua congrega\u00e7\u00e3o. Nesse per\u00edodo, destacou-se pela ora\u00e7\u00e3o constante e pela caridosa e cont\u00ednua assist\u00eancia \u00e0s irm\u00e3zinhas doentes.<\/p>\n<p>Em 1938, acometida pelo diabetes, iniciava um per\u00edodo de grande sofrimento, iniciando com a amputa\u00e7\u00e3o do bra\u00e7o direito, at\u00e9 a cegueira total. Madre Paulina morreu serenamente no dia 9 de julho de 1942, na Casa-geral de sua congrega\u00e7\u00e3o, em S\u00e3o Paulo.<\/p>\n<p>Ela foi beatificada pelo papa Jo\u00e3o Paulo II em 1991, quando o papa visitou, oficialmente, o Brasil. Depois, o mesmo pont\u00edfice canonizou-a em 2002, tornando-se, assim, a primeira santa do Brasil.<\/p>\n<p>O primeiro milagre de Madre Paulina foi a cura de Elu\u00edza Rosa de Souza, reconhecida em 1989 pelo Vaticano. Elu\u00edza, moradora da cidade de Imbituba, no Sul de Santa Catarina, ent\u00e3o com 24 anos e quatro filhos, engravidou depois de sofrer dois abortos. O m\u00e9dico, doutor Aires Ant\u00f4nio de Souza, aconselhou a mulher a fazer uma transfus\u00e3o. Mas Elu\u00edza contrariou a recomenda\u00e7\u00e3o. No s\u00e9timo m\u00eas de gesta\u00e7\u00e3o, percebeu que sua barriga parara de crescer. Aos nove meses de gravidez, recebeu a not\u00edcia de que o feto estava morto havia pelo menos tr\u00eas meses e seria necess\u00e1rio realizar uma curetagem. A cirurgia durou cerca de 16 horas e ap\u00f3s o t\u00e9rmino a paciente teve um grave processo hemorr\u00e1gico. Sofreu parada card\u00edaca, ficou sem pulso e sem press\u00e3o arterial. Souza, o m\u00e9dico de Elu\u00edza, reuniu a fam\u00edlia e informou que o quadro cl\u00ednico era irrevers\u00edvel. As irm\u00e3s da Imaculada Concei\u00e7\u00e3o, que administravam o hospital S\u00e3o Camilo, pediram permiss\u00e3o para fazer uma promessa a Madre Paulina. Na manh\u00e3 seguinte, a paciente estava fora de perigo. O m\u00e9dico garantiu que n\u00e3o havia chances de reverter o quadro cl\u00ednico de Elu\u00edza e afirmou \u00e0 \u00e9poca que o corrido foi algo &#8220;singular&#8221;. O segundo milagre foi testemunhado pelo padre Al\u00e9cio Azevedo, 45 anos, atual reitor do Santu\u00e1rio de Madre Paulina. O padre trabalhava em uma miss\u00e3o em Rio Branco, no Acre, em 1992, quando recebeu um chamado urgente para batizar uma menina que havia nascido com hidrocefalia, um ac\u00famulo anormal de l\u00edquido no cr\u00e2nio, e agonizava. A av\u00f3 da crian\u00e7a procurou Azevedo e disse que os m\u00e9dicos tinham informado que n\u00e3o havia mais esperan\u00e7a de salvar a menina e a fam\u00edlia queria batiz\u00e1-la. Na hora do batismo de Iza Bruna Vieira de Souza, o seu c\u00e9rebro j\u00e1 estava ficando necrosado. O padre comentou com a fam\u00edlia que era de Santa Catarina, a terra de uma beata milagreira, e prop\u00f4s que todos rezassem para que ela intercedesse pela rec\u00e9m-nascida. Ap\u00f3s cerca de 20 minutos, a crian\u00e7a come\u00e7ou a mostrar os primeiros sinais de recupera\u00e7\u00e3o. Depois de quatro dias, os m\u00e9dicos que n\u00e3o acreditavam na possibilidade de salva\u00e7\u00e3o operaram Iza Bruna.<\/p>\n<div id=\"themify_builder_content-10176\" data-postid=\"10176\" class=\"themify_builder_content themify_builder_content-10176 themify_builder themify_builder_front\">\n\t<\/div>\n<!-- \/themify_builder_content -->","protected":false},"excerpt":{"rendered":"<p>9 de Julho Fundou a Congrega\u00e7\u00e3o das Irm\u00e3zinhas da Imaculada Concei\u00e7\u00e3o Am\u00e1bile L\u00facia Visintainer nasceu no dia 16 de dezembro de 1865, em Vigolo Vattaro, prov\u00edncia de Trento, no norte da It\u00e1lia. Foi a segunda filha do casal Napole\u00e3o e Anna, que eram \u00f3timos crist\u00e3os, mas muito pobres. Nessa \u00e9poca, come\u00e7ava a emigra\u00e7\u00e3o dos italianos, [&hellip;]<\/p>\n","protected":false},"author":14,"featured_media":0,"comment_status":"open","ping_status":"open","sticky":false,"template":"","format":"standard","meta":{"ngg_post_thumbnail":0,"footnotes":""},"categories":[186],"tags":[],"yoast_head":"<!-- This site is optimized with the Yoast SEO plugin v23.5 - https:\/\/yoast.com\/wordpress\/plugins\/seo\/ -->\n<title>Santa Madre Paulina do Cora\u00e7\u00e3o Agonizante de Jesus - O Arcanjo no ar<\/title>\n<meta name=\"robots\" content=\"index, follow, max-snippet:-1, max-image-preview:large, max-video-preview:-1\" \/>\n<link rel=\"canonical\" href=\"https:\/\/www.oarcanjo.net\/site\/santa-madre-paulina-do-coracao-agonizante-de-jesus-2\/\" \/>\n<meta property=\"og:locale\" content=\"pt_BR\" \/>\n<meta property=\"og:type\" content=\"article\" \/>\n<meta property=\"og:title\" content=\"Santa Madre Paulina do Cora\u00e7\u00e3o Agonizante de Jesus - O Arcanjo no ar\" \/>\n<meta property=\"og:description\" content=\"9 de Julho Fundou a Congrega\u00e7\u00e3o das Irm\u00e3zinhas da Imaculada Concei\u00e7\u00e3o Am\u00e1bile L\u00facia Visintainer nasceu no dia 16 de dezembro de 1865, em Vigolo Vattaro, prov\u00edncia de Trento, no norte da It\u00e1lia. Foi a segunda filha do casal Napole\u00e3o e Anna, que eram \u00f3timos crist\u00e3os, mas muito pobres. Nessa \u00e9poca, come\u00e7ava a emigra\u00e7\u00e3o dos italianos, [&hellip;]\" \/>\n<meta property=\"og:url\" content=\"https:\/\/www.oarcanjo.net\/site\/santa-madre-paulina-do-coracao-agonizante-de-jesus-2\/\" \/>\n<meta property=\"og:site_name\" content=\"O Arcanjo no ar\" \/>\n<meta property=\"article:publisher\" content=\"https:\/\/www.facebook.com\/OArcanjoNoAr\/\" \/>\n<meta property=\"article:published_time\" content=\"2018-07-09T03:04:16+00:00\" \/>\n<meta property=\"article:modified_time\" content=\"2018-06-20T21:23:20+00:00\" \/>\n<meta property=\"og:image\" content=\"http:\/\/3.bp.blogspot.com\/_1zyet0w8rPE\/SlYmJ-2zHRI\/AAAAAAAAAB0\/3oAX4-nJFeA\/s400\/sta_paulina.gif\" \/>\n<meta name=\"author\" content=\"danilo\" \/>\n<meta name=\"twitter:card\" content=\"summary_large_image\" \/>\n<meta name=\"twitter:label1\" content=\"Escrito por\" \/>\n\t<meta name=\"twitter:data1\" content=\"danilo\" \/>\n\t<meta name=\"twitter:label2\" content=\"Est. tempo de leitura\" \/>\n\t<meta name=\"twitter:data2\" content=\"5 minutos\" \/>\n<script type=\"application\/ld+json\" class=\"yoast-schema-graph\">{\"@context\":\"https:\/\/schema.org\",\"@graph\":[{\"@type\":\"Article\",\"@id\":\"https:\/\/www.oarcanjo.net\/site\/santa-madre-paulina-do-coracao-agonizante-de-jesus-2\/#article\",\"isPartOf\":{\"@id\":\"https:\/\/www.oarcanjo.net\/site\/santa-madre-paulina-do-coracao-agonizante-de-jesus-2\/\"},\"author\":{\"name\":\"danilo\",\"@id\":\"https:\/\/www.oarcanjo.net\/site\/#\/schema\/person\/5eb9480bedd2f3c97e430ce128c29c6c\"},\"headline\":\"Santa Madre Paulina do Cora\u00e7\u00e3o Agonizante de Jesus\",\"datePublished\":\"2018-07-09T03:04:16+00:00\",\"dateModified\":\"2018-06-20T21:23:20+00:00\",\"mainEntityOfPage\":{\"@id\":\"https:\/\/www.oarcanjo.net\/site\/santa-madre-paulina-do-coracao-agonizante-de-jesus-2\/\"},\"wordCount\":1074,\"commentCount\":1,\"publisher\":{\"@id\":\"https:\/\/www.oarcanjo.net\/site\/#organization\"},\"image\":{\"@id\":\"https:\/\/www.oarcanjo.net\/site\/santa-madre-paulina-do-coracao-agonizante-de-jesus-2\/#primaryimage\"},\"thumbnailUrl\":\"http:\/\/3.bp.blogspot.com\/_1zyet0w8rPE\/SlYmJ-2zHRI\/AAAAAAAAAB0\/3oAX4-nJFeA\/s400\/sta_paulina.gif\",\"articleSection\":[\"Testemunhos\"],\"inLanguage\":\"pt-BR\",\"potentialAction\":[{\"@type\":\"CommentAction\",\"name\":\"Comment\",\"target\":[\"https:\/\/www.oarcanjo.net\/site\/santa-madre-paulina-do-coracao-agonizante-de-jesus-2\/#respond\"]}]},{\"@type\":\"WebPage\",\"@id\":\"https:\/\/www.oarcanjo.net\/site\/santa-madre-paulina-do-coracao-agonizante-de-jesus-2\/\",\"url\":\"https:\/\/www.oarcanjo.net\/site\/santa-madre-paulina-do-coracao-agonizante-de-jesus-2\/\",\"name\":\"Santa Madre Paulina do Cora\u00e7\u00e3o Agonizante de Jesus - O Arcanjo no ar\",\"isPartOf\":{\"@id\":\"https:\/\/www.oarcanjo.net\/site\/#website\"},\"primaryImageOfPage\":{\"@id\":\"https:\/\/www.oarcanjo.net\/site\/santa-madre-paulina-do-coracao-agonizante-de-jesus-2\/#primaryimage\"},\"image\":{\"@id\":\"https:\/\/www.oarcanjo.net\/site\/santa-madre-paulina-do-coracao-agonizante-de-jesus-2\/#primaryimage\"},\"thumbnailUrl\":\"http:\/\/3.bp.blogspot.com\/_1zyet0w8rPE\/SlYmJ-2zHRI\/AAAAAAAAAB0\/3oAX4-nJFeA\/s400\/sta_paulina.gif\",\"datePublished\":\"2018-07-09T03:04:16+00:00\",\"dateModified\":\"2018-06-20T21:23:20+00:00\",\"breadcrumb\":{\"@id\":\"https:\/\/www.oarcanjo.net\/site\/santa-madre-paulina-do-coracao-agonizante-de-jesus-2\/#breadcrumb\"},\"inLanguage\":\"pt-BR\",\"potentialAction\":[{\"@type\":\"ReadAction\",\"target\":[\"https:\/\/www.oarcanjo.net\/site\/santa-madre-paulina-do-coracao-agonizante-de-jesus-2\/\"]}]},{\"@type\":\"ImageObject\",\"inLanguage\":\"pt-BR\",\"@id\":\"https:\/\/www.oarcanjo.net\/site\/santa-madre-paulina-do-coracao-agonizante-de-jesus-2\/#primaryimage\",\"url\":\"http:\/\/3.bp.blogspot.com\/_1zyet0w8rPE\/SlYmJ-2zHRI\/AAAAAAAAAB0\/3oAX4-nJFeA\/s400\/sta_paulina.gif\",\"contentUrl\":\"http:\/\/3.bp.blogspot.com\/_1zyet0w8rPE\/SlYmJ-2zHRI\/AAAAAAAAAB0\/3oAX4-nJFeA\/s400\/sta_paulina.gif\"},{\"@type\":\"BreadcrumbList\",\"@id\":\"https:\/\/www.oarcanjo.net\/site\/santa-madre-paulina-do-coracao-agonizante-de-jesus-2\/#breadcrumb\",\"itemListElement\":[{\"@type\":\"ListItem\",\"position\":1,\"name\":\"In\u00edcio\",\"item\":\"https:\/\/www.oarcanjo.net\/site\/\"},{\"@type\":\"ListItem\",\"position\":2,\"name\":\"Santa Madre Paulina do Cora\u00e7\u00e3o Agonizante de Jesus\"}]},{\"@type\":\"WebSite\",\"@id\":\"https:\/\/www.oarcanjo.net\/site\/#website\",\"url\":\"https:\/\/www.oarcanjo.net\/site\/\",\"name\":\"O Arcanjo no ar\",\"description\":\"Site da Par\u00f3quia S\u00e3o Miguel Arcanjo (Arquidiocese de SP)\",\"publisher\":{\"@id\":\"https:\/\/www.oarcanjo.net\/site\/#organization\"},\"potentialAction\":[{\"@type\":\"SearchAction\",\"target\":{\"@type\":\"EntryPoint\",\"urlTemplate\":\"https:\/\/www.oarcanjo.net\/site\/?s={search_term_string}\"},\"query-input\":{\"@type\":\"PropertyValueSpecification\",\"valueRequired\":true,\"valueName\":\"search_term_string\"}}],\"inLanguage\":\"pt-BR\"},{\"@type\":\"Organization\",\"@id\":\"https:\/\/www.oarcanjo.net\/site\/#organization\",\"name\":\"Par\u00f3quia S\u00e3o Miguel Arcanjo\",\"url\":\"https:\/\/www.oarcanjo.net\/site\/\",\"logo\":{\"@type\":\"ImageObject\",\"inLanguage\":\"pt-BR\",\"@id\":\"https:\/\/www.oarcanjo.net\/site\/#\/schema\/logo\/image\/\",\"url\":\"https:\/\/www.oarcanjo.net\/site\/wp-content\/uploads\/LogoOArcanjo.png\",\"contentUrl\":\"https:\/\/www.oarcanjo.net\/site\/wp-content\/uploads\/LogoOArcanjo.png\",\"width\":319,\"height\":99,\"caption\":\"Par\u00f3quia S\u00e3o Miguel Arcanjo\"},\"image\":{\"@id\":\"https:\/\/www.oarcanjo.net\/site\/#\/schema\/logo\/image\/\"},\"sameAs\":[\"https:\/\/www.facebook.com\/OArcanjoNoAr\/\"]},{\"@type\":\"Person\",\"@id\":\"https:\/\/www.oarcanjo.net\/site\/#\/schema\/person\/5eb9480bedd2f3c97e430ce128c29c6c\",\"name\":\"danilo\"}]}<\/script>\n<!-- \/ Yoast SEO plugin. -->","yoast_head_json":{"title":"Santa Madre Paulina do Cora\u00e7\u00e3o Agonizante de Jesus - O Arcanjo no ar","robots":{"index":"index","follow":"follow","max-snippet":"max-snippet:-1","max-image-preview":"max-image-preview:large","max-video-preview":"max-video-preview:-1"},"canonical":"https:\/\/www.oarcanjo.net\/site\/santa-madre-paulina-do-coracao-agonizante-de-jesus-2\/","og_locale":"pt_BR","og_type":"article","og_title":"Santa Madre Paulina do Cora\u00e7\u00e3o Agonizante de Jesus - O Arcanjo no ar","og_description":"9 de Julho Fundou a Congrega\u00e7\u00e3o das Irm\u00e3zinhas da Imaculada Concei\u00e7\u00e3o Am\u00e1bile L\u00facia Visintainer nasceu no dia 16 de dezembro de 1865, em Vigolo Vattaro, prov\u00edncia de Trento, no norte da It\u00e1lia. Foi a segunda filha do casal Napole\u00e3o e Anna, que eram \u00f3timos crist\u00e3os, mas muito pobres. Nessa \u00e9poca, come\u00e7ava a emigra\u00e7\u00e3o dos italianos, [&hellip;]","og_url":"https:\/\/www.oarcanjo.net\/site\/santa-madre-paulina-do-coracao-agonizante-de-jesus-2\/","og_site_name":"O Arcanjo no ar","article_publisher":"https:\/\/www.facebook.com\/OArcanjoNoAr\/","article_published_time":"2018-07-09T03:04:16+00:00","article_modified_time":"2018-06-20T21:23:20+00:00","og_image":[{"url":"http:\/\/3.bp.blogspot.com\/_1zyet0w8rPE\/SlYmJ-2zHRI\/AAAAAAAAAB0\/3oAX4-nJFeA\/s400\/sta_paulina.gif"}],"author":"danilo","twitter_card":"summary_large_image","twitter_misc":{"Escrito por":"danilo","Est. tempo de leitura":"5 minutos"},"schema":{"@context":"https:\/\/schema.org","@graph":[{"@type":"Article","@id":"https:\/\/www.oarcanjo.net\/site\/santa-madre-paulina-do-coracao-agonizante-de-jesus-2\/#article","isPartOf":{"@id":"https:\/\/www.oarcanjo.net\/site\/santa-madre-paulina-do-coracao-agonizante-de-jesus-2\/"},"author":{"name":"danilo","@id":"https:\/\/www.oarcanjo.net\/site\/#\/schema\/person\/5eb9480bedd2f3c97e430ce128c29c6c"},"headline":"Santa Madre Paulina do Cora\u00e7\u00e3o Agonizante de Jesus","datePublished":"2018-07-09T03:04:16+00:00","dateModified":"2018-06-20T21:23:20+00:00","mainEntityOfPage":{"@id":"https:\/\/www.oarcanjo.net\/site\/santa-madre-paulina-do-coracao-agonizante-de-jesus-2\/"},"wordCount":1074,"commentCount":1,"publisher":{"@id":"https:\/\/www.oarcanjo.net\/site\/#organization"},"image":{"@id":"https:\/\/www.oarcanjo.net\/site\/santa-madre-paulina-do-coracao-agonizante-de-jesus-2\/#primaryimage"},"thumbnailUrl":"http:\/\/3.bp.blogspot.com\/_1zyet0w8rPE\/SlYmJ-2zHRI\/AAAAAAAAAB0\/3oAX4-nJFeA\/s400\/sta_paulina.gif","articleSection":["Testemunhos"],"inLanguage":"pt-BR","potentialAction":[{"@type":"CommentAction","name":"Comment","target":["https:\/\/www.oarcanjo.net\/site\/santa-madre-paulina-do-coracao-agonizante-de-jesus-2\/#respond"]}]},{"@type":"WebPage","@id":"https:\/\/www.oarcanjo.net\/site\/santa-madre-paulina-do-coracao-agonizante-de-jesus-2\/","url":"https:\/\/www.oarcanjo.net\/site\/santa-madre-paulina-do-coracao-agonizante-de-jesus-2\/","name":"Santa Madre Paulina do Cora\u00e7\u00e3o Agonizante de Jesus - O Arcanjo no ar","isPartOf":{"@id":"https:\/\/www.oarcanjo.net\/site\/#website"},"primaryImageOfPage":{"@id":"https:\/\/www.oarcanjo.net\/site\/santa-madre-paulina-do-coracao-agonizante-de-jesus-2\/#primaryimage"},"image":{"@id":"https:\/\/www.oarcanjo.net\/site\/santa-madre-paulina-do-coracao-agonizante-de-jesus-2\/#primaryimage"},"thumbnailUrl":"http:\/\/3.bp.blogspot.com\/_1zyet0w8rPE\/SlYmJ-2zHRI\/AAAAAAAAAB0\/3oAX4-nJFeA\/s400\/sta_paulina.gif","datePublished":"2018-07-09T03:04:16+00:00","dateModified":"2018-06-20T21:23:20+00:00","breadcrumb":{"@id":"https:\/\/www.oarcanjo.net\/site\/santa-madre-paulina-do-coracao-agonizante-de-jesus-2\/#breadcrumb"},"inLanguage":"pt-BR","potentialAction":[{"@type":"ReadAction","target":["https:\/\/www.oarcanjo.net\/site\/santa-madre-paulina-do-coracao-agonizante-de-jesus-2\/"]}]},{"@type":"ImageObject","inLanguage":"pt-BR","@id":"https:\/\/www.oarcanjo.net\/site\/santa-madre-paulina-do-coracao-agonizante-de-jesus-2\/#primaryimage","url":"http:\/\/3.bp.blogspot.com\/_1zyet0w8rPE\/SlYmJ-2zHRI\/AAAAAAAAAB0\/3oAX4-nJFeA\/s400\/sta_paulina.gif","contentUrl":"http:\/\/3.bp.blogspot.com\/_1zyet0w8rPE\/SlYmJ-2zHRI\/AAAAAAAAAB0\/3oAX4-nJFeA\/s400\/sta_paulina.gif"},{"@type":"BreadcrumbList","@id":"https:\/\/www.oarcanjo.net\/site\/santa-madre-paulina-do-coracao-agonizante-de-jesus-2\/#breadcrumb","itemListElement":[{"@type":"ListItem","position":1,"name":"In\u00edcio","item":"https:\/\/www.oarcanjo.net\/site\/"},{"@type":"ListItem","position":2,"name":"Santa Madre Paulina do Cora\u00e7\u00e3o Agonizante de Jesus"}]},{"@type":"WebSite","@id":"https:\/\/www.oarcanjo.net\/site\/#website","url":"https:\/\/www.oarcanjo.net\/site\/","name":"O Arcanjo no ar","description":"Site da Par\u00f3quia S\u00e3o Miguel Arcanjo (Arquidiocese de SP)","publisher":{"@id":"https:\/\/www.oarcanjo.net\/site\/#organization"},"potentialAction":[{"@type":"SearchAction","target":{"@type":"EntryPoint","urlTemplate":"https:\/\/www.oarcanjo.net\/site\/?s={search_term_string}"},"query-input":{"@type":"PropertyValueSpecification","valueRequired":true,"valueName":"search_term_string"}}],"inLanguage":"pt-BR"},{"@type":"Organization","@id":"https:\/\/www.oarcanjo.net\/site\/#organization","name":"Par\u00f3quia S\u00e3o Miguel Arcanjo","url":"https:\/\/www.oarcanjo.net\/site\/","logo":{"@type":"ImageObject","inLanguage":"pt-BR","@id":"https:\/\/www.oarcanjo.net\/site\/#\/schema\/logo\/image\/","url":"https:\/\/www.oarcanjo.net\/site\/wp-content\/uploads\/LogoOArcanjo.png","contentUrl":"https:\/\/www.oarcanjo.net\/site\/wp-content\/uploads\/LogoOArcanjo.png","width":319,"height":99,"caption":"Par\u00f3quia S\u00e3o Miguel Arcanjo"},"image":{"@id":"https:\/\/www.oarcanjo.net\/site\/#\/schema\/logo\/image\/"},"sameAs":["https:\/\/www.facebook.com\/OArcanjoNoAr\/"]},{"@type":"Person","@id":"https:\/\/www.oarcanjo.net\/site\/#\/schema\/person\/5eb9480bedd2f3c97e430ce128c29c6c","name":"danilo"}]}},"publishpress_future_action":{"enabled":false,"date":"2026-05-08 11:44:43","action":"category","newStatus":"draft","terms":[],"taxonomy":"category"},"publishpress_future_workflow_manual_trigger":{"enabledWorkflows":[]},"_links":{"self":[{"href":"https:\/\/www.oarcanjo.net\/site\/wp-json\/wp\/v2\/posts\/10176"}],"collection":[{"href":"https:\/\/www.oarcanjo.net\/site\/wp-json\/wp\/v2\/posts"}],"about":[{"href":"https:\/\/www.oarcanjo.net\/site\/wp-json\/wp\/v2\/types\/post"}],"author":[{"embeddable":true,"href":"https:\/\/www.oarcanjo.net\/site\/wp-json\/wp\/v2\/users\/14"}],"replies":[{"embeddable":true,"href":"https:\/\/www.oarcanjo.net\/site\/wp-json\/wp\/v2\/comments?post=10176"}],"version-history":[{"count":1,"href":"https:\/\/www.oarcanjo.net\/site\/wp-json\/wp\/v2\/posts\/10176\/revisions"}],"predecessor-version":[{"id":88625,"href":"https:\/\/www.oarcanjo.net\/site\/wp-json\/wp\/v2\/posts\/10176\/revisions\/88625"}],"wp:attachment":[{"href":"https:\/\/www.oarcanjo.net\/site\/wp-json\/wp\/v2\/media?parent=10176"}],"wp:term":[{"taxonomy":"category","embeddable":true,"href":"https:\/\/www.oarcanjo.net\/site\/wp-json\/wp\/v2\/categories?post=10176"},{"taxonomy":"post_tag","embeddable":true,"href":"https:\/\/www.oarcanjo.net\/site\/wp-json\/wp\/v2\/tags?post=10176"}],"curies":[{"name":"wp","href":"https:\/\/api.w.org\/{rel}","templated":true}]}}