
{"id":10180,"date":"2018-07-10T00:30:28","date_gmt":"2018-07-10T03:30:28","guid":{"rendered":"http:\/\/www.oarcanjo.net\/site\/?p=10180"},"modified":"2018-06-20T18:23:37","modified_gmt":"2018-06-20T21:23:37","slug":"santo-antonio-percierskij","status":"publish","type":"post","link":"https:\/\/www.oarcanjo.net\/site\/santo-antonio-percierskij\/","title":{"rendered":"Santo Ant\u00f4nio Percierskij"},"content":{"rendered":"<p><img decoding=\"async\" src=\"http:\/\/2.bp.blogspot.com\/_H_QQWfUIxFY\/Sg8NHDk8baI\/AAAAAAAAATw\/fWzvqoljN6E\/s320\/Antonio+Percierskij+Santo.bmp\" alt=\"\" \/><\/p>\n<p>10 de Julho<\/p>\n<p>Ant\u00f4nio, que antes se chamava Antipas, nasceu na Ucr\u00e2nia no ano de 983. Percierskij, na realidade, n\u00e3o \u00e9 o seu sobrenome, mas sim um apelido e tem um significado: &#8220;da gruta&#8221;. Trata-se de uma refer\u00eancia \u00e0 cela, escavada por ele mesmo, no vale de Dnjepr, pr\u00f3ximo a Kiev, que deu origem \u00e0 vida mon\u00e1stica russa.<\/p>\n<p>Ant\u00f4nio &#8220;da gruta&#8221;, desde a adolesc\u00eancia, sempre buscou a solid\u00e3o das cavernas, t\u00edpicas de sua regi\u00e3o, para suas ora\u00e7\u00f5es contemplativas. Depois viveu, at\u00e9 os quarenta e cinco anos de idade, peregrinando solit\u00e1rio pelos in\u00fameros mosteiros do monte Athos, na Gr\u00e9cia. Os registros indicam que ele permaneceu alguns anos no mosteiro de Esphigmenon, quando decidiu continuar a vida de penit\u00eancia e ora\u00e7\u00e3o na sua p\u00e1tria. Foi assim que escavou a primeira gruta em Kiev.<\/p>\n<p>Logo surgiram muitos seguidores, e curiosos, que se sentiam atra\u00eddos pelos ensinamentos e pela fama de santidade daquele homem de ora\u00e7\u00e3o e penit\u00eancia. Todos queriam aprender com o monge s\u00e1bio e justo, que nunca se mostrava irritado. Era um homem manso e silencioso, pleno de miseric\u00f3rdia com todos. Essa sua personalidade foi muito bem retratada pelo fiel disc\u00edpulo Nestor, ao escrever &#8220;Hist\u00f3rias dos tempos passados&#8221;.<\/p>\n<p>Contudo Ant\u00f4nio insistia em viver solit\u00e1rio, enquanto os seus seguidores formavam uma comunidade. Com sua permiss\u00e3o, foram construindo v\u00e1rias celas pela regi\u00e3o e, depois, uma primeira igreja. Assim, em 1051, surgiu o &#8220;Mosteiro das Grutas&#8221;, cuja arquitetura foi projetada integrando as grutas escavadas por esses monges primitivos.<\/p>\n<p>Esse mosteiro se tornou um dos centros religiosos mais importantes de toda a R\u00fassia. A sua comunidade se tornou famosa pela caridade, instru\u00e7\u00e3o, prest\u00edgio cultural e pelo esplendor da liturgia ortodoxa crist\u00e3. Al\u00e9m das belas igrejas que iam surgindo, consideradas verdadeiras obras de arte da arquitetura eslava. Ant\u00f4nio n\u00e3o desejava dirigir todo esse movimento, mas tinha no\u00e7\u00e3o exata do que ocorria. Por isso manteve-se como o exemplo da comunidade e a dire\u00e7\u00e3o ele confiou ao seu disc\u00edpulo Teod\u00f3sio, que sedimentou e estabeleceu as regras da vida mon\u00e1stica.<\/p>\n<p>Por persegui\u00e7\u00e3o pol\u00edtica, Ant\u00f4nio foi obrigado a abandonar Kiev em 1055. Foi refugiar-se pr\u00f3ximo a Cernigov, onde criou um outro mosteiro, conservando a regras de vida do anterior, imprimindo a sua marca pelo exemplo na ora\u00e7\u00e3o, penit\u00eancia e caridade. Mas no mosteiro de Kiev, haviam permanecido alguns religiosos, guiados pelo disc\u00edpulo Teod\u00f3sio, que \u00e9 considerado co-fundador do mosteiro. Por isso Ant\u00f4nio conseguiu retornar clandestinamente e l\u00e1 permaneceu recluso at\u00e9 a sua morte, no dia 10 de julho de 1073.<\/p>\n<p>Do Mosteiro da Gruta de Kiev original restou uma parte n\u00e3o muito grande, pois nos anos de 1299 e 1316 foi quase destru\u00eddo pelas invas\u00f5es dos t\u00e1rtaros. Em1926, foi fechado pelo regime comunista. S\u00f3 em 1988 ele foi reaberto definitivamente. Hoje, ele faz parte do patrim\u00f4nio da humanidade, como um monumento tombado e conservado pela Unesco.<\/p>\n<div id=\"themify_builder_content-10180\" data-postid=\"10180\" class=\"themify_builder_content themify_builder_content-10180 themify_builder themify_builder_front\">\n\t<\/div>\n<!-- \/themify_builder_content -->","protected":false},"excerpt":{"rendered":"<p>10 de Julho Ant\u00f4nio, que antes se chamava Antipas, nasceu na Ucr\u00e2nia no ano de 983. Percierskij, na realidade, n\u00e3o \u00e9 o seu sobrenome, mas sim um apelido e tem um significado: &#8220;da gruta&#8221;. Trata-se de uma refer\u00eancia \u00e0 cela, escavada por ele mesmo, no vale de Dnjepr, pr\u00f3ximo a Kiev, que deu origem \u00e0 [&hellip;]<\/p>\n","protected":false},"author":14,"featured_media":0,"comment_status":"open","ping_status":"open","sticky":false,"template":"","format":"standard","meta":{"ngg_post_thumbnail":0,"footnotes":""},"categories":[186],"tags":[],"yoast_head":"<!-- This site is optimized with the Yoast SEO plugin v23.5 - https:\/\/yoast.com\/wordpress\/plugins\/seo\/ -->\n<title>Santo Ant\u00f4nio Percierskij - O Arcanjo no ar<\/title>\n<meta name=\"robots\" content=\"index, follow, max-snippet:-1, max-image-preview:large, max-video-preview:-1\" \/>\n<link rel=\"canonical\" href=\"https:\/\/www.oarcanjo.net\/site\/santo-antonio-percierskij\/\" \/>\n<meta property=\"og:locale\" content=\"pt_BR\" \/>\n<meta property=\"og:type\" content=\"article\" \/>\n<meta property=\"og:title\" content=\"Santo Ant\u00f4nio Percierskij - O Arcanjo no ar\" \/>\n<meta property=\"og:description\" content=\"10 de Julho Ant\u00f4nio, que antes se chamava Antipas, nasceu na Ucr\u00e2nia no ano de 983. Percierskij, na realidade, n\u00e3o \u00e9 o seu sobrenome, mas sim um apelido e tem um significado: &#8220;da gruta&#8221;. Trata-se de uma refer\u00eancia \u00e0 cela, escavada por ele mesmo, no vale de Dnjepr, pr\u00f3ximo a Kiev, que deu origem \u00e0 [&hellip;]\" \/>\n<meta property=\"og:url\" content=\"https:\/\/www.oarcanjo.net\/site\/santo-antonio-percierskij\/\" \/>\n<meta property=\"og:site_name\" content=\"O Arcanjo no ar\" \/>\n<meta property=\"article:publisher\" content=\"https:\/\/www.facebook.com\/OArcanjoNoAr\/\" \/>\n<meta property=\"article:published_time\" content=\"2018-07-10T03:30:28+00:00\" \/>\n<meta property=\"article:modified_time\" content=\"2018-06-20T21:23:37+00:00\" \/>\n<meta property=\"og:image\" content=\"http:\/\/2.bp.blogspot.com\/_H_QQWfUIxFY\/Sg8NHDk8baI\/AAAAAAAAATw\/fWzvqoljN6E\/s320\/Antonio+Percierskij+Santo.bmp\" \/>\n<meta name=\"author\" content=\"danilo\" \/>\n<meta name=\"twitter:card\" content=\"summary_large_image\" \/>\n<meta name=\"twitter:label1\" content=\"Escrito por\" \/>\n\t<meta name=\"twitter:data1\" content=\"danilo\" \/>\n\t<meta name=\"twitter:label2\" content=\"Est. tempo de leitura\" \/>\n\t<meta name=\"twitter:data2\" content=\"3 minutos\" \/>\n<script type=\"application\/ld+json\" class=\"yoast-schema-graph\">{\"@context\":\"https:\/\/schema.org\",\"@graph\":[{\"@type\":\"Article\",\"@id\":\"https:\/\/www.oarcanjo.net\/site\/santo-antonio-percierskij\/#article\",\"isPartOf\":{\"@id\":\"https:\/\/www.oarcanjo.net\/site\/santo-antonio-percierskij\/\"},\"author\":{\"name\":\"danilo\",\"@id\":\"https:\/\/www.oarcanjo.net\/site\/#\/schema\/person\/5eb9480bedd2f3c97e430ce128c29c6c\"},\"headline\":\"Santo Ant\u00f4nio Percierskij\",\"datePublished\":\"2018-07-10T03:30:28+00:00\",\"dateModified\":\"2018-06-20T21:23:37+00:00\",\"mainEntityOfPage\":{\"@id\":\"https:\/\/www.oarcanjo.net\/site\/santo-antonio-percierskij\/\"},\"wordCount\":511,\"commentCount\":0,\"publisher\":{\"@id\":\"https:\/\/www.oarcanjo.net\/site\/#organization\"},\"image\":{\"@id\":\"https:\/\/www.oarcanjo.net\/site\/santo-antonio-percierskij\/#primaryimage\"},\"thumbnailUrl\":\"http:\/\/2.bp.blogspot.com\/_H_QQWfUIxFY\/Sg8NHDk8baI\/AAAAAAAAATw\/fWzvqoljN6E\/s320\/Antonio+Percierskij+Santo.bmp\",\"articleSection\":[\"Testemunhos\"],\"inLanguage\":\"pt-BR\",\"potentialAction\":[{\"@type\":\"CommentAction\",\"name\":\"Comment\",\"target\":[\"https:\/\/www.oarcanjo.net\/site\/santo-antonio-percierskij\/#respond\"]}]},{\"@type\":\"WebPage\",\"@id\":\"https:\/\/www.oarcanjo.net\/site\/santo-antonio-percierskij\/\",\"url\":\"https:\/\/www.oarcanjo.net\/site\/santo-antonio-percierskij\/\",\"name\":\"Santo Ant\u00f4nio Percierskij - O Arcanjo no ar\",\"isPartOf\":{\"@id\":\"https:\/\/www.oarcanjo.net\/site\/#website\"},\"primaryImageOfPage\":{\"@id\":\"https:\/\/www.oarcanjo.net\/site\/santo-antonio-percierskij\/#primaryimage\"},\"image\":{\"@id\":\"https:\/\/www.oarcanjo.net\/site\/santo-antonio-percierskij\/#primaryimage\"},\"thumbnailUrl\":\"http:\/\/2.bp.blogspot.com\/_H_QQWfUIxFY\/Sg8NHDk8baI\/AAAAAAAAATw\/fWzvqoljN6E\/s320\/Antonio+Percierskij+Santo.bmp\",\"datePublished\":\"2018-07-10T03:30:28+00:00\",\"dateModified\":\"2018-06-20T21:23:37+00:00\",\"breadcrumb\":{\"@id\":\"https:\/\/www.oarcanjo.net\/site\/santo-antonio-percierskij\/#breadcrumb\"},\"inLanguage\":\"pt-BR\",\"potentialAction\":[{\"@type\":\"ReadAction\",\"target\":[\"https:\/\/www.oarcanjo.net\/site\/santo-antonio-percierskij\/\"]}]},{\"@type\":\"ImageObject\",\"inLanguage\":\"pt-BR\",\"@id\":\"https:\/\/www.oarcanjo.net\/site\/santo-antonio-percierskij\/#primaryimage\",\"url\":\"http:\/\/2.bp.blogspot.com\/_H_QQWfUIxFY\/Sg8NHDk8baI\/AAAAAAAAATw\/fWzvqoljN6E\/s320\/Antonio+Percierskij+Santo.bmp\",\"contentUrl\":\"http:\/\/2.bp.blogspot.com\/_H_QQWfUIxFY\/Sg8NHDk8baI\/AAAAAAAAATw\/fWzvqoljN6E\/s320\/Antonio+Percierskij+Santo.bmp\"},{\"@type\":\"BreadcrumbList\",\"@id\":\"https:\/\/www.oarcanjo.net\/site\/santo-antonio-percierskij\/#breadcrumb\",\"itemListElement\":[{\"@type\":\"ListItem\",\"position\":1,\"name\":\"In\u00edcio\",\"item\":\"https:\/\/www.oarcanjo.net\/site\/\"},{\"@type\":\"ListItem\",\"position\":2,\"name\":\"Santo Ant\u00f4nio Percierskij\"}]},{\"@type\":\"WebSite\",\"@id\":\"https:\/\/www.oarcanjo.net\/site\/#website\",\"url\":\"https:\/\/www.oarcanjo.net\/site\/\",\"name\":\"O Arcanjo no ar\",\"description\":\"Site da Par\u00f3quia S\u00e3o Miguel Arcanjo (Arquidiocese de SP)\",\"publisher\":{\"@id\":\"https:\/\/www.oarcanjo.net\/site\/#organization\"},\"potentialAction\":[{\"@type\":\"SearchAction\",\"target\":{\"@type\":\"EntryPoint\",\"urlTemplate\":\"https:\/\/www.oarcanjo.net\/site\/?s={search_term_string}\"},\"query-input\":{\"@type\":\"PropertyValueSpecification\",\"valueRequired\":true,\"valueName\":\"search_term_string\"}}],\"inLanguage\":\"pt-BR\"},{\"@type\":\"Organization\",\"@id\":\"https:\/\/www.oarcanjo.net\/site\/#organization\",\"name\":\"Par\u00f3quia S\u00e3o Miguel Arcanjo\",\"url\":\"https:\/\/www.oarcanjo.net\/site\/\",\"logo\":{\"@type\":\"ImageObject\",\"inLanguage\":\"pt-BR\",\"@id\":\"https:\/\/www.oarcanjo.net\/site\/#\/schema\/logo\/image\/\",\"url\":\"https:\/\/www.oarcanjo.net\/site\/wp-content\/uploads\/LogoOArcanjo.png\",\"contentUrl\":\"https:\/\/www.oarcanjo.net\/site\/wp-content\/uploads\/LogoOArcanjo.png\",\"width\":319,\"height\":99,\"caption\":\"Par\u00f3quia S\u00e3o Miguel Arcanjo\"},\"image\":{\"@id\":\"https:\/\/www.oarcanjo.net\/site\/#\/schema\/logo\/image\/\"},\"sameAs\":[\"https:\/\/www.facebook.com\/OArcanjoNoAr\/\"]},{\"@type\":\"Person\",\"@id\":\"https:\/\/www.oarcanjo.net\/site\/#\/schema\/person\/5eb9480bedd2f3c97e430ce128c29c6c\",\"name\":\"danilo\"}]}<\/script>\n<!-- \/ Yoast SEO plugin. -->","yoast_head_json":{"title":"Santo Ant\u00f4nio Percierskij - O Arcanjo no ar","robots":{"index":"index","follow":"follow","max-snippet":"max-snippet:-1","max-image-preview":"max-image-preview:large","max-video-preview":"max-video-preview:-1"},"canonical":"https:\/\/www.oarcanjo.net\/site\/santo-antonio-percierskij\/","og_locale":"pt_BR","og_type":"article","og_title":"Santo Ant\u00f4nio Percierskij - O Arcanjo no ar","og_description":"10 de Julho Ant\u00f4nio, que antes se chamava Antipas, nasceu na Ucr\u00e2nia no ano de 983. Percierskij, na realidade, n\u00e3o \u00e9 o seu sobrenome, mas sim um apelido e tem um significado: &#8220;da gruta&#8221;. Trata-se de uma refer\u00eancia \u00e0 cela, escavada por ele mesmo, no vale de Dnjepr, pr\u00f3ximo a Kiev, que deu origem \u00e0 [&hellip;]","og_url":"https:\/\/www.oarcanjo.net\/site\/santo-antonio-percierskij\/","og_site_name":"O Arcanjo no ar","article_publisher":"https:\/\/www.facebook.com\/OArcanjoNoAr\/","article_published_time":"2018-07-10T03:30:28+00:00","article_modified_time":"2018-06-20T21:23:37+00:00","og_image":[{"url":"http:\/\/2.bp.blogspot.com\/_H_QQWfUIxFY\/Sg8NHDk8baI\/AAAAAAAAATw\/fWzvqoljN6E\/s320\/Antonio+Percierskij+Santo.bmp"}],"author":"danilo","twitter_card":"summary_large_image","twitter_misc":{"Escrito por":"danilo","Est. tempo de leitura":"3 minutos"},"schema":{"@context":"https:\/\/schema.org","@graph":[{"@type":"Article","@id":"https:\/\/www.oarcanjo.net\/site\/santo-antonio-percierskij\/#article","isPartOf":{"@id":"https:\/\/www.oarcanjo.net\/site\/santo-antonio-percierskij\/"},"author":{"name":"danilo","@id":"https:\/\/www.oarcanjo.net\/site\/#\/schema\/person\/5eb9480bedd2f3c97e430ce128c29c6c"},"headline":"Santo Ant\u00f4nio Percierskij","datePublished":"2018-07-10T03:30:28+00:00","dateModified":"2018-06-20T21:23:37+00:00","mainEntityOfPage":{"@id":"https:\/\/www.oarcanjo.net\/site\/santo-antonio-percierskij\/"},"wordCount":511,"commentCount":0,"publisher":{"@id":"https:\/\/www.oarcanjo.net\/site\/#organization"},"image":{"@id":"https:\/\/www.oarcanjo.net\/site\/santo-antonio-percierskij\/#primaryimage"},"thumbnailUrl":"http:\/\/2.bp.blogspot.com\/_H_QQWfUIxFY\/Sg8NHDk8baI\/AAAAAAAAATw\/fWzvqoljN6E\/s320\/Antonio+Percierskij+Santo.bmp","articleSection":["Testemunhos"],"inLanguage":"pt-BR","potentialAction":[{"@type":"CommentAction","name":"Comment","target":["https:\/\/www.oarcanjo.net\/site\/santo-antonio-percierskij\/#respond"]}]},{"@type":"WebPage","@id":"https:\/\/www.oarcanjo.net\/site\/santo-antonio-percierskij\/","url":"https:\/\/www.oarcanjo.net\/site\/santo-antonio-percierskij\/","name":"Santo Ant\u00f4nio Percierskij - O Arcanjo no ar","isPartOf":{"@id":"https:\/\/www.oarcanjo.net\/site\/#website"},"primaryImageOfPage":{"@id":"https:\/\/www.oarcanjo.net\/site\/santo-antonio-percierskij\/#primaryimage"},"image":{"@id":"https:\/\/www.oarcanjo.net\/site\/santo-antonio-percierskij\/#primaryimage"},"thumbnailUrl":"http:\/\/2.bp.blogspot.com\/_H_QQWfUIxFY\/Sg8NHDk8baI\/AAAAAAAAATw\/fWzvqoljN6E\/s320\/Antonio+Percierskij+Santo.bmp","datePublished":"2018-07-10T03:30:28+00:00","dateModified":"2018-06-20T21:23:37+00:00","breadcrumb":{"@id":"https:\/\/www.oarcanjo.net\/site\/santo-antonio-percierskij\/#breadcrumb"},"inLanguage":"pt-BR","potentialAction":[{"@type":"ReadAction","target":["https:\/\/www.oarcanjo.net\/site\/santo-antonio-percierskij\/"]}]},{"@type":"ImageObject","inLanguage":"pt-BR","@id":"https:\/\/www.oarcanjo.net\/site\/santo-antonio-percierskij\/#primaryimage","url":"http:\/\/2.bp.blogspot.com\/_H_QQWfUIxFY\/Sg8NHDk8baI\/AAAAAAAAATw\/fWzvqoljN6E\/s320\/Antonio+Percierskij+Santo.bmp","contentUrl":"http:\/\/2.bp.blogspot.com\/_H_QQWfUIxFY\/Sg8NHDk8baI\/AAAAAAAAATw\/fWzvqoljN6E\/s320\/Antonio+Percierskij+Santo.bmp"},{"@type":"BreadcrumbList","@id":"https:\/\/www.oarcanjo.net\/site\/santo-antonio-percierskij\/#breadcrumb","itemListElement":[{"@type":"ListItem","position":1,"name":"In\u00edcio","item":"https:\/\/www.oarcanjo.net\/site\/"},{"@type":"ListItem","position":2,"name":"Santo Ant\u00f4nio Percierskij"}]},{"@type":"WebSite","@id":"https:\/\/www.oarcanjo.net\/site\/#website","url":"https:\/\/www.oarcanjo.net\/site\/","name":"O Arcanjo no ar","description":"Site da Par\u00f3quia S\u00e3o Miguel Arcanjo (Arquidiocese de SP)","publisher":{"@id":"https:\/\/www.oarcanjo.net\/site\/#organization"},"potentialAction":[{"@type":"SearchAction","target":{"@type":"EntryPoint","urlTemplate":"https:\/\/www.oarcanjo.net\/site\/?s={search_term_string}"},"query-input":{"@type":"PropertyValueSpecification","valueRequired":true,"valueName":"search_term_string"}}],"inLanguage":"pt-BR"},{"@type":"Organization","@id":"https:\/\/www.oarcanjo.net\/site\/#organization","name":"Par\u00f3quia S\u00e3o Miguel Arcanjo","url":"https:\/\/www.oarcanjo.net\/site\/","logo":{"@type":"ImageObject","inLanguage":"pt-BR","@id":"https:\/\/www.oarcanjo.net\/site\/#\/schema\/logo\/image\/","url":"https:\/\/www.oarcanjo.net\/site\/wp-content\/uploads\/LogoOArcanjo.png","contentUrl":"https:\/\/www.oarcanjo.net\/site\/wp-content\/uploads\/LogoOArcanjo.png","width":319,"height":99,"caption":"Par\u00f3quia S\u00e3o Miguel Arcanjo"},"image":{"@id":"https:\/\/www.oarcanjo.net\/site\/#\/schema\/logo\/image\/"},"sameAs":["https:\/\/www.facebook.com\/OArcanjoNoAr\/"]},{"@type":"Person","@id":"https:\/\/www.oarcanjo.net\/site\/#\/schema\/person\/5eb9480bedd2f3c97e430ce128c29c6c","name":"danilo"}]}},"publishpress_future_action":{"enabled":false,"date":"2026-05-08 11:45:04","action":"category","newStatus":"draft","terms":[],"taxonomy":"category"},"publishpress_future_workflow_manual_trigger":{"enabledWorkflows":[]},"_links":{"self":[{"href":"https:\/\/www.oarcanjo.net\/site\/wp-json\/wp\/v2\/posts\/10180"}],"collection":[{"href":"https:\/\/www.oarcanjo.net\/site\/wp-json\/wp\/v2\/posts"}],"about":[{"href":"https:\/\/www.oarcanjo.net\/site\/wp-json\/wp\/v2\/types\/post"}],"author":[{"embeddable":true,"href":"https:\/\/www.oarcanjo.net\/site\/wp-json\/wp\/v2\/users\/14"}],"replies":[{"embeddable":true,"href":"https:\/\/www.oarcanjo.net\/site\/wp-json\/wp\/v2\/comments?post=10180"}],"version-history":[{"count":1,"href":"https:\/\/www.oarcanjo.net\/site\/wp-json\/wp\/v2\/posts\/10180\/revisions"}],"predecessor-version":[{"id":88628,"href":"https:\/\/www.oarcanjo.net\/site\/wp-json\/wp\/v2\/posts\/10180\/revisions\/88628"}],"wp:attachment":[{"href":"https:\/\/www.oarcanjo.net\/site\/wp-json\/wp\/v2\/media?parent=10180"}],"wp:term":[{"taxonomy":"category","embeddable":true,"href":"https:\/\/www.oarcanjo.net\/site\/wp-json\/wp\/v2\/categories?post=10180"},{"taxonomy":"post_tag","embeddable":true,"href":"https:\/\/www.oarcanjo.net\/site\/wp-json\/wp\/v2\/tags?post=10180"}],"curies":[{"name":"wp","href":"https:\/\/api.w.org\/{rel}","templated":true}]}}