
{"id":10186,"date":"2010-07-09T19:35:52","date_gmt":"2010-07-09T22:35:52","guid":{"rendered":"http:\/\/www.oarcanjo.net\/site\/?p=10186"},"modified":"2010-07-09T19:35:52","modified_gmt":"2010-07-09T22:35:52","slug":"20-anos-do-estatuto-da-crianca-e-do-adolescente-20-anos-de-labuta","status":"publish","type":"post","link":"https:\/\/www.oarcanjo.net\/site\/20-anos-do-estatuto-da-crianca-e-do-adolescente-20-anos-de-labuta\/","title":{"rendered":"20 anos do Estatuto da Crian\u00e7a e do Adolescente. 20 anos de labuta"},"content":{"rendered":"<p>M\u00e1rcia Hora Acioli<br \/>\nAssessora do Inesc<\/p>\n<p>H\u00e1 pouco mais de vinte anos, o Brasil ainda vivia sob a \u00e9gide da ditadura militar e o povo ocupava as ruas pela democracia com foco nas elei\u00e7\u00f5es diretas e na necessidade de uma nova Constitui\u00e7\u00e3o Federal, processo chamado de Constituinte. Uma verdadeira ebuli\u00e7\u00e3o pol\u00edtica.<\/p>\n<p>Na \u00e9poca os grupos de exterm\u00ednio que eliminavam meninos e meninas pobres operavam impunemente. O massacre era escandaloso. A justificativa impl\u00edcita era defender o patrim\u00f4nio dos comerciantes. Ou seja, meninos e meninos pobres eram considerados amea\u00e7a p\u00fablica. Para piorar as coisas, a lei vigente, o C\u00f3digo de Menores baseava-se na doutrina da Situa\u00e7\u00e3o Irregular, que responsabilizava a pr\u00f3pria crian\u00e7a ou adolescente pelo abandono em que se encontrava. Permitia o simples recolhimento dos\/as que estivessem &#8220;perambulando&#8221; nas ruas, atribuindo a eles\/as a responsabilidade pela situa\u00e7\u00e3o em que se encontrava. Portanto, a lei tinha destinat\u00e1rios espec\u00edficos que eram os\/as pobres, evidentemente, a maioria negra. Noutras palavras, o C\u00f3digo de Menores punia, os j\u00e1 punidos pelo destino.<\/p>\n<p>Mais do que novas leis, o pa\u00eds precisava inaugurar novas formas de ver, considerar e governar crian\u00e7as. O Estatuto da Crian\u00e7a e do Adolescente \/ ECA foi concebido neste contexto. Foi escrito com milhares de colaboradores\/as, al\u00e9m das pr\u00f3prias crian\u00e7as e adolescentes.<\/p>\n<p>N\u00e3o h\u00e1 como negar que o ECA \u00e9 uma das leis mais bem fundamentadas do Brasil. Trouxe a id\u00e9ia in\u00e9dita de crian\u00e7as e adolescentes como sujeitos de direitos em situa\u00e7\u00e3o peculiar de desenvolvimento, sendo portanto, prioridade na elabora\u00e7\u00e3o de pol\u00edticas p\u00fablicas. No artigo 4\u00ba o ECA explicita a import\u00e2ncia da destina\u00e7\u00e3o privilegiada de recursos para a realiza\u00e7\u00e3o das pol\u00edticas garantidoras de direitos. O ECA ainda trouxe a perspectiva de descentraliza\u00e7\u00e3o do poder fortalecendo a cultura democr\u00e1tica, ainda fr\u00e1gil \u00e0 \u00e9poca. A participa\u00e7\u00e3o da sociedade nos Conselhos Tutelares e nos Conselhos de Direitos, inst\u00e2ncias locais zeladoras de direitos, garantia maior distribui\u00e7\u00e3o do poder. O novo marco legal deixa de ser uma lei para punir crian\u00e7as pobres para ser uma que defende direitos de todas. A partir de ent\u00e3o, se h\u00e1 uma crian\u00e7a vivendo nas ruas, sabe-se que falharam o Estado, a sociedade e a sua fam\u00edlia simultaneamente.<\/p>\n<p>Pois bem, o Brasil comemora no dia 13 de julho de 2010 o anivers\u00e1rio de 20 anos deste novo marco legal. O ECA \u00e9 uma refer\u00eancia hist\u00f3rica que exigiu uma nova cultura pol\u00edtica, uma ampla revis\u00e3o na forma de elaborar as pol\u00edticas p\u00fablicas que deveriam passar a ser concebidas \u00e0 luz deste conjunto de id\u00e9ias.<\/p>\n<p>As mudan\u00e7as foram muitas, no entanto, soam ainda como um ensaio geral para a uma mudan\u00e7a mais importante. A realiza\u00e7\u00e3o plena dos direitos n\u00e3o permite brechas entre uma pol\u00edtica e outra, entre um direito e outro. Quando a pol\u00edtica p\u00fablica n\u00e3o \u00e9 universalizada (n\u00e3o chega a todos), e\/ou quando o conjunto das pol\u00edticas \u00e9 fragmentado n\u00e3o se efetiva a Prote\u00e7\u00e3o Integral que significa todos os direitos para todas as pessoas, o tempo todo, em qualquer lugar.<\/p>\n<p>Como resultado da dist\u00e2ncia entre o que est\u00e1 escrito na lei e o acesso ao direito, as popula\u00e7\u00f5es mais jovens ainda carregam o pesado fardo da culpa pela prec\u00e1ria situa\u00e7\u00e3o em que se encontram. A sociedade conservadora n\u00e3o mudou e insiste em atribuir a elas a responsabiliza\u00e7\u00e3o seja pela pr\u00f3pria \u2018desocupa\u00e7\u00e3o\u2019, ou pela viol\u00eancia urbana. Neste cen\u00e1rio as pessoas ainda s\u00e3o tratadas conforme a cor da pele e as mulheres vistas como seres de segunda categoria. \u00c9 importante compreender que, assim como os direitos s\u00e3o interdependentes e a realiza\u00e7\u00e3o de um implica na realiza\u00e7\u00e3o de outros tantos direitos, quando h\u00e1 uma viola\u00e7\u00e3o de direitos, ocorre tamb\u00e9m em uma s\u00e9rie de viola\u00e7\u00f5es subseq\u00fcentes.<\/p>\n<p>Arautos da ordem estabelecida usam todos os meios para tentar convencer que o ECA \u00e9 uma lei inadequada. H\u00e1 interesses diversos e ideologias por tr\u00e1s deste esfor\u00e7o. Certamente n\u00e3o s\u00e3o os mesmos dos que defendem uma sociedade mais justa. Muitos daqueles que acham nobre o trabalho de crian\u00e7as ficaram ricos \u00e0s custas da explora\u00e7\u00e3o do trabalho infantil (quase escravo), assim como os que querem ver reduzida a idade penal n\u00e3o pensam na preven\u00e7\u00e3o da viol\u00eancia, mas na \u2018limpeza urbana\u2019.<\/p>\n<p>Falar de cidadania das popula\u00e7\u00f5es mais jovens \u00e9 um enorme desafio em uma sociedade de maioria conservadora em que os direitos de muitos s\u00e3o preteridos em nome dos privil\u00e9gios de pouqu\u00edssimos.<\/p>\n<p>Com uma idade mais madura a lei ainda custa a se efetivar na \u00edntegra para todas as crian\u00e7as e adolescentes do pa\u00eds. A sociedade desigual promove diferentes acessos ao direito que \u00e9 universal. As mudan\u00e7as acontecem aos poucos e dependem de muitos fatores como trabalho digno para as fam\u00edlias, educa\u00e7\u00e3o de qualidade, esporte, cultura, forma\u00e7\u00e3o profissional, moradia decente e lazer na pr\u00f3pria comunidade; mas, sobretudo, de concep\u00e7\u00e3o pol\u00edtica e gest\u00e3o p\u00fablica \u00e9tica e competente.<\/p>\n<p>\u00c9 importante reconhecer os avan\u00e7os, que n\u00e3o foram poucos, mas \u00e9 preciso aten\u00e7\u00e3o redobrada para defender a lei que vive amea\u00e7ada por aqueles que ainda n\u00e3o entendem que uma sociedade que permite a viol\u00eancia contra crian\u00e7as e adolescentes \u00e9 uma sociedade que padece de uma doen\u00e7a grave.<\/p>\n<div id=\"themify_builder_content-10186\" data-postid=\"10186\" class=\"themify_builder_content themify_builder_content-10186 themify_builder themify_builder_front\">\n\t<\/div>\n<!-- \/themify_builder_content -->","protected":false},"excerpt":{"rendered":"<p>M\u00e1rcia Hora Acioli Assessora do Inesc H\u00e1 pouco mais de vinte anos, o Brasil ainda vivia sob a \u00e9gide da ditadura militar e o povo ocupava as ruas pela democracia com foco nas elei\u00e7\u00f5es diretas e na necessidade de uma nova Constitui\u00e7\u00e3o Federal, processo chamado de Constituinte. Uma verdadeira ebuli\u00e7\u00e3o pol\u00edtica. Na \u00e9poca os grupos [&hellip;]<\/p>\n","protected":false},"author":5,"featured_media":0,"comment_status":"open","ping_status":"open","sticky":false,"template":"","format":"standard","meta":{"ngg_post_thumbnail":0,"footnotes":""},"categories":[8],"tags":[43,911,910,995],"yoast_head":"<!-- This site is optimized with the Yoast SEO plugin v23.5 - https:\/\/yoast.com\/wordpress\/plugins\/seo\/ -->\n<title>20 anos do Estatuto da Crian\u00e7a e do Adolescente. 20 anos de labuta - O Arcanjo no ar<\/title>\n<meta name=\"robots\" content=\"index, follow, max-snippet:-1, max-image-preview:large, max-video-preview:-1\" \/>\n<link rel=\"canonical\" href=\"https:\/\/www.oarcanjo.net\/site\/20-anos-do-estatuto-da-crianca-e-do-adolescente-20-anos-de-labuta\/\" \/>\n<meta property=\"og:locale\" content=\"pt_BR\" \/>\n<meta property=\"og:type\" content=\"article\" \/>\n<meta property=\"og:title\" content=\"20 anos do Estatuto da Crian\u00e7a e do Adolescente. 20 anos de labuta - O Arcanjo no ar\" \/>\n<meta property=\"og:description\" content=\"M\u00e1rcia Hora Acioli Assessora do Inesc H\u00e1 pouco mais de vinte anos, o Brasil ainda vivia sob a \u00e9gide da ditadura militar e o povo ocupava as ruas pela democracia com foco nas elei\u00e7\u00f5es diretas e na necessidade de uma nova Constitui\u00e7\u00e3o Federal, processo chamado de Constituinte. Uma verdadeira ebuli\u00e7\u00e3o pol\u00edtica. Na \u00e9poca os grupos [&hellip;]\" \/>\n<meta property=\"og:url\" content=\"https:\/\/www.oarcanjo.net\/site\/20-anos-do-estatuto-da-crianca-e-do-adolescente-20-anos-de-labuta\/\" \/>\n<meta property=\"og:site_name\" content=\"O Arcanjo no ar\" \/>\n<meta property=\"article:publisher\" content=\"https:\/\/www.facebook.com\/OArcanjoNoAr\/\" \/>\n<meta property=\"article:published_time\" content=\"2010-07-09T22:35:52+00:00\" \/>\n<meta property=\"og:image\" content=\"https:\/\/www.oarcanjo.net\/site\/wp-content\/uploads\/logo-o-arcanjo-no-ar-facebook.png\" \/>\n\t<meta property=\"og:image:width\" content=\"300\" \/>\n\t<meta property=\"og:image:height\" content=\"300\" \/>\n\t<meta property=\"og:image:type\" content=\"image\/png\" \/>\n<meta name=\"author\" content=\"editor\" \/>\n<meta name=\"twitter:card\" content=\"summary_large_image\" \/>\n<meta name=\"twitter:label1\" content=\"Escrito por\" \/>\n\t<meta name=\"twitter:data1\" content=\"editor\" \/>\n\t<meta name=\"twitter:label2\" content=\"Est. tempo de leitura\" \/>\n\t<meta name=\"twitter:data2\" content=\"5 minutos\" \/>\n<script type=\"application\/ld+json\" class=\"yoast-schema-graph\">{\"@context\":\"https:\/\/schema.org\",\"@graph\":[{\"@type\":\"Article\",\"@id\":\"https:\/\/www.oarcanjo.net\/site\/20-anos-do-estatuto-da-crianca-e-do-adolescente-20-anos-de-labuta\/#article\",\"isPartOf\":{\"@id\":\"https:\/\/www.oarcanjo.net\/site\/20-anos-do-estatuto-da-crianca-e-do-adolescente-20-anos-de-labuta\/\"},\"author\":{\"name\":\"editor\",\"@id\":\"https:\/\/www.oarcanjo.net\/site\/#\/schema\/person\/f7024d007863202483a31326673a0838\"},\"headline\":\"20 anos do Estatuto da Crian\u00e7a e do Adolescente. 20 anos de labuta\",\"datePublished\":\"2010-07-09T22:35:52+00:00\",\"dateModified\":\"2010-07-09T22:35:52+00:00\",\"mainEntityOfPage\":{\"@id\":\"https:\/\/www.oarcanjo.net\/site\/20-anos-do-estatuto-da-crianca-e-do-adolescente-20-anos-de-labuta\/\"},\"wordCount\":943,\"commentCount\":4,\"publisher\":{\"@id\":\"https:\/\/www.oarcanjo.net\/site\/#organization\"},\"keywords\":[\"direitos humanos\",\"ECA\",\"Estatuto da Crian\u00e7a e do Adolescente\",\"exclu\u00eddos\"],\"articleSection\":[\"Not\u00edcias\"],\"inLanguage\":\"pt-BR\",\"potentialAction\":[{\"@type\":\"CommentAction\",\"name\":\"Comment\",\"target\":[\"https:\/\/www.oarcanjo.net\/site\/20-anos-do-estatuto-da-crianca-e-do-adolescente-20-anos-de-labuta\/#respond\"]}]},{\"@type\":\"WebPage\",\"@id\":\"https:\/\/www.oarcanjo.net\/site\/20-anos-do-estatuto-da-crianca-e-do-adolescente-20-anos-de-labuta\/\",\"url\":\"https:\/\/www.oarcanjo.net\/site\/20-anos-do-estatuto-da-crianca-e-do-adolescente-20-anos-de-labuta\/\",\"name\":\"20 anos do Estatuto da Crian\u00e7a e do Adolescente. 20 anos de labuta - O Arcanjo no ar\",\"isPartOf\":{\"@id\":\"https:\/\/www.oarcanjo.net\/site\/#website\"},\"datePublished\":\"2010-07-09T22:35:52+00:00\",\"dateModified\":\"2010-07-09T22:35:52+00:00\",\"breadcrumb\":{\"@id\":\"https:\/\/www.oarcanjo.net\/site\/20-anos-do-estatuto-da-crianca-e-do-adolescente-20-anos-de-labuta\/#breadcrumb\"},\"inLanguage\":\"pt-BR\",\"potentialAction\":[{\"@type\":\"ReadAction\",\"target\":[\"https:\/\/www.oarcanjo.net\/site\/20-anos-do-estatuto-da-crianca-e-do-adolescente-20-anos-de-labuta\/\"]}]},{\"@type\":\"BreadcrumbList\",\"@id\":\"https:\/\/www.oarcanjo.net\/site\/20-anos-do-estatuto-da-crianca-e-do-adolescente-20-anos-de-labuta\/#breadcrumb\",\"itemListElement\":[{\"@type\":\"ListItem\",\"position\":1,\"name\":\"In\u00edcio\",\"item\":\"https:\/\/www.oarcanjo.net\/site\/\"},{\"@type\":\"ListItem\",\"position\":2,\"name\":\"20 anos do Estatuto da Crian\u00e7a e do Adolescente. 20 anos de labuta\"}]},{\"@type\":\"WebSite\",\"@id\":\"https:\/\/www.oarcanjo.net\/site\/#website\",\"url\":\"https:\/\/www.oarcanjo.net\/site\/\",\"name\":\"O Arcanjo no ar\",\"description\":\"Site da Par\u00f3quia S\u00e3o Miguel Arcanjo (Arquidiocese de SP)\",\"publisher\":{\"@id\":\"https:\/\/www.oarcanjo.net\/site\/#organization\"},\"potentialAction\":[{\"@type\":\"SearchAction\",\"target\":{\"@type\":\"EntryPoint\",\"urlTemplate\":\"https:\/\/www.oarcanjo.net\/site\/?s={search_term_string}\"},\"query-input\":{\"@type\":\"PropertyValueSpecification\",\"valueRequired\":true,\"valueName\":\"search_term_string\"}}],\"inLanguage\":\"pt-BR\"},{\"@type\":\"Organization\",\"@id\":\"https:\/\/www.oarcanjo.net\/site\/#organization\",\"name\":\"Par\u00f3quia S\u00e3o Miguel Arcanjo\",\"url\":\"https:\/\/www.oarcanjo.net\/site\/\",\"logo\":{\"@type\":\"ImageObject\",\"inLanguage\":\"pt-BR\",\"@id\":\"https:\/\/www.oarcanjo.net\/site\/#\/schema\/logo\/image\/\",\"url\":\"https:\/\/www.oarcanjo.net\/site\/wp-content\/uploads\/LogoOArcanjo.png\",\"contentUrl\":\"https:\/\/www.oarcanjo.net\/site\/wp-content\/uploads\/LogoOArcanjo.png\",\"width\":319,\"height\":99,\"caption\":\"Par\u00f3quia S\u00e3o Miguel Arcanjo\"},\"image\":{\"@id\":\"https:\/\/www.oarcanjo.net\/site\/#\/schema\/logo\/image\/\"},\"sameAs\":[\"https:\/\/www.facebook.com\/OArcanjoNoAr\/\"]},{\"@type\":\"Person\",\"@id\":\"https:\/\/www.oarcanjo.net\/site\/#\/schema\/person\/f7024d007863202483a31326673a0838\",\"name\":\"editor\",\"sameAs\":[\"http:\/\/www.oarcanjo.net\"]}]}<\/script>\n<!-- \/ Yoast SEO plugin. -->","yoast_head_json":{"title":"20 anos do Estatuto da Crian\u00e7a e do Adolescente. 20 anos de labuta - O Arcanjo no ar","robots":{"index":"index","follow":"follow","max-snippet":"max-snippet:-1","max-image-preview":"max-image-preview:large","max-video-preview":"max-video-preview:-1"},"canonical":"https:\/\/www.oarcanjo.net\/site\/20-anos-do-estatuto-da-crianca-e-do-adolescente-20-anos-de-labuta\/","og_locale":"pt_BR","og_type":"article","og_title":"20 anos do Estatuto da Crian\u00e7a e do Adolescente. 20 anos de labuta - O Arcanjo no ar","og_description":"M\u00e1rcia Hora Acioli Assessora do Inesc H\u00e1 pouco mais de vinte anos, o Brasil ainda vivia sob a \u00e9gide da ditadura militar e o povo ocupava as ruas pela democracia com foco nas elei\u00e7\u00f5es diretas e na necessidade de uma nova Constitui\u00e7\u00e3o Federal, processo chamado de Constituinte. Uma verdadeira ebuli\u00e7\u00e3o pol\u00edtica. Na \u00e9poca os grupos [&hellip;]","og_url":"https:\/\/www.oarcanjo.net\/site\/20-anos-do-estatuto-da-crianca-e-do-adolescente-20-anos-de-labuta\/","og_site_name":"O Arcanjo no ar","article_publisher":"https:\/\/www.facebook.com\/OArcanjoNoAr\/","article_published_time":"2010-07-09T22:35:52+00:00","og_image":[{"width":300,"height":300,"url":"https:\/\/www.oarcanjo.net\/site\/wp-content\/uploads\/logo-o-arcanjo-no-ar-facebook.png","type":"image\/png"}],"author":"editor","twitter_card":"summary_large_image","twitter_misc":{"Escrito por":"editor","Est. tempo de leitura":"5 minutos"},"schema":{"@context":"https:\/\/schema.org","@graph":[{"@type":"Article","@id":"https:\/\/www.oarcanjo.net\/site\/20-anos-do-estatuto-da-crianca-e-do-adolescente-20-anos-de-labuta\/#article","isPartOf":{"@id":"https:\/\/www.oarcanjo.net\/site\/20-anos-do-estatuto-da-crianca-e-do-adolescente-20-anos-de-labuta\/"},"author":{"name":"editor","@id":"https:\/\/www.oarcanjo.net\/site\/#\/schema\/person\/f7024d007863202483a31326673a0838"},"headline":"20 anos do Estatuto da Crian\u00e7a e do Adolescente. 20 anos de labuta","datePublished":"2010-07-09T22:35:52+00:00","dateModified":"2010-07-09T22:35:52+00:00","mainEntityOfPage":{"@id":"https:\/\/www.oarcanjo.net\/site\/20-anos-do-estatuto-da-crianca-e-do-adolescente-20-anos-de-labuta\/"},"wordCount":943,"commentCount":4,"publisher":{"@id":"https:\/\/www.oarcanjo.net\/site\/#organization"},"keywords":["direitos humanos","ECA","Estatuto da Crian\u00e7a e do Adolescente","exclu\u00eddos"],"articleSection":["Not\u00edcias"],"inLanguage":"pt-BR","potentialAction":[{"@type":"CommentAction","name":"Comment","target":["https:\/\/www.oarcanjo.net\/site\/20-anos-do-estatuto-da-crianca-e-do-adolescente-20-anos-de-labuta\/#respond"]}]},{"@type":"WebPage","@id":"https:\/\/www.oarcanjo.net\/site\/20-anos-do-estatuto-da-crianca-e-do-adolescente-20-anos-de-labuta\/","url":"https:\/\/www.oarcanjo.net\/site\/20-anos-do-estatuto-da-crianca-e-do-adolescente-20-anos-de-labuta\/","name":"20 anos do Estatuto da Crian\u00e7a e do Adolescente. 20 anos de labuta - O Arcanjo no ar","isPartOf":{"@id":"https:\/\/www.oarcanjo.net\/site\/#website"},"datePublished":"2010-07-09T22:35:52+00:00","dateModified":"2010-07-09T22:35:52+00:00","breadcrumb":{"@id":"https:\/\/www.oarcanjo.net\/site\/20-anos-do-estatuto-da-crianca-e-do-adolescente-20-anos-de-labuta\/#breadcrumb"},"inLanguage":"pt-BR","potentialAction":[{"@type":"ReadAction","target":["https:\/\/www.oarcanjo.net\/site\/20-anos-do-estatuto-da-crianca-e-do-adolescente-20-anos-de-labuta\/"]}]},{"@type":"BreadcrumbList","@id":"https:\/\/www.oarcanjo.net\/site\/20-anos-do-estatuto-da-crianca-e-do-adolescente-20-anos-de-labuta\/#breadcrumb","itemListElement":[{"@type":"ListItem","position":1,"name":"In\u00edcio","item":"https:\/\/www.oarcanjo.net\/site\/"},{"@type":"ListItem","position":2,"name":"20 anos do Estatuto da Crian\u00e7a e do Adolescente. 20 anos de labuta"}]},{"@type":"WebSite","@id":"https:\/\/www.oarcanjo.net\/site\/#website","url":"https:\/\/www.oarcanjo.net\/site\/","name":"O Arcanjo no ar","description":"Site da Par\u00f3quia S\u00e3o Miguel Arcanjo (Arquidiocese de SP)","publisher":{"@id":"https:\/\/www.oarcanjo.net\/site\/#organization"},"potentialAction":[{"@type":"SearchAction","target":{"@type":"EntryPoint","urlTemplate":"https:\/\/www.oarcanjo.net\/site\/?s={search_term_string}"},"query-input":{"@type":"PropertyValueSpecification","valueRequired":true,"valueName":"search_term_string"}}],"inLanguage":"pt-BR"},{"@type":"Organization","@id":"https:\/\/www.oarcanjo.net\/site\/#organization","name":"Par\u00f3quia S\u00e3o Miguel Arcanjo","url":"https:\/\/www.oarcanjo.net\/site\/","logo":{"@type":"ImageObject","inLanguage":"pt-BR","@id":"https:\/\/www.oarcanjo.net\/site\/#\/schema\/logo\/image\/","url":"https:\/\/www.oarcanjo.net\/site\/wp-content\/uploads\/LogoOArcanjo.png","contentUrl":"https:\/\/www.oarcanjo.net\/site\/wp-content\/uploads\/LogoOArcanjo.png","width":319,"height":99,"caption":"Par\u00f3quia S\u00e3o Miguel Arcanjo"},"image":{"@id":"https:\/\/www.oarcanjo.net\/site\/#\/schema\/logo\/image\/"},"sameAs":["https:\/\/www.facebook.com\/OArcanjoNoAr\/"]},{"@type":"Person","@id":"https:\/\/www.oarcanjo.net\/site\/#\/schema\/person\/f7024d007863202483a31326673a0838","name":"editor","sameAs":["http:\/\/www.oarcanjo.net"]}]}},"publishpress_future_action":{"enabled":false,"date":"2026-05-08 01:18:18","action":"category","newStatus":"draft","terms":[],"taxonomy":"category"},"publishpress_future_workflow_manual_trigger":{"enabledWorkflows":[]},"_links":{"self":[{"href":"https:\/\/www.oarcanjo.net\/site\/wp-json\/wp\/v2\/posts\/10186"}],"collection":[{"href":"https:\/\/www.oarcanjo.net\/site\/wp-json\/wp\/v2\/posts"}],"about":[{"href":"https:\/\/www.oarcanjo.net\/site\/wp-json\/wp\/v2\/types\/post"}],"author":[{"embeddable":true,"href":"https:\/\/www.oarcanjo.net\/site\/wp-json\/wp\/v2\/users\/5"}],"replies":[{"embeddable":true,"href":"https:\/\/www.oarcanjo.net\/site\/wp-json\/wp\/v2\/comments?post=10186"}],"version-history":[{"count":0,"href":"https:\/\/www.oarcanjo.net\/site\/wp-json\/wp\/v2\/posts\/10186\/revisions"}],"wp:attachment":[{"href":"https:\/\/www.oarcanjo.net\/site\/wp-json\/wp\/v2\/media?parent=10186"}],"wp:term":[{"taxonomy":"category","embeddable":true,"href":"https:\/\/www.oarcanjo.net\/site\/wp-json\/wp\/v2\/categories?post=10186"},{"taxonomy":"post_tag","embeddable":true,"href":"https:\/\/www.oarcanjo.net\/site\/wp-json\/wp\/v2\/tags?post=10186"}],"curies":[{"name":"wp","href":"https:\/\/api.w.org\/{rel}","templated":true}]}}