
{"id":10190,"date":"2018-07-11T00:27:13","date_gmt":"2018-07-11T03:27:13","guid":{"rendered":"http:\/\/www.oarcanjo.net\/site\/?p=10190"},"modified":"2018-06-20T18:24:30","modified_gmt":"2018-06-20T21:24:30","slug":"sao-bento-de-norcia","status":"publish","type":"post","link":"https:\/\/www.oarcanjo.net\/site\/sao-bento-de-norcia\/","title":{"rendered":"S\u00e3o Bento de N\u00f3rcia"},"content":{"rendered":"<p><img loading=\"lazy\" decoding=\"async\" src=\"http:\/\/www.comunidaderefugio.com.br\/santos\/bento01.jpg\" alt=\"\" width=\"300\" height=\"366\" \/><\/p>\n<p>11 de Julho<\/p>\n<p>Fundou a Ordem dos Monges Beneditinos<\/p>\n<p>S\u00e3o\u00a0<strong>Bento de N\u00farsia<\/strong>, nascido\u00a0<strong>Benedetto da Norcia<\/strong> (N\u00f3rcia, c.\u00a0480\u2014\u00a0monast\u00e9rio de Montecassino, c.\u00a0547) foi um\u00a0monge italiano, fundador da\u00a0Ordem dos Beneditinos, at\u00e9 hoje uma das maiores ordens mon\u00e1sticas do mundo. Foi o criador tamb\u00e9m da \u201cRegra de S\u00e3o Bento\u201d, um dos mais importantes e utilizados regulamentos de vida mon\u00e1stica existentes e inspira\u00e7\u00e3o de muitas outras comunidades religiosas. Foi designado\u00a0santo padroeiro da\u00a0Europapelo\u00a0PapaPaulo VIem\u00a01964, sendo venerado n\u00e3o apenas por\u00a0cat\u00f3licos, como tamb\u00e9m por ortodoxos. Foi o fundador da\u00a0Abadia do Monte Cassino, na\u00a0It\u00e1lia (destru\u00edda durante a\u00a0Segunda Guerra Mundial e posteriormente restaurada). \u00c9 comemorado a\u00a011 de Julho<\/p>\n<p>A fonte de todos os acontecimentos da vida de S\u00e3o Bento s\u00e3o os\u00a0<em>Di\u00e1logos<\/em> de S\u00e3o Greg\u00f3rio Magno, que se baseou em fatos narrados por monges que conheceram pessoalmente S\u00e3o Bento.<\/p>\n<p>Segundo S\u00e3o Greg\u00f3rio, S\u00e3o Bento foi filho de um nobre romano, tendo realizado os primeiros estudos na regi\u00e3o de N\u00farsia (pr\u00f3ximo \u00e0 cidade italiana de Spoleto). Mais tarde, foi enviado a Roma para estudar\u00a0ret\u00f3rica e filosofia, mas, tendo se decepcionado com a decad\u00eancia moral da cidade, abandona logo a capital e se retira para Enfide (atual Affile). Ajudado por um abade da regi\u00e3o chamado Romano, instalou-se em uma gruta de dif\u00edcil acesso, a fim de viver como eremita. Depois de tr\u00eas anos nesse lugar, dedicando-se \u00e0 ora\u00e7\u00e3o e ao sacrif\u00edcio, foi descoberto por alguns pastores, que divulgaram a fama de santidade.\u00a0<\/p>\n<p>A partir de ent\u00e3o, foi visitado constantemente por pessoas que buscavam conselhos e dire\u00e7\u00e3o espiritual. \u00c9 ent\u00e3o eleito abade de um mosteiro em\u00a0<em>Vicovaro<\/em>, no norte da It\u00e1lia. Por causa do regime de vida exigente, os monges tentaram envenen\u00e1-lo, mas, no momento em que dava a b\u00ean\u00e7\u00e3o sobre o alimento, a ta\u00e7a se fez em peda\u00e7os. Com isso, S\u00e3o Bento resolve deixar a comunidade. Volta \u00e0 caverna onde, recebendo grande quantidade de disc\u00edpulos, funda diversos mosteiros. Em 529, por causa da inveja de um sacerdote da regi\u00e3o, tem de se mudar para Montecassino, onde funda o mosteiro que viria a ser o fundamento da expans\u00e3o da\u00a0<em>Ordem Beneditina<\/em>. Em 540 escreve a\u00a0<em>Regula Monasteriorum<\/em> (<em>Regra dos Mosteiros<\/em>). Morre em 547.\u00a0<\/p>\n<p>As representa\u00e7\u00f5es de S\u00e3o Bento geralmente mostram, junto com o santo, o livro da\u00a0<em>Regra<\/em>, um c\u00e1lice quebrado e um corvo com um p\u00e3o na boca, em mem\u00f3ria ao p\u00e3o envenenado que recebeu de um sacerdote invejoso. S\u00e3o Greg\u00f3rio conta que, por sua ordem, o corvo levou o p\u00e3o at\u00e9 onde ningu\u00e9m o encontrasse.\u00a0<\/p>\n<p>As\u00a0rel\u00edquias de S\u00e3o Bento est\u00e3o conservadas na cripta da Abadia de Saint-Beno\u00eet-sur-Loire (Fleury), pr\u00f3ximo a Orle\u00e1ns e Germigny-des-Pr\u00e9s, no centro da Fran\u00e7a.\u00a0<\/p>\n<h2>Ora\u00e7\u00e3o<\/h2>\n<p><strong><img loading=\"lazy\" decoding=\"async\" src=\"http:\/\/www.bispado.org.br\/userfiles\/bispado\/conteudo\/medalha_sao_bento.jpg\" alt=\"\" width=\"162\" height=\"356\" \/>Em Latim:<\/strong><br \/>\n<em>\u201cCrux Sacra Sihi mihi lux;<br \/>\n<\/em>non draco sihi mihi dux;<br \/>\nvade retro satan\u00e1s;<br \/>\nnunquan suad a mihi vana;<br \/>\nsunt mala quae libas;<br \/>\nipse venena biba\u201d\u00a0<\/p>\n<p><strong>Tradu\u00e7\u00e3o:<\/strong><br \/>\n<em>\u201cA Cruz sagrada seja minha Luz.<br \/>\n<\/em><em>N\u00e3o seja o Drag\u00e3o meu guia.<br \/>\n<\/em><em>Retira-te Satan\u00e1s!<br \/>\n<\/em><em>Nunca me aconselhes coisas v\u00e3s.<br \/>\n<\/em><em>\u00c9 mal o que tu me ofereces.<br \/>\n<\/em><em>Bebe tu mesmo do teu veneno\u00a0!<br \/>\n<\/em><br \/>\n<em>Rogai por n\u00f3s bem aventurado S\u00e3o Bento,<\/em> <em>Para que sejamos dignos das promessas de Cristo.<\/em>\u00a0<\/p>\n<h2>Santifica\u00e7\u00e3o<\/h2>\n<p>De acordo com a tradi\u00e7\u00e3o, S\u00e3o Bento de N\u00farsia foi santificado por ter vencido duas ciladas armadas pelo\u00a0Diabo, nas quais lhe \u00e9 oferecido um c\u00e1lice de vinho envenenado e um peda\u00e7o de p\u00e3o, tamb\u00e9m envenenado.\u00a0<\/p>\n<p>Al\u00e9m disso, em in\u00fameras vezes fora tentado efetivamente pelo Inimigo, al\u00e9m de ser ofendido e insultado de tal maneira que os irm\u00e3os de h\u00e1bito que estavam ao seu redor podiam escutar as ofensas que ele recebia.\u00a0<\/p>\n<p>O Santo Var\u00e3o, como tamb\u00e9m \u00e9 chamado, vencia o Tentador utilizando-se do sinal da cruz e da ora\u00e7\u00e3o contida na Cruz Medalha que fora esculpida nas paredes de um mosteiro.\u00a0<\/p>\n<h2>A Regra de S\u00e3o Bento<\/h2>\n<p>A\u00a0<strong>Regula Monasteriorum<\/strong>, que conta com 73 cap\u00edtulos e um pr\u00f3logo, foi retomada por Bento de Aniane no\u00a0s\u00e9culo IX, antes das invas\u00f5es normandas; ele a estudou e codificou, dando origem a sua expans\u00e3o por toda\u00a0Europa carol\u00edngia, ainda que tenha sido adaptada diversas vezes, conforme diversos costumes. Posteriormente, atrav\u00e9s da\u00a0Ordem de Cluny e da centraliza\u00e7\u00e3o de todos os mosteiros que utilizavam a\u00a0<strong>Regra<\/strong>, ela foi adquirindo grande import\u00e2ncia na vida religiosa europ\u00e9ia durante a\u00a0Idade M\u00e9dia. No\u00a0s\u00e9culo XIsurgiu a reforma de\u00a0Cister, que buscava recuperar um regime beneditino mais de acordo com a regra primitiva. Outras reformas (como a camaldulense, a olivetana ou a silvestriana), buscaram tamb\u00e9m dar \u00eanfase a diferentes aspectos da Regra de S\u00e3o Bento.<\/p>\n<p>Apesar dos diferentes momentos hist\u00f3ricos, nos quais a disciplina, as persegui\u00e7\u00f5es ou as agita\u00e7\u00f5es pol\u00edticas causaram uma certa decad\u00eancia da pr\u00e1tica da Regra de S\u00e3o Bento, e mesmo da popula\u00e7\u00e3o mon\u00e1stica, os mosteiros beneditinos conseguiram manter, durante todos os tempos, um grande n\u00famero de religiosos e religiosas. Atualmente, perto de 700 mosteiros masculinos e 900 mosteiros e casas religiosas femininas, espalhados pelos cinco continentes, seguem a Regra de S\u00e3o Bento. Inclusive algumas comunidades de confiss\u00f5es Luterana e Anglicana.\u00a0<\/p>\n<h2>A Cruz-Medalha de S\u00e3o Bento<\/h2>\n<p><img loading=\"lazy\" decoding=\"async\" src=\"http:\/\/blog.cancaonova.com\/fatimahoje\/2009\/07\/11\/files\/2008\/07\/sao_bento.JPG\" alt=\"\" width=\"400\" height=\"300\" \/>\u00a0<\/p>\n<p>Diz-se que a Cruz-Medalha de S\u00e3o Bento foi descoberta por ocasi\u00e3o da condena\u00e7\u00e3o de algumas\u00a0bruxas, que afirmaram n\u00e3o conseguir praticar qualquer tipo de feiti\u00e7aria ou encanto contra os moradores do mosteiro local. Intrigados com o fato, foram averiguar o que existia no mosteiro. Ao entrarem em uma das depend\u00eancias, observaram entalhadas na coluna as imagens contidas nas Medalhas utilizadas ainda hoje.\u00a0<\/p>\n<p>Observa-se ainda, que ao contr\u00e1rio da crendice popular, na frente da medalha n\u00e3o est\u00e1 a Cruz e sim a imagem do Homem de Deus, empunhando uma cruz e sua Regra.\u00a0<\/p>\n<p>Ap\u00f3s a morte de S\u00e3o Bento, um fiel seguidor do santo cria uma medalha na qual est\u00e3o escritas iniciais de frases em latim, como se v\u00ea abaixo:\u00a0<\/p>\n<ul>\n<li>Na frente da medalha:<\/li>\n<\/ul>\n<dl>\n<dd><em><strong>\u201cEjus in obitu nostro praesentia muniamur\u201d<\/strong><\/em> = Sejamos protegidos pela sua presen\u00e7a na hora de nossa morte. <\/dd>\n<\/dl>\n<ul>\n<li>No verso:<\/li>\n<\/ul>\n<dl>\n<dd><strong>CSPB<\/strong> =\u00a0<em>Crux Sancti Patris Benedicti<\/em> (Cruz do Santo Pai Bento) <\/dd>\n<\/dl>\n<dl>\n<dd><strong>CSSML<\/strong> =\u00a0<em>Crux Sacra Sit Mihi Lux<\/em> (A Cruz Sagrada Seja a Minha Luz) <\/dd>\n<\/dl>\n<dl>\n<dd><strong>NDSMD<\/strong> =\u00a0<em>Non Draco Sit Mihi Dux<\/em> (N\u00e3o seja o dem\u00f4nio o meu guia) <\/dd>\n<\/dl>\n<dl>\n<dd><strong>VRS<\/strong> =\u00a0<em>Vade retro, satana!<\/em> (Para tr\u00e1s, satan\u00e1s!) <\/dd>\n<\/dl>\n<dl>\n<dd><strong>NSMV<\/strong> =\u00a0<em>Nunquam Suade Mihi Vana<\/em> (Nunca seduzas minha alma) <\/dd>\n<\/dl>\n<dl>\n<dd><strong>SMQL<\/strong> =\u00a0<em>Sunt Mala Quae Libas<\/em> (S\u00e3o coisas m\u00e1s que brindas) <\/dd>\n<\/dl>\n<dl>\n<dd><strong>IVB<\/strong> =\u00a0<em>Ipse Venena Bibas<\/em> (Bebas do mesmo veneno) <\/dd>\n<\/dl>\n<p><img decoding=\"async\" src=\"http:\/\/www.recados-online.net\/Mensagens\/Ora%C3%A7%C3%B5es\/01\/oracoes010.jpg\" alt=\"\" \/><!-- .post --><\/p>\n<div id=\"themify_builder_content-10190\" data-postid=\"10190\" class=\"themify_builder_content themify_builder_content-10190 themify_builder themify_builder_front\">\n\t<\/div>\n<!-- \/themify_builder_content -->","protected":false},"excerpt":{"rendered":"<p>11 de Julho Fundou a Ordem dos Monges Beneditinos S\u00e3o\u00a0Bento de N\u00farsia, nascido\u00a0Benedetto da Norcia (N\u00f3rcia, c.\u00a0480\u2014\u00a0monast\u00e9rio de Montecassino, c.\u00a0547) foi um\u00a0monge italiano, fundador da\u00a0Ordem dos Beneditinos, at\u00e9 hoje uma das maiores ordens mon\u00e1sticas do mundo. Foi o criador tamb\u00e9m da \u201cRegra de S\u00e3o Bento\u201d, um dos mais importantes e utilizados regulamentos de vida mon\u00e1stica [&hellip;]<\/p>\n","protected":false},"author":14,"featured_media":0,"comment_status":"open","ping_status":"open","sticky":false,"template":"","format":"standard","meta":{"ngg_post_thumbnail":0,"footnotes":""},"categories":[186],"tags":[],"yoast_head":"<!-- This site is optimized with the Yoast SEO plugin v23.5 - https:\/\/yoast.com\/wordpress\/plugins\/seo\/ -->\n<title>S\u00e3o Bento de N\u00f3rcia - O Arcanjo no ar<\/title>\n<meta name=\"robots\" content=\"index, follow, max-snippet:-1, max-image-preview:large, max-video-preview:-1\" \/>\n<link rel=\"canonical\" href=\"https:\/\/www.oarcanjo.net\/site\/sao-bento-de-norcia\/\" \/>\n<meta property=\"og:locale\" content=\"pt_BR\" \/>\n<meta property=\"og:type\" content=\"article\" \/>\n<meta property=\"og:title\" content=\"S\u00e3o Bento de N\u00f3rcia - O Arcanjo no ar\" \/>\n<meta property=\"og:description\" content=\"11 de Julho Fundou a Ordem dos Monges Beneditinos S\u00e3o\u00a0Bento de N\u00farsia, nascido\u00a0Benedetto da Norcia (N\u00f3rcia, c.\u00a0480\u2014\u00a0monast\u00e9rio de Montecassino, c.\u00a0547) foi um\u00a0monge italiano, fundador da\u00a0Ordem dos Beneditinos, at\u00e9 hoje uma das maiores ordens mon\u00e1sticas do mundo. Foi o criador tamb\u00e9m da \u201cRegra de S\u00e3o Bento\u201d, um dos mais importantes e utilizados regulamentos de vida mon\u00e1stica [&hellip;]\" \/>\n<meta property=\"og:url\" content=\"https:\/\/www.oarcanjo.net\/site\/sao-bento-de-norcia\/\" \/>\n<meta property=\"og:site_name\" content=\"O Arcanjo no ar\" \/>\n<meta property=\"article:publisher\" content=\"https:\/\/www.facebook.com\/OArcanjoNoAr\/\" \/>\n<meta property=\"article:published_time\" content=\"2018-07-11T03:27:13+00:00\" \/>\n<meta property=\"article:modified_time\" content=\"2018-06-20T21:24:30+00:00\" \/>\n<meta property=\"og:image\" content=\"http:\/\/www.comunidaderefugio.com.br\/santos\/bento01.jpg\" \/>\n<meta name=\"author\" content=\"danilo\" \/>\n<meta name=\"twitter:card\" content=\"summary_large_image\" \/>\n<meta name=\"twitter:label1\" content=\"Escrito por\" \/>\n\t<meta name=\"twitter:data1\" content=\"danilo\" \/>\n\t<meta name=\"twitter:label2\" content=\"Est. tempo de leitura\" \/>\n\t<meta name=\"twitter:data2\" content=\"6 minutos\" \/>\n<script type=\"application\/ld+json\" class=\"yoast-schema-graph\">{\"@context\":\"https:\/\/schema.org\",\"@graph\":[{\"@type\":\"Article\",\"@id\":\"https:\/\/www.oarcanjo.net\/site\/sao-bento-de-norcia\/#article\",\"isPartOf\":{\"@id\":\"https:\/\/www.oarcanjo.net\/site\/sao-bento-de-norcia\/\"},\"author\":{\"name\":\"danilo\",\"@id\":\"https:\/\/www.oarcanjo.net\/site\/#\/schema\/person\/5eb9480bedd2f3c97e430ce128c29c6c\"},\"headline\":\"S\u00e3o Bento de N\u00f3rcia\",\"datePublished\":\"2018-07-11T03:27:13+00:00\",\"dateModified\":\"2018-06-20T21:24:30+00:00\",\"mainEntityOfPage\":{\"@id\":\"https:\/\/www.oarcanjo.net\/site\/sao-bento-de-norcia\/\"},\"wordCount\":1164,\"commentCount\":0,\"publisher\":{\"@id\":\"https:\/\/www.oarcanjo.net\/site\/#organization\"},\"image\":{\"@id\":\"https:\/\/www.oarcanjo.net\/site\/sao-bento-de-norcia\/#primaryimage\"},\"thumbnailUrl\":\"http:\/\/www.comunidaderefugio.com.br\/santos\/bento01.jpg\",\"articleSection\":[\"Testemunhos\"],\"inLanguage\":\"pt-BR\",\"potentialAction\":[{\"@type\":\"CommentAction\",\"name\":\"Comment\",\"target\":[\"https:\/\/www.oarcanjo.net\/site\/sao-bento-de-norcia\/#respond\"]}]},{\"@type\":\"WebPage\",\"@id\":\"https:\/\/www.oarcanjo.net\/site\/sao-bento-de-norcia\/\",\"url\":\"https:\/\/www.oarcanjo.net\/site\/sao-bento-de-norcia\/\",\"name\":\"S\u00e3o Bento de N\u00f3rcia - O Arcanjo no ar\",\"isPartOf\":{\"@id\":\"https:\/\/www.oarcanjo.net\/site\/#website\"},\"primaryImageOfPage\":{\"@id\":\"https:\/\/www.oarcanjo.net\/site\/sao-bento-de-norcia\/#primaryimage\"},\"image\":{\"@id\":\"https:\/\/www.oarcanjo.net\/site\/sao-bento-de-norcia\/#primaryimage\"},\"thumbnailUrl\":\"http:\/\/www.comunidaderefugio.com.br\/santos\/bento01.jpg\",\"datePublished\":\"2018-07-11T03:27:13+00:00\",\"dateModified\":\"2018-06-20T21:24:30+00:00\",\"breadcrumb\":{\"@id\":\"https:\/\/www.oarcanjo.net\/site\/sao-bento-de-norcia\/#breadcrumb\"},\"inLanguage\":\"pt-BR\",\"potentialAction\":[{\"@type\":\"ReadAction\",\"target\":[\"https:\/\/www.oarcanjo.net\/site\/sao-bento-de-norcia\/\"]}]},{\"@type\":\"ImageObject\",\"inLanguage\":\"pt-BR\",\"@id\":\"https:\/\/www.oarcanjo.net\/site\/sao-bento-de-norcia\/#primaryimage\",\"url\":\"http:\/\/www.comunidaderefugio.com.br\/santos\/bento01.jpg\",\"contentUrl\":\"http:\/\/www.comunidaderefugio.com.br\/santos\/bento01.jpg\"},{\"@type\":\"BreadcrumbList\",\"@id\":\"https:\/\/www.oarcanjo.net\/site\/sao-bento-de-norcia\/#breadcrumb\",\"itemListElement\":[{\"@type\":\"ListItem\",\"position\":1,\"name\":\"In\u00edcio\",\"item\":\"https:\/\/www.oarcanjo.net\/site\/\"},{\"@type\":\"ListItem\",\"position\":2,\"name\":\"S\u00e3o Bento de N\u00f3rcia\"}]},{\"@type\":\"WebSite\",\"@id\":\"https:\/\/www.oarcanjo.net\/site\/#website\",\"url\":\"https:\/\/www.oarcanjo.net\/site\/\",\"name\":\"O Arcanjo no ar\",\"description\":\"Site da Par\u00f3quia S\u00e3o Miguel Arcanjo (Arquidiocese de SP)\",\"publisher\":{\"@id\":\"https:\/\/www.oarcanjo.net\/site\/#organization\"},\"potentialAction\":[{\"@type\":\"SearchAction\",\"target\":{\"@type\":\"EntryPoint\",\"urlTemplate\":\"https:\/\/www.oarcanjo.net\/site\/?s={search_term_string}\"},\"query-input\":{\"@type\":\"PropertyValueSpecification\",\"valueRequired\":true,\"valueName\":\"search_term_string\"}}],\"inLanguage\":\"pt-BR\"},{\"@type\":\"Organization\",\"@id\":\"https:\/\/www.oarcanjo.net\/site\/#organization\",\"name\":\"Par\u00f3quia S\u00e3o Miguel Arcanjo\",\"url\":\"https:\/\/www.oarcanjo.net\/site\/\",\"logo\":{\"@type\":\"ImageObject\",\"inLanguage\":\"pt-BR\",\"@id\":\"https:\/\/www.oarcanjo.net\/site\/#\/schema\/logo\/image\/\",\"url\":\"https:\/\/www.oarcanjo.net\/site\/wp-content\/uploads\/LogoOArcanjo.png\",\"contentUrl\":\"https:\/\/www.oarcanjo.net\/site\/wp-content\/uploads\/LogoOArcanjo.png\",\"width\":319,\"height\":99,\"caption\":\"Par\u00f3quia S\u00e3o Miguel Arcanjo\"},\"image\":{\"@id\":\"https:\/\/www.oarcanjo.net\/site\/#\/schema\/logo\/image\/\"},\"sameAs\":[\"https:\/\/www.facebook.com\/OArcanjoNoAr\/\"]},{\"@type\":\"Person\",\"@id\":\"https:\/\/www.oarcanjo.net\/site\/#\/schema\/person\/5eb9480bedd2f3c97e430ce128c29c6c\",\"name\":\"danilo\"}]}<\/script>\n<!-- \/ Yoast SEO plugin. -->","yoast_head_json":{"title":"S\u00e3o Bento de N\u00f3rcia - O Arcanjo no ar","robots":{"index":"index","follow":"follow","max-snippet":"max-snippet:-1","max-image-preview":"max-image-preview:large","max-video-preview":"max-video-preview:-1"},"canonical":"https:\/\/www.oarcanjo.net\/site\/sao-bento-de-norcia\/","og_locale":"pt_BR","og_type":"article","og_title":"S\u00e3o Bento de N\u00f3rcia - O Arcanjo no ar","og_description":"11 de Julho Fundou a Ordem dos Monges Beneditinos S\u00e3o\u00a0Bento de N\u00farsia, nascido\u00a0Benedetto da Norcia (N\u00f3rcia, c.\u00a0480\u2014\u00a0monast\u00e9rio de Montecassino, c.\u00a0547) foi um\u00a0monge italiano, fundador da\u00a0Ordem dos Beneditinos, at\u00e9 hoje uma das maiores ordens mon\u00e1sticas do mundo. Foi o criador tamb\u00e9m da \u201cRegra de S\u00e3o Bento\u201d, um dos mais importantes e utilizados regulamentos de vida mon\u00e1stica [&hellip;]","og_url":"https:\/\/www.oarcanjo.net\/site\/sao-bento-de-norcia\/","og_site_name":"O Arcanjo no ar","article_publisher":"https:\/\/www.facebook.com\/OArcanjoNoAr\/","article_published_time":"2018-07-11T03:27:13+00:00","article_modified_time":"2018-06-20T21:24:30+00:00","og_image":[{"url":"http:\/\/www.comunidaderefugio.com.br\/santos\/bento01.jpg"}],"author":"danilo","twitter_card":"summary_large_image","twitter_misc":{"Escrito por":"danilo","Est. tempo de leitura":"6 minutos"},"schema":{"@context":"https:\/\/schema.org","@graph":[{"@type":"Article","@id":"https:\/\/www.oarcanjo.net\/site\/sao-bento-de-norcia\/#article","isPartOf":{"@id":"https:\/\/www.oarcanjo.net\/site\/sao-bento-de-norcia\/"},"author":{"name":"danilo","@id":"https:\/\/www.oarcanjo.net\/site\/#\/schema\/person\/5eb9480bedd2f3c97e430ce128c29c6c"},"headline":"S\u00e3o Bento de N\u00f3rcia","datePublished":"2018-07-11T03:27:13+00:00","dateModified":"2018-06-20T21:24:30+00:00","mainEntityOfPage":{"@id":"https:\/\/www.oarcanjo.net\/site\/sao-bento-de-norcia\/"},"wordCount":1164,"commentCount":0,"publisher":{"@id":"https:\/\/www.oarcanjo.net\/site\/#organization"},"image":{"@id":"https:\/\/www.oarcanjo.net\/site\/sao-bento-de-norcia\/#primaryimage"},"thumbnailUrl":"http:\/\/www.comunidaderefugio.com.br\/santos\/bento01.jpg","articleSection":["Testemunhos"],"inLanguage":"pt-BR","potentialAction":[{"@type":"CommentAction","name":"Comment","target":["https:\/\/www.oarcanjo.net\/site\/sao-bento-de-norcia\/#respond"]}]},{"@type":"WebPage","@id":"https:\/\/www.oarcanjo.net\/site\/sao-bento-de-norcia\/","url":"https:\/\/www.oarcanjo.net\/site\/sao-bento-de-norcia\/","name":"S\u00e3o Bento de N\u00f3rcia - O Arcanjo no ar","isPartOf":{"@id":"https:\/\/www.oarcanjo.net\/site\/#website"},"primaryImageOfPage":{"@id":"https:\/\/www.oarcanjo.net\/site\/sao-bento-de-norcia\/#primaryimage"},"image":{"@id":"https:\/\/www.oarcanjo.net\/site\/sao-bento-de-norcia\/#primaryimage"},"thumbnailUrl":"http:\/\/www.comunidaderefugio.com.br\/santos\/bento01.jpg","datePublished":"2018-07-11T03:27:13+00:00","dateModified":"2018-06-20T21:24:30+00:00","breadcrumb":{"@id":"https:\/\/www.oarcanjo.net\/site\/sao-bento-de-norcia\/#breadcrumb"},"inLanguage":"pt-BR","potentialAction":[{"@type":"ReadAction","target":["https:\/\/www.oarcanjo.net\/site\/sao-bento-de-norcia\/"]}]},{"@type":"ImageObject","inLanguage":"pt-BR","@id":"https:\/\/www.oarcanjo.net\/site\/sao-bento-de-norcia\/#primaryimage","url":"http:\/\/www.comunidaderefugio.com.br\/santos\/bento01.jpg","contentUrl":"http:\/\/www.comunidaderefugio.com.br\/santos\/bento01.jpg"},{"@type":"BreadcrumbList","@id":"https:\/\/www.oarcanjo.net\/site\/sao-bento-de-norcia\/#breadcrumb","itemListElement":[{"@type":"ListItem","position":1,"name":"In\u00edcio","item":"https:\/\/www.oarcanjo.net\/site\/"},{"@type":"ListItem","position":2,"name":"S\u00e3o Bento de N\u00f3rcia"}]},{"@type":"WebSite","@id":"https:\/\/www.oarcanjo.net\/site\/#website","url":"https:\/\/www.oarcanjo.net\/site\/","name":"O Arcanjo no ar","description":"Site da Par\u00f3quia S\u00e3o Miguel Arcanjo (Arquidiocese de SP)","publisher":{"@id":"https:\/\/www.oarcanjo.net\/site\/#organization"},"potentialAction":[{"@type":"SearchAction","target":{"@type":"EntryPoint","urlTemplate":"https:\/\/www.oarcanjo.net\/site\/?s={search_term_string}"},"query-input":{"@type":"PropertyValueSpecification","valueRequired":true,"valueName":"search_term_string"}}],"inLanguage":"pt-BR"},{"@type":"Organization","@id":"https:\/\/www.oarcanjo.net\/site\/#organization","name":"Par\u00f3quia S\u00e3o Miguel Arcanjo","url":"https:\/\/www.oarcanjo.net\/site\/","logo":{"@type":"ImageObject","inLanguage":"pt-BR","@id":"https:\/\/www.oarcanjo.net\/site\/#\/schema\/logo\/image\/","url":"https:\/\/www.oarcanjo.net\/site\/wp-content\/uploads\/LogoOArcanjo.png","contentUrl":"https:\/\/www.oarcanjo.net\/site\/wp-content\/uploads\/LogoOArcanjo.png","width":319,"height":99,"caption":"Par\u00f3quia S\u00e3o Miguel Arcanjo"},"image":{"@id":"https:\/\/www.oarcanjo.net\/site\/#\/schema\/logo\/image\/"},"sameAs":["https:\/\/www.facebook.com\/OArcanjoNoAr\/"]},{"@type":"Person","@id":"https:\/\/www.oarcanjo.net\/site\/#\/schema\/person\/5eb9480bedd2f3c97e430ce128c29c6c","name":"danilo"}]}},"publishpress_future_action":{"enabled":false,"date":"2026-05-08 11:07:39","action":"category","newStatus":"draft","terms":[],"taxonomy":"category"},"publishpress_future_workflow_manual_trigger":{"enabledWorkflows":[]},"_links":{"self":[{"href":"https:\/\/www.oarcanjo.net\/site\/wp-json\/wp\/v2\/posts\/10190"}],"collection":[{"href":"https:\/\/www.oarcanjo.net\/site\/wp-json\/wp\/v2\/posts"}],"about":[{"href":"https:\/\/www.oarcanjo.net\/site\/wp-json\/wp\/v2\/types\/post"}],"author":[{"embeddable":true,"href":"https:\/\/www.oarcanjo.net\/site\/wp-json\/wp\/v2\/users\/14"}],"replies":[{"embeddable":true,"href":"https:\/\/www.oarcanjo.net\/site\/wp-json\/wp\/v2\/comments?post=10190"}],"version-history":[{"count":1,"href":"https:\/\/www.oarcanjo.net\/site\/wp-json\/wp\/v2\/posts\/10190\/revisions"}],"predecessor-version":[{"id":88630,"href":"https:\/\/www.oarcanjo.net\/site\/wp-json\/wp\/v2\/posts\/10190\/revisions\/88630"}],"wp:attachment":[{"href":"https:\/\/www.oarcanjo.net\/site\/wp-json\/wp\/v2\/media?parent=10190"}],"wp:term":[{"taxonomy":"category","embeddable":true,"href":"https:\/\/www.oarcanjo.net\/site\/wp-json\/wp\/v2\/categories?post=10190"},{"taxonomy":"post_tag","embeddable":true,"href":"https:\/\/www.oarcanjo.net\/site\/wp-json\/wp\/v2\/tags?post=10190"}],"curies":[{"name":"wp","href":"https:\/\/api.w.org\/{rel}","templated":true}]}}