
{"id":10197,"date":"2018-07-12T06:36:40","date_gmt":"2018-07-12T09:36:40","guid":{"rendered":"http:\/\/www.oarcanjo.net\/site\/?p=10197"},"modified":"2018-06-20T18:24:33","modified_gmt":"2018-06-20T21:24:33","slug":"sao-joao-gualberto","status":"publish","type":"post","link":"https:\/\/www.oarcanjo.net\/site\/sao-joao-gualberto\/","title":{"rendered":"S\u00e3o Jo\u00e3o Gualberto"},"content":{"rendered":"<p><img decoding=\"async\" src=\"http:\/\/upload.wikimedia.org\/wikipedia\/commons\/thumb\/c\/c9\/Santa_Trinita,_Neri_di_bicci,_San_giovanni_gualberto_(dettaglio)2.jpg\/250px-Santa_Trinita,_Neri_di_bicci,_San_giovanni_gualberto_(dettaglio)2.jpg\" alt=\"\" \/><\/p>\n<p>12 de Julho<\/p>\n<p>Fundou a Ordem dos Monges Beneditinos de Vallombrosa<\/p>\n<p>Jo\u00e3o Gualberto, segundo filho dos Visdonini, nasceu no ano de 995 em Floren\u00e7a. Foi educado num dos castelos dos pais, Gualberto e dona Villa, nobres e crist\u00e3os. A m\u00e3e cuidou do ensino no seguimento de Cristo. O pai os fez perfeitos cavaleiros, h\u00e1beis nas palavras e nas armas, para administrar e defender o patrim\u00f4nio e a honra da fam\u00edlia.<\/p>\n<p>Mas a harmonia acabou quando o primog\u00eanito da fam\u00edlia foi assassinado. Buscando vingar o irm\u00e3o, Jo\u00e3o Gualberto sa\u00eda armado e com seus homens \u00e0 procura do inimigo. Na Sexta-Feira Santa de 1028, ele o encontrou vagando solit\u00e1rio, numa das estradas desertas da cidade. Jo\u00e3o Gualberto empunhou imediatamente sua espada, mas o advers\u00e1rio, desarmado, abriu os bra\u00e7os e caiu de joelhos implorando perd\u00e3o e clem\u00eancia em nome de Jesus.<\/p>\n<p>Contam os bi\u00f3grafos que, ouvido seu pedido em nome do Senhor, Jo\u00e3o Gualberto jogou a espada, desceu do cavalo e abra\u00e7ou fraternalmente o inimigo. No mesmo instante, foi \u00e0 igreja de S\u00e3o Miniato, onde, aos p\u00e9s do altar, ajoelhou-se diante do crucifixo de Jesus. Diz a tradi\u00e7\u00e3o que a cruz do Cristo se inclinou sobre ele, em sinal de aprova\u00e7\u00e3o pelo seu ato. E foi ali que Jo\u00e3o Gualberto ouviu o chamado: &#8220;Vem e segue-me&#8221;. Depois desse prod\u00edgio, ocorrido na presen\u00e7a de muitos fi\u00e9is, uma grande paz invadiu sua alma e ele abandonou tudo para ingressar no mosteiro beneditino da cidade.<\/p>\n<p>Nos anos seguintes, Jo\u00e3o Gualberto tornou-se um humilde monge, exemplar na disciplina \u00e0s Regras, no estudo, na ora\u00e7\u00e3o, na penit\u00eancia e na caridade. S\u00f3 ent\u00e3o aprendeu a ler e a escrever, pois para um nobre de sua \u00e9poca o mais importante era saber manusear bem a espada. Adquiriu o dom da profecia e dos milagres, sendo muito considerado por todos. Em 1035, com a morte do abade, ele foi eleito por unanimidade o sucessor, mas renunciou de imediato quando soube que o monge tesoureiro havia subornado o bispo de Floren\u00e7a para escolh\u00ea-lo como o novo abade.<\/p>\n<p>Indignado, passou a denunci\u00e1-los e combate-los, auxiliado por alguns monges. Mas as amea\u00e7as eram tantas que decidiu sair do mosteiro.<\/p>\n<p>Jo\u00e3o Gualberto foi para a floresta dos montes Apeninos, numa pequena casa r\u00fastica encontrada na montanha Vallombrosa, sobre o verde Vale do Arno, seguido por alguns monges. O local come\u00e7ou a receber in\u00fameros jovens em busca de orienta\u00e7\u00e3o espiritual, gra\u00e7as \u00e0 fama de sua santidade. Foi assim que surgiu um novo mosteiro e uma nova congrega\u00e7\u00e3o religiosa, para a qual Jo\u00e3o Gualberto quis manter as Regras dos monges beneditinos.<\/p>\n<p>No in\u00edcio, o papa aceitou com reserva a nova comunidade, mas depois a Ordem dos Monges Beneditinos de Vallombrosa obteve aprova\u00e7\u00e3o can\u00f4nica. Dali os mission\u00e1rios, regidos pelas Regras da Ordem Beneditina reformada, se espalharam para evangelizar, primeiro em Floren\u00e7a, depois em v\u00e1rias outras cidades da It\u00e1lia.<\/p>\n<p>Seguindo com rigor a disciplina e austeridade \u00e0s Regras da Ordem, Jo\u00e3o Gualberto implantou no Vale de Vallombrosa um centro t\u00e3o avan\u00e7ado e respeitado de estudos que a pr\u00f3pria Igreja enviava para l\u00e1 seus padres e bispos para aprofundarem seus conhecimentos. Todos oravam e trabalhavam a terra, replantando os bosques do Vale e plantando o alimento do mosteiro, por isso s\u00e3o considerados precursores da agricultura auto-sustent\u00e1vel.<\/p>\n<p>Considerado her\u00f3i do perd\u00e3o, Jo\u00e3o Gualberto fundou outros mosteiros, inclusive o de Passignano, na Umbria, onde morreu no dia 12 de julho de 1073. Nos s\u00e9culos seguintes, esses monges se especializaram em bot\u00e2nica, tanto assim que foram convidados para fundar a c\u00e1tedra de bot\u00e2nica na c\u00e9lebre Universidade de Pavia. Enquanto isto, as de P\u00e1dua, de Roma e de Londres buscavam naqueles mosteiros os seus mais capacitados mestres no assunto.<\/p>\n<p>Canonizado em 1193, s\u00e3o Jo\u00e3o Gualberto foi declarado Padroeiro dos Florestais, pelo papa Pio XII, em 1951.<\/p>\n<div id=\"themify_builder_content-10197\" data-postid=\"10197\" class=\"themify_builder_content themify_builder_content-10197 themify_builder themify_builder_front\">\n\t<\/div>\n<!-- \/themify_builder_content -->","protected":false},"excerpt":{"rendered":"<p>12 de Julho Fundou a Ordem dos Monges Beneditinos de Vallombrosa Jo\u00e3o Gualberto, segundo filho dos Visdonini, nasceu no ano de 995 em Floren\u00e7a. Foi educado num dos castelos dos pais, Gualberto e dona Villa, nobres e crist\u00e3os. A m\u00e3e cuidou do ensino no seguimento de Cristo. O pai os fez perfeitos cavaleiros, h\u00e1beis nas [&hellip;]<\/p>\n","protected":false},"author":14,"featured_media":0,"comment_status":"open","ping_status":"open","sticky":false,"template":"","format":"standard","meta":{"ngg_post_thumbnail":0,"footnotes":""},"categories":[186],"tags":[],"yoast_head":"<!-- This site is optimized with the Yoast SEO plugin v23.5 - https:\/\/yoast.com\/wordpress\/plugins\/seo\/ -->\n<title>S\u00e3o Jo\u00e3o Gualberto - O Arcanjo no ar<\/title>\n<meta name=\"robots\" content=\"index, follow, max-snippet:-1, max-image-preview:large, max-video-preview:-1\" \/>\n<link rel=\"canonical\" href=\"https:\/\/www.oarcanjo.net\/site\/sao-joao-gualberto\/\" \/>\n<meta property=\"og:locale\" content=\"pt_BR\" \/>\n<meta property=\"og:type\" content=\"article\" \/>\n<meta property=\"og:title\" content=\"S\u00e3o Jo\u00e3o Gualberto - O Arcanjo no ar\" \/>\n<meta property=\"og:description\" content=\"12 de Julho Fundou a Ordem dos Monges Beneditinos de Vallombrosa Jo\u00e3o Gualberto, segundo filho dos Visdonini, nasceu no ano de 995 em Floren\u00e7a. Foi educado num dos castelos dos pais, Gualberto e dona Villa, nobres e crist\u00e3os. A m\u00e3e cuidou do ensino no seguimento de Cristo. O pai os fez perfeitos cavaleiros, h\u00e1beis nas [&hellip;]\" \/>\n<meta property=\"og:url\" content=\"https:\/\/www.oarcanjo.net\/site\/sao-joao-gualberto\/\" \/>\n<meta property=\"og:site_name\" content=\"O Arcanjo no ar\" \/>\n<meta property=\"article:publisher\" content=\"https:\/\/www.facebook.com\/OArcanjoNoAr\/\" \/>\n<meta property=\"article:published_time\" content=\"2018-07-12T09:36:40+00:00\" \/>\n<meta property=\"article:modified_time\" content=\"2018-06-20T21:24:33+00:00\" \/>\n<meta property=\"og:image\" content=\"http:\/\/upload.wikimedia.org\/wikipedia\/commons\/thumb\/c\/c9\/Santa_Trinita,_Neri_di_bicci,_San_giovanni_gualberto_(dettaglio)2.jpg\/250px-Santa_Trinita,_Neri_di_bicci,_San_giovanni_gualberto_(dettaglio)2.jpg\" \/>\n<meta name=\"author\" content=\"danilo\" \/>\n<meta name=\"twitter:card\" content=\"summary_large_image\" \/>\n<meta name=\"twitter:label1\" content=\"Escrito por\" \/>\n\t<meta name=\"twitter:data1\" content=\"danilo\" \/>\n\t<meta name=\"twitter:label2\" content=\"Est. tempo de leitura\" \/>\n\t<meta name=\"twitter:data2\" content=\"3 minutos\" \/>\n<script type=\"application\/ld+json\" class=\"yoast-schema-graph\">{\"@context\":\"https:\/\/schema.org\",\"@graph\":[{\"@type\":\"Article\",\"@id\":\"https:\/\/www.oarcanjo.net\/site\/sao-joao-gualberto\/#article\",\"isPartOf\":{\"@id\":\"https:\/\/www.oarcanjo.net\/site\/sao-joao-gualberto\/\"},\"author\":{\"name\":\"danilo\",\"@id\":\"https:\/\/www.oarcanjo.net\/site\/#\/schema\/person\/5eb9480bedd2f3c97e430ce128c29c6c\"},\"headline\":\"S\u00e3o Jo\u00e3o Gualberto\",\"datePublished\":\"2018-07-12T09:36:40+00:00\",\"dateModified\":\"2018-06-20T21:24:33+00:00\",\"mainEntityOfPage\":{\"@id\":\"https:\/\/www.oarcanjo.net\/site\/sao-joao-gualberto\/\"},\"wordCount\":685,\"commentCount\":0,\"publisher\":{\"@id\":\"https:\/\/www.oarcanjo.net\/site\/#organization\"},\"image\":{\"@id\":\"https:\/\/www.oarcanjo.net\/site\/sao-joao-gualberto\/#primaryimage\"},\"thumbnailUrl\":\"http:\/\/upload.wikimedia.org\/wikipedia\/commons\/thumb\/c\/c9\/Santa_Trinita,_Neri_di_bicci,_San_giovanni_gualberto_(dettaglio)2.jpg\/250px-Santa_Trinita,_Neri_di_bicci,_San_giovanni_gualberto_(dettaglio)2.jpg\",\"articleSection\":[\"Testemunhos\"],\"inLanguage\":\"pt-BR\",\"potentialAction\":[{\"@type\":\"CommentAction\",\"name\":\"Comment\",\"target\":[\"https:\/\/www.oarcanjo.net\/site\/sao-joao-gualberto\/#respond\"]}]},{\"@type\":\"WebPage\",\"@id\":\"https:\/\/www.oarcanjo.net\/site\/sao-joao-gualberto\/\",\"url\":\"https:\/\/www.oarcanjo.net\/site\/sao-joao-gualberto\/\",\"name\":\"S\u00e3o Jo\u00e3o Gualberto - O Arcanjo no ar\",\"isPartOf\":{\"@id\":\"https:\/\/www.oarcanjo.net\/site\/#website\"},\"primaryImageOfPage\":{\"@id\":\"https:\/\/www.oarcanjo.net\/site\/sao-joao-gualberto\/#primaryimage\"},\"image\":{\"@id\":\"https:\/\/www.oarcanjo.net\/site\/sao-joao-gualberto\/#primaryimage\"},\"thumbnailUrl\":\"http:\/\/upload.wikimedia.org\/wikipedia\/commons\/thumb\/c\/c9\/Santa_Trinita,_Neri_di_bicci,_San_giovanni_gualberto_(dettaglio)2.jpg\/250px-Santa_Trinita,_Neri_di_bicci,_San_giovanni_gualberto_(dettaglio)2.jpg\",\"datePublished\":\"2018-07-12T09:36:40+00:00\",\"dateModified\":\"2018-06-20T21:24:33+00:00\",\"breadcrumb\":{\"@id\":\"https:\/\/www.oarcanjo.net\/site\/sao-joao-gualberto\/#breadcrumb\"},\"inLanguage\":\"pt-BR\",\"potentialAction\":[{\"@type\":\"ReadAction\",\"target\":[\"https:\/\/www.oarcanjo.net\/site\/sao-joao-gualberto\/\"]}]},{\"@type\":\"ImageObject\",\"inLanguage\":\"pt-BR\",\"@id\":\"https:\/\/www.oarcanjo.net\/site\/sao-joao-gualberto\/#primaryimage\",\"url\":\"http:\/\/upload.wikimedia.org\/wikipedia\/commons\/thumb\/c\/c9\/Santa_Trinita,_Neri_di_bicci,_San_giovanni_gualberto_(dettaglio)2.jpg\/250px-Santa_Trinita,_Neri_di_bicci,_San_giovanni_gualberto_(dettaglio)2.jpg\",\"contentUrl\":\"http:\/\/upload.wikimedia.org\/wikipedia\/commons\/thumb\/c\/c9\/Santa_Trinita,_Neri_di_bicci,_San_giovanni_gualberto_(dettaglio)2.jpg\/250px-Santa_Trinita,_Neri_di_bicci,_San_giovanni_gualberto_(dettaglio)2.jpg\"},{\"@type\":\"BreadcrumbList\",\"@id\":\"https:\/\/www.oarcanjo.net\/site\/sao-joao-gualberto\/#breadcrumb\",\"itemListElement\":[{\"@type\":\"ListItem\",\"position\":1,\"name\":\"In\u00edcio\",\"item\":\"https:\/\/www.oarcanjo.net\/site\/\"},{\"@type\":\"ListItem\",\"position\":2,\"name\":\"S\u00e3o Jo\u00e3o Gualberto\"}]},{\"@type\":\"WebSite\",\"@id\":\"https:\/\/www.oarcanjo.net\/site\/#website\",\"url\":\"https:\/\/www.oarcanjo.net\/site\/\",\"name\":\"O Arcanjo no ar\",\"description\":\"Site da Par\u00f3quia S\u00e3o Miguel Arcanjo (Arquidiocese de SP)\",\"publisher\":{\"@id\":\"https:\/\/www.oarcanjo.net\/site\/#organization\"},\"potentialAction\":[{\"@type\":\"SearchAction\",\"target\":{\"@type\":\"EntryPoint\",\"urlTemplate\":\"https:\/\/www.oarcanjo.net\/site\/?s={search_term_string}\"},\"query-input\":{\"@type\":\"PropertyValueSpecification\",\"valueRequired\":true,\"valueName\":\"search_term_string\"}}],\"inLanguage\":\"pt-BR\"},{\"@type\":\"Organization\",\"@id\":\"https:\/\/www.oarcanjo.net\/site\/#organization\",\"name\":\"Par\u00f3quia S\u00e3o Miguel Arcanjo\",\"url\":\"https:\/\/www.oarcanjo.net\/site\/\",\"logo\":{\"@type\":\"ImageObject\",\"inLanguage\":\"pt-BR\",\"@id\":\"https:\/\/www.oarcanjo.net\/site\/#\/schema\/logo\/image\/\",\"url\":\"https:\/\/www.oarcanjo.net\/site\/wp-content\/uploads\/LogoOArcanjo.png\",\"contentUrl\":\"https:\/\/www.oarcanjo.net\/site\/wp-content\/uploads\/LogoOArcanjo.png\",\"width\":319,\"height\":99,\"caption\":\"Par\u00f3quia S\u00e3o Miguel Arcanjo\"},\"image\":{\"@id\":\"https:\/\/www.oarcanjo.net\/site\/#\/schema\/logo\/image\/\"},\"sameAs\":[\"https:\/\/www.facebook.com\/OArcanjoNoAr\/\"]},{\"@type\":\"Person\",\"@id\":\"https:\/\/www.oarcanjo.net\/site\/#\/schema\/person\/5eb9480bedd2f3c97e430ce128c29c6c\",\"name\":\"danilo\"}]}<\/script>\n<!-- \/ Yoast SEO plugin. -->","yoast_head_json":{"title":"S\u00e3o Jo\u00e3o Gualberto - O Arcanjo no ar","robots":{"index":"index","follow":"follow","max-snippet":"max-snippet:-1","max-image-preview":"max-image-preview:large","max-video-preview":"max-video-preview:-1"},"canonical":"https:\/\/www.oarcanjo.net\/site\/sao-joao-gualberto\/","og_locale":"pt_BR","og_type":"article","og_title":"S\u00e3o Jo\u00e3o Gualberto - O Arcanjo no ar","og_description":"12 de Julho Fundou a Ordem dos Monges Beneditinos de Vallombrosa Jo\u00e3o Gualberto, segundo filho dos Visdonini, nasceu no ano de 995 em Floren\u00e7a. Foi educado num dos castelos dos pais, Gualberto e dona Villa, nobres e crist\u00e3os. A m\u00e3e cuidou do ensino no seguimento de Cristo. O pai os fez perfeitos cavaleiros, h\u00e1beis nas [&hellip;]","og_url":"https:\/\/www.oarcanjo.net\/site\/sao-joao-gualberto\/","og_site_name":"O Arcanjo no ar","article_publisher":"https:\/\/www.facebook.com\/OArcanjoNoAr\/","article_published_time":"2018-07-12T09:36:40+00:00","article_modified_time":"2018-06-20T21:24:33+00:00","og_image":[{"url":"http:\/\/upload.wikimedia.org\/wikipedia\/commons\/thumb\/c\/c9\/Santa_Trinita,_Neri_di_bicci,_San_giovanni_gualberto_(dettaglio)2.jpg\/250px-Santa_Trinita,_Neri_di_bicci,_San_giovanni_gualberto_(dettaglio)2.jpg"}],"author":"danilo","twitter_card":"summary_large_image","twitter_misc":{"Escrito por":"danilo","Est. tempo de leitura":"3 minutos"},"schema":{"@context":"https:\/\/schema.org","@graph":[{"@type":"Article","@id":"https:\/\/www.oarcanjo.net\/site\/sao-joao-gualberto\/#article","isPartOf":{"@id":"https:\/\/www.oarcanjo.net\/site\/sao-joao-gualberto\/"},"author":{"name":"danilo","@id":"https:\/\/www.oarcanjo.net\/site\/#\/schema\/person\/5eb9480bedd2f3c97e430ce128c29c6c"},"headline":"S\u00e3o Jo\u00e3o Gualberto","datePublished":"2018-07-12T09:36:40+00:00","dateModified":"2018-06-20T21:24:33+00:00","mainEntityOfPage":{"@id":"https:\/\/www.oarcanjo.net\/site\/sao-joao-gualberto\/"},"wordCount":685,"commentCount":0,"publisher":{"@id":"https:\/\/www.oarcanjo.net\/site\/#organization"},"image":{"@id":"https:\/\/www.oarcanjo.net\/site\/sao-joao-gualberto\/#primaryimage"},"thumbnailUrl":"http:\/\/upload.wikimedia.org\/wikipedia\/commons\/thumb\/c\/c9\/Santa_Trinita,_Neri_di_bicci,_San_giovanni_gualberto_(dettaglio)2.jpg\/250px-Santa_Trinita,_Neri_di_bicci,_San_giovanni_gualberto_(dettaglio)2.jpg","articleSection":["Testemunhos"],"inLanguage":"pt-BR","potentialAction":[{"@type":"CommentAction","name":"Comment","target":["https:\/\/www.oarcanjo.net\/site\/sao-joao-gualberto\/#respond"]}]},{"@type":"WebPage","@id":"https:\/\/www.oarcanjo.net\/site\/sao-joao-gualberto\/","url":"https:\/\/www.oarcanjo.net\/site\/sao-joao-gualberto\/","name":"S\u00e3o Jo\u00e3o Gualberto - O Arcanjo no ar","isPartOf":{"@id":"https:\/\/www.oarcanjo.net\/site\/#website"},"primaryImageOfPage":{"@id":"https:\/\/www.oarcanjo.net\/site\/sao-joao-gualberto\/#primaryimage"},"image":{"@id":"https:\/\/www.oarcanjo.net\/site\/sao-joao-gualberto\/#primaryimage"},"thumbnailUrl":"http:\/\/upload.wikimedia.org\/wikipedia\/commons\/thumb\/c\/c9\/Santa_Trinita,_Neri_di_bicci,_San_giovanni_gualberto_(dettaglio)2.jpg\/250px-Santa_Trinita,_Neri_di_bicci,_San_giovanni_gualberto_(dettaglio)2.jpg","datePublished":"2018-07-12T09:36:40+00:00","dateModified":"2018-06-20T21:24:33+00:00","breadcrumb":{"@id":"https:\/\/www.oarcanjo.net\/site\/sao-joao-gualberto\/#breadcrumb"},"inLanguage":"pt-BR","potentialAction":[{"@type":"ReadAction","target":["https:\/\/www.oarcanjo.net\/site\/sao-joao-gualberto\/"]}]},{"@type":"ImageObject","inLanguage":"pt-BR","@id":"https:\/\/www.oarcanjo.net\/site\/sao-joao-gualberto\/#primaryimage","url":"http:\/\/upload.wikimedia.org\/wikipedia\/commons\/thumb\/c\/c9\/Santa_Trinita,_Neri_di_bicci,_San_giovanni_gualberto_(dettaglio)2.jpg\/250px-Santa_Trinita,_Neri_di_bicci,_San_giovanni_gualberto_(dettaglio)2.jpg","contentUrl":"http:\/\/upload.wikimedia.org\/wikipedia\/commons\/thumb\/c\/c9\/Santa_Trinita,_Neri_di_bicci,_San_giovanni_gualberto_(dettaglio)2.jpg\/250px-Santa_Trinita,_Neri_di_bicci,_San_giovanni_gualberto_(dettaglio)2.jpg"},{"@type":"BreadcrumbList","@id":"https:\/\/www.oarcanjo.net\/site\/sao-joao-gualberto\/#breadcrumb","itemListElement":[{"@type":"ListItem","position":1,"name":"In\u00edcio","item":"https:\/\/www.oarcanjo.net\/site\/"},{"@type":"ListItem","position":2,"name":"S\u00e3o Jo\u00e3o Gualberto"}]},{"@type":"WebSite","@id":"https:\/\/www.oarcanjo.net\/site\/#website","url":"https:\/\/www.oarcanjo.net\/site\/","name":"O Arcanjo no ar","description":"Site da Par\u00f3quia S\u00e3o Miguel Arcanjo (Arquidiocese de SP)","publisher":{"@id":"https:\/\/www.oarcanjo.net\/site\/#organization"},"potentialAction":[{"@type":"SearchAction","target":{"@type":"EntryPoint","urlTemplate":"https:\/\/www.oarcanjo.net\/site\/?s={search_term_string}"},"query-input":{"@type":"PropertyValueSpecification","valueRequired":true,"valueName":"search_term_string"}}],"inLanguage":"pt-BR"},{"@type":"Organization","@id":"https:\/\/www.oarcanjo.net\/site\/#organization","name":"Par\u00f3quia S\u00e3o Miguel Arcanjo","url":"https:\/\/www.oarcanjo.net\/site\/","logo":{"@type":"ImageObject","inLanguage":"pt-BR","@id":"https:\/\/www.oarcanjo.net\/site\/#\/schema\/logo\/image\/","url":"https:\/\/www.oarcanjo.net\/site\/wp-content\/uploads\/LogoOArcanjo.png","contentUrl":"https:\/\/www.oarcanjo.net\/site\/wp-content\/uploads\/LogoOArcanjo.png","width":319,"height":99,"caption":"Par\u00f3quia S\u00e3o Miguel Arcanjo"},"image":{"@id":"https:\/\/www.oarcanjo.net\/site\/#\/schema\/logo\/image\/"},"sameAs":["https:\/\/www.facebook.com\/OArcanjoNoAr\/"]},{"@type":"Person","@id":"https:\/\/www.oarcanjo.net\/site\/#\/schema\/person\/5eb9480bedd2f3c97e430ce128c29c6c","name":"danilo"}]}},"publishpress_future_action":{"enabled":false,"date":"2026-05-08 11:08:32","action":"category","newStatus":"draft","terms":[],"taxonomy":"category"},"publishpress_future_workflow_manual_trigger":{"enabledWorkflows":[]},"_links":{"self":[{"href":"https:\/\/www.oarcanjo.net\/site\/wp-json\/wp\/v2\/posts\/10197"}],"collection":[{"href":"https:\/\/www.oarcanjo.net\/site\/wp-json\/wp\/v2\/posts"}],"about":[{"href":"https:\/\/www.oarcanjo.net\/site\/wp-json\/wp\/v2\/types\/post"}],"author":[{"embeddable":true,"href":"https:\/\/www.oarcanjo.net\/site\/wp-json\/wp\/v2\/users\/14"}],"replies":[{"embeddable":true,"href":"https:\/\/www.oarcanjo.net\/site\/wp-json\/wp\/v2\/comments?post=10197"}],"version-history":[{"count":1,"href":"https:\/\/www.oarcanjo.net\/site\/wp-json\/wp\/v2\/posts\/10197\/revisions"}],"predecessor-version":[{"id":88631,"href":"https:\/\/www.oarcanjo.net\/site\/wp-json\/wp\/v2\/posts\/10197\/revisions\/88631"}],"wp:attachment":[{"href":"https:\/\/www.oarcanjo.net\/site\/wp-json\/wp\/v2\/media?parent=10197"}],"wp:term":[{"taxonomy":"category","embeddable":true,"href":"https:\/\/www.oarcanjo.net\/site\/wp-json\/wp\/v2\/categories?post=10197"},{"taxonomy":"post_tag","embeddable":true,"href":"https:\/\/www.oarcanjo.net\/site\/wp-json\/wp\/v2\/tags?post=10197"}],"curies":[{"name":"wp","href":"https:\/\/api.w.org\/{rel}","templated":true}]}}