
{"id":10199,"date":"2018-07-13T00:40:01","date_gmt":"2018-07-13T03:40:01","guid":{"rendered":"http:\/\/www.oarcanjo.net\/site\/?p=10199"},"modified":"2018-06-20T18:21:41","modified_gmt":"2018-06-20T21:21:41","slug":"santa-clelia-barbieri","status":"publish","type":"post","link":"https:\/\/www.oarcanjo.net\/site\/santa-clelia-barbieri\/","title":{"rendered":"Santa Cl\u00e9lia Barbieri"},"content":{"rendered":"<p><img decoding=\"async\" src=\"http:\/\/saints.sqpn.com\/saintc33.jpg\" alt=\"\" \/><\/p>\n<p>13 de Julho<\/p>\n<p>Fundou a congrega\u00e7\u00e3o das Irm\u00e3s M\u00ednimas de Nossa Senhora das Dores<\/p>\n<p>Cl\u00e9lia Barbieri nasceu no dia 13 de fevereiro de 1847, na vila Le Budrie, da cidade de S\u00e3o Jo\u00e3o de Persiceto, na It\u00e1lia. Os pais, Jos\u00e9 e Jacinta, muito religiosos, batizaram a menina no mesmo dia do nascimento.<\/p>\n<p>Recebeu o crisma aos nove anos de idade e, sob a a\u00e7\u00e3o do Esp\u00edrito Santo, fez da fam\u00edlia e da par\u00f3quia escola de vida e palavra de santidade. A primeira comunh\u00e3o, dois anos depois, deu-lhe um \u00e2nimo s\u00f3 atingido pelas criaturas santificadas. Em 1862, entrou para o n\u00facleo das &#8220;oper\u00e1rias da doutrina crist\u00e3&#8221;, no qual sempre foi a mais dedicada e sens\u00edvel \u00e0 situa\u00e7\u00e3o da Igreja, submetida, naqueles anos, a duras provas.<\/p>\n<p>Sua exist\u00eancia foi breve, mas resplandecente de amor a Deus e \u00e0 Virgem Maria. A comunh\u00e3o eucar\u00edstica, sem d\u00favida alguma, foi o ponto central de toda sua experi\u00eancia m\u00edstica e o carisma da sua funda\u00e7\u00e3o religiosa, que ap\u00f3s a sua morte recebeu o nome de Congrega\u00e7\u00e3o das Irm\u00e3s M\u00ednimas de Nossa Senhora das Dores e foi oficialmente reconhecida pelo Vaticano.<\/p>\n<p>Aos vinte anos de idade, sob a orienta\u00e7\u00e3o espiritual do p\u00e1roco Caetano Guidi, Cl\u00e9lia elaborou com as amigas Teodora, \u00darsula e Violeta, um projeto de vida consagrada a Deus. Era uma comunidade religiosa de catequistas leigas, por causa da pouca idade. Essa pequena comunidade de religiosas, em que cada uma delas vivia o Evangelho em suas pr\u00f3prias casas, parecia, \u00e0 primeira vista, insignificante, mas n\u00e3o era.<\/p>\n<p>De um modo singular e simples, a min\u00fascula congrega\u00e7\u00e3o foi verdadeiramente exemplar. Reduzidas \u00e0 ess\u00eancia do Evangelho, na Paix\u00e3o de Cristo e na comunh\u00e3o eucar\u00edstica, essas pequenas disc\u00edpulas de Jesus puderam sintetizar as mais variadas experi\u00eancias de vida: contemplativa, apost\u00f3lica, caritativa, e, por fim, erem\u00edtica. Tanto foi verdade que, pela presen\u00e7a incans\u00e1vel junto aos pequenos, pobres, doentes e marginalizados, Cl\u00e9lia e suas companheiras receberam o apelidado de &#8220;madre&#8221;.<\/p>\n<p>Cl\u00e9lia Barbieri, com apenas vinte e tr\u00eas anos de idade, morreu em 13 de julho de 1870, na sua cidade natal, vitimada pela tuberculose. Por\u00e9m, mesmo agonizante, mantinha uma alegria incontida por saber que iria &#8220;comungar definitivamente com Cristo Jesus&#8221;. As &#8220;Irm\u00e3s M\u00ednimas de Nossa Senhora das Dores&#8221;, suas herdeiras espirituais, tornaram-se uma luz para a comunidade da cidade, levando, com humildade de cora\u00e7\u00e3o, a solidariedade na fome e na sede de justi\u00e7a, para os mais exclu\u00eddos.<\/p>\n<p>A figura e o testemunho de Cl\u00e9lia Barbieri, esta &#8220;madre-adolescente&#8221;, despertam a admira\u00e7\u00e3o, a ternura e o afeto em todos os crist\u00e3os que tomam conhecimento de sua obra. Em 1989, o papa Jo\u00e3o Paulo II canonizou-a e, no ano seguinte, ele a proclamou &#8220;Padroeira das Catequistas&#8221;. A igreja da par\u00f3quia de Le Budrie, onde santa Cl\u00e9lia Barbieri est\u00e1 sepultada, recebeu o t\u00edtulo de santu\u00e1rio em 1993.<\/p>\n<p><a id=\"myphotolink\" href=\"http:\/\/www.facebook.com\/photo.php?pid=2014902&amp;id=104051201111\"><img loading=\"lazy\" decoding=\"async\" src=\"http:\/\/sphotos.ak.fbcdn.net\/hphotos-ak-snc1\/hs131.snc1\/5613_104053146111_104051201111_2014901_236824_n.jpg\" alt=\"\" width=\"375\" height=\"500\" \/><\/a><\/p>\n<div id=\"themify_builder_content-10199\" data-postid=\"10199\" class=\"themify_builder_content themify_builder_content-10199 themify_builder themify_builder_front\">\n\t<\/div>\n<!-- \/themify_builder_content -->","protected":false},"excerpt":{"rendered":"<p>13 de Julho Fundou a congrega\u00e7\u00e3o das Irm\u00e3s M\u00ednimas de Nossa Senhora das Dores Cl\u00e9lia Barbieri nasceu no dia 13 de fevereiro de 1847, na vila Le Budrie, da cidade de S\u00e3o Jo\u00e3o de Persiceto, na It\u00e1lia. Os pais, Jos\u00e9 e Jacinta, muito religiosos, batizaram a menina no mesmo dia do nascimento. Recebeu o crisma [&hellip;]<\/p>\n","protected":false},"author":14,"featured_media":0,"comment_status":"open","ping_status":"open","sticky":false,"template":"","format":"standard","meta":{"ngg_post_thumbnail":0,"footnotes":""},"categories":[186],"tags":[],"yoast_head":"<!-- This site is optimized with the Yoast SEO plugin v23.5 - https:\/\/yoast.com\/wordpress\/plugins\/seo\/ -->\n<title>Santa Cl\u00e9lia Barbieri - O Arcanjo no ar<\/title>\n<meta name=\"robots\" content=\"index, follow, max-snippet:-1, max-image-preview:large, max-video-preview:-1\" \/>\n<link rel=\"canonical\" href=\"https:\/\/www.oarcanjo.net\/site\/santa-clelia-barbieri\/\" \/>\n<meta property=\"og:locale\" content=\"pt_BR\" \/>\n<meta property=\"og:type\" content=\"article\" \/>\n<meta property=\"og:title\" content=\"Santa Cl\u00e9lia Barbieri - O Arcanjo no ar\" \/>\n<meta property=\"og:description\" content=\"13 de Julho Fundou a congrega\u00e7\u00e3o das Irm\u00e3s M\u00ednimas de Nossa Senhora das Dores Cl\u00e9lia Barbieri nasceu no dia 13 de fevereiro de 1847, na vila Le Budrie, da cidade de S\u00e3o Jo\u00e3o de Persiceto, na It\u00e1lia. Os pais, Jos\u00e9 e Jacinta, muito religiosos, batizaram a menina no mesmo dia do nascimento. Recebeu o crisma [&hellip;]\" \/>\n<meta property=\"og:url\" content=\"https:\/\/www.oarcanjo.net\/site\/santa-clelia-barbieri\/\" \/>\n<meta property=\"og:site_name\" content=\"O Arcanjo no ar\" \/>\n<meta property=\"article:publisher\" content=\"https:\/\/www.facebook.com\/OArcanjoNoAr\/\" \/>\n<meta property=\"article:published_time\" content=\"2018-07-13T03:40:01+00:00\" \/>\n<meta property=\"article:modified_time\" content=\"2018-06-20T21:21:41+00:00\" \/>\n<meta property=\"og:image\" content=\"http:\/\/saints.sqpn.com\/saintc33.jpg\" \/>\n<meta name=\"author\" content=\"danilo\" \/>\n<meta name=\"twitter:card\" content=\"summary_large_image\" \/>\n<meta name=\"twitter:label1\" content=\"Escrito por\" \/>\n\t<meta name=\"twitter:data1\" content=\"danilo\" \/>\n\t<meta name=\"twitter:label2\" content=\"Est. tempo de leitura\" \/>\n\t<meta name=\"twitter:data2\" content=\"3 minutos\" \/>\n<script type=\"application\/ld+json\" class=\"yoast-schema-graph\">{\"@context\":\"https:\/\/schema.org\",\"@graph\":[{\"@type\":\"Article\",\"@id\":\"https:\/\/www.oarcanjo.net\/site\/santa-clelia-barbieri\/#article\",\"isPartOf\":{\"@id\":\"https:\/\/www.oarcanjo.net\/site\/santa-clelia-barbieri\/\"},\"author\":{\"name\":\"danilo\",\"@id\":\"https:\/\/www.oarcanjo.net\/site\/#\/schema\/person\/5eb9480bedd2f3c97e430ce128c29c6c\"},\"headline\":\"Santa Cl\u00e9lia Barbieri\",\"datePublished\":\"2018-07-13T03:40:01+00:00\",\"dateModified\":\"2018-06-20T21:21:41+00:00\",\"mainEntityOfPage\":{\"@id\":\"https:\/\/www.oarcanjo.net\/site\/santa-clelia-barbieri\/\"},\"wordCount\":514,\"commentCount\":0,\"publisher\":{\"@id\":\"https:\/\/www.oarcanjo.net\/site\/#organization\"},\"image\":{\"@id\":\"https:\/\/www.oarcanjo.net\/site\/santa-clelia-barbieri\/#primaryimage\"},\"thumbnailUrl\":\"http:\/\/saints.sqpn.com\/saintc33.jpg\",\"articleSection\":[\"Testemunhos\"],\"inLanguage\":\"pt-BR\",\"potentialAction\":[{\"@type\":\"CommentAction\",\"name\":\"Comment\",\"target\":[\"https:\/\/www.oarcanjo.net\/site\/santa-clelia-barbieri\/#respond\"]}]},{\"@type\":\"WebPage\",\"@id\":\"https:\/\/www.oarcanjo.net\/site\/santa-clelia-barbieri\/\",\"url\":\"https:\/\/www.oarcanjo.net\/site\/santa-clelia-barbieri\/\",\"name\":\"Santa Cl\u00e9lia Barbieri - O Arcanjo no ar\",\"isPartOf\":{\"@id\":\"https:\/\/www.oarcanjo.net\/site\/#website\"},\"primaryImageOfPage\":{\"@id\":\"https:\/\/www.oarcanjo.net\/site\/santa-clelia-barbieri\/#primaryimage\"},\"image\":{\"@id\":\"https:\/\/www.oarcanjo.net\/site\/santa-clelia-barbieri\/#primaryimage\"},\"thumbnailUrl\":\"http:\/\/saints.sqpn.com\/saintc33.jpg\",\"datePublished\":\"2018-07-13T03:40:01+00:00\",\"dateModified\":\"2018-06-20T21:21:41+00:00\",\"breadcrumb\":{\"@id\":\"https:\/\/www.oarcanjo.net\/site\/santa-clelia-barbieri\/#breadcrumb\"},\"inLanguage\":\"pt-BR\",\"potentialAction\":[{\"@type\":\"ReadAction\",\"target\":[\"https:\/\/www.oarcanjo.net\/site\/santa-clelia-barbieri\/\"]}]},{\"@type\":\"ImageObject\",\"inLanguage\":\"pt-BR\",\"@id\":\"https:\/\/www.oarcanjo.net\/site\/santa-clelia-barbieri\/#primaryimage\",\"url\":\"http:\/\/saints.sqpn.com\/saintc33.jpg\",\"contentUrl\":\"http:\/\/saints.sqpn.com\/saintc33.jpg\"},{\"@type\":\"BreadcrumbList\",\"@id\":\"https:\/\/www.oarcanjo.net\/site\/santa-clelia-barbieri\/#breadcrumb\",\"itemListElement\":[{\"@type\":\"ListItem\",\"position\":1,\"name\":\"In\u00edcio\",\"item\":\"https:\/\/www.oarcanjo.net\/site\/\"},{\"@type\":\"ListItem\",\"position\":2,\"name\":\"Santa Cl\u00e9lia Barbieri\"}]},{\"@type\":\"WebSite\",\"@id\":\"https:\/\/www.oarcanjo.net\/site\/#website\",\"url\":\"https:\/\/www.oarcanjo.net\/site\/\",\"name\":\"O Arcanjo no ar\",\"description\":\"Site da Par\u00f3quia S\u00e3o Miguel Arcanjo (Arquidiocese de SP)\",\"publisher\":{\"@id\":\"https:\/\/www.oarcanjo.net\/site\/#organization\"},\"potentialAction\":[{\"@type\":\"SearchAction\",\"target\":{\"@type\":\"EntryPoint\",\"urlTemplate\":\"https:\/\/www.oarcanjo.net\/site\/?s={search_term_string}\"},\"query-input\":{\"@type\":\"PropertyValueSpecification\",\"valueRequired\":true,\"valueName\":\"search_term_string\"}}],\"inLanguage\":\"pt-BR\"},{\"@type\":\"Organization\",\"@id\":\"https:\/\/www.oarcanjo.net\/site\/#organization\",\"name\":\"Par\u00f3quia S\u00e3o Miguel Arcanjo\",\"url\":\"https:\/\/www.oarcanjo.net\/site\/\",\"logo\":{\"@type\":\"ImageObject\",\"inLanguage\":\"pt-BR\",\"@id\":\"https:\/\/www.oarcanjo.net\/site\/#\/schema\/logo\/image\/\",\"url\":\"https:\/\/www.oarcanjo.net\/site\/wp-content\/uploads\/LogoOArcanjo.png\",\"contentUrl\":\"https:\/\/www.oarcanjo.net\/site\/wp-content\/uploads\/LogoOArcanjo.png\",\"width\":319,\"height\":99,\"caption\":\"Par\u00f3quia S\u00e3o Miguel Arcanjo\"},\"image\":{\"@id\":\"https:\/\/www.oarcanjo.net\/site\/#\/schema\/logo\/image\/\"},\"sameAs\":[\"https:\/\/www.facebook.com\/OArcanjoNoAr\/\"]},{\"@type\":\"Person\",\"@id\":\"https:\/\/www.oarcanjo.net\/site\/#\/schema\/person\/5eb9480bedd2f3c97e430ce128c29c6c\",\"name\":\"danilo\"}]}<\/script>\n<!-- \/ Yoast SEO plugin. -->","yoast_head_json":{"title":"Santa Cl\u00e9lia Barbieri - O Arcanjo no ar","robots":{"index":"index","follow":"follow","max-snippet":"max-snippet:-1","max-image-preview":"max-image-preview:large","max-video-preview":"max-video-preview:-1"},"canonical":"https:\/\/www.oarcanjo.net\/site\/santa-clelia-barbieri\/","og_locale":"pt_BR","og_type":"article","og_title":"Santa Cl\u00e9lia Barbieri - O Arcanjo no ar","og_description":"13 de Julho Fundou a congrega\u00e7\u00e3o das Irm\u00e3s M\u00ednimas de Nossa Senhora das Dores Cl\u00e9lia Barbieri nasceu no dia 13 de fevereiro de 1847, na vila Le Budrie, da cidade de S\u00e3o Jo\u00e3o de Persiceto, na It\u00e1lia. Os pais, Jos\u00e9 e Jacinta, muito religiosos, batizaram a menina no mesmo dia do nascimento. Recebeu o crisma [&hellip;]","og_url":"https:\/\/www.oarcanjo.net\/site\/santa-clelia-barbieri\/","og_site_name":"O Arcanjo no ar","article_publisher":"https:\/\/www.facebook.com\/OArcanjoNoAr\/","article_published_time":"2018-07-13T03:40:01+00:00","article_modified_time":"2018-06-20T21:21:41+00:00","og_image":[{"url":"http:\/\/saints.sqpn.com\/saintc33.jpg"}],"author":"danilo","twitter_card":"summary_large_image","twitter_misc":{"Escrito por":"danilo","Est. tempo de leitura":"3 minutos"},"schema":{"@context":"https:\/\/schema.org","@graph":[{"@type":"Article","@id":"https:\/\/www.oarcanjo.net\/site\/santa-clelia-barbieri\/#article","isPartOf":{"@id":"https:\/\/www.oarcanjo.net\/site\/santa-clelia-barbieri\/"},"author":{"name":"danilo","@id":"https:\/\/www.oarcanjo.net\/site\/#\/schema\/person\/5eb9480bedd2f3c97e430ce128c29c6c"},"headline":"Santa Cl\u00e9lia Barbieri","datePublished":"2018-07-13T03:40:01+00:00","dateModified":"2018-06-20T21:21:41+00:00","mainEntityOfPage":{"@id":"https:\/\/www.oarcanjo.net\/site\/santa-clelia-barbieri\/"},"wordCount":514,"commentCount":0,"publisher":{"@id":"https:\/\/www.oarcanjo.net\/site\/#organization"},"image":{"@id":"https:\/\/www.oarcanjo.net\/site\/santa-clelia-barbieri\/#primaryimage"},"thumbnailUrl":"http:\/\/saints.sqpn.com\/saintc33.jpg","articleSection":["Testemunhos"],"inLanguage":"pt-BR","potentialAction":[{"@type":"CommentAction","name":"Comment","target":["https:\/\/www.oarcanjo.net\/site\/santa-clelia-barbieri\/#respond"]}]},{"@type":"WebPage","@id":"https:\/\/www.oarcanjo.net\/site\/santa-clelia-barbieri\/","url":"https:\/\/www.oarcanjo.net\/site\/santa-clelia-barbieri\/","name":"Santa Cl\u00e9lia Barbieri - O Arcanjo no ar","isPartOf":{"@id":"https:\/\/www.oarcanjo.net\/site\/#website"},"primaryImageOfPage":{"@id":"https:\/\/www.oarcanjo.net\/site\/santa-clelia-barbieri\/#primaryimage"},"image":{"@id":"https:\/\/www.oarcanjo.net\/site\/santa-clelia-barbieri\/#primaryimage"},"thumbnailUrl":"http:\/\/saints.sqpn.com\/saintc33.jpg","datePublished":"2018-07-13T03:40:01+00:00","dateModified":"2018-06-20T21:21:41+00:00","breadcrumb":{"@id":"https:\/\/www.oarcanjo.net\/site\/santa-clelia-barbieri\/#breadcrumb"},"inLanguage":"pt-BR","potentialAction":[{"@type":"ReadAction","target":["https:\/\/www.oarcanjo.net\/site\/santa-clelia-barbieri\/"]}]},{"@type":"ImageObject","inLanguage":"pt-BR","@id":"https:\/\/www.oarcanjo.net\/site\/santa-clelia-barbieri\/#primaryimage","url":"http:\/\/saints.sqpn.com\/saintc33.jpg","contentUrl":"http:\/\/saints.sqpn.com\/saintc33.jpg"},{"@type":"BreadcrumbList","@id":"https:\/\/www.oarcanjo.net\/site\/santa-clelia-barbieri\/#breadcrumb","itemListElement":[{"@type":"ListItem","position":1,"name":"In\u00edcio","item":"https:\/\/www.oarcanjo.net\/site\/"},{"@type":"ListItem","position":2,"name":"Santa Cl\u00e9lia Barbieri"}]},{"@type":"WebSite","@id":"https:\/\/www.oarcanjo.net\/site\/#website","url":"https:\/\/www.oarcanjo.net\/site\/","name":"O Arcanjo no ar","description":"Site da Par\u00f3quia S\u00e3o Miguel Arcanjo (Arquidiocese de SP)","publisher":{"@id":"https:\/\/www.oarcanjo.net\/site\/#organization"},"potentialAction":[{"@type":"SearchAction","target":{"@type":"EntryPoint","urlTemplate":"https:\/\/www.oarcanjo.net\/site\/?s={search_term_string}"},"query-input":{"@type":"PropertyValueSpecification","valueRequired":true,"valueName":"search_term_string"}}],"inLanguage":"pt-BR"},{"@type":"Organization","@id":"https:\/\/www.oarcanjo.net\/site\/#organization","name":"Par\u00f3quia S\u00e3o Miguel Arcanjo","url":"https:\/\/www.oarcanjo.net\/site\/","logo":{"@type":"ImageObject","inLanguage":"pt-BR","@id":"https:\/\/www.oarcanjo.net\/site\/#\/schema\/logo\/image\/","url":"https:\/\/www.oarcanjo.net\/site\/wp-content\/uploads\/LogoOArcanjo.png","contentUrl":"https:\/\/www.oarcanjo.net\/site\/wp-content\/uploads\/LogoOArcanjo.png","width":319,"height":99,"caption":"Par\u00f3quia S\u00e3o Miguel Arcanjo"},"image":{"@id":"https:\/\/www.oarcanjo.net\/site\/#\/schema\/logo\/image\/"},"sameAs":["https:\/\/www.facebook.com\/OArcanjoNoAr\/"]},{"@type":"Person","@id":"https:\/\/www.oarcanjo.net\/site\/#\/schema\/person\/5eb9480bedd2f3c97e430ce128c29c6c","name":"danilo"}]}},"publishpress_future_action":{"enabled":false,"date":"2026-05-08 11:08:46","action":"category","newStatus":"draft","terms":[],"taxonomy":"category"},"publishpress_future_workflow_manual_trigger":{"enabledWorkflows":[]},"_links":{"self":[{"href":"https:\/\/www.oarcanjo.net\/site\/wp-json\/wp\/v2\/posts\/10199"}],"collection":[{"href":"https:\/\/www.oarcanjo.net\/site\/wp-json\/wp\/v2\/posts"}],"about":[{"href":"https:\/\/www.oarcanjo.net\/site\/wp-json\/wp\/v2\/types\/post"}],"author":[{"embeddable":true,"href":"https:\/\/www.oarcanjo.net\/site\/wp-json\/wp\/v2\/users\/14"}],"replies":[{"embeddable":true,"href":"https:\/\/www.oarcanjo.net\/site\/wp-json\/wp\/v2\/comments?post=10199"}],"version-history":[{"count":1,"href":"https:\/\/www.oarcanjo.net\/site\/wp-json\/wp\/v2\/posts\/10199\/revisions"}],"predecessor-version":[{"id":88612,"href":"https:\/\/www.oarcanjo.net\/site\/wp-json\/wp\/v2\/posts\/10199\/revisions\/88612"}],"wp:attachment":[{"href":"https:\/\/www.oarcanjo.net\/site\/wp-json\/wp\/v2\/media?parent=10199"}],"wp:term":[{"taxonomy":"category","embeddable":true,"href":"https:\/\/www.oarcanjo.net\/site\/wp-json\/wp\/v2\/categories?post=10199"},{"taxonomy":"post_tag","embeddable":true,"href":"https:\/\/www.oarcanjo.net\/site\/wp-json\/wp\/v2\/tags?post=10199"}],"curies":[{"name":"wp","href":"https:\/\/api.w.org\/{rel}","templated":true}]}}