
{"id":10201,"date":"2018-07-13T00:45:25","date_gmt":"2018-07-13T03:45:25","guid":{"rendered":"http:\/\/www.oarcanjo.net\/site\/?p=10201"},"modified":"2018-06-20T18:21:35","modified_gmt":"2018-06-20T21:21:35","slug":"santa-teresa-de-jesus-dos-andes","status":"publish","type":"post","link":"https:\/\/www.oarcanjo.net\/site\/santa-teresa-de-jesus-dos-andes\/","title":{"rendered":"Santa Teresa de Jesus dos Andes"},"content":{"rendered":"<p><img decoding=\"async\" src=\"http:\/\/thirdordercarmelite.files.wordpress.com\/2009\/07\/teresa-of-jesus-de-los-andes.jpg\" alt=\"\" \/><\/p>\n<p>13 de Julho<\/p>\n<p>Joana Fernandez Solar nasceu no dia 13 de julho de 1900, no ber\u00e7o de uma fam\u00edlia profundamente crist\u00e3, na cidade de Santiago do Chile, capital do pa\u00eds. Seus pais chamavam-se Miguel e L\u00facia.<\/p>\n<p>A partir dos seis anos de idade, assistia com a m\u00e3e, quase diariamente, \u00e0 santa missa e ansiava poder receber a primeira comunh\u00e3o, o que aconteceu em setembro de 1910. Desde ent\u00e3o, procurava comungar diariamente e passar longos momentos mantendo um di\u00e1logo \u00edntimo com Jesus. Teve a inf\u00e2ncia marcada por uma intensa vida mariana, que foi um dos s\u00f3lidos alicerces da sua vida crist\u00e3.<\/p>\n<p>Joana estudou durante onze anos no Col\u00e9gio do Sagrado Cora\u00e7\u00e3o, at\u00e9 1918. Foi muito dedicada \u00e0 fam\u00edlia e julgava-se incapaz de viver separada dos seus. No entanto, assumiu com resigna\u00e7\u00e3o o distanciamento nos \u00faltimos tr\u00eas anos dos estudos em regime de internato.<\/p>\n<p>Sua voca\u00e7\u00e3o religiosa confirmou-se aos quatorze anos. Na \u00e9poca, ela se correspondia com a superiora das carmelitas dos Andes, e lia muito sobre a trajet\u00f3ria da vida dos santos. Assim, Joana foi se preparando de tal modo que, desde os dezessete anos, j\u00e1 externava o ideal de ser carmelita, e com ardor defendia a sua viv\u00eancia contemplativa, que todos julgavam &#8220;in\u00fatil&#8221;.<\/p>\n<p>A separa\u00e7\u00e3o definitiva da fam\u00edlia e do mundo deu-se em maio de 1919, aos dezenove anos de idade. Entrou para as carmelitas dos Andes e tomou o nome de Teresa de Jesus. L\u00e1 viveu apenas onze meses, pois contraiu a febre tif\u00f3ide e logo morreu, no dia 12 de abril de 1920, na sua cidade natal.<\/p>\n<p>Teresa de Jesus tinha tamanha liberdade para expressar-se com o Senhor que costumava dizer: &#8220;Cristo, esse louco de amor, me fez louca tamb\u00e9m&#8221;. A sua aspira\u00e7\u00e3o e constante empenho centraram-se em se assemelhar a ele, em comungar com Cristo. Foi beatificada pelo papa Jo\u00e3o Paulo II quando este visitou o Chile em 1987. Depois, foi canonizada pelo mesmo sumo pont\u00edfice em 1993, em Roma. Na ocasi\u00e3o, ele a chamou de santa Teresa de Jesus &#8220;dos Andes&#8221;, e declarou que era a primeira chilena e a primeira carmelita latino-americana a ser elevada \u00e0 honra dos altares da Igreja, para ser festejada no dia 13 de julho.<\/p>\n<p>O santu\u00e1rio de Santa Teresa dos Andes, como ficou popularmente conhecida, tornou-se um centro espiritual no Chile, visitado por milhares de peregrinos anualmente. Sua fama de intercessora pelas gra\u00e7as e milagres concedidos correu logo, principalmente entre os jovens cat\u00f3licos. Santa Teresa dos Andes continua, assim, cumprindo a miss\u00e3o reconhecida como sua: despertar fome e sede de Deus nos jovens deste nosso mundo moderno t\u00e3o materializado.<\/p>\n<div id=\"themify_builder_content-10201\" data-postid=\"10201\" class=\"themify_builder_content themify_builder_content-10201 themify_builder themify_builder_front\">\n\t<\/div>\n<!-- \/themify_builder_content -->","protected":false},"excerpt":{"rendered":"<p>13 de Julho Joana Fernandez Solar nasceu no dia 13 de julho de 1900, no ber\u00e7o de uma fam\u00edlia profundamente crist\u00e3, na cidade de Santiago do Chile, capital do pa\u00eds. Seus pais chamavam-se Miguel e L\u00facia. A partir dos seis anos de idade, assistia com a m\u00e3e, quase diariamente, \u00e0 santa missa e ansiava poder [&hellip;]<\/p>\n","protected":false},"author":14,"featured_media":0,"comment_status":"open","ping_status":"open","sticky":false,"template":"","format":"standard","meta":{"ngg_post_thumbnail":0,"footnotes":""},"categories":[186],"tags":[],"yoast_head":"<!-- This site is optimized with the Yoast SEO plugin v23.5 - https:\/\/yoast.com\/wordpress\/plugins\/seo\/ -->\n<title>Santa Teresa de Jesus dos Andes - O Arcanjo no ar<\/title>\n<meta name=\"robots\" content=\"index, follow, max-snippet:-1, max-image-preview:large, max-video-preview:-1\" \/>\n<link rel=\"canonical\" href=\"https:\/\/www.oarcanjo.net\/site\/santa-teresa-de-jesus-dos-andes\/\" \/>\n<meta property=\"og:locale\" content=\"pt_BR\" \/>\n<meta property=\"og:type\" content=\"article\" \/>\n<meta property=\"og:title\" content=\"Santa Teresa de Jesus dos Andes - O Arcanjo no ar\" \/>\n<meta property=\"og:description\" content=\"13 de Julho Joana Fernandez Solar nasceu no dia 13 de julho de 1900, no ber\u00e7o de uma fam\u00edlia profundamente crist\u00e3, na cidade de Santiago do Chile, capital do pa\u00eds. Seus pais chamavam-se Miguel e L\u00facia. A partir dos seis anos de idade, assistia com a m\u00e3e, quase diariamente, \u00e0 santa missa e ansiava poder [&hellip;]\" \/>\n<meta property=\"og:url\" content=\"https:\/\/www.oarcanjo.net\/site\/santa-teresa-de-jesus-dos-andes\/\" \/>\n<meta property=\"og:site_name\" content=\"O Arcanjo no ar\" \/>\n<meta property=\"article:publisher\" content=\"https:\/\/www.facebook.com\/OArcanjoNoAr\/\" \/>\n<meta property=\"article:published_time\" content=\"2018-07-13T03:45:25+00:00\" \/>\n<meta property=\"article:modified_time\" content=\"2018-06-20T21:21:35+00:00\" \/>\n<meta property=\"og:image\" content=\"http:\/\/thirdordercarmelite.files.wordpress.com\/2009\/07\/teresa-of-jesus-de-los-andes.jpg\" \/>\n<meta name=\"author\" content=\"danilo\" \/>\n<meta name=\"twitter:card\" content=\"summary_large_image\" \/>\n<meta name=\"twitter:label1\" content=\"Escrito por\" \/>\n\t<meta name=\"twitter:data1\" content=\"danilo\" \/>\n\t<meta name=\"twitter:label2\" content=\"Est. tempo de leitura\" \/>\n\t<meta name=\"twitter:data2\" content=\"2 minutos\" \/>\n<script type=\"application\/ld+json\" class=\"yoast-schema-graph\">{\"@context\":\"https:\/\/schema.org\",\"@graph\":[{\"@type\":\"Article\",\"@id\":\"https:\/\/www.oarcanjo.net\/site\/santa-teresa-de-jesus-dos-andes\/#article\",\"isPartOf\":{\"@id\":\"https:\/\/www.oarcanjo.net\/site\/santa-teresa-de-jesus-dos-andes\/\"},\"author\":{\"name\":\"danilo\",\"@id\":\"https:\/\/www.oarcanjo.net\/site\/#\/schema\/person\/5eb9480bedd2f3c97e430ce128c29c6c\"},\"headline\":\"Santa Teresa de Jesus dos Andes\",\"datePublished\":\"2018-07-13T03:45:25+00:00\",\"dateModified\":\"2018-06-20T21:21:35+00:00\",\"mainEntityOfPage\":{\"@id\":\"https:\/\/www.oarcanjo.net\/site\/santa-teresa-de-jesus-dos-andes\/\"},\"wordCount\":453,\"commentCount\":0,\"publisher\":{\"@id\":\"https:\/\/www.oarcanjo.net\/site\/#organization\"},\"image\":{\"@id\":\"https:\/\/www.oarcanjo.net\/site\/santa-teresa-de-jesus-dos-andes\/#primaryimage\"},\"thumbnailUrl\":\"http:\/\/thirdordercarmelite.files.wordpress.com\/2009\/07\/teresa-of-jesus-de-los-andes.jpg\",\"articleSection\":[\"Testemunhos\"],\"inLanguage\":\"pt-BR\",\"potentialAction\":[{\"@type\":\"CommentAction\",\"name\":\"Comment\",\"target\":[\"https:\/\/www.oarcanjo.net\/site\/santa-teresa-de-jesus-dos-andes\/#respond\"]}]},{\"@type\":\"WebPage\",\"@id\":\"https:\/\/www.oarcanjo.net\/site\/santa-teresa-de-jesus-dos-andes\/\",\"url\":\"https:\/\/www.oarcanjo.net\/site\/santa-teresa-de-jesus-dos-andes\/\",\"name\":\"Santa Teresa de Jesus dos Andes - O Arcanjo no ar\",\"isPartOf\":{\"@id\":\"https:\/\/www.oarcanjo.net\/site\/#website\"},\"primaryImageOfPage\":{\"@id\":\"https:\/\/www.oarcanjo.net\/site\/santa-teresa-de-jesus-dos-andes\/#primaryimage\"},\"image\":{\"@id\":\"https:\/\/www.oarcanjo.net\/site\/santa-teresa-de-jesus-dos-andes\/#primaryimage\"},\"thumbnailUrl\":\"http:\/\/thirdordercarmelite.files.wordpress.com\/2009\/07\/teresa-of-jesus-de-los-andes.jpg\",\"datePublished\":\"2018-07-13T03:45:25+00:00\",\"dateModified\":\"2018-06-20T21:21:35+00:00\",\"breadcrumb\":{\"@id\":\"https:\/\/www.oarcanjo.net\/site\/santa-teresa-de-jesus-dos-andes\/#breadcrumb\"},\"inLanguage\":\"pt-BR\",\"potentialAction\":[{\"@type\":\"ReadAction\",\"target\":[\"https:\/\/www.oarcanjo.net\/site\/santa-teresa-de-jesus-dos-andes\/\"]}]},{\"@type\":\"ImageObject\",\"inLanguage\":\"pt-BR\",\"@id\":\"https:\/\/www.oarcanjo.net\/site\/santa-teresa-de-jesus-dos-andes\/#primaryimage\",\"url\":\"http:\/\/thirdordercarmelite.files.wordpress.com\/2009\/07\/teresa-of-jesus-de-los-andes.jpg\",\"contentUrl\":\"http:\/\/thirdordercarmelite.files.wordpress.com\/2009\/07\/teresa-of-jesus-de-los-andes.jpg\"},{\"@type\":\"BreadcrumbList\",\"@id\":\"https:\/\/www.oarcanjo.net\/site\/santa-teresa-de-jesus-dos-andes\/#breadcrumb\",\"itemListElement\":[{\"@type\":\"ListItem\",\"position\":1,\"name\":\"In\u00edcio\",\"item\":\"https:\/\/www.oarcanjo.net\/site\/\"},{\"@type\":\"ListItem\",\"position\":2,\"name\":\"Santa Teresa de Jesus dos Andes\"}]},{\"@type\":\"WebSite\",\"@id\":\"https:\/\/www.oarcanjo.net\/site\/#website\",\"url\":\"https:\/\/www.oarcanjo.net\/site\/\",\"name\":\"O Arcanjo no ar\",\"description\":\"Site da Par\u00f3quia S\u00e3o Miguel Arcanjo (Arquidiocese de SP)\",\"publisher\":{\"@id\":\"https:\/\/www.oarcanjo.net\/site\/#organization\"},\"potentialAction\":[{\"@type\":\"SearchAction\",\"target\":{\"@type\":\"EntryPoint\",\"urlTemplate\":\"https:\/\/www.oarcanjo.net\/site\/?s={search_term_string}\"},\"query-input\":{\"@type\":\"PropertyValueSpecification\",\"valueRequired\":true,\"valueName\":\"search_term_string\"}}],\"inLanguage\":\"pt-BR\"},{\"@type\":\"Organization\",\"@id\":\"https:\/\/www.oarcanjo.net\/site\/#organization\",\"name\":\"Par\u00f3quia S\u00e3o Miguel Arcanjo\",\"url\":\"https:\/\/www.oarcanjo.net\/site\/\",\"logo\":{\"@type\":\"ImageObject\",\"inLanguage\":\"pt-BR\",\"@id\":\"https:\/\/www.oarcanjo.net\/site\/#\/schema\/logo\/image\/\",\"url\":\"https:\/\/www.oarcanjo.net\/site\/wp-content\/uploads\/LogoOArcanjo.png\",\"contentUrl\":\"https:\/\/www.oarcanjo.net\/site\/wp-content\/uploads\/LogoOArcanjo.png\",\"width\":319,\"height\":99,\"caption\":\"Par\u00f3quia S\u00e3o Miguel Arcanjo\"},\"image\":{\"@id\":\"https:\/\/www.oarcanjo.net\/site\/#\/schema\/logo\/image\/\"},\"sameAs\":[\"https:\/\/www.facebook.com\/OArcanjoNoAr\/\"]},{\"@type\":\"Person\",\"@id\":\"https:\/\/www.oarcanjo.net\/site\/#\/schema\/person\/5eb9480bedd2f3c97e430ce128c29c6c\",\"name\":\"danilo\"}]}<\/script>\n<!-- \/ Yoast SEO plugin. -->","yoast_head_json":{"title":"Santa Teresa de Jesus dos Andes - O Arcanjo no ar","robots":{"index":"index","follow":"follow","max-snippet":"max-snippet:-1","max-image-preview":"max-image-preview:large","max-video-preview":"max-video-preview:-1"},"canonical":"https:\/\/www.oarcanjo.net\/site\/santa-teresa-de-jesus-dos-andes\/","og_locale":"pt_BR","og_type":"article","og_title":"Santa Teresa de Jesus dos Andes - O Arcanjo no ar","og_description":"13 de Julho Joana Fernandez Solar nasceu no dia 13 de julho de 1900, no ber\u00e7o de uma fam\u00edlia profundamente crist\u00e3, na cidade de Santiago do Chile, capital do pa\u00eds. Seus pais chamavam-se Miguel e L\u00facia. A partir dos seis anos de idade, assistia com a m\u00e3e, quase diariamente, \u00e0 santa missa e ansiava poder [&hellip;]","og_url":"https:\/\/www.oarcanjo.net\/site\/santa-teresa-de-jesus-dos-andes\/","og_site_name":"O Arcanjo no ar","article_publisher":"https:\/\/www.facebook.com\/OArcanjoNoAr\/","article_published_time":"2018-07-13T03:45:25+00:00","article_modified_time":"2018-06-20T21:21:35+00:00","og_image":[{"url":"http:\/\/thirdordercarmelite.files.wordpress.com\/2009\/07\/teresa-of-jesus-de-los-andes.jpg"}],"author":"danilo","twitter_card":"summary_large_image","twitter_misc":{"Escrito por":"danilo","Est. tempo de leitura":"2 minutos"},"schema":{"@context":"https:\/\/schema.org","@graph":[{"@type":"Article","@id":"https:\/\/www.oarcanjo.net\/site\/santa-teresa-de-jesus-dos-andes\/#article","isPartOf":{"@id":"https:\/\/www.oarcanjo.net\/site\/santa-teresa-de-jesus-dos-andes\/"},"author":{"name":"danilo","@id":"https:\/\/www.oarcanjo.net\/site\/#\/schema\/person\/5eb9480bedd2f3c97e430ce128c29c6c"},"headline":"Santa Teresa de Jesus dos Andes","datePublished":"2018-07-13T03:45:25+00:00","dateModified":"2018-06-20T21:21:35+00:00","mainEntityOfPage":{"@id":"https:\/\/www.oarcanjo.net\/site\/santa-teresa-de-jesus-dos-andes\/"},"wordCount":453,"commentCount":0,"publisher":{"@id":"https:\/\/www.oarcanjo.net\/site\/#organization"},"image":{"@id":"https:\/\/www.oarcanjo.net\/site\/santa-teresa-de-jesus-dos-andes\/#primaryimage"},"thumbnailUrl":"http:\/\/thirdordercarmelite.files.wordpress.com\/2009\/07\/teresa-of-jesus-de-los-andes.jpg","articleSection":["Testemunhos"],"inLanguage":"pt-BR","potentialAction":[{"@type":"CommentAction","name":"Comment","target":["https:\/\/www.oarcanjo.net\/site\/santa-teresa-de-jesus-dos-andes\/#respond"]}]},{"@type":"WebPage","@id":"https:\/\/www.oarcanjo.net\/site\/santa-teresa-de-jesus-dos-andes\/","url":"https:\/\/www.oarcanjo.net\/site\/santa-teresa-de-jesus-dos-andes\/","name":"Santa Teresa de Jesus dos Andes - O Arcanjo no ar","isPartOf":{"@id":"https:\/\/www.oarcanjo.net\/site\/#website"},"primaryImageOfPage":{"@id":"https:\/\/www.oarcanjo.net\/site\/santa-teresa-de-jesus-dos-andes\/#primaryimage"},"image":{"@id":"https:\/\/www.oarcanjo.net\/site\/santa-teresa-de-jesus-dos-andes\/#primaryimage"},"thumbnailUrl":"http:\/\/thirdordercarmelite.files.wordpress.com\/2009\/07\/teresa-of-jesus-de-los-andes.jpg","datePublished":"2018-07-13T03:45:25+00:00","dateModified":"2018-06-20T21:21:35+00:00","breadcrumb":{"@id":"https:\/\/www.oarcanjo.net\/site\/santa-teresa-de-jesus-dos-andes\/#breadcrumb"},"inLanguage":"pt-BR","potentialAction":[{"@type":"ReadAction","target":["https:\/\/www.oarcanjo.net\/site\/santa-teresa-de-jesus-dos-andes\/"]}]},{"@type":"ImageObject","inLanguage":"pt-BR","@id":"https:\/\/www.oarcanjo.net\/site\/santa-teresa-de-jesus-dos-andes\/#primaryimage","url":"http:\/\/thirdordercarmelite.files.wordpress.com\/2009\/07\/teresa-of-jesus-de-los-andes.jpg","contentUrl":"http:\/\/thirdordercarmelite.files.wordpress.com\/2009\/07\/teresa-of-jesus-de-los-andes.jpg"},{"@type":"BreadcrumbList","@id":"https:\/\/www.oarcanjo.net\/site\/santa-teresa-de-jesus-dos-andes\/#breadcrumb","itemListElement":[{"@type":"ListItem","position":1,"name":"In\u00edcio","item":"https:\/\/www.oarcanjo.net\/site\/"},{"@type":"ListItem","position":2,"name":"Santa Teresa de Jesus dos Andes"}]},{"@type":"WebSite","@id":"https:\/\/www.oarcanjo.net\/site\/#website","url":"https:\/\/www.oarcanjo.net\/site\/","name":"O Arcanjo no ar","description":"Site da Par\u00f3quia S\u00e3o Miguel Arcanjo (Arquidiocese de SP)","publisher":{"@id":"https:\/\/www.oarcanjo.net\/site\/#organization"},"potentialAction":[{"@type":"SearchAction","target":{"@type":"EntryPoint","urlTemplate":"https:\/\/www.oarcanjo.net\/site\/?s={search_term_string}"},"query-input":{"@type":"PropertyValueSpecification","valueRequired":true,"valueName":"search_term_string"}}],"inLanguage":"pt-BR"},{"@type":"Organization","@id":"https:\/\/www.oarcanjo.net\/site\/#organization","name":"Par\u00f3quia S\u00e3o Miguel Arcanjo","url":"https:\/\/www.oarcanjo.net\/site\/","logo":{"@type":"ImageObject","inLanguage":"pt-BR","@id":"https:\/\/www.oarcanjo.net\/site\/#\/schema\/logo\/image\/","url":"https:\/\/www.oarcanjo.net\/site\/wp-content\/uploads\/LogoOArcanjo.png","contentUrl":"https:\/\/www.oarcanjo.net\/site\/wp-content\/uploads\/LogoOArcanjo.png","width":319,"height":99,"caption":"Par\u00f3quia S\u00e3o Miguel Arcanjo"},"image":{"@id":"https:\/\/www.oarcanjo.net\/site\/#\/schema\/logo\/image\/"},"sameAs":["https:\/\/www.facebook.com\/OArcanjoNoAr\/"]},{"@type":"Person","@id":"https:\/\/www.oarcanjo.net\/site\/#\/schema\/person\/5eb9480bedd2f3c97e430ce128c29c6c","name":"danilo"}]}},"publishpress_future_action":{"enabled":false,"date":"2026-05-08 11:07:40","action":"category","newStatus":"draft","terms":[],"taxonomy":"category"},"publishpress_future_workflow_manual_trigger":{"enabledWorkflows":[]},"_links":{"self":[{"href":"https:\/\/www.oarcanjo.net\/site\/wp-json\/wp\/v2\/posts\/10201"}],"collection":[{"href":"https:\/\/www.oarcanjo.net\/site\/wp-json\/wp\/v2\/posts"}],"about":[{"href":"https:\/\/www.oarcanjo.net\/site\/wp-json\/wp\/v2\/types\/post"}],"author":[{"embeddable":true,"href":"https:\/\/www.oarcanjo.net\/site\/wp-json\/wp\/v2\/users\/14"}],"replies":[{"embeddable":true,"href":"https:\/\/www.oarcanjo.net\/site\/wp-json\/wp\/v2\/comments?post=10201"}],"version-history":[{"count":1,"href":"https:\/\/www.oarcanjo.net\/site\/wp-json\/wp\/v2\/posts\/10201\/revisions"}],"predecessor-version":[{"id":88611,"href":"https:\/\/www.oarcanjo.net\/site\/wp-json\/wp\/v2\/posts\/10201\/revisions\/88611"}],"wp:attachment":[{"href":"https:\/\/www.oarcanjo.net\/site\/wp-json\/wp\/v2\/media?parent=10201"}],"wp:term":[{"taxonomy":"category","embeddable":true,"href":"https:\/\/www.oarcanjo.net\/site\/wp-json\/wp\/v2\/categories?post=10201"},{"taxonomy":"post_tag","embeddable":true,"href":"https:\/\/www.oarcanjo.net\/site\/wp-json\/wp\/v2\/tags?post=10201"}],"curies":[{"name":"wp","href":"https:\/\/api.w.org\/{rel}","templated":true}]}}