
{"id":10204,"date":"2018-07-13T00:02:16","date_gmt":"2018-07-13T03:02:16","guid":{"rendered":"http:\/\/www.oarcanjo.net\/site\/?p=10204"},"modified":"2018-06-20T18:24:37","modified_gmt":"2018-06-20T21:24:37","slug":"sao-henrique-ii","status":"publish","type":"post","link":"https:\/\/www.oarcanjo.net\/site\/sao-henrique-ii\/","title":{"rendered":"S\u00e3o Henrique II"},"content":{"rendered":"<p><img decoding=\"async\" src=\"http:\/\/3.bp.blogspot.com\/_z-c0Sh5Zlrs\/SHlYesJVucI\/AAAAAAAAApg\/AMkfVaS3ASU\/s400\/S%C3%A3o+Henrique+II.jpg\" alt=\"\" \/><\/p>\n<p>13 de Julho<\/p>\n<p>Henrique, primog\u00eanito do duque da Baviera, nasceu num bel\u00edssimo castelo \u00e0s margens do rio Dan\u00fabio, em 973, e recebeu o mesmo nome do seu pai. Veio ao mundo para reinar, desfrutando de todos os t\u00edtulos e benesses que uma corte imperial pode proporcionar ao seu futuro soberano, com os luxos e divers\u00f5es em abund\u00e2ncia. Por isso foi uma grata surpresa para os s\u00faditos verem que o jovem se resguardou da perdi\u00e7\u00e3o pela esmerada cria\u00e7\u00e3o dada por sua m\u00e3e.<\/p>\n<p>Seu pai, antes conhecido como &#8220;o briguento&#8221;, abriu seu cora\u00e7\u00e3o \u00e0 orienta\u00e7\u00e3o da esposa, cat\u00f3lica fervorosa, que anos depois seu apelido foi mudado para &#8220;o pac\u00edfico&#8221;. Assim, seus filhos receberam educa\u00e7\u00e3o correta e religiosamente conduzida nos ensinamentos de Cristo. Um dos irm\u00e3os de Henrique, Bruno, foi o primeiro a abandonar o conforto da corte para tornar-se padre e, depois, bispo de Augusta. Das irm\u00e3s, Br\u00edgida fez-se monja e Gisela, bem-aventurada da Igreja, foi mulher do rei Est\u00eav\u00e3o da Hungria, tamb\u00e9m um santo.<\/p>\n<p>O pr\u00edncipe Henrique, na idade indicada, foi confiado ao bispo de Ratisbona, s\u00e3o Wolfgang, e com ele se formou cultural e espiritualmente. A tradi\u00e7\u00e3o germ\u00e2nica diz que, certa noite, Henrique sonhou com o seu falecido diretor espiritual, s\u00e3o Wolfgang, que teria escrito na parede do quarto do pr\u00edncipe: &#8220;Entre seis&#8221;. Henrique julgou que morreria dali a seis dias, o que n\u00e3o ocorreu. Depois, achou que a morte o alcan\u00e7aria dali a seis meses. Isso tamb\u00e9m n\u00e3o aconteceu. Mas, seis anos ap\u00f3s o sonho, ele assumiu o trono da Alemanha, quando da morte de seu pai.<\/p>\n<p>Por causa dos la\u00e7os familiares, acabou sendo coroado tamb\u00e9m imperador de Roma, sendo consagrado pelo papa Bento VIII. Henrique II n\u00e3o poderia ter comandado o povo com mais sabedoria, humildade e cristandade do que j\u00e1 tinha. Promoveu a reforma do clero e dos mosteiros. Regeu a popula\u00e7\u00e3o com justi\u00e7a, bondade e caridade, freq\u00fcentando com ela a santa missa e a eucaristia. Convocou e presidiu os conc\u00edlios de Frankfurt e Bamberg. Realizou ainda muitas outras obras assistenciais e sociais.<\/p>\n<p>Ao mesmo tempo que defendia o povo e a burguesia contra os excessos de poder dos orgulhosos fidalgos, estabeleceu a paz com Roberto, rei da Fran\u00e7a. Com o fim da guerra, reconstruiu templos e mosteiros, destinando-lhes generosas contribui\u00e7\u00f5es para que se desenvolvessem e progredissem. Enfim, ao lado da esposa Cunegundes, agora santa, concedeu \u00e0 popula\u00e7\u00e3o incont\u00e1veis benef\u00edcios sociais e assistenciais, amparando os mais necessitados e doentes. O casal chegou a fazer voto eterno de castidade, para que, com mais firmeza de esp\u00edrito, pudessem dedicar-se apenas a fazer o bem ao pr\u00f3ximo.<\/p>\n<p>Henrique II morreu em 13 de julho de 1024 e foi sepultado em Bamberg. Foi canonizado em 1152, pelo papa Eug\u00eanio III. Talvez o rei s\u00e3o Henrique II seja um dos santos mais queridos da Alemanha, ao lado de sua esposa.<\/p>\n<div id=\"themify_builder_content-10204\" data-postid=\"10204\" class=\"themify_builder_content themify_builder_content-10204 themify_builder themify_builder_front\">\n\t<\/div>\n<!-- \/themify_builder_content -->","protected":false},"excerpt":{"rendered":"<p>13 de Julho Henrique, primog\u00eanito do duque da Baviera, nasceu num bel\u00edssimo castelo \u00e0s margens do rio Dan\u00fabio, em 973, e recebeu o mesmo nome do seu pai. Veio ao mundo para reinar, desfrutando de todos os t\u00edtulos e benesses que uma corte imperial pode proporcionar ao seu futuro soberano, com os luxos e divers\u00f5es [&hellip;]<\/p>\n","protected":false},"author":14,"featured_media":0,"comment_status":"open","ping_status":"open","sticky":false,"template":"","format":"standard","meta":{"ngg_post_thumbnail":0,"footnotes":""},"categories":[186],"tags":[],"yoast_head":"<!-- This site is optimized with the Yoast SEO plugin v23.5 - https:\/\/yoast.com\/wordpress\/plugins\/seo\/ -->\n<title>S\u00e3o Henrique II - O Arcanjo no ar<\/title>\n<meta name=\"robots\" content=\"index, follow, max-snippet:-1, max-image-preview:large, max-video-preview:-1\" \/>\n<link rel=\"canonical\" href=\"https:\/\/www.oarcanjo.net\/site\/sao-henrique-ii\/\" \/>\n<meta property=\"og:locale\" content=\"pt_BR\" \/>\n<meta property=\"og:type\" content=\"article\" \/>\n<meta property=\"og:title\" content=\"S\u00e3o Henrique II - O Arcanjo no ar\" \/>\n<meta property=\"og:description\" content=\"13 de Julho Henrique, primog\u00eanito do duque da Baviera, nasceu num bel\u00edssimo castelo \u00e0s margens do rio Dan\u00fabio, em 973, e recebeu o mesmo nome do seu pai. Veio ao mundo para reinar, desfrutando de todos os t\u00edtulos e benesses que uma corte imperial pode proporcionar ao seu futuro soberano, com os luxos e divers\u00f5es [&hellip;]\" \/>\n<meta property=\"og:url\" content=\"https:\/\/www.oarcanjo.net\/site\/sao-henrique-ii\/\" \/>\n<meta property=\"og:site_name\" content=\"O Arcanjo no ar\" \/>\n<meta property=\"article:publisher\" content=\"https:\/\/www.facebook.com\/OArcanjoNoAr\/\" \/>\n<meta property=\"article:published_time\" content=\"2018-07-13T03:02:16+00:00\" \/>\n<meta property=\"article:modified_time\" content=\"2018-06-20T21:24:37+00:00\" \/>\n<meta property=\"og:image\" content=\"http:\/\/3.bp.blogspot.com\/_z-c0Sh5Zlrs\/SHlYesJVucI\/AAAAAAAAApg\/AMkfVaS3ASU\/s400\/S%C3%A3o+Henrique+II.jpg\" \/>\n<meta name=\"author\" content=\"danilo\" \/>\n<meta name=\"twitter:card\" content=\"summary_large_image\" \/>\n<meta name=\"twitter:label1\" content=\"Escrito por\" \/>\n\t<meta name=\"twitter:data1\" content=\"danilo\" \/>\n\t<meta name=\"twitter:label2\" content=\"Est. tempo de leitura\" \/>\n\t<meta name=\"twitter:data2\" content=\"3 minutos\" \/>\n<script type=\"application\/ld+json\" class=\"yoast-schema-graph\">{\"@context\":\"https:\/\/schema.org\",\"@graph\":[{\"@type\":\"Article\",\"@id\":\"https:\/\/www.oarcanjo.net\/site\/sao-henrique-ii\/#article\",\"isPartOf\":{\"@id\":\"https:\/\/www.oarcanjo.net\/site\/sao-henrique-ii\/\"},\"author\":{\"name\":\"danilo\",\"@id\":\"https:\/\/www.oarcanjo.net\/site\/#\/schema\/person\/5eb9480bedd2f3c97e430ce128c29c6c\"},\"headline\":\"S\u00e3o Henrique II\",\"datePublished\":\"2018-07-13T03:02:16+00:00\",\"dateModified\":\"2018-06-20T21:24:37+00:00\",\"mainEntityOfPage\":{\"@id\":\"https:\/\/www.oarcanjo.net\/site\/sao-henrique-ii\/\"},\"wordCount\":513,\"commentCount\":0,\"publisher\":{\"@id\":\"https:\/\/www.oarcanjo.net\/site\/#organization\"},\"image\":{\"@id\":\"https:\/\/www.oarcanjo.net\/site\/sao-henrique-ii\/#primaryimage\"},\"thumbnailUrl\":\"http:\/\/3.bp.blogspot.com\/_z-c0Sh5Zlrs\/SHlYesJVucI\/AAAAAAAAApg\/AMkfVaS3ASU\/s400\/S%C3%A3o+Henrique+II.jpg\",\"articleSection\":[\"Testemunhos\"],\"inLanguage\":\"pt-BR\",\"potentialAction\":[{\"@type\":\"CommentAction\",\"name\":\"Comment\",\"target\":[\"https:\/\/www.oarcanjo.net\/site\/sao-henrique-ii\/#respond\"]}]},{\"@type\":\"WebPage\",\"@id\":\"https:\/\/www.oarcanjo.net\/site\/sao-henrique-ii\/\",\"url\":\"https:\/\/www.oarcanjo.net\/site\/sao-henrique-ii\/\",\"name\":\"S\u00e3o Henrique II - O Arcanjo no ar\",\"isPartOf\":{\"@id\":\"https:\/\/www.oarcanjo.net\/site\/#website\"},\"primaryImageOfPage\":{\"@id\":\"https:\/\/www.oarcanjo.net\/site\/sao-henrique-ii\/#primaryimage\"},\"image\":{\"@id\":\"https:\/\/www.oarcanjo.net\/site\/sao-henrique-ii\/#primaryimage\"},\"thumbnailUrl\":\"http:\/\/3.bp.blogspot.com\/_z-c0Sh5Zlrs\/SHlYesJVucI\/AAAAAAAAApg\/AMkfVaS3ASU\/s400\/S%C3%A3o+Henrique+II.jpg\",\"datePublished\":\"2018-07-13T03:02:16+00:00\",\"dateModified\":\"2018-06-20T21:24:37+00:00\",\"breadcrumb\":{\"@id\":\"https:\/\/www.oarcanjo.net\/site\/sao-henrique-ii\/#breadcrumb\"},\"inLanguage\":\"pt-BR\",\"potentialAction\":[{\"@type\":\"ReadAction\",\"target\":[\"https:\/\/www.oarcanjo.net\/site\/sao-henrique-ii\/\"]}]},{\"@type\":\"ImageObject\",\"inLanguage\":\"pt-BR\",\"@id\":\"https:\/\/www.oarcanjo.net\/site\/sao-henrique-ii\/#primaryimage\",\"url\":\"http:\/\/3.bp.blogspot.com\/_z-c0Sh5Zlrs\/SHlYesJVucI\/AAAAAAAAApg\/AMkfVaS3ASU\/s400\/S%C3%A3o+Henrique+II.jpg\",\"contentUrl\":\"http:\/\/3.bp.blogspot.com\/_z-c0Sh5Zlrs\/SHlYesJVucI\/AAAAAAAAApg\/AMkfVaS3ASU\/s400\/S%C3%A3o+Henrique+II.jpg\"},{\"@type\":\"BreadcrumbList\",\"@id\":\"https:\/\/www.oarcanjo.net\/site\/sao-henrique-ii\/#breadcrumb\",\"itemListElement\":[{\"@type\":\"ListItem\",\"position\":1,\"name\":\"In\u00edcio\",\"item\":\"https:\/\/www.oarcanjo.net\/site\/\"},{\"@type\":\"ListItem\",\"position\":2,\"name\":\"S\u00e3o Henrique II\"}]},{\"@type\":\"WebSite\",\"@id\":\"https:\/\/www.oarcanjo.net\/site\/#website\",\"url\":\"https:\/\/www.oarcanjo.net\/site\/\",\"name\":\"O Arcanjo no ar\",\"description\":\"Site da Par\u00f3quia S\u00e3o Miguel Arcanjo (Arquidiocese de SP)\",\"publisher\":{\"@id\":\"https:\/\/www.oarcanjo.net\/site\/#organization\"},\"potentialAction\":[{\"@type\":\"SearchAction\",\"target\":{\"@type\":\"EntryPoint\",\"urlTemplate\":\"https:\/\/www.oarcanjo.net\/site\/?s={search_term_string}\"},\"query-input\":{\"@type\":\"PropertyValueSpecification\",\"valueRequired\":true,\"valueName\":\"search_term_string\"}}],\"inLanguage\":\"pt-BR\"},{\"@type\":\"Organization\",\"@id\":\"https:\/\/www.oarcanjo.net\/site\/#organization\",\"name\":\"Par\u00f3quia S\u00e3o Miguel Arcanjo\",\"url\":\"https:\/\/www.oarcanjo.net\/site\/\",\"logo\":{\"@type\":\"ImageObject\",\"inLanguage\":\"pt-BR\",\"@id\":\"https:\/\/www.oarcanjo.net\/site\/#\/schema\/logo\/image\/\",\"url\":\"https:\/\/www.oarcanjo.net\/site\/wp-content\/uploads\/LogoOArcanjo.png\",\"contentUrl\":\"https:\/\/www.oarcanjo.net\/site\/wp-content\/uploads\/LogoOArcanjo.png\",\"width\":319,\"height\":99,\"caption\":\"Par\u00f3quia S\u00e3o Miguel Arcanjo\"},\"image\":{\"@id\":\"https:\/\/www.oarcanjo.net\/site\/#\/schema\/logo\/image\/\"},\"sameAs\":[\"https:\/\/www.facebook.com\/OArcanjoNoAr\/\"]},{\"@type\":\"Person\",\"@id\":\"https:\/\/www.oarcanjo.net\/site\/#\/schema\/person\/5eb9480bedd2f3c97e430ce128c29c6c\",\"name\":\"danilo\"}]}<\/script>\n<!-- \/ Yoast SEO plugin. -->","yoast_head_json":{"title":"S\u00e3o Henrique II - O Arcanjo no ar","robots":{"index":"index","follow":"follow","max-snippet":"max-snippet:-1","max-image-preview":"max-image-preview:large","max-video-preview":"max-video-preview:-1"},"canonical":"https:\/\/www.oarcanjo.net\/site\/sao-henrique-ii\/","og_locale":"pt_BR","og_type":"article","og_title":"S\u00e3o Henrique II - O Arcanjo no ar","og_description":"13 de Julho Henrique, primog\u00eanito do duque da Baviera, nasceu num bel\u00edssimo castelo \u00e0s margens do rio Dan\u00fabio, em 973, e recebeu o mesmo nome do seu pai. Veio ao mundo para reinar, desfrutando de todos os t\u00edtulos e benesses que uma corte imperial pode proporcionar ao seu futuro soberano, com os luxos e divers\u00f5es [&hellip;]","og_url":"https:\/\/www.oarcanjo.net\/site\/sao-henrique-ii\/","og_site_name":"O Arcanjo no ar","article_publisher":"https:\/\/www.facebook.com\/OArcanjoNoAr\/","article_published_time":"2018-07-13T03:02:16+00:00","article_modified_time":"2018-06-20T21:24:37+00:00","og_image":[{"url":"http:\/\/3.bp.blogspot.com\/_z-c0Sh5Zlrs\/SHlYesJVucI\/AAAAAAAAApg\/AMkfVaS3ASU\/s400\/S%C3%A3o+Henrique+II.jpg"}],"author":"danilo","twitter_card":"summary_large_image","twitter_misc":{"Escrito por":"danilo","Est. tempo de leitura":"3 minutos"},"schema":{"@context":"https:\/\/schema.org","@graph":[{"@type":"Article","@id":"https:\/\/www.oarcanjo.net\/site\/sao-henrique-ii\/#article","isPartOf":{"@id":"https:\/\/www.oarcanjo.net\/site\/sao-henrique-ii\/"},"author":{"name":"danilo","@id":"https:\/\/www.oarcanjo.net\/site\/#\/schema\/person\/5eb9480bedd2f3c97e430ce128c29c6c"},"headline":"S\u00e3o Henrique II","datePublished":"2018-07-13T03:02:16+00:00","dateModified":"2018-06-20T21:24:37+00:00","mainEntityOfPage":{"@id":"https:\/\/www.oarcanjo.net\/site\/sao-henrique-ii\/"},"wordCount":513,"commentCount":0,"publisher":{"@id":"https:\/\/www.oarcanjo.net\/site\/#organization"},"image":{"@id":"https:\/\/www.oarcanjo.net\/site\/sao-henrique-ii\/#primaryimage"},"thumbnailUrl":"http:\/\/3.bp.blogspot.com\/_z-c0Sh5Zlrs\/SHlYesJVucI\/AAAAAAAAApg\/AMkfVaS3ASU\/s400\/S%C3%A3o+Henrique+II.jpg","articleSection":["Testemunhos"],"inLanguage":"pt-BR","potentialAction":[{"@type":"CommentAction","name":"Comment","target":["https:\/\/www.oarcanjo.net\/site\/sao-henrique-ii\/#respond"]}]},{"@type":"WebPage","@id":"https:\/\/www.oarcanjo.net\/site\/sao-henrique-ii\/","url":"https:\/\/www.oarcanjo.net\/site\/sao-henrique-ii\/","name":"S\u00e3o Henrique II - O Arcanjo no ar","isPartOf":{"@id":"https:\/\/www.oarcanjo.net\/site\/#website"},"primaryImageOfPage":{"@id":"https:\/\/www.oarcanjo.net\/site\/sao-henrique-ii\/#primaryimage"},"image":{"@id":"https:\/\/www.oarcanjo.net\/site\/sao-henrique-ii\/#primaryimage"},"thumbnailUrl":"http:\/\/3.bp.blogspot.com\/_z-c0Sh5Zlrs\/SHlYesJVucI\/AAAAAAAAApg\/AMkfVaS3ASU\/s400\/S%C3%A3o+Henrique+II.jpg","datePublished":"2018-07-13T03:02:16+00:00","dateModified":"2018-06-20T21:24:37+00:00","breadcrumb":{"@id":"https:\/\/www.oarcanjo.net\/site\/sao-henrique-ii\/#breadcrumb"},"inLanguage":"pt-BR","potentialAction":[{"@type":"ReadAction","target":["https:\/\/www.oarcanjo.net\/site\/sao-henrique-ii\/"]}]},{"@type":"ImageObject","inLanguage":"pt-BR","@id":"https:\/\/www.oarcanjo.net\/site\/sao-henrique-ii\/#primaryimage","url":"http:\/\/3.bp.blogspot.com\/_z-c0Sh5Zlrs\/SHlYesJVucI\/AAAAAAAAApg\/AMkfVaS3ASU\/s400\/S%C3%A3o+Henrique+II.jpg","contentUrl":"http:\/\/3.bp.blogspot.com\/_z-c0Sh5Zlrs\/SHlYesJVucI\/AAAAAAAAApg\/AMkfVaS3ASU\/s400\/S%C3%A3o+Henrique+II.jpg"},{"@type":"BreadcrumbList","@id":"https:\/\/www.oarcanjo.net\/site\/sao-henrique-ii\/#breadcrumb","itemListElement":[{"@type":"ListItem","position":1,"name":"In\u00edcio","item":"https:\/\/www.oarcanjo.net\/site\/"},{"@type":"ListItem","position":2,"name":"S\u00e3o Henrique II"}]},{"@type":"WebSite","@id":"https:\/\/www.oarcanjo.net\/site\/#website","url":"https:\/\/www.oarcanjo.net\/site\/","name":"O Arcanjo no ar","description":"Site da Par\u00f3quia S\u00e3o Miguel Arcanjo (Arquidiocese de SP)","publisher":{"@id":"https:\/\/www.oarcanjo.net\/site\/#organization"},"potentialAction":[{"@type":"SearchAction","target":{"@type":"EntryPoint","urlTemplate":"https:\/\/www.oarcanjo.net\/site\/?s={search_term_string}"},"query-input":{"@type":"PropertyValueSpecification","valueRequired":true,"valueName":"search_term_string"}}],"inLanguage":"pt-BR"},{"@type":"Organization","@id":"https:\/\/www.oarcanjo.net\/site\/#organization","name":"Par\u00f3quia S\u00e3o Miguel Arcanjo","url":"https:\/\/www.oarcanjo.net\/site\/","logo":{"@type":"ImageObject","inLanguage":"pt-BR","@id":"https:\/\/www.oarcanjo.net\/site\/#\/schema\/logo\/image\/","url":"https:\/\/www.oarcanjo.net\/site\/wp-content\/uploads\/LogoOArcanjo.png","contentUrl":"https:\/\/www.oarcanjo.net\/site\/wp-content\/uploads\/LogoOArcanjo.png","width":319,"height":99,"caption":"Par\u00f3quia S\u00e3o Miguel Arcanjo"},"image":{"@id":"https:\/\/www.oarcanjo.net\/site\/#\/schema\/logo\/image\/"},"sameAs":["https:\/\/www.facebook.com\/OArcanjoNoAr\/"]},{"@type":"Person","@id":"https:\/\/www.oarcanjo.net\/site\/#\/schema\/person\/5eb9480bedd2f3c97e430ce128c29c6c","name":"danilo"}]}},"publishpress_future_action":{"enabled":false,"date":"2026-05-08 11:08:45","action":"category","newStatus":"draft","terms":[],"taxonomy":"category"},"publishpress_future_workflow_manual_trigger":{"enabledWorkflows":[]},"_links":{"self":[{"href":"https:\/\/www.oarcanjo.net\/site\/wp-json\/wp\/v2\/posts\/10204"}],"collection":[{"href":"https:\/\/www.oarcanjo.net\/site\/wp-json\/wp\/v2\/posts"}],"about":[{"href":"https:\/\/www.oarcanjo.net\/site\/wp-json\/wp\/v2\/types\/post"}],"author":[{"embeddable":true,"href":"https:\/\/www.oarcanjo.net\/site\/wp-json\/wp\/v2\/users\/14"}],"replies":[{"embeddable":true,"href":"https:\/\/www.oarcanjo.net\/site\/wp-json\/wp\/v2\/comments?post=10204"}],"version-history":[{"count":1,"href":"https:\/\/www.oarcanjo.net\/site\/wp-json\/wp\/v2\/posts\/10204\/revisions"}],"predecessor-version":[{"id":88632,"href":"https:\/\/www.oarcanjo.net\/site\/wp-json\/wp\/v2\/posts\/10204\/revisions\/88632"}],"wp:attachment":[{"href":"https:\/\/www.oarcanjo.net\/site\/wp-json\/wp\/v2\/media?parent=10204"}],"wp:term":[{"taxonomy":"category","embeddable":true,"href":"https:\/\/www.oarcanjo.net\/site\/wp-json\/wp\/v2\/categories?post=10204"},{"taxonomy":"post_tag","embeddable":true,"href":"https:\/\/www.oarcanjo.net\/site\/wp-json\/wp\/v2\/tags?post=10204"}],"curies":[{"name":"wp","href":"https:\/\/api.w.org\/{rel}","templated":true}]}}