
{"id":10219,"date":"2010-07-13T21:41:46","date_gmt":"2010-07-14T00:41:46","guid":{"rendered":"http:\/\/www.oarcanjo.net\/site\/?p=10219"},"modified":"2010-07-13T21:41:46","modified_gmt":"2010-07-14T00:41:46","slug":"depois-da-copa","status":"publish","type":"post","link":"https:\/\/www.oarcanjo.net\/site\/depois-da-copa\/","title":{"rendered":"Depois da Copa"},"content":{"rendered":"<p>Dom Dem\u00e9trio Valentini<\/p>\n<p>Terminou a copa do mundo. Os campe\u00f5es t\u00eam direito a festejar, pela proeza de terem chegado vitoriosos ao final.<\/p>\n<p>Mas todos podemos ter motivos de alegria, pelos valores positivos que apresentou esta copa do mundo, a primeira a se realizar no continente africano. O mundo tem uma grande d\u00edvida com a \u00c1frica.<\/p>\n<p>\u00c9 muito prov\u00e1vel que ela tenha sido o ber\u00e7o da humanidade. J\u00e1 isto seria motivo de olhar com respeito para a \u00c1frica. Mas nos s\u00e9culos recentes, a \u00c1frica foi terrivelmente explorada, sobretudo pelas na\u00e7\u00f5es europ\u00e9ias, que dividiram entre si os territ\u00f3rios africanos, para subjug\u00e1-los como col\u00f4nias, postas a servi\u00e7o dos interesses dos pa\u00edses dominadores.<\/p>\n<p>Ainda hoje a \u00c1frica paga o pesado pre\u00e7o de ter sido espoliada pela Europa. As pr\u00f3prias fronteiras entre os atuais pa\u00edses africanos, impostas pelo processo colonizador, muitas vezes n\u00e3o correspondem \u00e0s divisas entre povos e culturas diferentes. Este fato estimulou muitos atritos, que \u00e0s vezes degeneraram em guerras fratricidas. Tudo porque for\u00e7aram popula\u00e7\u00f5es homog\u00eaneas a se separarem, obrigando-as a conviveram com outras de culturas diferentes.<\/p>\n<p>E assim daria para lembrar tantas injusti\u00e7as cometidas contra a \u00c1frica, da qual se procurou explorar a for\u00e7a humana pela imposi\u00e7\u00e3o da escravid\u00e3o, e roubar suas riquezas, deixando para tr\u00e1s rastros de pobreza e de mis\u00e9ria.<\/p>\n<p>Neste sentido, valeu a realiza\u00e7\u00e3o da copa do mundo na \u00c1frica do Sul, palco de descrimina\u00e7\u00e3o racial por longo tempo, cujas consequ\u00eancias ainda permanecem em grande parte.<\/p>\n<p>Se houvesse um vencedor a ser designado pelos objetivos de repara\u00e7\u00e3o de injusti\u00e7as e de reconhecimento da dignidade dos contendores, este vencedor seria, sem d\u00favida, o povo africano.<\/p>\n<p>Independente do campe\u00e3o, quem merece nossa admira\u00e7\u00e3o e nosso apoio \u00e9 o povo sofrido da \u00c1frica, que tem todo o direito de definir sua vida e tra\u00e7ar o seu futuro. Levantemos a ta\u00e7a, como brinde para o povo africano!<\/p>\n<div id=\"themify_builder_content-10219\" data-postid=\"10219\" class=\"themify_builder_content themify_builder_content-10219 themify_builder themify_builder_front\">\n\t<\/div>\n<!-- \/themify_builder_content -->","protected":false},"excerpt":{"rendered":"<p>Dom Dem\u00e9trio Valentini Terminou a copa do mundo. Os campe\u00f5es t\u00eam direito a festejar, pela proeza de terem chegado vitoriosos ao final. Mas todos podemos ter motivos de alegria, pelos valores positivos que apresentou esta copa do mundo, a primeira a se realizar no continente africano. O mundo tem uma grande d\u00edvida com a \u00c1frica. [&hellip;]<\/p>\n","protected":false},"author":5,"featured_media":0,"comment_status":"open","ping_status":"open","sticky":false,"template":"","format":"standard","meta":{"ngg_post_thumbnail":0,"footnotes":""},"categories":[9],"tags":[1636,1644,1538,1668,560,686],"yoast_head":"<!-- This site is optimized with the Yoast SEO plugin v23.5 - https:\/\/yoast.com\/wordpress\/plugins\/seo\/ -->\n<title>Depois da Copa - O Arcanjo no ar<\/title>\n<meta name=\"robots\" content=\"index, follow, max-snippet:-1, max-image-preview:large, max-video-preview:-1\" \/>\n<link rel=\"canonical\" href=\"https:\/\/www.oarcanjo.net\/site\/depois-da-copa\/\" \/>\n<meta property=\"og:locale\" content=\"pt_BR\" \/>\n<meta property=\"og:type\" content=\"article\" \/>\n<meta property=\"og:title\" content=\"Depois da Copa - O Arcanjo no ar\" \/>\n<meta property=\"og:description\" content=\"Dom Dem\u00e9trio Valentini Terminou a copa do mundo. Os campe\u00f5es t\u00eam direito a festejar, pela proeza de terem chegado vitoriosos ao final. Mas todos podemos ter motivos de alegria, pelos valores positivos que apresentou esta copa do mundo, a primeira a se realizar no continente africano. O mundo tem uma grande d\u00edvida com a \u00c1frica. [&hellip;]\" \/>\n<meta property=\"og:url\" content=\"https:\/\/www.oarcanjo.net\/site\/depois-da-copa\/\" \/>\n<meta property=\"og:site_name\" content=\"O Arcanjo no ar\" \/>\n<meta property=\"article:publisher\" content=\"https:\/\/www.facebook.com\/OArcanjoNoAr\/\" \/>\n<meta property=\"article:published_time\" content=\"2010-07-14T00:41:46+00:00\" \/>\n<meta property=\"og:image\" content=\"https:\/\/www.oarcanjo.net\/site\/wp-content\/uploads\/logo-o-arcanjo-no-ar-facebook.png\" \/>\n\t<meta property=\"og:image:width\" content=\"300\" \/>\n\t<meta property=\"og:image:height\" content=\"300\" \/>\n\t<meta property=\"og:image:type\" content=\"image\/png\" \/>\n<meta name=\"author\" content=\"editor\" \/>\n<meta name=\"twitter:card\" content=\"summary_large_image\" \/>\n<meta name=\"twitter:label1\" content=\"Escrito por\" \/>\n\t<meta name=\"twitter:data1\" content=\"editor\" \/>\n\t<meta name=\"twitter:label2\" content=\"Est. tempo de leitura\" \/>\n\t<meta name=\"twitter:data2\" content=\"2 minutos\" \/>\n<script type=\"application\/ld+json\" class=\"yoast-schema-graph\">{\"@context\":\"https:\/\/schema.org\",\"@graph\":[{\"@type\":\"Article\",\"@id\":\"https:\/\/www.oarcanjo.net\/site\/depois-da-copa\/#article\",\"isPartOf\":{\"@id\":\"https:\/\/www.oarcanjo.net\/site\/depois-da-copa\/\"},\"author\":{\"name\":\"editor\",\"@id\":\"https:\/\/www.oarcanjo.net\/site\/#\/schema\/person\/f7024d007863202483a31326673a0838\"},\"headline\":\"Depois da Copa\",\"datePublished\":\"2010-07-14T00:41:46+00:00\",\"dateModified\":\"2010-07-14T00:41:46+00:00\",\"mainEntityOfPage\":{\"@id\":\"https:\/\/www.oarcanjo.net\/site\/depois-da-copa\/\"},\"wordCount\":342,\"commentCount\":1,\"publisher\":{\"@id\":\"https:\/\/www.oarcanjo.net\/site\/#organization\"},\"keywords\":[\"\u00c1frica\",\"apartheid\",\"Copa do Mundo\",\"discrimina\u00e7\u00e3o\",\"escravid\u00e3o\",\"racismo\"],\"articleSection\":[\"Reflex\u00f5es\"],\"inLanguage\":\"pt-BR\",\"potentialAction\":[{\"@type\":\"CommentAction\",\"name\":\"Comment\",\"target\":[\"https:\/\/www.oarcanjo.net\/site\/depois-da-copa\/#respond\"]}]},{\"@type\":\"WebPage\",\"@id\":\"https:\/\/www.oarcanjo.net\/site\/depois-da-copa\/\",\"url\":\"https:\/\/www.oarcanjo.net\/site\/depois-da-copa\/\",\"name\":\"Depois da Copa - O Arcanjo no ar\",\"isPartOf\":{\"@id\":\"https:\/\/www.oarcanjo.net\/site\/#website\"},\"datePublished\":\"2010-07-14T00:41:46+00:00\",\"dateModified\":\"2010-07-14T00:41:46+00:00\",\"breadcrumb\":{\"@id\":\"https:\/\/www.oarcanjo.net\/site\/depois-da-copa\/#breadcrumb\"},\"inLanguage\":\"pt-BR\",\"potentialAction\":[{\"@type\":\"ReadAction\",\"target\":[\"https:\/\/www.oarcanjo.net\/site\/depois-da-copa\/\"]}]},{\"@type\":\"BreadcrumbList\",\"@id\":\"https:\/\/www.oarcanjo.net\/site\/depois-da-copa\/#breadcrumb\",\"itemListElement\":[{\"@type\":\"ListItem\",\"position\":1,\"name\":\"In\u00edcio\",\"item\":\"https:\/\/www.oarcanjo.net\/site\/\"},{\"@type\":\"ListItem\",\"position\":2,\"name\":\"Depois da Copa\"}]},{\"@type\":\"WebSite\",\"@id\":\"https:\/\/www.oarcanjo.net\/site\/#website\",\"url\":\"https:\/\/www.oarcanjo.net\/site\/\",\"name\":\"O Arcanjo no ar\",\"description\":\"Site da Par\u00f3quia S\u00e3o Miguel Arcanjo (Arquidiocese de SP)\",\"publisher\":{\"@id\":\"https:\/\/www.oarcanjo.net\/site\/#organization\"},\"potentialAction\":[{\"@type\":\"SearchAction\",\"target\":{\"@type\":\"EntryPoint\",\"urlTemplate\":\"https:\/\/www.oarcanjo.net\/site\/?s={search_term_string}\"},\"query-input\":{\"@type\":\"PropertyValueSpecification\",\"valueRequired\":true,\"valueName\":\"search_term_string\"}}],\"inLanguage\":\"pt-BR\"},{\"@type\":\"Organization\",\"@id\":\"https:\/\/www.oarcanjo.net\/site\/#organization\",\"name\":\"Par\u00f3quia S\u00e3o Miguel Arcanjo\",\"url\":\"https:\/\/www.oarcanjo.net\/site\/\",\"logo\":{\"@type\":\"ImageObject\",\"inLanguage\":\"pt-BR\",\"@id\":\"https:\/\/www.oarcanjo.net\/site\/#\/schema\/logo\/image\/\",\"url\":\"https:\/\/www.oarcanjo.net\/site\/wp-content\/uploads\/LogoOArcanjo.png\",\"contentUrl\":\"https:\/\/www.oarcanjo.net\/site\/wp-content\/uploads\/LogoOArcanjo.png\",\"width\":319,\"height\":99,\"caption\":\"Par\u00f3quia S\u00e3o Miguel Arcanjo\"},\"image\":{\"@id\":\"https:\/\/www.oarcanjo.net\/site\/#\/schema\/logo\/image\/\"},\"sameAs\":[\"https:\/\/www.facebook.com\/OArcanjoNoAr\/\"]},{\"@type\":\"Person\",\"@id\":\"https:\/\/www.oarcanjo.net\/site\/#\/schema\/person\/f7024d007863202483a31326673a0838\",\"name\":\"editor\",\"sameAs\":[\"http:\/\/www.oarcanjo.net\"]}]}<\/script>\n<!-- \/ Yoast SEO plugin. -->","yoast_head_json":{"title":"Depois da Copa - O Arcanjo no ar","robots":{"index":"index","follow":"follow","max-snippet":"max-snippet:-1","max-image-preview":"max-image-preview:large","max-video-preview":"max-video-preview:-1"},"canonical":"https:\/\/www.oarcanjo.net\/site\/depois-da-copa\/","og_locale":"pt_BR","og_type":"article","og_title":"Depois da Copa - O Arcanjo no ar","og_description":"Dom Dem\u00e9trio Valentini Terminou a copa do mundo. Os campe\u00f5es t\u00eam direito a festejar, pela proeza de terem chegado vitoriosos ao final. Mas todos podemos ter motivos de alegria, pelos valores positivos que apresentou esta copa do mundo, a primeira a se realizar no continente africano. O mundo tem uma grande d\u00edvida com a \u00c1frica. [&hellip;]","og_url":"https:\/\/www.oarcanjo.net\/site\/depois-da-copa\/","og_site_name":"O Arcanjo no ar","article_publisher":"https:\/\/www.facebook.com\/OArcanjoNoAr\/","article_published_time":"2010-07-14T00:41:46+00:00","og_image":[{"width":300,"height":300,"url":"https:\/\/www.oarcanjo.net\/site\/wp-content\/uploads\/logo-o-arcanjo-no-ar-facebook.png","type":"image\/png"}],"author":"editor","twitter_card":"summary_large_image","twitter_misc":{"Escrito por":"editor","Est. tempo de leitura":"2 minutos"},"schema":{"@context":"https:\/\/schema.org","@graph":[{"@type":"Article","@id":"https:\/\/www.oarcanjo.net\/site\/depois-da-copa\/#article","isPartOf":{"@id":"https:\/\/www.oarcanjo.net\/site\/depois-da-copa\/"},"author":{"name":"editor","@id":"https:\/\/www.oarcanjo.net\/site\/#\/schema\/person\/f7024d007863202483a31326673a0838"},"headline":"Depois da Copa","datePublished":"2010-07-14T00:41:46+00:00","dateModified":"2010-07-14T00:41:46+00:00","mainEntityOfPage":{"@id":"https:\/\/www.oarcanjo.net\/site\/depois-da-copa\/"},"wordCount":342,"commentCount":1,"publisher":{"@id":"https:\/\/www.oarcanjo.net\/site\/#organization"},"keywords":["\u00c1frica","apartheid","Copa do Mundo","discrimina\u00e7\u00e3o","escravid\u00e3o","racismo"],"articleSection":["Reflex\u00f5es"],"inLanguage":"pt-BR","potentialAction":[{"@type":"CommentAction","name":"Comment","target":["https:\/\/www.oarcanjo.net\/site\/depois-da-copa\/#respond"]}]},{"@type":"WebPage","@id":"https:\/\/www.oarcanjo.net\/site\/depois-da-copa\/","url":"https:\/\/www.oarcanjo.net\/site\/depois-da-copa\/","name":"Depois da Copa - O Arcanjo no ar","isPartOf":{"@id":"https:\/\/www.oarcanjo.net\/site\/#website"},"datePublished":"2010-07-14T00:41:46+00:00","dateModified":"2010-07-14T00:41:46+00:00","breadcrumb":{"@id":"https:\/\/www.oarcanjo.net\/site\/depois-da-copa\/#breadcrumb"},"inLanguage":"pt-BR","potentialAction":[{"@type":"ReadAction","target":["https:\/\/www.oarcanjo.net\/site\/depois-da-copa\/"]}]},{"@type":"BreadcrumbList","@id":"https:\/\/www.oarcanjo.net\/site\/depois-da-copa\/#breadcrumb","itemListElement":[{"@type":"ListItem","position":1,"name":"In\u00edcio","item":"https:\/\/www.oarcanjo.net\/site\/"},{"@type":"ListItem","position":2,"name":"Depois da Copa"}]},{"@type":"WebSite","@id":"https:\/\/www.oarcanjo.net\/site\/#website","url":"https:\/\/www.oarcanjo.net\/site\/","name":"O Arcanjo no ar","description":"Site da Par\u00f3quia S\u00e3o Miguel Arcanjo (Arquidiocese de SP)","publisher":{"@id":"https:\/\/www.oarcanjo.net\/site\/#organization"},"potentialAction":[{"@type":"SearchAction","target":{"@type":"EntryPoint","urlTemplate":"https:\/\/www.oarcanjo.net\/site\/?s={search_term_string}"},"query-input":{"@type":"PropertyValueSpecification","valueRequired":true,"valueName":"search_term_string"}}],"inLanguage":"pt-BR"},{"@type":"Organization","@id":"https:\/\/www.oarcanjo.net\/site\/#organization","name":"Par\u00f3quia S\u00e3o Miguel Arcanjo","url":"https:\/\/www.oarcanjo.net\/site\/","logo":{"@type":"ImageObject","inLanguage":"pt-BR","@id":"https:\/\/www.oarcanjo.net\/site\/#\/schema\/logo\/image\/","url":"https:\/\/www.oarcanjo.net\/site\/wp-content\/uploads\/LogoOArcanjo.png","contentUrl":"https:\/\/www.oarcanjo.net\/site\/wp-content\/uploads\/LogoOArcanjo.png","width":319,"height":99,"caption":"Par\u00f3quia S\u00e3o Miguel Arcanjo"},"image":{"@id":"https:\/\/www.oarcanjo.net\/site\/#\/schema\/logo\/image\/"},"sameAs":["https:\/\/www.facebook.com\/OArcanjoNoAr\/"]},{"@type":"Person","@id":"https:\/\/www.oarcanjo.net\/site\/#\/schema\/person\/f7024d007863202483a31326673a0838","name":"editor","sameAs":["http:\/\/www.oarcanjo.net"]}]}},"publishpress_future_action":{"enabled":false,"date":"2026-05-10 05:39:34","action":"category","newStatus":"draft","terms":[],"taxonomy":"category"},"publishpress_future_workflow_manual_trigger":{"enabledWorkflows":[]},"_links":{"self":[{"href":"https:\/\/www.oarcanjo.net\/site\/wp-json\/wp\/v2\/posts\/10219"}],"collection":[{"href":"https:\/\/www.oarcanjo.net\/site\/wp-json\/wp\/v2\/posts"}],"about":[{"href":"https:\/\/www.oarcanjo.net\/site\/wp-json\/wp\/v2\/types\/post"}],"author":[{"embeddable":true,"href":"https:\/\/www.oarcanjo.net\/site\/wp-json\/wp\/v2\/users\/5"}],"replies":[{"embeddable":true,"href":"https:\/\/www.oarcanjo.net\/site\/wp-json\/wp\/v2\/comments?post=10219"}],"version-history":[{"count":0,"href":"https:\/\/www.oarcanjo.net\/site\/wp-json\/wp\/v2\/posts\/10219\/revisions"}],"wp:attachment":[{"href":"https:\/\/www.oarcanjo.net\/site\/wp-json\/wp\/v2\/media?parent=10219"}],"wp:term":[{"taxonomy":"category","embeddable":true,"href":"https:\/\/www.oarcanjo.net\/site\/wp-json\/wp\/v2\/categories?post=10219"},{"taxonomy":"post_tag","embeddable":true,"href":"https:\/\/www.oarcanjo.net\/site\/wp-json\/wp\/v2\/tags?post=10219"}],"curies":[{"name":"wp","href":"https:\/\/api.w.org\/{rel}","templated":true}]}}