
{"id":10227,"date":"2018-07-14T09:15:16","date_gmt":"2018-07-14T12:15:16","guid":{"rendered":"http:\/\/www.oarcanjo.net\/site\/?p=10227"},"modified":"2018-06-20T18:21:28","modified_gmt":"2018-06-20T21:21:28","slug":"sao-camilo-de-lellis","status":"publish","type":"post","link":"https:\/\/www.oarcanjo.net\/site\/sao-camilo-de-lellis\/","title":{"rendered":"S\u00e3o Camilo de L\u00e9llis"},"content":{"rendered":"<p><img decoding=\"async\" src=\"http:\/\/www.sebodomessias.com.br\/loja\/imagens\/produtos\/produtos\/71866_8333.jpg\" alt=\"\" \/><\/p>\n<p>14 de Julho<\/p>\n<p>Fundou a congrega\u00e7\u00e3o dos Ministros Camilianos<\/p>\n<p>Camila Compelli e Jo\u00e3o de Lellis eram j\u00e1 idosos quando o filho foi anunciado. Ele, um militar de carreira, ficou feliz, embora passasse pouco tempo em casa. Ela tamb\u00e9m, mas um pouco constrangida, por causa dos quase sessenta anos de idade. Do parto dif\u00edcil, nasceu Camilo, uma crian\u00e7a grande e saud\u00e1vel, apenas de tamanho acima da m\u00e9dia. Ele nasceu no dia 25 de maio de 1550, na pequena Bucchianico, em Chieti, no sul da It\u00e1lia.<\/p>\n<p>Cresceu e viveu ao lado da m\u00e3e, uma boa crist\u00e3, que o educou dentro da religi\u00e3o e dos bons costumes. Ela morreu quando ele tinha treze anos de idade. Camilo n\u00e3o gostava de estudar e era rebelde. Foi ent\u00e3o residir com o pai, que vivia de quartel em quartel, porque, viciado em jogo, ganhava e perdia tudo o que possu\u00eda. Apesar do p\u00e9ssimo exemplo, era um bom crist\u00e3o e amava o filho. Percebendo que Camilo, aos quatorze anos, n\u00e3o sabia nem ler direito, colocou-o para trabalhar como soldado. O jovem, devido \u00e0 sua grande estatura e f\u00edsico atl\u00e9tico, era requisitado para os trabalhos bra\u00e7ais e nunca passou de soldado, por falta de instru\u00e7\u00e3o.<\/p>\n<p>Tinha dezenove anos de idade quando o pai morreu e deixou-lhe como heran\u00e7a apenas o punhal e a espada. Na ocasi\u00e3o, Camilo j\u00e1 ganhara sua pr\u00f3pria fama, de jogador fan\u00e1tico, briguento e violento, era um rapaz bizarro. Em 1570, ap\u00f3s uma conversa com um frade franciscano, sentiu-se atra\u00eddo a ingressar na Ordem, mas foi recusado, porque apresentava uma \u00falcera no p\u00e9. Ele ent\u00e3o foi enviado para o hospital de S\u00e3o Tiago, em Roma, que diagnosticou o tumor incur\u00e1vel.<\/p>\n<p>Sem dinheiro para o tratamento, conseguiu ser internado em troca do trabalho como servente. Mesmo assim, afundou-se no jogo e foi posto na rua. Sabendo que o mosteiro dos capuchinhos estava sendo constru\u00eddo, ofereceu-se como ajudante de pedreiro e foi aceito.<\/p>\n<p>O contato com os franciscanos foi fundamental para sua convers\u00e3o.<\/p>\n<p>Um dia, a caminho do trabalho, teve uma vis\u00e3o celestial, nunca revelada a ningu\u00e9m. Estava com vinte e cinco anos de idade, largou o jogo e pediu para ingressar na Ordem dos Franciscanos. N\u00e3o conseguiu, por causa de sua ferida no p\u00e9.<\/p>\n<p>Mas os franciscanos o ajudaram a ser novamente internado no hospital de S\u00e3o Tiago, que, passados quatro anos, estava sob a sua dire\u00e7\u00e3o. Camilo, j\u00e1 tocado pela gra\u00e7a, dessa vez, al\u00e9m de tratar a eterna ferida passou a cuidar dos outros enfermos, como volunt\u00e1rio. Mas preferia assistir aos doentes mais repugnantes e terminais, pois percebeu que os funcion\u00e1rios, apesar de bem remunerados, abandonavam-nos \u00e0 pr\u00f3pria sorte, deixando-os passar priva\u00e7\u00f5es e vexames.<\/p>\n<p>Neles, Camilo viu o pr\u00f3prio Cristo e por eles passou a viver. Em 1584, sob orienta\u00e7\u00e3o do amigo e contempor\u00e2neo, tamb\u00e9m fundador e santo, padre Filipe N\u00e9ri, constituiu uma irmandade de volunt\u00e1rios para cuidar dos doentes pobres e miser\u00e1veis, depois intitulada Congrega\u00e7\u00e3o dos Ministros Camilianos. Ainda com a ajuda de Filipe N\u00e9ri, estudou e vestiu o h\u00e1bito negro com a cruz vermelha de sua pr\u00f3pria Ordem, pois sua congrega\u00e7\u00e3o, em 1591, recebeu a aprova\u00e7\u00e3o do Vaticano, sendo elevada \u00e0 categoria de ordem religiosa.<\/p>\n<p>Eleito para superior, dirigiu por vinte anos sua Ordem dos padres enfermeiros, dizem que com &#8220;m\u00e3o de ferro&#8221; e a determina\u00e7\u00e3o militar recebida na inf\u00e2ncia e juventude. Depois, os \u00faltimos sete anos de vida preferiu ficar ensinado como os doentes deviam ser tratados e conviver entre eles. Mesmo sofrendo terr\u00edveis dores nos p\u00e9s, Camilo ia visitar os doentes em casa e, quando necess\u00e1rio, chegava a carreg\u00e1-los nas costas para o hospital. Nessa hora, agradecia a Deus a estatura f\u00edsica que lhe dera.<\/p>\n<p>Recebeu o dom da cura pelas palavras e ora\u00e7\u00f5es, logo a sua fama de padre milagreiro correu entre os fi\u00e9is, que, ricos e pobres, procuravam sua ajuda. Era um homem muito querido em toda a It\u00e1lia, quando morreu em 14 de julho de 1614. Foi canonizado em 1746. S\u00e3o Camilo de Lellis, em1886, foi declarado Padroeiro dos Enfermos, dos Doentes e dos Hospitais.<\/p>\n<div id=\"themify_builder_content-10227\" data-postid=\"10227\" class=\"themify_builder_content themify_builder_content-10227 themify_builder themify_builder_front\">\n\t<\/div>\n<!-- \/themify_builder_content -->","protected":false},"excerpt":{"rendered":"<p>14 de Julho Fundou a congrega\u00e7\u00e3o dos Ministros Camilianos Camila Compelli e Jo\u00e3o de Lellis eram j\u00e1 idosos quando o filho foi anunciado. Ele, um militar de carreira, ficou feliz, embora passasse pouco tempo em casa. Ela tamb\u00e9m, mas um pouco constrangida, por causa dos quase sessenta anos de idade. Do parto dif\u00edcil, nasceu Camilo, [&hellip;]<\/p>\n","protected":false},"author":14,"featured_media":0,"comment_status":"open","ping_status":"open","sticky":false,"template":"","format":"standard","meta":{"ngg_post_thumbnail":0,"footnotes":""},"categories":[186],"tags":[],"yoast_head":"<!-- This site is optimized with the Yoast SEO plugin v23.5 - https:\/\/yoast.com\/wordpress\/plugins\/seo\/ -->\n<title>S\u00e3o Camilo de L\u00e9llis - O Arcanjo no ar<\/title>\n<meta name=\"robots\" content=\"index, follow, max-snippet:-1, max-image-preview:large, max-video-preview:-1\" \/>\n<link rel=\"canonical\" href=\"https:\/\/www.oarcanjo.net\/site\/sao-camilo-de-lellis\/\" \/>\n<meta property=\"og:locale\" content=\"pt_BR\" \/>\n<meta property=\"og:type\" content=\"article\" \/>\n<meta property=\"og:title\" content=\"S\u00e3o Camilo de L\u00e9llis - O Arcanjo no ar\" \/>\n<meta property=\"og:description\" content=\"14 de Julho Fundou a congrega\u00e7\u00e3o dos Ministros Camilianos Camila Compelli e Jo\u00e3o de Lellis eram j\u00e1 idosos quando o filho foi anunciado. Ele, um militar de carreira, ficou feliz, embora passasse pouco tempo em casa. Ela tamb\u00e9m, mas um pouco constrangida, por causa dos quase sessenta anos de idade. Do parto dif\u00edcil, nasceu Camilo, [&hellip;]\" \/>\n<meta property=\"og:url\" content=\"https:\/\/www.oarcanjo.net\/site\/sao-camilo-de-lellis\/\" \/>\n<meta property=\"og:site_name\" content=\"O Arcanjo no ar\" \/>\n<meta property=\"article:publisher\" content=\"https:\/\/www.facebook.com\/OArcanjoNoAr\/\" \/>\n<meta property=\"article:published_time\" content=\"2018-07-14T12:15:16+00:00\" \/>\n<meta property=\"article:modified_time\" content=\"2018-06-20T21:21:28+00:00\" \/>\n<meta property=\"og:image\" content=\"http:\/\/www.sebodomessias.com.br\/loja\/imagens\/produtos\/produtos\/71866_8333.jpg\" \/>\n<meta name=\"author\" content=\"danilo\" \/>\n<meta name=\"twitter:card\" content=\"summary_large_image\" \/>\n<meta name=\"twitter:label1\" content=\"Escrito por\" \/>\n\t<meta name=\"twitter:data1\" content=\"danilo\" \/>\n\t<meta name=\"twitter:label2\" content=\"Est. tempo de leitura\" \/>\n\t<meta name=\"twitter:data2\" content=\"4 minutos\" \/>\n<script type=\"application\/ld+json\" class=\"yoast-schema-graph\">{\"@context\":\"https:\/\/schema.org\",\"@graph\":[{\"@type\":\"Article\",\"@id\":\"https:\/\/www.oarcanjo.net\/site\/sao-camilo-de-lellis\/#article\",\"isPartOf\":{\"@id\":\"https:\/\/www.oarcanjo.net\/site\/sao-camilo-de-lellis\/\"},\"author\":{\"name\":\"danilo\",\"@id\":\"https:\/\/www.oarcanjo.net\/site\/#\/schema\/person\/5eb9480bedd2f3c97e430ce128c29c6c\"},\"headline\":\"S\u00e3o Camilo de L\u00e9llis\",\"datePublished\":\"2018-07-14T12:15:16+00:00\",\"dateModified\":\"2018-06-20T21:21:28+00:00\",\"mainEntityOfPage\":{\"@id\":\"https:\/\/www.oarcanjo.net\/site\/sao-camilo-de-lellis\/\"},\"wordCount\":728,\"commentCount\":0,\"publisher\":{\"@id\":\"https:\/\/www.oarcanjo.net\/site\/#organization\"},\"image\":{\"@id\":\"https:\/\/www.oarcanjo.net\/site\/sao-camilo-de-lellis\/#primaryimage\"},\"thumbnailUrl\":\"http:\/\/www.sebodomessias.com.br\/loja\/imagens\/produtos\/produtos\/71866_8333.jpg\",\"articleSection\":[\"Testemunhos\"],\"inLanguage\":\"pt-BR\",\"potentialAction\":[{\"@type\":\"CommentAction\",\"name\":\"Comment\",\"target\":[\"https:\/\/www.oarcanjo.net\/site\/sao-camilo-de-lellis\/#respond\"]}]},{\"@type\":\"WebPage\",\"@id\":\"https:\/\/www.oarcanjo.net\/site\/sao-camilo-de-lellis\/\",\"url\":\"https:\/\/www.oarcanjo.net\/site\/sao-camilo-de-lellis\/\",\"name\":\"S\u00e3o Camilo de L\u00e9llis - O Arcanjo no ar\",\"isPartOf\":{\"@id\":\"https:\/\/www.oarcanjo.net\/site\/#website\"},\"primaryImageOfPage\":{\"@id\":\"https:\/\/www.oarcanjo.net\/site\/sao-camilo-de-lellis\/#primaryimage\"},\"image\":{\"@id\":\"https:\/\/www.oarcanjo.net\/site\/sao-camilo-de-lellis\/#primaryimage\"},\"thumbnailUrl\":\"http:\/\/www.sebodomessias.com.br\/loja\/imagens\/produtos\/produtos\/71866_8333.jpg\",\"datePublished\":\"2018-07-14T12:15:16+00:00\",\"dateModified\":\"2018-06-20T21:21:28+00:00\",\"breadcrumb\":{\"@id\":\"https:\/\/www.oarcanjo.net\/site\/sao-camilo-de-lellis\/#breadcrumb\"},\"inLanguage\":\"pt-BR\",\"potentialAction\":[{\"@type\":\"ReadAction\",\"target\":[\"https:\/\/www.oarcanjo.net\/site\/sao-camilo-de-lellis\/\"]}]},{\"@type\":\"ImageObject\",\"inLanguage\":\"pt-BR\",\"@id\":\"https:\/\/www.oarcanjo.net\/site\/sao-camilo-de-lellis\/#primaryimage\",\"url\":\"http:\/\/www.sebodomessias.com.br\/loja\/imagens\/produtos\/produtos\/71866_8333.jpg\",\"contentUrl\":\"http:\/\/www.sebodomessias.com.br\/loja\/imagens\/produtos\/produtos\/71866_8333.jpg\"},{\"@type\":\"BreadcrumbList\",\"@id\":\"https:\/\/www.oarcanjo.net\/site\/sao-camilo-de-lellis\/#breadcrumb\",\"itemListElement\":[{\"@type\":\"ListItem\",\"position\":1,\"name\":\"In\u00edcio\",\"item\":\"https:\/\/www.oarcanjo.net\/site\/\"},{\"@type\":\"ListItem\",\"position\":2,\"name\":\"S\u00e3o Camilo de L\u00e9llis\"}]},{\"@type\":\"WebSite\",\"@id\":\"https:\/\/www.oarcanjo.net\/site\/#website\",\"url\":\"https:\/\/www.oarcanjo.net\/site\/\",\"name\":\"O Arcanjo no ar\",\"description\":\"Site da Par\u00f3quia S\u00e3o Miguel Arcanjo (Arquidiocese de SP)\",\"publisher\":{\"@id\":\"https:\/\/www.oarcanjo.net\/site\/#organization\"},\"potentialAction\":[{\"@type\":\"SearchAction\",\"target\":{\"@type\":\"EntryPoint\",\"urlTemplate\":\"https:\/\/www.oarcanjo.net\/site\/?s={search_term_string}\"},\"query-input\":{\"@type\":\"PropertyValueSpecification\",\"valueRequired\":true,\"valueName\":\"search_term_string\"}}],\"inLanguage\":\"pt-BR\"},{\"@type\":\"Organization\",\"@id\":\"https:\/\/www.oarcanjo.net\/site\/#organization\",\"name\":\"Par\u00f3quia S\u00e3o Miguel Arcanjo\",\"url\":\"https:\/\/www.oarcanjo.net\/site\/\",\"logo\":{\"@type\":\"ImageObject\",\"inLanguage\":\"pt-BR\",\"@id\":\"https:\/\/www.oarcanjo.net\/site\/#\/schema\/logo\/image\/\",\"url\":\"https:\/\/www.oarcanjo.net\/site\/wp-content\/uploads\/LogoOArcanjo.png\",\"contentUrl\":\"https:\/\/www.oarcanjo.net\/site\/wp-content\/uploads\/LogoOArcanjo.png\",\"width\":319,\"height\":99,\"caption\":\"Par\u00f3quia S\u00e3o Miguel Arcanjo\"},\"image\":{\"@id\":\"https:\/\/www.oarcanjo.net\/site\/#\/schema\/logo\/image\/\"},\"sameAs\":[\"https:\/\/www.facebook.com\/OArcanjoNoAr\/\"]},{\"@type\":\"Person\",\"@id\":\"https:\/\/www.oarcanjo.net\/site\/#\/schema\/person\/5eb9480bedd2f3c97e430ce128c29c6c\",\"name\":\"danilo\"}]}<\/script>\n<!-- \/ Yoast SEO plugin. -->","yoast_head_json":{"title":"S\u00e3o Camilo de L\u00e9llis - O Arcanjo no ar","robots":{"index":"index","follow":"follow","max-snippet":"max-snippet:-1","max-image-preview":"max-image-preview:large","max-video-preview":"max-video-preview:-1"},"canonical":"https:\/\/www.oarcanjo.net\/site\/sao-camilo-de-lellis\/","og_locale":"pt_BR","og_type":"article","og_title":"S\u00e3o Camilo de L\u00e9llis - O Arcanjo no ar","og_description":"14 de Julho Fundou a congrega\u00e7\u00e3o dos Ministros Camilianos Camila Compelli e Jo\u00e3o de Lellis eram j\u00e1 idosos quando o filho foi anunciado. Ele, um militar de carreira, ficou feliz, embora passasse pouco tempo em casa. Ela tamb\u00e9m, mas um pouco constrangida, por causa dos quase sessenta anos de idade. Do parto dif\u00edcil, nasceu Camilo, [&hellip;]","og_url":"https:\/\/www.oarcanjo.net\/site\/sao-camilo-de-lellis\/","og_site_name":"O Arcanjo no ar","article_publisher":"https:\/\/www.facebook.com\/OArcanjoNoAr\/","article_published_time":"2018-07-14T12:15:16+00:00","article_modified_time":"2018-06-20T21:21:28+00:00","og_image":[{"url":"http:\/\/www.sebodomessias.com.br\/loja\/imagens\/produtos\/produtos\/71866_8333.jpg"}],"author":"danilo","twitter_card":"summary_large_image","twitter_misc":{"Escrito por":"danilo","Est. tempo de leitura":"4 minutos"},"schema":{"@context":"https:\/\/schema.org","@graph":[{"@type":"Article","@id":"https:\/\/www.oarcanjo.net\/site\/sao-camilo-de-lellis\/#article","isPartOf":{"@id":"https:\/\/www.oarcanjo.net\/site\/sao-camilo-de-lellis\/"},"author":{"name":"danilo","@id":"https:\/\/www.oarcanjo.net\/site\/#\/schema\/person\/5eb9480bedd2f3c97e430ce128c29c6c"},"headline":"S\u00e3o Camilo de L\u00e9llis","datePublished":"2018-07-14T12:15:16+00:00","dateModified":"2018-06-20T21:21:28+00:00","mainEntityOfPage":{"@id":"https:\/\/www.oarcanjo.net\/site\/sao-camilo-de-lellis\/"},"wordCount":728,"commentCount":0,"publisher":{"@id":"https:\/\/www.oarcanjo.net\/site\/#organization"},"image":{"@id":"https:\/\/www.oarcanjo.net\/site\/sao-camilo-de-lellis\/#primaryimage"},"thumbnailUrl":"http:\/\/www.sebodomessias.com.br\/loja\/imagens\/produtos\/produtos\/71866_8333.jpg","articleSection":["Testemunhos"],"inLanguage":"pt-BR","potentialAction":[{"@type":"CommentAction","name":"Comment","target":["https:\/\/www.oarcanjo.net\/site\/sao-camilo-de-lellis\/#respond"]}]},{"@type":"WebPage","@id":"https:\/\/www.oarcanjo.net\/site\/sao-camilo-de-lellis\/","url":"https:\/\/www.oarcanjo.net\/site\/sao-camilo-de-lellis\/","name":"S\u00e3o Camilo de L\u00e9llis - O Arcanjo no ar","isPartOf":{"@id":"https:\/\/www.oarcanjo.net\/site\/#website"},"primaryImageOfPage":{"@id":"https:\/\/www.oarcanjo.net\/site\/sao-camilo-de-lellis\/#primaryimage"},"image":{"@id":"https:\/\/www.oarcanjo.net\/site\/sao-camilo-de-lellis\/#primaryimage"},"thumbnailUrl":"http:\/\/www.sebodomessias.com.br\/loja\/imagens\/produtos\/produtos\/71866_8333.jpg","datePublished":"2018-07-14T12:15:16+00:00","dateModified":"2018-06-20T21:21:28+00:00","breadcrumb":{"@id":"https:\/\/www.oarcanjo.net\/site\/sao-camilo-de-lellis\/#breadcrumb"},"inLanguage":"pt-BR","potentialAction":[{"@type":"ReadAction","target":["https:\/\/www.oarcanjo.net\/site\/sao-camilo-de-lellis\/"]}]},{"@type":"ImageObject","inLanguage":"pt-BR","@id":"https:\/\/www.oarcanjo.net\/site\/sao-camilo-de-lellis\/#primaryimage","url":"http:\/\/www.sebodomessias.com.br\/loja\/imagens\/produtos\/produtos\/71866_8333.jpg","contentUrl":"http:\/\/www.sebodomessias.com.br\/loja\/imagens\/produtos\/produtos\/71866_8333.jpg"},{"@type":"BreadcrumbList","@id":"https:\/\/www.oarcanjo.net\/site\/sao-camilo-de-lellis\/#breadcrumb","itemListElement":[{"@type":"ListItem","position":1,"name":"In\u00edcio","item":"https:\/\/www.oarcanjo.net\/site\/"},{"@type":"ListItem","position":2,"name":"S\u00e3o Camilo de L\u00e9llis"}]},{"@type":"WebSite","@id":"https:\/\/www.oarcanjo.net\/site\/#website","url":"https:\/\/www.oarcanjo.net\/site\/","name":"O Arcanjo no ar","description":"Site da Par\u00f3quia S\u00e3o Miguel Arcanjo (Arquidiocese de SP)","publisher":{"@id":"https:\/\/www.oarcanjo.net\/site\/#organization"},"potentialAction":[{"@type":"SearchAction","target":{"@type":"EntryPoint","urlTemplate":"https:\/\/www.oarcanjo.net\/site\/?s={search_term_string}"},"query-input":{"@type":"PropertyValueSpecification","valueRequired":true,"valueName":"search_term_string"}}],"inLanguage":"pt-BR"},{"@type":"Organization","@id":"https:\/\/www.oarcanjo.net\/site\/#organization","name":"Par\u00f3quia S\u00e3o Miguel Arcanjo","url":"https:\/\/www.oarcanjo.net\/site\/","logo":{"@type":"ImageObject","inLanguage":"pt-BR","@id":"https:\/\/www.oarcanjo.net\/site\/#\/schema\/logo\/image\/","url":"https:\/\/www.oarcanjo.net\/site\/wp-content\/uploads\/LogoOArcanjo.png","contentUrl":"https:\/\/www.oarcanjo.net\/site\/wp-content\/uploads\/LogoOArcanjo.png","width":319,"height":99,"caption":"Par\u00f3quia S\u00e3o Miguel Arcanjo"},"image":{"@id":"https:\/\/www.oarcanjo.net\/site\/#\/schema\/logo\/image\/"},"sameAs":["https:\/\/www.facebook.com\/OArcanjoNoAr\/"]},{"@type":"Person","@id":"https:\/\/www.oarcanjo.net\/site\/#\/schema\/person\/5eb9480bedd2f3c97e430ce128c29c6c","name":"danilo"}]}},"publishpress_future_action":{"enabled":false,"date":"2026-05-08 11:08:31","action":"category","newStatus":"draft","terms":[],"taxonomy":"category"},"publishpress_future_workflow_manual_trigger":{"enabledWorkflows":[]},"_links":{"self":[{"href":"https:\/\/www.oarcanjo.net\/site\/wp-json\/wp\/v2\/posts\/10227"}],"collection":[{"href":"https:\/\/www.oarcanjo.net\/site\/wp-json\/wp\/v2\/posts"}],"about":[{"href":"https:\/\/www.oarcanjo.net\/site\/wp-json\/wp\/v2\/types\/post"}],"author":[{"embeddable":true,"href":"https:\/\/www.oarcanjo.net\/site\/wp-json\/wp\/v2\/users\/14"}],"replies":[{"embeddable":true,"href":"https:\/\/www.oarcanjo.net\/site\/wp-json\/wp\/v2\/comments?post=10227"}],"version-history":[{"count":1,"href":"https:\/\/www.oarcanjo.net\/site\/wp-json\/wp\/v2\/posts\/10227\/revisions"}],"predecessor-version":[{"id":88610,"href":"https:\/\/www.oarcanjo.net\/site\/wp-json\/wp\/v2\/posts\/10227\/revisions\/88610"}],"wp:attachment":[{"href":"https:\/\/www.oarcanjo.net\/site\/wp-json\/wp\/v2\/media?parent=10227"}],"wp:term":[{"taxonomy":"category","embeddable":true,"href":"https:\/\/www.oarcanjo.net\/site\/wp-json\/wp\/v2\/categories?post=10227"},{"taxonomy":"post_tag","embeddable":true,"href":"https:\/\/www.oarcanjo.net\/site\/wp-json\/wp\/v2\/tags?post=10227"}],"curies":[{"name":"wp","href":"https:\/\/api.w.org\/{rel}","templated":true}]}}