
{"id":10230,"date":"2018-07-14T09:17:02","date_gmt":"2018-07-14T12:17:02","guid":{"rendered":"http:\/\/www.oarcanjo.net\/site\/?p=10230"},"modified":"2018-06-20T18:25:22","modified_gmt":"2018-06-20T21:25:22","slug":"bem-aventurada-santa-catarina-tekakwitha","status":"publish","type":"post","link":"https:\/\/www.oarcanjo.net\/site\/bem-aventurada-santa-catarina-tekakwitha\/","title":{"rendered":"Bem Aventurada Santa Catarina Tekakwitha"},"content":{"rendered":"<p><img decoding=\"async\" src=\"http:\/\/www.paroquiasaorafael.org.br\/images\/tekakwitha.jpg\" alt=\"\" \/><\/p>\n<p>14 de Julho<\/p>\n<p>Kateri Tekakwitha, para n\u00f3s Catarina, foi a primeira americana pele-vermelha a ter sua santidade reconhecida pela Igreja. Ela nasceu no ano de 1656, perto da cidade de Port Orange, no Canad\u00e1. Seu pai era o chefe ind\u00edgena da na\u00e7\u00e3o Mohawks, um pag\u00e3o. Enquanto sua m\u00e3e era uma \u00edndia crist\u00e3, catequizada pelos jesu\u00edtas, que fora raptada e levada para outra tribo, onde teve de unir-se a esse chefe. N\u00e3o p\u00f4de batizar a filha com nome da santa de sua devo\u00e7\u00e3o, mas era s\u00f3 por ele que a chamava: Catarina. O costume ind\u00edgena determina que o chefe escolha o nome de todas as crian\u00e7as de sua na\u00e7\u00e3o. Por isso seu pai escolheu Tekakwitha, que significa &#8220;aquela que coloca as coisas nos lugares&#8221;, mostrando que ambas, consideradas estrangeiras, haviam sido totalmente aceitas por seu povo.<\/p>\n<p>Viveu com os pais at\u00e9 os quatro anos, quando ficou \u00f3rf\u00e3. Na ocasi\u00e3o, sobreviveu a uma epidemia de var\u00edola, por\u00e9m ficou parcialmente cega, com o rosto desfigurado pelas marcas da doen\u00e7a e a sa\u00fade enfraquecida por toda a vida. O novo chefe, que era seu tio, acolheu-a e ela passou a ajudar a tia no cuidado da casa. Na resid\u00eancia pag\u00e3, sofreu press\u00f5es e foi muito maltratada.<\/p>\n<p>Catarina, que havia sido catequizada pela m\u00e3e, amava Jesus e obedecia \u00e0 moral crist\u00e3, rezando regularmente. Era vista contando as hist\u00f3rias de Jesus para as crian\u00e7as e os idosos, que ficavam ao seu lado enquanto tecia, trabalho que executava apesar da pouca vis\u00e3o. Em 1675, soube que jesu\u00edtas estavam na regi\u00e3o. Desejando ser batizada, foi ao encontro deles. Recebeu o sacramento um ano depois, e o nome de Catarina Tekakwitha. Devido \u00e0 sua f\u00e9, era hostilizada, porque rejeitava as propostas de casamentos. Por tal motivo, seu tio, cada vez mais, a amea\u00e7ava com uma uni\u00e3o. Quando a situa\u00e7\u00e3o ficou insustent\u00e1vel, ela fugiu.<\/p>\n<p>Procurou a Miss\u00e3o dos jesu\u00edtas de S\u00e3o Francisco Xavier, em Sault, perto de Montreal, onde foi acolhida e recebeu a primeira comunh\u00e3o, dando um exemplo de extraordin\u00e1ria piedade.<\/p>\n<p>Sempre discreta, recolhia-se por longos per\u00edodos na floresta, onde, junto a uma cruz que ela havia tra\u00e7ado na casca de uma \u00e1rvore, ficava em ora\u00e7\u00e3o. Sem, entretanto, descuidar-se das fun\u00e7\u00f5es religiosas, do servi\u00e7o da comunidade e da fam\u00edlia que a hospedava. Em 1679, fez voto perp\u00e9tuo de castidade, expressando o desejo de fundar um convento s\u00f3 para mo\u00e7as ind\u00edgenas, mas seu guia espiritual n\u00e3o permitiu, em raz\u00e3o da sua delicada sa\u00fade.<\/p>\n<p>Aos vinte e quatro anos, ela morreu no dia 17 de abril de 1680. Momentos antes de morrer, o seu rosto desfigurado, tornou-se bonito e sem marcas, milagre presenciado pelos jesu\u00edtas e algumas pessoas que a assistiam. O milagre e a fama de suas virtudes espalhou-se rapidamente e possibilitou a convers\u00e3o de muitos irm\u00e3os de sua ra\u00e7a. Catarina, que amou, viveu e conservou o seu cristianismo s\u00f3 com a ajuda da gra\u00e7a, por muitos anos, tornou-se conhecida em todas as na\u00e7\u00f5es ind\u00edgenas como &#8220;o l\u00edrio dos Mohawks&#8221;, que intercedia por seus pedidos de gra\u00e7as.<\/p>\n<p>A sua exist\u00eancia curta e pura, como esta flor, conseguiu o que havia almejado: que as na\u00e7\u00f5es ind\u00edgenas dos Estados Unidos e do Canad\u00e1 conhecessem e vivessem a Paix\u00e3o de Jesus Cristo.<\/p>\n<p>O papa Jo\u00e3o Paulo II nomeou-a padroeira da 17a Jornada Mundial da Juventude realizada no Canad\u00e1, em 2002, quando a beatificou. Ao lado de s\u00e3o Francisco de Assis, a bem-aventurada Catarina Tekakwitha foi honrada pela Igreja com o t\u00edtulo de &#8220;Padroeira da Ecologia e do Meio Ambiente&#8221;. Sua festa ocorre no dia 14 de julho.<\/p>\n<div id=\"themify_builder_content-10230\" data-postid=\"10230\" class=\"themify_builder_content themify_builder_content-10230 themify_builder themify_builder_front\">\n\t<\/div>\n<!-- \/themify_builder_content -->","protected":false},"excerpt":{"rendered":"<p>14 de Julho Kateri Tekakwitha, para n\u00f3s Catarina, foi a primeira americana pele-vermelha a ter sua santidade reconhecida pela Igreja. Ela nasceu no ano de 1656, perto da cidade de Port Orange, no Canad\u00e1. Seu pai era o chefe ind\u00edgena da na\u00e7\u00e3o Mohawks, um pag\u00e3o. Enquanto sua m\u00e3e era uma \u00edndia crist\u00e3, catequizada pelos jesu\u00edtas, [&hellip;]<\/p>\n","protected":false},"author":14,"featured_media":0,"comment_status":"open","ping_status":"open","sticky":false,"template":"","format":"standard","meta":{"ngg_post_thumbnail":0,"footnotes":""},"categories":[186],"tags":[],"yoast_head":"<!-- This site is optimized with the Yoast SEO plugin v23.5 - https:\/\/yoast.com\/wordpress\/plugins\/seo\/ -->\n<title>Bem Aventurada Santa Catarina Tekakwitha - O Arcanjo no ar<\/title>\n<meta name=\"robots\" content=\"index, follow, max-snippet:-1, max-image-preview:large, max-video-preview:-1\" \/>\n<link rel=\"canonical\" href=\"https:\/\/www.oarcanjo.net\/site\/bem-aventurada-santa-catarina-tekakwitha\/\" \/>\n<meta property=\"og:locale\" content=\"pt_BR\" \/>\n<meta property=\"og:type\" content=\"article\" \/>\n<meta property=\"og:title\" content=\"Bem Aventurada Santa Catarina Tekakwitha - O Arcanjo no ar\" \/>\n<meta property=\"og:description\" content=\"14 de Julho Kateri Tekakwitha, para n\u00f3s Catarina, foi a primeira americana pele-vermelha a ter sua santidade reconhecida pela Igreja. Ela nasceu no ano de 1656, perto da cidade de Port Orange, no Canad\u00e1. Seu pai era o chefe ind\u00edgena da na\u00e7\u00e3o Mohawks, um pag\u00e3o. Enquanto sua m\u00e3e era uma \u00edndia crist\u00e3, catequizada pelos jesu\u00edtas, [&hellip;]\" \/>\n<meta property=\"og:url\" content=\"https:\/\/www.oarcanjo.net\/site\/bem-aventurada-santa-catarina-tekakwitha\/\" \/>\n<meta property=\"og:site_name\" content=\"O Arcanjo no ar\" \/>\n<meta property=\"article:publisher\" content=\"https:\/\/www.facebook.com\/OArcanjoNoAr\/\" \/>\n<meta property=\"article:published_time\" content=\"2018-07-14T12:17:02+00:00\" \/>\n<meta property=\"article:modified_time\" content=\"2018-06-20T21:25:22+00:00\" \/>\n<meta property=\"og:image\" content=\"http:\/\/www.paroquiasaorafael.org.br\/images\/tekakwitha.jpg\" \/>\n<meta name=\"author\" content=\"danilo\" \/>\n<meta name=\"twitter:card\" content=\"summary_large_image\" \/>\n<meta name=\"twitter:label1\" content=\"Escrito por\" \/>\n\t<meta name=\"twitter:data1\" content=\"danilo\" \/>\n\t<meta name=\"twitter:label2\" content=\"Est. tempo de leitura\" \/>\n\t<meta name=\"twitter:data2\" content=\"3 minutos\" \/>\n<script type=\"application\/ld+json\" class=\"yoast-schema-graph\">{\"@context\":\"https:\/\/schema.org\",\"@graph\":[{\"@type\":\"Article\",\"@id\":\"https:\/\/www.oarcanjo.net\/site\/bem-aventurada-santa-catarina-tekakwitha\/#article\",\"isPartOf\":{\"@id\":\"https:\/\/www.oarcanjo.net\/site\/bem-aventurada-santa-catarina-tekakwitha\/\"},\"author\":{\"name\":\"danilo\",\"@id\":\"https:\/\/www.oarcanjo.net\/site\/#\/schema\/person\/5eb9480bedd2f3c97e430ce128c29c6c\"},\"headline\":\"Bem Aventurada Santa Catarina Tekakwitha\",\"datePublished\":\"2018-07-14T12:17:02+00:00\",\"dateModified\":\"2018-06-20T21:25:22+00:00\",\"mainEntityOfPage\":{\"@id\":\"https:\/\/www.oarcanjo.net\/site\/bem-aventurada-santa-catarina-tekakwitha\/\"},\"wordCount\":641,\"commentCount\":0,\"publisher\":{\"@id\":\"https:\/\/www.oarcanjo.net\/site\/#organization\"},\"image\":{\"@id\":\"https:\/\/www.oarcanjo.net\/site\/bem-aventurada-santa-catarina-tekakwitha\/#primaryimage\"},\"thumbnailUrl\":\"http:\/\/www.paroquiasaorafael.org.br\/images\/tekakwitha.jpg\",\"articleSection\":[\"Testemunhos\"],\"inLanguage\":\"pt-BR\",\"potentialAction\":[{\"@type\":\"CommentAction\",\"name\":\"Comment\",\"target\":[\"https:\/\/www.oarcanjo.net\/site\/bem-aventurada-santa-catarina-tekakwitha\/#respond\"]}]},{\"@type\":\"WebPage\",\"@id\":\"https:\/\/www.oarcanjo.net\/site\/bem-aventurada-santa-catarina-tekakwitha\/\",\"url\":\"https:\/\/www.oarcanjo.net\/site\/bem-aventurada-santa-catarina-tekakwitha\/\",\"name\":\"Bem Aventurada Santa Catarina Tekakwitha - O Arcanjo no ar\",\"isPartOf\":{\"@id\":\"https:\/\/www.oarcanjo.net\/site\/#website\"},\"primaryImageOfPage\":{\"@id\":\"https:\/\/www.oarcanjo.net\/site\/bem-aventurada-santa-catarina-tekakwitha\/#primaryimage\"},\"image\":{\"@id\":\"https:\/\/www.oarcanjo.net\/site\/bem-aventurada-santa-catarina-tekakwitha\/#primaryimage\"},\"thumbnailUrl\":\"http:\/\/www.paroquiasaorafael.org.br\/images\/tekakwitha.jpg\",\"datePublished\":\"2018-07-14T12:17:02+00:00\",\"dateModified\":\"2018-06-20T21:25:22+00:00\",\"breadcrumb\":{\"@id\":\"https:\/\/www.oarcanjo.net\/site\/bem-aventurada-santa-catarina-tekakwitha\/#breadcrumb\"},\"inLanguage\":\"pt-BR\",\"potentialAction\":[{\"@type\":\"ReadAction\",\"target\":[\"https:\/\/www.oarcanjo.net\/site\/bem-aventurada-santa-catarina-tekakwitha\/\"]}]},{\"@type\":\"ImageObject\",\"inLanguage\":\"pt-BR\",\"@id\":\"https:\/\/www.oarcanjo.net\/site\/bem-aventurada-santa-catarina-tekakwitha\/#primaryimage\",\"url\":\"http:\/\/www.paroquiasaorafael.org.br\/images\/tekakwitha.jpg\",\"contentUrl\":\"http:\/\/www.paroquiasaorafael.org.br\/images\/tekakwitha.jpg\"},{\"@type\":\"BreadcrumbList\",\"@id\":\"https:\/\/www.oarcanjo.net\/site\/bem-aventurada-santa-catarina-tekakwitha\/#breadcrumb\",\"itemListElement\":[{\"@type\":\"ListItem\",\"position\":1,\"name\":\"In\u00edcio\",\"item\":\"https:\/\/www.oarcanjo.net\/site\/\"},{\"@type\":\"ListItem\",\"position\":2,\"name\":\"Bem Aventurada Santa Catarina Tekakwitha\"}]},{\"@type\":\"WebSite\",\"@id\":\"https:\/\/www.oarcanjo.net\/site\/#website\",\"url\":\"https:\/\/www.oarcanjo.net\/site\/\",\"name\":\"O Arcanjo no ar\",\"description\":\"Site da Par\u00f3quia S\u00e3o Miguel Arcanjo (Arquidiocese de SP)\",\"publisher\":{\"@id\":\"https:\/\/www.oarcanjo.net\/site\/#organization\"},\"potentialAction\":[{\"@type\":\"SearchAction\",\"target\":{\"@type\":\"EntryPoint\",\"urlTemplate\":\"https:\/\/www.oarcanjo.net\/site\/?s={search_term_string}\"},\"query-input\":{\"@type\":\"PropertyValueSpecification\",\"valueRequired\":true,\"valueName\":\"search_term_string\"}}],\"inLanguage\":\"pt-BR\"},{\"@type\":\"Organization\",\"@id\":\"https:\/\/www.oarcanjo.net\/site\/#organization\",\"name\":\"Par\u00f3quia S\u00e3o Miguel Arcanjo\",\"url\":\"https:\/\/www.oarcanjo.net\/site\/\",\"logo\":{\"@type\":\"ImageObject\",\"inLanguage\":\"pt-BR\",\"@id\":\"https:\/\/www.oarcanjo.net\/site\/#\/schema\/logo\/image\/\",\"url\":\"https:\/\/www.oarcanjo.net\/site\/wp-content\/uploads\/LogoOArcanjo.png\",\"contentUrl\":\"https:\/\/www.oarcanjo.net\/site\/wp-content\/uploads\/LogoOArcanjo.png\",\"width\":319,\"height\":99,\"caption\":\"Par\u00f3quia S\u00e3o Miguel Arcanjo\"},\"image\":{\"@id\":\"https:\/\/www.oarcanjo.net\/site\/#\/schema\/logo\/image\/\"},\"sameAs\":[\"https:\/\/www.facebook.com\/OArcanjoNoAr\/\"]},{\"@type\":\"Person\",\"@id\":\"https:\/\/www.oarcanjo.net\/site\/#\/schema\/person\/5eb9480bedd2f3c97e430ce128c29c6c\",\"name\":\"danilo\"}]}<\/script>\n<!-- \/ Yoast SEO plugin. -->","yoast_head_json":{"title":"Bem Aventurada Santa Catarina Tekakwitha - O Arcanjo no ar","robots":{"index":"index","follow":"follow","max-snippet":"max-snippet:-1","max-image-preview":"max-image-preview:large","max-video-preview":"max-video-preview:-1"},"canonical":"https:\/\/www.oarcanjo.net\/site\/bem-aventurada-santa-catarina-tekakwitha\/","og_locale":"pt_BR","og_type":"article","og_title":"Bem Aventurada Santa Catarina Tekakwitha - O Arcanjo no ar","og_description":"14 de Julho Kateri Tekakwitha, para n\u00f3s Catarina, foi a primeira americana pele-vermelha a ter sua santidade reconhecida pela Igreja. Ela nasceu no ano de 1656, perto da cidade de Port Orange, no Canad\u00e1. Seu pai era o chefe ind\u00edgena da na\u00e7\u00e3o Mohawks, um pag\u00e3o. Enquanto sua m\u00e3e era uma \u00edndia crist\u00e3, catequizada pelos jesu\u00edtas, [&hellip;]","og_url":"https:\/\/www.oarcanjo.net\/site\/bem-aventurada-santa-catarina-tekakwitha\/","og_site_name":"O Arcanjo no ar","article_publisher":"https:\/\/www.facebook.com\/OArcanjoNoAr\/","article_published_time":"2018-07-14T12:17:02+00:00","article_modified_time":"2018-06-20T21:25:22+00:00","og_image":[{"url":"http:\/\/www.paroquiasaorafael.org.br\/images\/tekakwitha.jpg"}],"author":"danilo","twitter_card":"summary_large_image","twitter_misc":{"Escrito por":"danilo","Est. tempo de leitura":"3 minutos"},"schema":{"@context":"https:\/\/schema.org","@graph":[{"@type":"Article","@id":"https:\/\/www.oarcanjo.net\/site\/bem-aventurada-santa-catarina-tekakwitha\/#article","isPartOf":{"@id":"https:\/\/www.oarcanjo.net\/site\/bem-aventurada-santa-catarina-tekakwitha\/"},"author":{"name":"danilo","@id":"https:\/\/www.oarcanjo.net\/site\/#\/schema\/person\/5eb9480bedd2f3c97e430ce128c29c6c"},"headline":"Bem Aventurada Santa Catarina Tekakwitha","datePublished":"2018-07-14T12:17:02+00:00","dateModified":"2018-06-20T21:25:22+00:00","mainEntityOfPage":{"@id":"https:\/\/www.oarcanjo.net\/site\/bem-aventurada-santa-catarina-tekakwitha\/"},"wordCount":641,"commentCount":0,"publisher":{"@id":"https:\/\/www.oarcanjo.net\/site\/#organization"},"image":{"@id":"https:\/\/www.oarcanjo.net\/site\/bem-aventurada-santa-catarina-tekakwitha\/#primaryimage"},"thumbnailUrl":"http:\/\/www.paroquiasaorafael.org.br\/images\/tekakwitha.jpg","articleSection":["Testemunhos"],"inLanguage":"pt-BR","potentialAction":[{"@type":"CommentAction","name":"Comment","target":["https:\/\/www.oarcanjo.net\/site\/bem-aventurada-santa-catarina-tekakwitha\/#respond"]}]},{"@type":"WebPage","@id":"https:\/\/www.oarcanjo.net\/site\/bem-aventurada-santa-catarina-tekakwitha\/","url":"https:\/\/www.oarcanjo.net\/site\/bem-aventurada-santa-catarina-tekakwitha\/","name":"Bem Aventurada Santa Catarina Tekakwitha - O Arcanjo no ar","isPartOf":{"@id":"https:\/\/www.oarcanjo.net\/site\/#website"},"primaryImageOfPage":{"@id":"https:\/\/www.oarcanjo.net\/site\/bem-aventurada-santa-catarina-tekakwitha\/#primaryimage"},"image":{"@id":"https:\/\/www.oarcanjo.net\/site\/bem-aventurada-santa-catarina-tekakwitha\/#primaryimage"},"thumbnailUrl":"http:\/\/www.paroquiasaorafael.org.br\/images\/tekakwitha.jpg","datePublished":"2018-07-14T12:17:02+00:00","dateModified":"2018-06-20T21:25:22+00:00","breadcrumb":{"@id":"https:\/\/www.oarcanjo.net\/site\/bem-aventurada-santa-catarina-tekakwitha\/#breadcrumb"},"inLanguage":"pt-BR","potentialAction":[{"@type":"ReadAction","target":["https:\/\/www.oarcanjo.net\/site\/bem-aventurada-santa-catarina-tekakwitha\/"]}]},{"@type":"ImageObject","inLanguage":"pt-BR","@id":"https:\/\/www.oarcanjo.net\/site\/bem-aventurada-santa-catarina-tekakwitha\/#primaryimage","url":"http:\/\/www.paroquiasaorafael.org.br\/images\/tekakwitha.jpg","contentUrl":"http:\/\/www.paroquiasaorafael.org.br\/images\/tekakwitha.jpg"},{"@type":"BreadcrumbList","@id":"https:\/\/www.oarcanjo.net\/site\/bem-aventurada-santa-catarina-tekakwitha\/#breadcrumb","itemListElement":[{"@type":"ListItem","position":1,"name":"In\u00edcio","item":"https:\/\/www.oarcanjo.net\/site\/"},{"@type":"ListItem","position":2,"name":"Bem Aventurada Santa Catarina Tekakwitha"}]},{"@type":"WebSite","@id":"https:\/\/www.oarcanjo.net\/site\/#website","url":"https:\/\/www.oarcanjo.net\/site\/","name":"O Arcanjo no ar","description":"Site da Par\u00f3quia S\u00e3o Miguel Arcanjo (Arquidiocese de SP)","publisher":{"@id":"https:\/\/www.oarcanjo.net\/site\/#organization"},"potentialAction":[{"@type":"SearchAction","target":{"@type":"EntryPoint","urlTemplate":"https:\/\/www.oarcanjo.net\/site\/?s={search_term_string}"},"query-input":{"@type":"PropertyValueSpecification","valueRequired":true,"valueName":"search_term_string"}}],"inLanguage":"pt-BR"},{"@type":"Organization","@id":"https:\/\/www.oarcanjo.net\/site\/#organization","name":"Par\u00f3quia S\u00e3o Miguel Arcanjo","url":"https:\/\/www.oarcanjo.net\/site\/","logo":{"@type":"ImageObject","inLanguage":"pt-BR","@id":"https:\/\/www.oarcanjo.net\/site\/#\/schema\/logo\/image\/","url":"https:\/\/www.oarcanjo.net\/site\/wp-content\/uploads\/LogoOArcanjo.png","contentUrl":"https:\/\/www.oarcanjo.net\/site\/wp-content\/uploads\/LogoOArcanjo.png","width":319,"height":99,"caption":"Par\u00f3quia S\u00e3o Miguel Arcanjo"},"image":{"@id":"https:\/\/www.oarcanjo.net\/site\/#\/schema\/logo\/image\/"},"sameAs":["https:\/\/www.facebook.com\/OArcanjoNoAr\/"]},{"@type":"Person","@id":"https:\/\/www.oarcanjo.net\/site\/#\/schema\/person\/5eb9480bedd2f3c97e430ce128c29c6c","name":"danilo"}]}},"publishpress_future_action":{"enabled":false,"date":"2026-05-08 11:09:00","action":"category","newStatus":"draft","terms":[],"taxonomy":"category"},"publishpress_future_workflow_manual_trigger":{"enabledWorkflows":[]},"_links":{"self":[{"href":"https:\/\/www.oarcanjo.net\/site\/wp-json\/wp\/v2\/posts\/10230"}],"collection":[{"href":"https:\/\/www.oarcanjo.net\/site\/wp-json\/wp\/v2\/posts"}],"about":[{"href":"https:\/\/www.oarcanjo.net\/site\/wp-json\/wp\/v2\/types\/post"}],"author":[{"embeddable":true,"href":"https:\/\/www.oarcanjo.net\/site\/wp-json\/wp\/v2\/users\/14"}],"replies":[{"embeddable":true,"href":"https:\/\/www.oarcanjo.net\/site\/wp-json\/wp\/v2\/comments?post=10230"}],"version-history":[{"count":1,"href":"https:\/\/www.oarcanjo.net\/site\/wp-json\/wp\/v2\/posts\/10230\/revisions"}],"predecessor-version":[{"id":88633,"href":"https:\/\/www.oarcanjo.net\/site\/wp-json\/wp\/v2\/posts\/10230\/revisions\/88633"}],"wp:attachment":[{"href":"https:\/\/www.oarcanjo.net\/site\/wp-json\/wp\/v2\/media?parent=10230"}],"wp:term":[{"taxonomy":"category","embeddable":true,"href":"https:\/\/www.oarcanjo.net\/site\/wp-json\/wp\/v2\/categories?post=10230"},{"taxonomy":"post_tag","embeddable":true,"href":"https:\/\/www.oarcanjo.net\/site\/wp-json\/wp\/v2\/tags?post=10230"}],"curies":[{"name":"wp","href":"https:\/\/api.w.org\/{rel}","templated":true}]}}