
{"id":10236,"date":"2018-07-15T00:22:43","date_gmt":"2018-07-15T03:22:43","guid":{"rendered":"http:\/\/www.oarcanjo.net\/site\/?p=10236"},"modified":"2018-06-20T18:13:30","modified_gmt":"2018-06-20T21:13:30","slug":"bem-aventurado-inacio-de-azevedo-e-companheiros","status":"publish","type":"post","link":"https:\/\/www.oarcanjo.net\/site\/bem-aventurado-inacio-de-azevedo-e-companheiros\/","title":{"rendered":"Bem Aventurado In\u00e1cio de Azevedo e companheiros"},"content":{"rendered":"<p><img decoding=\"async\" src=\"http:\/\/4.bp.blogspot.com\/_fYO5d9iEChQ\/SKwb61PO_gI\/AAAAAAAAAL4\/OhZrDkQTqiE\/s400\/Beato+In%C3%A1cio+de+Azevedo+e+companheiros.JPG\" alt=\"\" \/><\/p>\n<p>15 de Julho<\/p>\n<p>In\u00e1cio de Azevedo nasceu em Portugal, na cidade do Porto, em 1527. Seus pais, Manuel e Violante, eram descendentes de fam\u00edlias lusitanas, ricas e poderosas. Desde pequeno foi educado sob preceitos crist\u00e3os e recebeu tamb\u00e9m vasta cultura acad\u00eamica. Aos dezoito anos, tornou-se administrador dos bens da fam\u00edlia, pois tinha intelig\u00eancia acima da m\u00e9dia.<\/p>\n<p>Mas sua voca\u00e7\u00e3o era a religi\u00e3o. Ap\u00f3s um retiro na cidade de Coimbra, entrou para a Companhia de Jesus em 1548. Cinco anos depois, recebeu a ordena\u00e7\u00e3o sacerdotal. Seus estudos eram t\u00e3o avan\u00e7ados e seus conhecimentos t\u00e3o extensos que, mesmo sem terminar o curso de teologia, foi nomeado reitor do Col\u00e9gio Santo Antonio, em Lisboa.<br \/>\nEm 1565, foi escolhido pelos jesu\u00edtas para represent\u00e1-los, em Roma, na elei\u00e7\u00e3o do novo geral, que era ningu\u00e9m menos que o pr\u00f3prio Francisco Borja, hoje santo. Admirado com a capacidade de In\u00e1cio, deu-lhe a incumb\u00eancia de vistoriar as miss\u00f5es jesu\u00edtas nas \u00cdndias e no Brasil. Tal viagem de inspe\u00e7\u00e3o durou tr\u00eas anos.<\/p>\n<p>No Brasil, a evangeliza\u00e7\u00e3o come\u00e7ara havia apenas dezesseis anos, mas o trabalho dos jesu\u00edtas dava frutos em profus\u00e3o. A Companhia de Jesus j\u00e1 estava presente em sete tribos no interior e, no litoral, possu\u00eda escolas e semin\u00e1rios.<\/p>\n<p>Ao voltar, In\u00e1cio relatou ao geral que o trabalho ia muito bem, mas poderia render ainda mais se houvesse um n\u00famero maior de mission\u00e1rios. Recebendo autoriza\u00e7\u00e3o do superior, recrutou jesu\u00edtas na Espanha e Portugal. Ap\u00f3s cinco meses de preparativos, ele e mais trinta e nove companheiros partiram para o Brasil, em 5 de junho de 1570, num navio mercante.<\/p>\n<p>Na mesma data, partiu tamb\u00e9m uma embarca\u00e7\u00e3o de guerra comandada por dom Luis Vasconcelos, governador do Brasil, onde seguiam mais trinta jesu\u00edtas. Oito dias depois, os dois navios pararam na ilha da Madeira, para esperar ventos mais fortes e melhor direcionados. O navio de guerra ali permaneceu, mas o capit\u00e3o do mercante, que era In\u00e1cio, resolveu zarpar em dire\u00e7\u00e3o \u00e0s ilhas Can\u00e1rias.<\/p>\n<p>Apesar dos boatos da exist\u00eancia de piratas calvinistas no caminho, que estariam no encal\u00e7o dos jesu\u00edtas, ele n\u00e3o quis ouvir os conselhos de n\u00e3o seguir viagem. In\u00e1cio e seus parceiros preferiram permanecer a bordo e n\u00e3o desistir, pois n\u00e3o temiam a morte. Ela, de fato, os encontrou em alto mar. O navio foi atacado pelo cors\u00e1rio calvinista franc\u00eas Jacques Sourie, que partira de La Rochelle, justamente no encal\u00e7o dos mission\u00e1rios. O navio foi dominado, os tripulantes e demais passageiros poupados, mas todos os jesu\u00edtas foram degolados imediatamente. Era o dia 15 de julho de 1570.<\/p>\n<p>O culto a In\u00e1cio de Azevedo e companheiros foi aprovado pelo papa Pio IX em 1854. A festa ocorre no dia do tr\u00e2nsito dos quarenta de jesu\u00edtas martirizados pelas m\u00e3os de piratas calvinistas. S\u00e3o venerados como os &#8220;M\u00e1rtires do Brasil&#8221;.<\/p>\n<div id=\"themify_builder_content-10236\" data-postid=\"10236\" class=\"themify_builder_content themify_builder_content-10236 themify_builder themify_builder_front\">\n\t<\/div>\n<!-- \/themify_builder_content -->","protected":false},"excerpt":{"rendered":"<p>15 de Julho In\u00e1cio de Azevedo nasceu em Portugal, na cidade do Porto, em 1527. Seus pais, Manuel e Violante, eram descendentes de fam\u00edlias lusitanas, ricas e poderosas. Desde pequeno foi educado sob preceitos crist\u00e3os e recebeu tamb\u00e9m vasta cultura acad\u00eamica. Aos dezoito anos, tornou-se administrador dos bens da fam\u00edlia, pois tinha intelig\u00eancia acima da [&hellip;]<\/p>\n","protected":false},"author":14,"featured_media":0,"comment_status":"open","ping_status":"open","sticky":false,"template":"","format":"standard","meta":{"ngg_post_thumbnail":0,"footnotes":""},"categories":[186],"tags":[],"yoast_head":"<!-- This site is optimized with the Yoast SEO plugin v23.5 - https:\/\/yoast.com\/wordpress\/plugins\/seo\/ -->\n<title>Bem Aventurado In\u00e1cio de Azevedo e companheiros - O Arcanjo no ar<\/title>\n<meta name=\"robots\" content=\"index, follow, max-snippet:-1, max-image-preview:large, max-video-preview:-1\" \/>\n<link rel=\"canonical\" href=\"https:\/\/www.oarcanjo.net\/site\/bem-aventurado-inacio-de-azevedo-e-companheiros\/\" \/>\n<meta property=\"og:locale\" content=\"pt_BR\" \/>\n<meta property=\"og:type\" content=\"article\" \/>\n<meta property=\"og:title\" content=\"Bem Aventurado In\u00e1cio de Azevedo e companheiros - O Arcanjo no ar\" \/>\n<meta property=\"og:description\" content=\"15 de Julho In\u00e1cio de Azevedo nasceu em Portugal, na cidade do Porto, em 1527. Seus pais, Manuel e Violante, eram descendentes de fam\u00edlias lusitanas, ricas e poderosas. Desde pequeno foi educado sob preceitos crist\u00e3os e recebeu tamb\u00e9m vasta cultura acad\u00eamica. Aos dezoito anos, tornou-se administrador dos bens da fam\u00edlia, pois tinha intelig\u00eancia acima da [&hellip;]\" \/>\n<meta property=\"og:url\" content=\"https:\/\/www.oarcanjo.net\/site\/bem-aventurado-inacio-de-azevedo-e-companheiros\/\" \/>\n<meta property=\"og:site_name\" content=\"O Arcanjo no ar\" \/>\n<meta property=\"article:publisher\" content=\"https:\/\/www.facebook.com\/OArcanjoNoAr\/\" \/>\n<meta property=\"article:published_time\" content=\"2018-07-15T03:22:43+00:00\" \/>\n<meta property=\"article:modified_time\" content=\"2018-06-20T21:13:30+00:00\" \/>\n<meta property=\"og:image\" content=\"http:\/\/4.bp.blogspot.com\/_fYO5d9iEChQ\/SKwb61PO_gI\/AAAAAAAAAL4\/OhZrDkQTqiE\/s400\/Beato+In%C3%A1cio+de+Azevedo+e+companheiros.JPG\" \/>\n<meta name=\"author\" content=\"danilo\" \/>\n<meta name=\"twitter:card\" content=\"summary_large_image\" \/>\n<meta name=\"twitter:label1\" content=\"Escrito por\" \/>\n\t<meta name=\"twitter:data1\" content=\"danilo\" \/>\n\t<meta name=\"twitter:label2\" content=\"Est. tempo de leitura\" \/>\n\t<meta name=\"twitter:data2\" content=\"3 minutos\" \/>\n<script type=\"application\/ld+json\" class=\"yoast-schema-graph\">{\"@context\":\"https:\/\/schema.org\",\"@graph\":[{\"@type\":\"Article\",\"@id\":\"https:\/\/www.oarcanjo.net\/site\/bem-aventurado-inacio-de-azevedo-e-companheiros\/#article\",\"isPartOf\":{\"@id\":\"https:\/\/www.oarcanjo.net\/site\/bem-aventurado-inacio-de-azevedo-e-companheiros\/\"},\"author\":{\"name\":\"danilo\",\"@id\":\"https:\/\/www.oarcanjo.net\/site\/#\/schema\/person\/5eb9480bedd2f3c97e430ce128c29c6c\"},\"headline\":\"Bem Aventurado In\u00e1cio de Azevedo e companheiros\",\"datePublished\":\"2018-07-15T03:22:43+00:00\",\"dateModified\":\"2018-06-20T21:13:30+00:00\",\"mainEntityOfPage\":{\"@id\":\"https:\/\/www.oarcanjo.net\/site\/bem-aventurado-inacio-de-azevedo-e-companheiros\/\"},\"wordCount\":520,\"commentCount\":0,\"publisher\":{\"@id\":\"https:\/\/www.oarcanjo.net\/site\/#organization\"},\"image\":{\"@id\":\"https:\/\/www.oarcanjo.net\/site\/bem-aventurado-inacio-de-azevedo-e-companheiros\/#primaryimage\"},\"thumbnailUrl\":\"http:\/\/4.bp.blogspot.com\/_fYO5d9iEChQ\/SKwb61PO_gI\/AAAAAAAAAL4\/OhZrDkQTqiE\/s400\/Beato+In%C3%A1cio+de+Azevedo+e+companheiros.JPG\",\"articleSection\":[\"Testemunhos\"],\"inLanguage\":\"pt-BR\",\"potentialAction\":[{\"@type\":\"CommentAction\",\"name\":\"Comment\",\"target\":[\"https:\/\/www.oarcanjo.net\/site\/bem-aventurado-inacio-de-azevedo-e-companheiros\/#respond\"]}]},{\"@type\":\"WebPage\",\"@id\":\"https:\/\/www.oarcanjo.net\/site\/bem-aventurado-inacio-de-azevedo-e-companheiros\/\",\"url\":\"https:\/\/www.oarcanjo.net\/site\/bem-aventurado-inacio-de-azevedo-e-companheiros\/\",\"name\":\"Bem Aventurado In\u00e1cio de Azevedo e companheiros - O Arcanjo no ar\",\"isPartOf\":{\"@id\":\"https:\/\/www.oarcanjo.net\/site\/#website\"},\"primaryImageOfPage\":{\"@id\":\"https:\/\/www.oarcanjo.net\/site\/bem-aventurado-inacio-de-azevedo-e-companheiros\/#primaryimage\"},\"image\":{\"@id\":\"https:\/\/www.oarcanjo.net\/site\/bem-aventurado-inacio-de-azevedo-e-companheiros\/#primaryimage\"},\"thumbnailUrl\":\"http:\/\/4.bp.blogspot.com\/_fYO5d9iEChQ\/SKwb61PO_gI\/AAAAAAAAAL4\/OhZrDkQTqiE\/s400\/Beato+In%C3%A1cio+de+Azevedo+e+companheiros.JPG\",\"datePublished\":\"2018-07-15T03:22:43+00:00\",\"dateModified\":\"2018-06-20T21:13:30+00:00\",\"breadcrumb\":{\"@id\":\"https:\/\/www.oarcanjo.net\/site\/bem-aventurado-inacio-de-azevedo-e-companheiros\/#breadcrumb\"},\"inLanguage\":\"pt-BR\",\"potentialAction\":[{\"@type\":\"ReadAction\",\"target\":[\"https:\/\/www.oarcanjo.net\/site\/bem-aventurado-inacio-de-azevedo-e-companheiros\/\"]}]},{\"@type\":\"ImageObject\",\"inLanguage\":\"pt-BR\",\"@id\":\"https:\/\/www.oarcanjo.net\/site\/bem-aventurado-inacio-de-azevedo-e-companheiros\/#primaryimage\",\"url\":\"http:\/\/4.bp.blogspot.com\/_fYO5d9iEChQ\/SKwb61PO_gI\/AAAAAAAAAL4\/OhZrDkQTqiE\/s400\/Beato+In%C3%A1cio+de+Azevedo+e+companheiros.JPG\",\"contentUrl\":\"http:\/\/4.bp.blogspot.com\/_fYO5d9iEChQ\/SKwb61PO_gI\/AAAAAAAAAL4\/OhZrDkQTqiE\/s400\/Beato+In%C3%A1cio+de+Azevedo+e+companheiros.JPG\"},{\"@type\":\"BreadcrumbList\",\"@id\":\"https:\/\/www.oarcanjo.net\/site\/bem-aventurado-inacio-de-azevedo-e-companheiros\/#breadcrumb\",\"itemListElement\":[{\"@type\":\"ListItem\",\"position\":1,\"name\":\"In\u00edcio\",\"item\":\"https:\/\/www.oarcanjo.net\/site\/\"},{\"@type\":\"ListItem\",\"position\":2,\"name\":\"Bem Aventurado In\u00e1cio de Azevedo e companheiros\"}]},{\"@type\":\"WebSite\",\"@id\":\"https:\/\/www.oarcanjo.net\/site\/#website\",\"url\":\"https:\/\/www.oarcanjo.net\/site\/\",\"name\":\"O Arcanjo no ar\",\"description\":\"Site da Par\u00f3quia S\u00e3o Miguel Arcanjo (Arquidiocese de SP)\",\"publisher\":{\"@id\":\"https:\/\/www.oarcanjo.net\/site\/#organization\"},\"potentialAction\":[{\"@type\":\"SearchAction\",\"target\":{\"@type\":\"EntryPoint\",\"urlTemplate\":\"https:\/\/www.oarcanjo.net\/site\/?s={search_term_string}\"},\"query-input\":{\"@type\":\"PropertyValueSpecification\",\"valueRequired\":true,\"valueName\":\"search_term_string\"}}],\"inLanguage\":\"pt-BR\"},{\"@type\":\"Organization\",\"@id\":\"https:\/\/www.oarcanjo.net\/site\/#organization\",\"name\":\"Par\u00f3quia S\u00e3o Miguel Arcanjo\",\"url\":\"https:\/\/www.oarcanjo.net\/site\/\",\"logo\":{\"@type\":\"ImageObject\",\"inLanguage\":\"pt-BR\",\"@id\":\"https:\/\/www.oarcanjo.net\/site\/#\/schema\/logo\/image\/\",\"url\":\"https:\/\/www.oarcanjo.net\/site\/wp-content\/uploads\/LogoOArcanjo.png\",\"contentUrl\":\"https:\/\/www.oarcanjo.net\/site\/wp-content\/uploads\/LogoOArcanjo.png\",\"width\":319,\"height\":99,\"caption\":\"Par\u00f3quia S\u00e3o Miguel Arcanjo\"},\"image\":{\"@id\":\"https:\/\/www.oarcanjo.net\/site\/#\/schema\/logo\/image\/\"},\"sameAs\":[\"https:\/\/www.facebook.com\/OArcanjoNoAr\/\"]},{\"@type\":\"Person\",\"@id\":\"https:\/\/www.oarcanjo.net\/site\/#\/schema\/person\/5eb9480bedd2f3c97e430ce128c29c6c\",\"name\":\"danilo\"}]}<\/script>\n<!-- \/ Yoast SEO plugin. -->","yoast_head_json":{"title":"Bem Aventurado In\u00e1cio de Azevedo e companheiros - O Arcanjo no ar","robots":{"index":"index","follow":"follow","max-snippet":"max-snippet:-1","max-image-preview":"max-image-preview:large","max-video-preview":"max-video-preview:-1"},"canonical":"https:\/\/www.oarcanjo.net\/site\/bem-aventurado-inacio-de-azevedo-e-companheiros\/","og_locale":"pt_BR","og_type":"article","og_title":"Bem Aventurado In\u00e1cio de Azevedo e companheiros - O Arcanjo no ar","og_description":"15 de Julho In\u00e1cio de Azevedo nasceu em Portugal, na cidade do Porto, em 1527. Seus pais, Manuel e Violante, eram descendentes de fam\u00edlias lusitanas, ricas e poderosas. Desde pequeno foi educado sob preceitos crist\u00e3os e recebeu tamb\u00e9m vasta cultura acad\u00eamica. Aos dezoito anos, tornou-se administrador dos bens da fam\u00edlia, pois tinha intelig\u00eancia acima da [&hellip;]","og_url":"https:\/\/www.oarcanjo.net\/site\/bem-aventurado-inacio-de-azevedo-e-companheiros\/","og_site_name":"O Arcanjo no ar","article_publisher":"https:\/\/www.facebook.com\/OArcanjoNoAr\/","article_published_time":"2018-07-15T03:22:43+00:00","article_modified_time":"2018-06-20T21:13:30+00:00","og_image":[{"url":"http:\/\/4.bp.blogspot.com\/_fYO5d9iEChQ\/SKwb61PO_gI\/AAAAAAAAAL4\/OhZrDkQTqiE\/s400\/Beato+In%C3%A1cio+de+Azevedo+e+companheiros.JPG"}],"author":"danilo","twitter_card":"summary_large_image","twitter_misc":{"Escrito por":"danilo","Est. tempo de leitura":"3 minutos"},"schema":{"@context":"https:\/\/schema.org","@graph":[{"@type":"Article","@id":"https:\/\/www.oarcanjo.net\/site\/bem-aventurado-inacio-de-azevedo-e-companheiros\/#article","isPartOf":{"@id":"https:\/\/www.oarcanjo.net\/site\/bem-aventurado-inacio-de-azevedo-e-companheiros\/"},"author":{"name":"danilo","@id":"https:\/\/www.oarcanjo.net\/site\/#\/schema\/person\/5eb9480bedd2f3c97e430ce128c29c6c"},"headline":"Bem Aventurado In\u00e1cio de Azevedo e companheiros","datePublished":"2018-07-15T03:22:43+00:00","dateModified":"2018-06-20T21:13:30+00:00","mainEntityOfPage":{"@id":"https:\/\/www.oarcanjo.net\/site\/bem-aventurado-inacio-de-azevedo-e-companheiros\/"},"wordCount":520,"commentCount":0,"publisher":{"@id":"https:\/\/www.oarcanjo.net\/site\/#organization"},"image":{"@id":"https:\/\/www.oarcanjo.net\/site\/bem-aventurado-inacio-de-azevedo-e-companheiros\/#primaryimage"},"thumbnailUrl":"http:\/\/4.bp.blogspot.com\/_fYO5d9iEChQ\/SKwb61PO_gI\/AAAAAAAAAL4\/OhZrDkQTqiE\/s400\/Beato+In%C3%A1cio+de+Azevedo+e+companheiros.JPG","articleSection":["Testemunhos"],"inLanguage":"pt-BR","potentialAction":[{"@type":"CommentAction","name":"Comment","target":["https:\/\/www.oarcanjo.net\/site\/bem-aventurado-inacio-de-azevedo-e-companheiros\/#respond"]}]},{"@type":"WebPage","@id":"https:\/\/www.oarcanjo.net\/site\/bem-aventurado-inacio-de-azevedo-e-companheiros\/","url":"https:\/\/www.oarcanjo.net\/site\/bem-aventurado-inacio-de-azevedo-e-companheiros\/","name":"Bem Aventurado In\u00e1cio de Azevedo e companheiros - O Arcanjo no ar","isPartOf":{"@id":"https:\/\/www.oarcanjo.net\/site\/#website"},"primaryImageOfPage":{"@id":"https:\/\/www.oarcanjo.net\/site\/bem-aventurado-inacio-de-azevedo-e-companheiros\/#primaryimage"},"image":{"@id":"https:\/\/www.oarcanjo.net\/site\/bem-aventurado-inacio-de-azevedo-e-companheiros\/#primaryimage"},"thumbnailUrl":"http:\/\/4.bp.blogspot.com\/_fYO5d9iEChQ\/SKwb61PO_gI\/AAAAAAAAAL4\/OhZrDkQTqiE\/s400\/Beato+In%C3%A1cio+de+Azevedo+e+companheiros.JPG","datePublished":"2018-07-15T03:22:43+00:00","dateModified":"2018-06-20T21:13:30+00:00","breadcrumb":{"@id":"https:\/\/www.oarcanjo.net\/site\/bem-aventurado-inacio-de-azevedo-e-companheiros\/#breadcrumb"},"inLanguage":"pt-BR","potentialAction":[{"@type":"ReadAction","target":["https:\/\/www.oarcanjo.net\/site\/bem-aventurado-inacio-de-azevedo-e-companheiros\/"]}]},{"@type":"ImageObject","inLanguage":"pt-BR","@id":"https:\/\/www.oarcanjo.net\/site\/bem-aventurado-inacio-de-azevedo-e-companheiros\/#primaryimage","url":"http:\/\/4.bp.blogspot.com\/_fYO5d9iEChQ\/SKwb61PO_gI\/AAAAAAAAAL4\/OhZrDkQTqiE\/s400\/Beato+In%C3%A1cio+de+Azevedo+e+companheiros.JPG","contentUrl":"http:\/\/4.bp.blogspot.com\/_fYO5d9iEChQ\/SKwb61PO_gI\/AAAAAAAAAL4\/OhZrDkQTqiE\/s400\/Beato+In%C3%A1cio+de+Azevedo+e+companheiros.JPG"},{"@type":"BreadcrumbList","@id":"https:\/\/www.oarcanjo.net\/site\/bem-aventurado-inacio-de-azevedo-e-companheiros\/#breadcrumb","itemListElement":[{"@type":"ListItem","position":1,"name":"In\u00edcio","item":"https:\/\/www.oarcanjo.net\/site\/"},{"@type":"ListItem","position":2,"name":"Bem Aventurado In\u00e1cio de Azevedo e companheiros"}]},{"@type":"WebSite","@id":"https:\/\/www.oarcanjo.net\/site\/#website","url":"https:\/\/www.oarcanjo.net\/site\/","name":"O Arcanjo no ar","description":"Site da Par\u00f3quia S\u00e3o Miguel Arcanjo (Arquidiocese de SP)","publisher":{"@id":"https:\/\/www.oarcanjo.net\/site\/#organization"},"potentialAction":[{"@type":"SearchAction","target":{"@type":"EntryPoint","urlTemplate":"https:\/\/www.oarcanjo.net\/site\/?s={search_term_string}"},"query-input":{"@type":"PropertyValueSpecification","valueRequired":true,"valueName":"search_term_string"}}],"inLanguage":"pt-BR"},{"@type":"Organization","@id":"https:\/\/www.oarcanjo.net\/site\/#organization","name":"Par\u00f3quia S\u00e3o Miguel Arcanjo","url":"https:\/\/www.oarcanjo.net\/site\/","logo":{"@type":"ImageObject","inLanguage":"pt-BR","@id":"https:\/\/www.oarcanjo.net\/site\/#\/schema\/logo\/image\/","url":"https:\/\/www.oarcanjo.net\/site\/wp-content\/uploads\/LogoOArcanjo.png","contentUrl":"https:\/\/www.oarcanjo.net\/site\/wp-content\/uploads\/LogoOArcanjo.png","width":319,"height":99,"caption":"Par\u00f3quia S\u00e3o Miguel Arcanjo"},"image":{"@id":"https:\/\/www.oarcanjo.net\/site\/#\/schema\/logo\/image\/"},"sameAs":["https:\/\/www.facebook.com\/OArcanjoNoAr\/"]},{"@type":"Person","@id":"https:\/\/www.oarcanjo.net\/site\/#\/schema\/person\/5eb9480bedd2f3c97e430ce128c29c6c","name":"danilo"}]}},"publishpress_future_action":{"enabled":false,"date":"2026-05-08 11:07:31","action":"category","newStatus":"draft","terms":[],"taxonomy":"category"},"publishpress_future_workflow_manual_trigger":{"enabledWorkflows":[]},"_links":{"self":[{"href":"https:\/\/www.oarcanjo.net\/site\/wp-json\/wp\/v2\/posts\/10236"}],"collection":[{"href":"https:\/\/www.oarcanjo.net\/site\/wp-json\/wp\/v2\/posts"}],"about":[{"href":"https:\/\/www.oarcanjo.net\/site\/wp-json\/wp\/v2\/types\/post"}],"author":[{"embeddable":true,"href":"https:\/\/www.oarcanjo.net\/site\/wp-json\/wp\/v2\/users\/14"}],"replies":[{"embeddable":true,"href":"https:\/\/www.oarcanjo.net\/site\/wp-json\/wp\/v2\/comments?post=10236"}],"version-history":[{"count":1,"href":"https:\/\/www.oarcanjo.net\/site\/wp-json\/wp\/v2\/posts\/10236\/revisions"}],"predecessor-version":[{"id":88559,"href":"https:\/\/www.oarcanjo.net\/site\/wp-json\/wp\/v2\/posts\/10236\/revisions\/88559"}],"wp:attachment":[{"href":"https:\/\/www.oarcanjo.net\/site\/wp-json\/wp\/v2\/media?parent=10236"}],"wp:term":[{"taxonomy":"category","embeddable":true,"href":"https:\/\/www.oarcanjo.net\/site\/wp-json\/wp\/v2\/categories?post=10236"},{"taxonomy":"post_tag","embeddable":true,"href":"https:\/\/www.oarcanjo.net\/site\/wp-json\/wp\/v2\/tags?post=10236"}],"curies":[{"name":"wp","href":"https:\/\/api.w.org\/{rel}","templated":true}]}}