
{"id":10240,"date":"2018-07-16T00:25:35","date_gmt":"2018-07-16T03:25:35","guid":{"rendered":"http:\/\/www.oarcanjo.net\/site\/?p=10240"},"modified":"2018-06-20T18:13:55","modified_gmt":"2018-06-20T21:13:55","slug":"bem-aventurado-bartolomeu-fernandes-dos-martires","status":"publish","type":"post","link":"https:\/\/www.oarcanjo.net\/site\/bem-aventurado-bartolomeu-fernandes-dos-martires\/","title":{"rendered":"Bem Aventurado Bartolomeu Fernandes dos M\u00e1rtires"},"content":{"rendered":"<p><img decoding=\"async\" src=\"http:\/\/www.paroquiansg.com.br\/modules\/news\/images\/BartolomeuFernandesdosMartires.gif\" alt=\"\" \/><\/p>\n<p>16 de Julho<\/p>\n<p>Bartolomeu nasceu em Lisboa, em maio de 1514. Era filho de Domingos Fernandes e de Maria Correia, ambos de fam\u00edlias tradicionais, abastadas e nobres. O filho foi batizado com o nome do santo ap\u00f3stolo na igreja de Nossa Senhora dos M\u00e1rtires e, por serem seus devotos, inclu\u00edram tamb\u00e9m o &#8220;dos M\u00e1rtires&#8221; para homenagear Maria.<\/p>\n<p>Foi educado na Corte portuguesa com muito requinte, recebeu s\u00f3lida forma\u00e7\u00e3o human\u00edstica e crist\u00e3. Cedo decidiu pela vida religiosa, ingressando na Ordem dos Dominicanos em 1528. Fez o noviciado no mosteiro de Lisboa, onde se diplomou em filosofia e teologia. Desde sua gradua\u00e7\u00e3o, em 1538, foi professor nos v\u00e1rios conventos da capital da Corte, fun\u00e7\u00e3o que exerceu durante vinte anos.<\/p>\n<p>Foi apresentado pela rainha Catarina para suceder o arcebispo de Braga e o papa Paulo IV confirma-o, em 1559. Bartolomeu aceitou essa dignidade por obedi\u00eancia ao seu prior provincial, o qual o teria indicado antes \u00e0 rainha, de quem era conselheiro e confessor.<\/p>\n<p>Iniciou a sua atividade na vast\u00edssima arquidiocese empreendendo uma atividade apost\u00f3lica de a\u00e7\u00e3o multifacetada e de cunho reformador. Realizou incont\u00e1veis visitas pastorais; empenhou-se na evangeliza\u00e7\u00e3o do povo, para isso publicando o &#8220;Catecismo ou doutrina crist\u00e3 e pr\u00e1ticas espirituais&#8221;, que continua sendo editado. Atento e solicito \u00e0 cultura e santifica\u00e7\u00e3o do clero, instituiu aulas de teologia moral em v\u00e1rios locais da diocese e escreveu cerca de trinta obras doutrinais, cujas publica\u00e7\u00f5es atingiram o terceiro mil\u00eanio. Uma que mereceu particular import\u00e2ncia foi o &#8220;Stimulus pastorum&#8221;, distribu\u00edda aos padres dos Conc\u00edlios Vaticano I e II, e que foi editada mais de vinte vezes.<\/p>\n<p>Esse empenho reformador o bispo Bartolomeu dos M\u00e1rtires imprimiu, tamb\u00e9m, em espa\u00e7os estruturais e durante toda a sua vida. Em 1560, confiou aos padres jesu\u00edtas o ensino p\u00fablico a cargo da arquidiocese de Braga, o que originou o excelente Col\u00e9gio de S\u00e3o Paulo.<\/p>\n<p>No ano seguinte, construiu o Convento da Santa Cruz na cidade de Viana do Castelo.<\/p>\n<p>Participou no Conc\u00edlio de Trento, de 1561 a 1563, onde apresentou mais de duzentas e sessenta peti\u00e7\u00f5es como s\u00edntese das interpela\u00e7\u00f5es de reforma para a Igreja. Solidificou ainda mais a marca do grande reformador que era, quando, no ano seguinte, efetuou, em Braga, um s\u00ednodo diocesano, e, depois de dois anos, um outro, provincial.<\/p>\n<p>Foi ele tamb\u00e9m que, entre 1571 e1572, idealizou e iniciou a constru\u00e7\u00e3o do Semin\u00e1rio Conciliar no Campo da Vinha. Nesse ano, decidiu renunciar ao arcebispado de Braga. Foi para o Convento da Santa Cruz, onde se manteve recolhido, dedicando-se aos estudos eclesi\u00e1sticos e \u00e0 prega\u00e7\u00e3o at\u00e9 morrer, em 16 de julho de 1590. Reconhecido e aclamado pelo povo por sua santidade como pai dos pobres e dos enfermos, seu t\u00famulo encontra-se na antiga igreja dominicana em Viana do Castelo, Portugal.<\/p>\n<p>O papa Jo\u00e3o Paulo II proclamou-o, em 2001, bem-aventurado Bartolomeu Fernandes dos M\u00e1rtires, no dia lit\u00fargico de s\u00e3o Carlos Borromeu, com quem o bem-aventurado trabalhou, arduamente, na concretiza\u00e7\u00e3o dos objetivos do Concilio de Trento.<\/p>\n<div id=\"themify_builder_content-10240\" data-postid=\"10240\" class=\"themify_builder_content themify_builder_content-10240 themify_builder themify_builder_front\">\n\t<\/div>\n<!-- \/themify_builder_content -->","protected":false},"excerpt":{"rendered":"<p>16 de Julho Bartolomeu nasceu em Lisboa, em maio de 1514. Era filho de Domingos Fernandes e de Maria Correia, ambos de fam\u00edlias tradicionais, abastadas e nobres. O filho foi batizado com o nome do santo ap\u00f3stolo na igreja de Nossa Senhora dos M\u00e1rtires e, por serem seus devotos, inclu\u00edram tamb\u00e9m o &#8220;dos M\u00e1rtires&#8221; para [&hellip;]<\/p>\n","protected":false},"author":14,"featured_media":0,"comment_status":"open","ping_status":"open","sticky":false,"template":"","format":"standard","meta":{"ngg_post_thumbnail":0,"footnotes":""},"categories":[186],"tags":[],"yoast_head":"<!-- This site is optimized with the Yoast SEO plugin v23.5 - https:\/\/yoast.com\/wordpress\/plugins\/seo\/ -->\n<title>Bem Aventurado Bartolomeu Fernandes dos M\u00e1rtires - O Arcanjo no ar<\/title>\n<meta name=\"robots\" content=\"index, follow, max-snippet:-1, max-image-preview:large, max-video-preview:-1\" \/>\n<link rel=\"canonical\" href=\"https:\/\/www.oarcanjo.net\/site\/bem-aventurado-bartolomeu-fernandes-dos-martires\/\" \/>\n<meta property=\"og:locale\" content=\"pt_BR\" \/>\n<meta property=\"og:type\" content=\"article\" \/>\n<meta property=\"og:title\" content=\"Bem Aventurado Bartolomeu Fernandes dos M\u00e1rtires - O Arcanjo no ar\" \/>\n<meta property=\"og:description\" content=\"16 de Julho Bartolomeu nasceu em Lisboa, em maio de 1514. Era filho de Domingos Fernandes e de Maria Correia, ambos de fam\u00edlias tradicionais, abastadas e nobres. O filho foi batizado com o nome do santo ap\u00f3stolo na igreja de Nossa Senhora dos M\u00e1rtires e, por serem seus devotos, inclu\u00edram tamb\u00e9m o &#8220;dos M\u00e1rtires&#8221; para [&hellip;]\" \/>\n<meta property=\"og:url\" content=\"https:\/\/www.oarcanjo.net\/site\/bem-aventurado-bartolomeu-fernandes-dos-martires\/\" \/>\n<meta property=\"og:site_name\" content=\"O Arcanjo no ar\" \/>\n<meta property=\"article:publisher\" content=\"https:\/\/www.facebook.com\/OArcanjoNoAr\/\" \/>\n<meta property=\"article:published_time\" content=\"2018-07-16T03:25:35+00:00\" \/>\n<meta property=\"article:modified_time\" content=\"2018-06-20T21:13:55+00:00\" \/>\n<meta property=\"og:image\" content=\"http:\/\/www.paroquiansg.com.br\/modules\/news\/images\/BartolomeuFernandesdosMartires.gif\" \/>\n<meta name=\"author\" content=\"danilo\" \/>\n<meta name=\"twitter:card\" content=\"summary_large_image\" \/>\n<meta name=\"twitter:label1\" content=\"Escrito por\" \/>\n\t<meta name=\"twitter:data1\" content=\"danilo\" \/>\n\t<meta name=\"twitter:label2\" content=\"Est. tempo de leitura\" \/>\n\t<meta name=\"twitter:data2\" content=\"3 minutos\" \/>\n<script type=\"application\/ld+json\" class=\"yoast-schema-graph\">{\"@context\":\"https:\/\/schema.org\",\"@graph\":[{\"@type\":\"Article\",\"@id\":\"https:\/\/www.oarcanjo.net\/site\/bem-aventurado-bartolomeu-fernandes-dos-martires\/#article\",\"isPartOf\":{\"@id\":\"https:\/\/www.oarcanjo.net\/site\/bem-aventurado-bartolomeu-fernandes-dos-martires\/\"},\"author\":{\"name\":\"danilo\",\"@id\":\"https:\/\/www.oarcanjo.net\/site\/#\/schema\/person\/5eb9480bedd2f3c97e430ce128c29c6c\"},\"headline\":\"Bem Aventurado Bartolomeu Fernandes dos M\u00e1rtires\",\"datePublished\":\"2018-07-16T03:25:35+00:00\",\"dateModified\":\"2018-06-20T21:13:55+00:00\",\"mainEntityOfPage\":{\"@id\":\"https:\/\/www.oarcanjo.net\/site\/bem-aventurado-bartolomeu-fernandes-dos-martires\/\"},\"wordCount\":527,\"commentCount\":0,\"publisher\":{\"@id\":\"https:\/\/www.oarcanjo.net\/site\/#organization\"},\"image\":{\"@id\":\"https:\/\/www.oarcanjo.net\/site\/bem-aventurado-bartolomeu-fernandes-dos-martires\/#primaryimage\"},\"thumbnailUrl\":\"http:\/\/www.paroquiansg.com.br\/modules\/news\/images\/BartolomeuFernandesdosMartires.gif\",\"articleSection\":[\"Testemunhos\"],\"inLanguage\":\"pt-BR\",\"potentialAction\":[{\"@type\":\"CommentAction\",\"name\":\"Comment\",\"target\":[\"https:\/\/www.oarcanjo.net\/site\/bem-aventurado-bartolomeu-fernandes-dos-martires\/#respond\"]}]},{\"@type\":\"WebPage\",\"@id\":\"https:\/\/www.oarcanjo.net\/site\/bem-aventurado-bartolomeu-fernandes-dos-martires\/\",\"url\":\"https:\/\/www.oarcanjo.net\/site\/bem-aventurado-bartolomeu-fernandes-dos-martires\/\",\"name\":\"Bem Aventurado Bartolomeu Fernandes dos M\u00e1rtires - O Arcanjo no ar\",\"isPartOf\":{\"@id\":\"https:\/\/www.oarcanjo.net\/site\/#website\"},\"primaryImageOfPage\":{\"@id\":\"https:\/\/www.oarcanjo.net\/site\/bem-aventurado-bartolomeu-fernandes-dos-martires\/#primaryimage\"},\"image\":{\"@id\":\"https:\/\/www.oarcanjo.net\/site\/bem-aventurado-bartolomeu-fernandes-dos-martires\/#primaryimage\"},\"thumbnailUrl\":\"http:\/\/www.paroquiansg.com.br\/modules\/news\/images\/BartolomeuFernandesdosMartires.gif\",\"datePublished\":\"2018-07-16T03:25:35+00:00\",\"dateModified\":\"2018-06-20T21:13:55+00:00\",\"breadcrumb\":{\"@id\":\"https:\/\/www.oarcanjo.net\/site\/bem-aventurado-bartolomeu-fernandes-dos-martires\/#breadcrumb\"},\"inLanguage\":\"pt-BR\",\"potentialAction\":[{\"@type\":\"ReadAction\",\"target\":[\"https:\/\/www.oarcanjo.net\/site\/bem-aventurado-bartolomeu-fernandes-dos-martires\/\"]}]},{\"@type\":\"ImageObject\",\"inLanguage\":\"pt-BR\",\"@id\":\"https:\/\/www.oarcanjo.net\/site\/bem-aventurado-bartolomeu-fernandes-dos-martires\/#primaryimage\",\"url\":\"http:\/\/www.paroquiansg.com.br\/modules\/news\/images\/BartolomeuFernandesdosMartires.gif\",\"contentUrl\":\"http:\/\/www.paroquiansg.com.br\/modules\/news\/images\/BartolomeuFernandesdosMartires.gif\"},{\"@type\":\"BreadcrumbList\",\"@id\":\"https:\/\/www.oarcanjo.net\/site\/bem-aventurado-bartolomeu-fernandes-dos-martires\/#breadcrumb\",\"itemListElement\":[{\"@type\":\"ListItem\",\"position\":1,\"name\":\"In\u00edcio\",\"item\":\"https:\/\/www.oarcanjo.net\/site\/\"},{\"@type\":\"ListItem\",\"position\":2,\"name\":\"Bem Aventurado Bartolomeu Fernandes dos M\u00e1rtires\"}]},{\"@type\":\"WebSite\",\"@id\":\"https:\/\/www.oarcanjo.net\/site\/#website\",\"url\":\"https:\/\/www.oarcanjo.net\/site\/\",\"name\":\"O Arcanjo no ar\",\"description\":\"Site da Par\u00f3quia S\u00e3o Miguel Arcanjo (Arquidiocese de SP)\",\"publisher\":{\"@id\":\"https:\/\/www.oarcanjo.net\/site\/#organization\"},\"potentialAction\":[{\"@type\":\"SearchAction\",\"target\":{\"@type\":\"EntryPoint\",\"urlTemplate\":\"https:\/\/www.oarcanjo.net\/site\/?s={search_term_string}\"},\"query-input\":{\"@type\":\"PropertyValueSpecification\",\"valueRequired\":true,\"valueName\":\"search_term_string\"}}],\"inLanguage\":\"pt-BR\"},{\"@type\":\"Organization\",\"@id\":\"https:\/\/www.oarcanjo.net\/site\/#organization\",\"name\":\"Par\u00f3quia S\u00e3o Miguel Arcanjo\",\"url\":\"https:\/\/www.oarcanjo.net\/site\/\",\"logo\":{\"@type\":\"ImageObject\",\"inLanguage\":\"pt-BR\",\"@id\":\"https:\/\/www.oarcanjo.net\/site\/#\/schema\/logo\/image\/\",\"url\":\"https:\/\/www.oarcanjo.net\/site\/wp-content\/uploads\/LogoOArcanjo.png\",\"contentUrl\":\"https:\/\/www.oarcanjo.net\/site\/wp-content\/uploads\/LogoOArcanjo.png\",\"width\":319,\"height\":99,\"caption\":\"Par\u00f3quia S\u00e3o Miguel Arcanjo\"},\"image\":{\"@id\":\"https:\/\/www.oarcanjo.net\/site\/#\/schema\/logo\/image\/\"},\"sameAs\":[\"https:\/\/www.facebook.com\/OArcanjoNoAr\/\"]},{\"@type\":\"Person\",\"@id\":\"https:\/\/www.oarcanjo.net\/site\/#\/schema\/person\/5eb9480bedd2f3c97e430ce128c29c6c\",\"name\":\"danilo\"}]}<\/script>\n<!-- \/ Yoast SEO plugin. -->","yoast_head_json":{"title":"Bem Aventurado Bartolomeu Fernandes dos M\u00e1rtires - O Arcanjo no ar","robots":{"index":"index","follow":"follow","max-snippet":"max-snippet:-1","max-image-preview":"max-image-preview:large","max-video-preview":"max-video-preview:-1"},"canonical":"https:\/\/www.oarcanjo.net\/site\/bem-aventurado-bartolomeu-fernandes-dos-martires\/","og_locale":"pt_BR","og_type":"article","og_title":"Bem Aventurado Bartolomeu Fernandes dos M\u00e1rtires - O Arcanjo no ar","og_description":"16 de Julho Bartolomeu nasceu em Lisboa, em maio de 1514. Era filho de Domingos Fernandes e de Maria Correia, ambos de fam\u00edlias tradicionais, abastadas e nobres. O filho foi batizado com o nome do santo ap\u00f3stolo na igreja de Nossa Senhora dos M\u00e1rtires e, por serem seus devotos, inclu\u00edram tamb\u00e9m o &#8220;dos M\u00e1rtires&#8221; para [&hellip;]","og_url":"https:\/\/www.oarcanjo.net\/site\/bem-aventurado-bartolomeu-fernandes-dos-martires\/","og_site_name":"O Arcanjo no ar","article_publisher":"https:\/\/www.facebook.com\/OArcanjoNoAr\/","article_published_time":"2018-07-16T03:25:35+00:00","article_modified_time":"2018-06-20T21:13:55+00:00","og_image":[{"url":"http:\/\/www.paroquiansg.com.br\/modules\/news\/images\/BartolomeuFernandesdosMartires.gif"}],"author":"danilo","twitter_card":"summary_large_image","twitter_misc":{"Escrito por":"danilo","Est. tempo de leitura":"3 minutos"},"schema":{"@context":"https:\/\/schema.org","@graph":[{"@type":"Article","@id":"https:\/\/www.oarcanjo.net\/site\/bem-aventurado-bartolomeu-fernandes-dos-martires\/#article","isPartOf":{"@id":"https:\/\/www.oarcanjo.net\/site\/bem-aventurado-bartolomeu-fernandes-dos-martires\/"},"author":{"name":"danilo","@id":"https:\/\/www.oarcanjo.net\/site\/#\/schema\/person\/5eb9480bedd2f3c97e430ce128c29c6c"},"headline":"Bem Aventurado Bartolomeu Fernandes dos M\u00e1rtires","datePublished":"2018-07-16T03:25:35+00:00","dateModified":"2018-06-20T21:13:55+00:00","mainEntityOfPage":{"@id":"https:\/\/www.oarcanjo.net\/site\/bem-aventurado-bartolomeu-fernandes-dos-martires\/"},"wordCount":527,"commentCount":0,"publisher":{"@id":"https:\/\/www.oarcanjo.net\/site\/#organization"},"image":{"@id":"https:\/\/www.oarcanjo.net\/site\/bem-aventurado-bartolomeu-fernandes-dos-martires\/#primaryimage"},"thumbnailUrl":"http:\/\/www.paroquiansg.com.br\/modules\/news\/images\/BartolomeuFernandesdosMartires.gif","articleSection":["Testemunhos"],"inLanguage":"pt-BR","potentialAction":[{"@type":"CommentAction","name":"Comment","target":["https:\/\/www.oarcanjo.net\/site\/bem-aventurado-bartolomeu-fernandes-dos-martires\/#respond"]}]},{"@type":"WebPage","@id":"https:\/\/www.oarcanjo.net\/site\/bem-aventurado-bartolomeu-fernandes-dos-martires\/","url":"https:\/\/www.oarcanjo.net\/site\/bem-aventurado-bartolomeu-fernandes-dos-martires\/","name":"Bem Aventurado Bartolomeu Fernandes dos M\u00e1rtires - O Arcanjo no ar","isPartOf":{"@id":"https:\/\/www.oarcanjo.net\/site\/#website"},"primaryImageOfPage":{"@id":"https:\/\/www.oarcanjo.net\/site\/bem-aventurado-bartolomeu-fernandes-dos-martires\/#primaryimage"},"image":{"@id":"https:\/\/www.oarcanjo.net\/site\/bem-aventurado-bartolomeu-fernandes-dos-martires\/#primaryimage"},"thumbnailUrl":"http:\/\/www.paroquiansg.com.br\/modules\/news\/images\/BartolomeuFernandesdosMartires.gif","datePublished":"2018-07-16T03:25:35+00:00","dateModified":"2018-06-20T21:13:55+00:00","breadcrumb":{"@id":"https:\/\/www.oarcanjo.net\/site\/bem-aventurado-bartolomeu-fernandes-dos-martires\/#breadcrumb"},"inLanguage":"pt-BR","potentialAction":[{"@type":"ReadAction","target":["https:\/\/www.oarcanjo.net\/site\/bem-aventurado-bartolomeu-fernandes-dos-martires\/"]}]},{"@type":"ImageObject","inLanguage":"pt-BR","@id":"https:\/\/www.oarcanjo.net\/site\/bem-aventurado-bartolomeu-fernandes-dos-martires\/#primaryimage","url":"http:\/\/www.paroquiansg.com.br\/modules\/news\/images\/BartolomeuFernandesdosMartires.gif","contentUrl":"http:\/\/www.paroquiansg.com.br\/modules\/news\/images\/BartolomeuFernandesdosMartires.gif"},{"@type":"BreadcrumbList","@id":"https:\/\/www.oarcanjo.net\/site\/bem-aventurado-bartolomeu-fernandes-dos-martires\/#breadcrumb","itemListElement":[{"@type":"ListItem","position":1,"name":"In\u00edcio","item":"https:\/\/www.oarcanjo.net\/site\/"},{"@type":"ListItem","position":2,"name":"Bem Aventurado Bartolomeu Fernandes dos M\u00e1rtires"}]},{"@type":"WebSite","@id":"https:\/\/www.oarcanjo.net\/site\/#website","url":"https:\/\/www.oarcanjo.net\/site\/","name":"O Arcanjo no ar","description":"Site da Par\u00f3quia S\u00e3o Miguel Arcanjo (Arquidiocese de SP)","publisher":{"@id":"https:\/\/www.oarcanjo.net\/site\/#organization"},"potentialAction":[{"@type":"SearchAction","target":{"@type":"EntryPoint","urlTemplate":"https:\/\/www.oarcanjo.net\/site\/?s={search_term_string}"},"query-input":{"@type":"PropertyValueSpecification","valueRequired":true,"valueName":"search_term_string"}}],"inLanguage":"pt-BR"},{"@type":"Organization","@id":"https:\/\/www.oarcanjo.net\/site\/#organization","name":"Par\u00f3quia S\u00e3o Miguel Arcanjo","url":"https:\/\/www.oarcanjo.net\/site\/","logo":{"@type":"ImageObject","inLanguage":"pt-BR","@id":"https:\/\/www.oarcanjo.net\/site\/#\/schema\/logo\/image\/","url":"https:\/\/www.oarcanjo.net\/site\/wp-content\/uploads\/LogoOArcanjo.png","contentUrl":"https:\/\/www.oarcanjo.net\/site\/wp-content\/uploads\/LogoOArcanjo.png","width":319,"height":99,"caption":"Par\u00f3quia S\u00e3o Miguel Arcanjo"},"image":{"@id":"https:\/\/www.oarcanjo.net\/site\/#\/schema\/logo\/image\/"},"sameAs":["https:\/\/www.facebook.com\/OArcanjoNoAr\/"]},{"@type":"Person","@id":"https:\/\/www.oarcanjo.net\/site\/#\/schema\/person\/5eb9480bedd2f3c97e430ce128c29c6c","name":"danilo"}]}},"publishpress_future_action":{"enabled":false,"date":"2026-05-08 10:25:05","action":"category","newStatus":"draft","terms":[],"taxonomy":"category"},"publishpress_future_workflow_manual_trigger":{"enabledWorkflows":[]},"_links":{"self":[{"href":"https:\/\/www.oarcanjo.net\/site\/wp-json\/wp\/v2\/posts\/10240"}],"collection":[{"href":"https:\/\/www.oarcanjo.net\/site\/wp-json\/wp\/v2\/posts"}],"about":[{"href":"https:\/\/www.oarcanjo.net\/site\/wp-json\/wp\/v2\/types\/post"}],"author":[{"embeddable":true,"href":"https:\/\/www.oarcanjo.net\/site\/wp-json\/wp\/v2\/users\/14"}],"replies":[{"embeddable":true,"href":"https:\/\/www.oarcanjo.net\/site\/wp-json\/wp\/v2\/comments?post=10240"}],"version-history":[{"count":1,"href":"https:\/\/www.oarcanjo.net\/site\/wp-json\/wp\/v2\/posts\/10240\/revisions"}],"predecessor-version":[{"id":88561,"href":"https:\/\/www.oarcanjo.net\/site\/wp-json\/wp\/v2\/posts\/10240\/revisions\/88561"}],"wp:attachment":[{"href":"https:\/\/www.oarcanjo.net\/site\/wp-json\/wp\/v2\/media?parent=10240"}],"wp:term":[{"taxonomy":"category","embeddable":true,"href":"https:\/\/www.oarcanjo.net\/site\/wp-json\/wp\/v2\/categories?post=10240"},{"taxonomy":"post_tag","embeddable":true,"href":"https:\/\/www.oarcanjo.net\/site\/wp-json\/wp\/v2\/tags?post=10240"}],"curies":[{"name":"wp","href":"https:\/\/api.w.org\/{rel}","templated":true}]}}