
{"id":10248,"date":"2018-07-17T00:28:19","date_gmt":"2018-07-17T03:28:19","guid":{"rendered":"http:\/\/www.oarcanjo.net\/site\/?p=10248"},"modified":"2018-06-20T18:14:02","modified_gmt":"2018-06-20T21:14:02","slug":"santa-maria-madalena-postel","status":"publish","type":"post","link":"https:\/\/www.oarcanjo.net\/site\/santa-maria-madalena-postel\/","title":{"rendered":"Santa Maria Madalena Postel"},"content":{"rendered":"<p><img decoding=\"async\" src=\"http:\/\/www.paulinas.org.br\/diafeliz\/images\/santo\/MariaMadalenaPostel.gif\" alt=\"\" \/><\/p>\n<p>17 de Julho<\/p>\n<p>Fundou a Congrega\u00e7\u00e3o das filhas da Miseric\u00f3rdia &#8220;Irm\u00e3s de Santa Maria Madalena Postel&#8221;<\/p>\n<p>No dia 28 de novembro de 1758, nasceu a filha primog\u00eanita do casal Postel, camponeses de uma rica fazenda em Barfleur, na Normandia, Fran\u00e7a. A crian\u00e7a foi batizada com o nome de J\u00falia Francisca Catarina, tendo como padrinho aquele rico propriet\u00e1rio.<\/p>\n<p>J\u00falia Postel teve os estudos patrocinados pelo padrinho, que, como seus pais, queria que seguisse a vida religiosa. Ela foi aluna interna do col\u00e9gio da Abadia Real das Irm\u00e3s Beneditinas, em Volognes, onde se formou professora. No in\u00edcio, n\u00e3o pensou na vida religiosa, sua preocupa\u00e7\u00e3o era com a grande quantidade de jovens que, devido \u00e0 pobreza, estavam condenadas \u00e0 ignor\u00e2ncia e \u00e0 inferioridade social.<\/p>\n<p>De volta \u00e0 sua aldeia natal, J\u00falia Postel, com determina\u00e7\u00e3o e dificuldade, criou uma escola onde lecionava e catequizava crian\u00e7as, jovens e adultos abandonados \u00e0 ignor\u00e2ncia, at\u00e9 do pr\u00f3prio clero da \u00e9poca, que desconhecia a palavra &#8220;pastoral&#8221;. Era solicitada sempre pelos mais infelizes: pobres, \u00f3rf\u00e3os, enfermos, idosos, vi\u00favas, que a viam como uma m\u00e3e zelosa, protetora, que n\u00e3o os abandonava, sempre cheia de f\u00e9 em Cristo. Aos ricos pedia ajuda financeira e, quando n\u00e3o tinha o suficiente, ia pedir esmolas, pois a escola e as obras n\u00e3o podiam parar.<\/p>\n<p>A Revolu\u00e7\u00e3o Francesa chegou arrasadora, em 1789, declarando guerra e \u00f3dio ao trono e \u00e0 Igreja, dispersando o clero e reduzindo tudo a ru\u00ednas. J\u00falia Postel fechou a escola, mas, a pedido do bispo, escondeu em sua casa os livros sagrados e o Sant\u00edssimo Sacramento e foi autorizada a ministrar a comunh\u00e3o nos casos urgentes. Organizou missas clandestinas e instruiu grupos de catequistas para depois da Revolu\u00e7\u00e3o. Sua voca\u00e7\u00e3o religiosa estava clara.<\/p>\n<p>A paz com a Igreja foi restabelecida em 1802. Juntamente com duas colegas e a ajuda do padre Cabart, J\u00falia Postel fundou a Congrega\u00e7\u00e3o das Filhas da Miseric\u00f3rdia, em Cherbourg. Ao proferir seus votos, escolheu o nome de Maria Madalena. A princ\u00edpio, a forma\u00e7\u00e3o das religiosas ficou voltada para o ensino escolar e foi baseada nos mesmos princ\u00edpios dos irm\u00e3os das escolas crist\u00e3s, j\u00e1 que na \u00e9poca era grande essa necessidade. Essas religiosas, aos poucos, foram se espalhando por todo o territ\u00f3rio franc\u00eas. Depois, a pedido de Roma, a forma\u00e7\u00e3o foi mudada, passando a servir como enfermeiras.<\/p>\n<p>Em 1832, madre Maria Madalena, junto com suas irm\u00e3s, estabeleceu-se nas ru\u00ednas da antiga Abadia Beneditina de Saint-Sauveur-le-Vicomte. Foi reconstru\u00edda com dificuldade e tornou-se a Casa-m\u00e3e da congrega\u00e7\u00e3o. Madre Maria Madalena Postel morreu com noventa anos de idade, em 16 de julho de 1846. A fama de sua santidade logo se espalhou pelo mundo crist\u00e3o.<\/p>\n<p>Foi beatificada em 1908, e depois canonizada pelo papa Pio XI, em 1925. Est\u00e1 sepultada em Saint-Sauveur-le-Vicomte. A sua festa acontece no dia 17 de julho e a sua obra, hoje, chama-se Congrega\u00e7\u00e3o das Irm\u00e3s de Santa Maria Madalena Postel.<\/p>\n<div id=\"themify_builder_content-10248\" data-postid=\"10248\" class=\"themify_builder_content themify_builder_content-10248 themify_builder themify_builder_front\">\n\t<\/div>\n<!-- \/themify_builder_content -->","protected":false},"excerpt":{"rendered":"<p>17 de Julho Fundou a Congrega\u00e7\u00e3o das filhas da Miseric\u00f3rdia &#8220;Irm\u00e3s de Santa Maria Madalena Postel&#8221; No dia 28 de novembro de 1758, nasceu a filha primog\u00eanita do casal Postel, camponeses de uma rica fazenda em Barfleur, na Normandia, Fran\u00e7a. A crian\u00e7a foi batizada com o nome de J\u00falia Francisca Catarina, tendo como padrinho aquele [&hellip;]<\/p>\n","protected":false},"author":14,"featured_media":0,"comment_status":"open","ping_status":"open","sticky":false,"template":"","format":"standard","meta":{"ngg_post_thumbnail":0,"footnotes":""},"categories":[186],"tags":[],"yoast_head":"<!-- This site is optimized with the Yoast SEO plugin v23.5 - https:\/\/yoast.com\/wordpress\/plugins\/seo\/ -->\n<title>Santa Maria Madalena Postel - O Arcanjo no ar<\/title>\n<meta name=\"robots\" content=\"index, follow, max-snippet:-1, max-image-preview:large, max-video-preview:-1\" \/>\n<link rel=\"canonical\" href=\"https:\/\/www.oarcanjo.net\/site\/santa-maria-madalena-postel\/\" \/>\n<meta property=\"og:locale\" content=\"pt_BR\" \/>\n<meta property=\"og:type\" content=\"article\" \/>\n<meta property=\"og:title\" content=\"Santa Maria Madalena Postel - O Arcanjo no ar\" \/>\n<meta property=\"og:description\" content=\"17 de Julho Fundou a Congrega\u00e7\u00e3o das filhas da Miseric\u00f3rdia &#8220;Irm\u00e3s de Santa Maria Madalena Postel&#8221; No dia 28 de novembro de 1758, nasceu a filha primog\u00eanita do casal Postel, camponeses de uma rica fazenda em Barfleur, na Normandia, Fran\u00e7a. A crian\u00e7a foi batizada com o nome de J\u00falia Francisca Catarina, tendo como padrinho aquele [&hellip;]\" \/>\n<meta property=\"og:url\" content=\"https:\/\/www.oarcanjo.net\/site\/santa-maria-madalena-postel\/\" \/>\n<meta property=\"og:site_name\" content=\"O Arcanjo no ar\" \/>\n<meta property=\"article:publisher\" content=\"https:\/\/www.facebook.com\/OArcanjoNoAr\/\" \/>\n<meta property=\"article:published_time\" content=\"2018-07-17T03:28:19+00:00\" \/>\n<meta property=\"article:modified_time\" content=\"2018-06-20T21:14:02+00:00\" \/>\n<meta property=\"og:image\" content=\"http:\/\/www.paulinas.org.br\/diafeliz\/images\/santo\/MariaMadalenaPostel.gif\" \/>\n<meta name=\"author\" content=\"danilo\" \/>\n<meta name=\"twitter:card\" content=\"summary_large_image\" \/>\n<meta name=\"twitter:label1\" content=\"Escrito por\" \/>\n\t<meta name=\"twitter:data1\" content=\"danilo\" \/>\n\t<meta name=\"twitter:label2\" content=\"Est. tempo de leitura\" \/>\n\t<meta name=\"twitter:data2\" content=\"3 minutos\" \/>\n<script type=\"application\/ld+json\" class=\"yoast-schema-graph\">{\"@context\":\"https:\/\/schema.org\",\"@graph\":[{\"@type\":\"Article\",\"@id\":\"https:\/\/www.oarcanjo.net\/site\/santa-maria-madalena-postel\/#article\",\"isPartOf\":{\"@id\":\"https:\/\/www.oarcanjo.net\/site\/santa-maria-madalena-postel\/\"},\"author\":{\"name\":\"danilo\",\"@id\":\"https:\/\/www.oarcanjo.net\/site\/#\/schema\/person\/5eb9480bedd2f3c97e430ce128c29c6c\"},\"headline\":\"Santa Maria Madalena Postel\",\"datePublished\":\"2018-07-17T03:28:19+00:00\",\"dateModified\":\"2018-06-20T21:14:02+00:00\",\"mainEntityOfPage\":{\"@id\":\"https:\/\/www.oarcanjo.net\/site\/santa-maria-madalena-postel\/\"},\"wordCount\":513,\"commentCount\":0,\"publisher\":{\"@id\":\"https:\/\/www.oarcanjo.net\/site\/#organization\"},\"image\":{\"@id\":\"https:\/\/www.oarcanjo.net\/site\/santa-maria-madalena-postel\/#primaryimage\"},\"thumbnailUrl\":\"http:\/\/www.paulinas.org.br\/diafeliz\/images\/santo\/MariaMadalenaPostel.gif\",\"articleSection\":[\"Testemunhos\"],\"inLanguage\":\"pt-BR\",\"potentialAction\":[{\"@type\":\"CommentAction\",\"name\":\"Comment\",\"target\":[\"https:\/\/www.oarcanjo.net\/site\/santa-maria-madalena-postel\/#respond\"]}]},{\"@type\":\"WebPage\",\"@id\":\"https:\/\/www.oarcanjo.net\/site\/santa-maria-madalena-postel\/\",\"url\":\"https:\/\/www.oarcanjo.net\/site\/santa-maria-madalena-postel\/\",\"name\":\"Santa Maria Madalena Postel - O Arcanjo no ar\",\"isPartOf\":{\"@id\":\"https:\/\/www.oarcanjo.net\/site\/#website\"},\"primaryImageOfPage\":{\"@id\":\"https:\/\/www.oarcanjo.net\/site\/santa-maria-madalena-postel\/#primaryimage\"},\"image\":{\"@id\":\"https:\/\/www.oarcanjo.net\/site\/santa-maria-madalena-postel\/#primaryimage\"},\"thumbnailUrl\":\"http:\/\/www.paulinas.org.br\/diafeliz\/images\/santo\/MariaMadalenaPostel.gif\",\"datePublished\":\"2018-07-17T03:28:19+00:00\",\"dateModified\":\"2018-06-20T21:14:02+00:00\",\"breadcrumb\":{\"@id\":\"https:\/\/www.oarcanjo.net\/site\/santa-maria-madalena-postel\/#breadcrumb\"},\"inLanguage\":\"pt-BR\",\"potentialAction\":[{\"@type\":\"ReadAction\",\"target\":[\"https:\/\/www.oarcanjo.net\/site\/santa-maria-madalena-postel\/\"]}]},{\"@type\":\"ImageObject\",\"inLanguage\":\"pt-BR\",\"@id\":\"https:\/\/www.oarcanjo.net\/site\/santa-maria-madalena-postel\/#primaryimage\",\"url\":\"http:\/\/www.paulinas.org.br\/diafeliz\/images\/santo\/MariaMadalenaPostel.gif\",\"contentUrl\":\"http:\/\/www.paulinas.org.br\/diafeliz\/images\/santo\/MariaMadalenaPostel.gif\"},{\"@type\":\"BreadcrumbList\",\"@id\":\"https:\/\/www.oarcanjo.net\/site\/santa-maria-madalena-postel\/#breadcrumb\",\"itemListElement\":[{\"@type\":\"ListItem\",\"position\":1,\"name\":\"In\u00edcio\",\"item\":\"https:\/\/www.oarcanjo.net\/site\/\"},{\"@type\":\"ListItem\",\"position\":2,\"name\":\"Santa Maria Madalena Postel\"}]},{\"@type\":\"WebSite\",\"@id\":\"https:\/\/www.oarcanjo.net\/site\/#website\",\"url\":\"https:\/\/www.oarcanjo.net\/site\/\",\"name\":\"O Arcanjo no ar\",\"description\":\"Site da Par\u00f3quia S\u00e3o Miguel Arcanjo (Arquidiocese de SP)\",\"publisher\":{\"@id\":\"https:\/\/www.oarcanjo.net\/site\/#organization\"},\"potentialAction\":[{\"@type\":\"SearchAction\",\"target\":{\"@type\":\"EntryPoint\",\"urlTemplate\":\"https:\/\/www.oarcanjo.net\/site\/?s={search_term_string}\"},\"query-input\":{\"@type\":\"PropertyValueSpecification\",\"valueRequired\":true,\"valueName\":\"search_term_string\"}}],\"inLanguage\":\"pt-BR\"},{\"@type\":\"Organization\",\"@id\":\"https:\/\/www.oarcanjo.net\/site\/#organization\",\"name\":\"Par\u00f3quia S\u00e3o Miguel Arcanjo\",\"url\":\"https:\/\/www.oarcanjo.net\/site\/\",\"logo\":{\"@type\":\"ImageObject\",\"inLanguage\":\"pt-BR\",\"@id\":\"https:\/\/www.oarcanjo.net\/site\/#\/schema\/logo\/image\/\",\"url\":\"https:\/\/www.oarcanjo.net\/site\/wp-content\/uploads\/LogoOArcanjo.png\",\"contentUrl\":\"https:\/\/www.oarcanjo.net\/site\/wp-content\/uploads\/LogoOArcanjo.png\",\"width\":319,\"height\":99,\"caption\":\"Par\u00f3quia S\u00e3o Miguel Arcanjo\"},\"image\":{\"@id\":\"https:\/\/www.oarcanjo.net\/site\/#\/schema\/logo\/image\/\"},\"sameAs\":[\"https:\/\/www.facebook.com\/OArcanjoNoAr\/\"]},{\"@type\":\"Person\",\"@id\":\"https:\/\/www.oarcanjo.net\/site\/#\/schema\/person\/5eb9480bedd2f3c97e430ce128c29c6c\",\"name\":\"danilo\"}]}<\/script>\n<!-- \/ Yoast SEO plugin. -->","yoast_head_json":{"title":"Santa Maria Madalena Postel - O Arcanjo no ar","robots":{"index":"index","follow":"follow","max-snippet":"max-snippet:-1","max-image-preview":"max-image-preview:large","max-video-preview":"max-video-preview:-1"},"canonical":"https:\/\/www.oarcanjo.net\/site\/santa-maria-madalena-postel\/","og_locale":"pt_BR","og_type":"article","og_title":"Santa Maria Madalena Postel - O Arcanjo no ar","og_description":"17 de Julho Fundou a Congrega\u00e7\u00e3o das filhas da Miseric\u00f3rdia &#8220;Irm\u00e3s de Santa Maria Madalena Postel&#8221; No dia 28 de novembro de 1758, nasceu a filha primog\u00eanita do casal Postel, camponeses de uma rica fazenda em Barfleur, na Normandia, Fran\u00e7a. A crian\u00e7a foi batizada com o nome de J\u00falia Francisca Catarina, tendo como padrinho aquele [&hellip;]","og_url":"https:\/\/www.oarcanjo.net\/site\/santa-maria-madalena-postel\/","og_site_name":"O Arcanjo no ar","article_publisher":"https:\/\/www.facebook.com\/OArcanjoNoAr\/","article_published_time":"2018-07-17T03:28:19+00:00","article_modified_time":"2018-06-20T21:14:02+00:00","og_image":[{"url":"http:\/\/www.paulinas.org.br\/diafeliz\/images\/santo\/MariaMadalenaPostel.gif"}],"author":"danilo","twitter_card":"summary_large_image","twitter_misc":{"Escrito por":"danilo","Est. tempo de leitura":"3 minutos"},"schema":{"@context":"https:\/\/schema.org","@graph":[{"@type":"Article","@id":"https:\/\/www.oarcanjo.net\/site\/santa-maria-madalena-postel\/#article","isPartOf":{"@id":"https:\/\/www.oarcanjo.net\/site\/santa-maria-madalena-postel\/"},"author":{"name":"danilo","@id":"https:\/\/www.oarcanjo.net\/site\/#\/schema\/person\/5eb9480bedd2f3c97e430ce128c29c6c"},"headline":"Santa Maria Madalena Postel","datePublished":"2018-07-17T03:28:19+00:00","dateModified":"2018-06-20T21:14:02+00:00","mainEntityOfPage":{"@id":"https:\/\/www.oarcanjo.net\/site\/santa-maria-madalena-postel\/"},"wordCount":513,"commentCount":0,"publisher":{"@id":"https:\/\/www.oarcanjo.net\/site\/#organization"},"image":{"@id":"https:\/\/www.oarcanjo.net\/site\/santa-maria-madalena-postel\/#primaryimage"},"thumbnailUrl":"http:\/\/www.paulinas.org.br\/diafeliz\/images\/santo\/MariaMadalenaPostel.gif","articleSection":["Testemunhos"],"inLanguage":"pt-BR","potentialAction":[{"@type":"CommentAction","name":"Comment","target":["https:\/\/www.oarcanjo.net\/site\/santa-maria-madalena-postel\/#respond"]}]},{"@type":"WebPage","@id":"https:\/\/www.oarcanjo.net\/site\/santa-maria-madalena-postel\/","url":"https:\/\/www.oarcanjo.net\/site\/santa-maria-madalena-postel\/","name":"Santa Maria Madalena Postel - O Arcanjo no ar","isPartOf":{"@id":"https:\/\/www.oarcanjo.net\/site\/#website"},"primaryImageOfPage":{"@id":"https:\/\/www.oarcanjo.net\/site\/santa-maria-madalena-postel\/#primaryimage"},"image":{"@id":"https:\/\/www.oarcanjo.net\/site\/santa-maria-madalena-postel\/#primaryimage"},"thumbnailUrl":"http:\/\/www.paulinas.org.br\/diafeliz\/images\/santo\/MariaMadalenaPostel.gif","datePublished":"2018-07-17T03:28:19+00:00","dateModified":"2018-06-20T21:14:02+00:00","breadcrumb":{"@id":"https:\/\/www.oarcanjo.net\/site\/santa-maria-madalena-postel\/#breadcrumb"},"inLanguage":"pt-BR","potentialAction":[{"@type":"ReadAction","target":["https:\/\/www.oarcanjo.net\/site\/santa-maria-madalena-postel\/"]}]},{"@type":"ImageObject","inLanguage":"pt-BR","@id":"https:\/\/www.oarcanjo.net\/site\/santa-maria-madalena-postel\/#primaryimage","url":"http:\/\/www.paulinas.org.br\/diafeliz\/images\/santo\/MariaMadalenaPostel.gif","contentUrl":"http:\/\/www.paulinas.org.br\/diafeliz\/images\/santo\/MariaMadalenaPostel.gif"},{"@type":"BreadcrumbList","@id":"https:\/\/www.oarcanjo.net\/site\/santa-maria-madalena-postel\/#breadcrumb","itemListElement":[{"@type":"ListItem","position":1,"name":"In\u00edcio","item":"https:\/\/www.oarcanjo.net\/site\/"},{"@type":"ListItem","position":2,"name":"Santa Maria Madalena Postel"}]},{"@type":"WebSite","@id":"https:\/\/www.oarcanjo.net\/site\/#website","url":"https:\/\/www.oarcanjo.net\/site\/","name":"O Arcanjo no ar","description":"Site da Par\u00f3quia S\u00e3o Miguel Arcanjo (Arquidiocese de SP)","publisher":{"@id":"https:\/\/www.oarcanjo.net\/site\/#organization"},"potentialAction":[{"@type":"SearchAction","target":{"@type":"EntryPoint","urlTemplate":"https:\/\/www.oarcanjo.net\/site\/?s={search_term_string}"},"query-input":{"@type":"PropertyValueSpecification","valueRequired":true,"valueName":"search_term_string"}}],"inLanguage":"pt-BR"},{"@type":"Organization","@id":"https:\/\/www.oarcanjo.net\/site\/#organization","name":"Par\u00f3quia S\u00e3o Miguel Arcanjo","url":"https:\/\/www.oarcanjo.net\/site\/","logo":{"@type":"ImageObject","inLanguage":"pt-BR","@id":"https:\/\/www.oarcanjo.net\/site\/#\/schema\/logo\/image\/","url":"https:\/\/www.oarcanjo.net\/site\/wp-content\/uploads\/LogoOArcanjo.png","contentUrl":"https:\/\/www.oarcanjo.net\/site\/wp-content\/uploads\/LogoOArcanjo.png","width":319,"height":99,"caption":"Par\u00f3quia S\u00e3o Miguel Arcanjo"},"image":{"@id":"https:\/\/www.oarcanjo.net\/site\/#\/schema\/logo\/image\/"},"sameAs":["https:\/\/www.facebook.com\/OArcanjoNoAr\/"]},{"@type":"Person","@id":"https:\/\/www.oarcanjo.net\/site\/#\/schema\/person\/5eb9480bedd2f3c97e430ce128c29c6c","name":"danilo"}]}},"publishpress_future_action":{"enabled":false,"date":"2026-05-08 11:45:50","action":"category","newStatus":"draft","terms":[],"taxonomy":"category"},"publishpress_future_workflow_manual_trigger":{"enabledWorkflows":[]},"_links":{"self":[{"href":"https:\/\/www.oarcanjo.net\/site\/wp-json\/wp\/v2\/posts\/10248"}],"collection":[{"href":"https:\/\/www.oarcanjo.net\/site\/wp-json\/wp\/v2\/posts"}],"about":[{"href":"https:\/\/www.oarcanjo.net\/site\/wp-json\/wp\/v2\/types\/post"}],"author":[{"embeddable":true,"href":"https:\/\/www.oarcanjo.net\/site\/wp-json\/wp\/v2\/users\/14"}],"replies":[{"embeddable":true,"href":"https:\/\/www.oarcanjo.net\/site\/wp-json\/wp\/v2\/comments?post=10248"}],"version-history":[{"count":1,"href":"https:\/\/www.oarcanjo.net\/site\/wp-json\/wp\/v2\/posts\/10248\/revisions"}],"predecessor-version":[{"id":88562,"href":"https:\/\/www.oarcanjo.net\/site\/wp-json\/wp\/v2\/posts\/10248\/revisions\/88562"}],"wp:attachment":[{"href":"https:\/\/www.oarcanjo.net\/site\/wp-json\/wp\/v2\/media?parent=10248"}],"wp:term":[{"taxonomy":"category","embeddable":true,"href":"https:\/\/www.oarcanjo.net\/site\/wp-json\/wp\/v2\/categories?post=10248"},{"taxonomy":"post_tag","embeddable":true,"href":"https:\/\/www.oarcanjo.net\/site\/wp-json\/wp\/v2\/tags?post=10248"}],"curies":[{"name":"wp","href":"https:\/\/api.w.org\/{rel}","templated":true}]}}