
{"id":10250,"date":"2018-07-17T00:31:03","date_gmt":"2018-07-17T03:31:03","guid":{"rendered":"http:\/\/www.oarcanjo.net\/site\/?p=10250"},"modified":"2018-06-20T18:14:51","modified_gmt":"2018-06-20T21:14:51","slug":"santo-aleixo","status":"publish","type":"post","link":"https:\/\/www.oarcanjo.net\/site\/santo-aleixo\/","title":{"rendered":"Santo Aleixo"},"content":{"rendered":"<p><img loading=\"lazy\" decoding=\"async\" class=\"alignnone size-full wp-image-64129\" src=\"http:\/\/www.oarcanjo.net\/site\/wp-content\/uploads\/Santo-Aleixo.jpg\" alt=\"Santo Aleixo\" width=\"130\" height=\"140\" \/><\/p>\n<p>17 de Julho<\/p>\n<p>Aleixo, filho \u00fanico do senador Eufemiano, italiano, nasceu em Roma, no ano de 350. Herdeiro de uma consider\u00e1vel fortuna, cresceu dentro da religi\u00e3o crist\u00e3. Desde a inf\u00e2ncia, ficou famoso por sua natural caridade, possuindo todas as gra\u00e7as e virtudes. Os pais, como era costume na \u00e9poca, cuidaram do seu enlace com uma jovem de excelente fam\u00edlia crist\u00e3 e ele acabou se casando.<\/p>\n<p>Por\u00e9m, na noite de n\u00fapcias, sem consumar a uni\u00e3o, e ap\u00f3s conversar com a esposa, abandonou tudo para aproximar-se de Deus. Como peregrino, vagou de cidade em cidade at\u00e9 chegar em Edessa, na S\u00edria, onde ficou por algum tempo. Vivia como um piedoso mendigo ao lado da bas\u00edlica do Ap\u00f3stolo Tom\u00e9, repartindo com os pobres as esmolas que recebia. Diversos prod\u00edgios aconteciam com a sua presen\u00e7a, por isso passou a ser chamado de &#8220;o homem de Deus&#8221; e venerado por sua santidade. Mas teve de abandonar a cidade, porque desejava continuar no anonimato.<\/p>\n<p>Retornou para a vida de peregrino. Sofreu tanto que ficou transfigurado. Quando em Roma, foi para a casa do pai e disse: &#8220;Tende compaix\u00e3o deste pobre de Jesus Cristo e permita-me ficar em algum canto do pal\u00e1cio&#8221;. N\u00e3o tendo reconhecido o pr\u00f3prio filho, ele o acolheu e mandou que o levasse para cuidar da cocheira dos animais. Viveu assim durante dezessete anos, na cocheira do seu pr\u00f3prio pal\u00e1cio, sendo maltratado pelos seus pr\u00f3prios criados e sem ser identificado pelos pais.<\/p>\n<p>Morreu em 17 de julho e foi enterrado num cemit\u00e9rio comum para criados. Por\u00e9m, antes de morrer, entregou um pergaminho ao criado que o socorreu, na qual revelava sua identidade. Os pais, quando souberam, levaram o caso ao conhecimento do bispo, que autorizou sua exuma\u00e7\u00e3o. Aleixo foi levado, ent\u00e3o, para um t\u00famulo constru\u00eddo na propriedade do senador. A fama de sua hist\u00f3ria e de &#8220;homem de Deus&#8221; espalhou-se entre os crist\u00e3os romanos e orientais, difundindo rapidamente o seu culto.<\/p>\n<p>Segundo uma antiga tradi\u00e7\u00e3o romana, a casa do senador ficava no monte Aventino. Em 1217, durante a constru\u00e7\u00e3o da igreja dedicada a s\u00e3o Bonif\u00e1cio, neste local as rel\u00edquias de santo Aleixo foram encontradas. Por tal motivo o papa Hon\u00f3rio III decidiu que ela seria dedicada a santo Aleixo. Outro grande devoto deste santo foi o bispo S\u00e9rgio de Damasco, que viveu em Roma no final do s\u00e9culo X. Ele acabou fundando o Mosteiro de Santo Aleixo, destinado aos monges gregos.<\/p>\n<p>No s\u00e9culo XV, os Irm\u00e3os de Santo Aleixo elegeram-no como patrono. Em 1817, a Congrega\u00e7\u00e3o dos Sagrados Cora\u00e7\u00f5es de Jesus e Maria nomeou-o seu segundo patrono, como exemplo de paci\u00eancia, humildade e de caridade a ser seguido. A Igreja manteve o dia de sua festa no dia 17 de julho, como sempre foi celebrada pela antiga tradi\u00e7\u00e3o crist\u00e3.<\/p>\n<div id=\"themify_builder_content-10250\" data-postid=\"10250\" class=\"themify_builder_content themify_builder_content-10250 themify_builder themify_builder_front\">\n\t<\/div>\n<!-- \/themify_builder_content -->","protected":false},"excerpt":{"rendered":"<p>17 de Julho Aleixo, filho \u00fanico do senador Eufemiano, italiano, nasceu em Roma, no ano de 350. Herdeiro de uma consider\u00e1vel fortuna, cresceu dentro da religi\u00e3o crist\u00e3. Desde a inf\u00e2ncia, ficou famoso por sua natural caridade, possuindo todas as gra\u00e7as e virtudes. Os pais, como era costume na \u00e9poca, cuidaram do seu enlace com uma [&hellip;]<\/p>\n","protected":false},"author":14,"featured_media":0,"comment_status":"open","ping_status":"open","sticky":false,"template":"","format":"standard","meta":{"ngg_post_thumbnail":0,"footnotes":""},"categories":[186],"tags":[],"yoast_head":"<!-- This site is optimized with the Yoast SEO plugin v23.5 - https:\/\/yoast.com\/wordpress\/plugins\/seo\/ -->\n<title>Santo Aleixo - O Arcanjo no ar<\/title>\n<meta name=\"robots\" content=\"index, follow, max-snippet:-1, max-image-preview:large, max-video-preview:-1\" \/>\n<link rel=\"canonical\" href=\"https:\/\/www.oarcanjo.net\/site\/santo-aleixo\/\" \/>\n<meta property=\"og:locale\" content=\"pt_BR\" \/>\n<meta property=\"og:type\" content=\"article\" \/>\n<meta property=\"og:title\" content=\"Santo Aleixo - O Arcanjo no ar\" \/>\n<meta property=\"og:description\" content=\"17 de Julho Aleixo, filho \u00fanico do senador Eufemiano, italiano, nasceu em Roma, no ano de 350. Herdeiro de uma consider\u00e1vel fortuna, cresceu dentro da religi\u00e3o crist\u00e3. Desde a inf\u00e2ncia, ficou famoso por sua natural caridade, possuindo todas as gra\u00e7as e virtudes. Os pais, como era costume na \u00e9poca, cuidaram do seu enlace com uma [&hellip;]\" \/>\n<meta property=\"og:url\" content=\"https:\/\/www.oarcanjo.net\/site\/santo-aleixo\/\" \/>\n<meta property=\"og:site_name\" content=\"O Arcanjo no ar\" \/>\n<meta property=\"article:publisher\" content=\"https:\/\/www.facebook.com\/OArcanjoNoAr\/\" \/>\n<meta property=\"article:published_time\" content=\"2018-07-17T03:31:03+00:00\" \/>\n<meta property=\"article:modified_time\" content=\"2018-06-20T21:14:51+00:00\" \/>\n<meta property=\"og:image\" content=\"http:\/\/www.oarcanjo.net\/site\/wp-content\/uploads\/Santo-Aleixo.jpg\" \/>\n<meta name=\"author\" content=\"danilo\" \/>\n<meta name=\"twitter:card\" content=\"summary_large_image\" \/>\n<meta name=\"twitter:label1\" content=\"Escrito por\" \/>\n\t<meta name=\"twitter:data1\" content=\"danilo\" \/>\n\t<meta name=\"twitter:label2\" content=\"Est. tempo de leitura\" \/>\n\t<meta name=\"twitter:data2\" content=\"2 minutos\" \/>\n<script type=\"application\/ld+json\" class=\"yoast-schema-graph\">{\"@context\":\"https:\/\/schema.org\",\"@graph\":[{\"@type\":\"Article\",\"@id\":\"https:\/\/www.oarcanjo.net\/site\/santo-aleixo\/#article\",\"isPartOf\":{\"@id\":\"https:\/\/www.oarcanjo.net\/site\/santo-aleixo\/\"},\"author\":{\"name\":\"danilo\",\"@id\":\"https:\/\/www.oarcanjo.net\/site\/#\/schema\/person\/5eb9480bedd2f3c97e430ce128c29c6c\"},\"headline\":\"Santo Aleixo\",\"datePublished\":\"2018-07-17T03:31:03+00:00\",\"dateModified\":\"2018-06-20T21:14:51+00:00\",\"mainEntityOfPage\":{\"@id\":\"https:\/\/www.oarcanjo.net\/site\/santo-aleixo\/\"},\"wordCount\":494,\"commentCount\":0,\"publisher\":{\"@id\":\"https:\/\/www.oarcanjo.net\/site\/#organization\"},\"image\":{\"@id\":\"https:\/\/www.oarcanjo.net\/site\/santo-aleixo\/#primaryimage\"},\"thumbnailUrl\":\"http:\/\/www.oarcanjo.net\/site\/wp-content\/uploads\/Santo-Aleixo.jpg\",\"articleSection\":[\"Testemunhos\"],\"inLanguage\":\"pt-BR\",\"potentialAction\":[{\"@type\":\"CommentAction\",\"name\":\"Comment\",\"target\":[\"https:\/\/www.oarcanjo.net\/site\/santo-aleixo\/#respond\"]}]},{\"@type\":\"WebPage\",\"@id\":\"https:\/\/www.oarcanjo.net\/site\/santo-aleixo\/\",\"url\":\"https:\/\/www.oarcanjo.net\/site\/santo-aleixo\/\",\"name\":\"Santo Aleixo - O Arcanjo no ar\",\"isPartOf\":{\"@id\":\"https:\/\/www.oarcanjo.net\/site\/#website\"},\"primaryImageOfPage\":{\"@id\":\"https:\/\/www.oarcanjo.net\/site\/santo-aleixo\/#primaryimage\"},\"image\":{\"@id\":\"https:\/\/www.oarcanjo.net\/site\/santo-aleixo\/#primaryimage\"},\"thumbnailUrl\":\"http:\/\/www.oarcanjo.net\/site\/wp-content\/uploads\/Santo-Aleixo.jpg\",\"datePublished\":\"2018-07-17T03:31:03+00:00\",\"dateModified\":\"2018-06-20T21:14:51+00:00\",\"breadcrumb\":{\"@id\":\"https:\/\/www.oarcanjo.net\/site\/santo-aleixo\/#breadcrumb\"},\"inLanguage\":\"pt-BR\",\"potentialAction\":[{\"@type\":\"ReadAction\",\"target\":[\"https:\/\/www.oarcanjo.net\/site\/santo-aleixo\/\"]}]},{\"@type\":\"ImageObject\",\"inLanguage\":\"pt-BR\",\"@id\":\"https:\/\/www.oarcanjo.net\/site\/santo-aleixo\/#primaryimage\",\"url\":\"https:\/\/www.oarcanjo.net\/site\/wp-content\/uploads\/Santo-Aleixo.jpg\",\"contentUrl\":\"https:\/\/www.oarcanjo.net\/site\/wp-content\/uploads\/Santo-Aleixo.jpg\",\"width\":130,\"height\":140,\"caption\":\"Santo Aleixo\"},{\"@type\":\"BreadcrumbList\",\"@id\":\"https:\/\/www.oarcanjo.net\/site\/santo-aleixo\/#breadcrumb\",\"itemListElement\":[{\"@type\":\"ListItem\",\"position\":1,\"name\":\"In\u00edcio\",\"item\":\"https:\/\/www.oarcanjo.net\/site\/\"},{\"@type\":\"ListItem\",\"position\":2,\"name\":\"Santo Aleixo\"}]},{\"@type\":\"WebSite\",\"@id\":\"https:\/\/www.oarcanjo.net\/site\/#website\",\"url\":\"https:\/\/www.oarcanjo.net\/site\/\",\"name\":\"O Arcanjo no ar\",\"description\":\"Site da Par\u00f3quia S\u00e3o Miguel Arcanjo (Arquidiocese de SP)\",\"publisher\":{\"@id\":\"https:\/\/www.oarcanjo.net\/site\/#organization\"},\"potentialAction\":[{\"@type\":\"SearchAction\",\"target\":{\"@type\":\"EntryPoint\",\"urlTemplate\":\"https:\/\/www.oarcanjo.net\/site\/?s={search_term_string}\"},\"query-input\":{\"@type\":\"PropertyValueSpecification\",\"valueRequired\":true,\"valueName\":\"search_term_string\"}}],\"inLanguage\":\"pt-BR\"},{\"@type\":\"Organization\",\"@id\":\"https:\/\/www.oarcanjo.net\/site\/#organization\",\"name\":\"Par\u00f3quia S\u00e3o Miguel Arcanjo\",\"url\":\"https:\/\/www.oarcanjo.net\/site\/\",\"logo\":{\"@type\":\"ImageObject\",\"inLanguage\":\"pt-BR\",\"@id\":\"https:\/\/www.oarcanjo.net\/site\/#\/schema\/logo\/image\/\",\"url\":\"https:\/\/www.oarcanjo.net\/site\/wp-content\/uploads\/LogoOArcanjo.png\",\"contentUrl\":\"https:\/\/www.oarcanjo.net\/site\/wp-content\/uploads\/LogoOArcanjo.png\",\"width\":319,\"height\":99,\"caption\":\"Par\u00f3quia S\u00e3o Miguel Arcanjo\"},\"image\":{\"@id\":\"https:\/\/www.oarcanjo.net\/site\/#\/schema\/logo\/image\/\"},\"sameAs\":[\"https:\/\/www.facebook.com\/OArcanjoNoAr\/\"]},{\"@type\":\"Person\",\"@id\":\"https:\/\/www.oarcanjo.net\/site\/#\/schema\/person\/5eb9480bedd2f3c97e430ce128c29c6c\",\"name\":\"danilo\"}]}<\/script>\n<!-- \/ Yoast SEO plugin. -->","yoast_head_json":{"title":"Santo Aleixo - O Arcanjo no ar","robots":{"index":"index","follow":"follow","max-snippet":"max-snippet:-1","max-image-preview":"max-image-preview:large","max-video-preview":"max-video-preview:-1"},"canonical":"https:\/\/www.oarcanjo.net\/site\/santo-aleixo\/","og_locale":"pt_BR","og_type":"article","og_title":"Santo Aleixo - O Arcanjo no ar","og_description":"17 de Julho Aleixo, filho \u00fanico do senador Eufemiano, italiano, nasceu em Roma, no ano de 350. Herdeiro de uma consider\u00e1vel fortuna, cresceu dentro da religi\u00e3o crist\u00e3. Desde a inf\u00e2ncia, ficou famoso por sua natural caridade, possuindo todas as gra\u00e7as e virtudes. Os pais, como era costume na \u00e9poca, cuidaram do seu enlace com uma [&hellip;]","og_url":"https:\/\/www.oarcanjo.net\/site\/santo-aleixo\/","og_site_name":"O Arcanjo no ar","article_publisher":"https:\/\/www.facebook.com\/OArcanjoNoAr\/","article_published_time":"2018-07-17T03:31:03+00:00","article_modified_time":"2018-06-20T21:14:51+00:00","og_image":[{"url":"http:\/\/www.oarcanjo.net\/site\/wp-content\/uploads\/Santo-Aleixo.jpg"}],"author":"danilo","twitter_card":"summary_large_image","twitter_misc":{"Escrito por":"danilo","Est. tempo de leitura":"2 minutos"},"schema":{"@context":"https:\/\/schema.org","@graph":[{"@type":"Article","@id":"https:\/\/www.oarcanjo.net\/site\/santo-aleixo\/#article","isPartOf":{"@id":"https:\/\/www.oarcanjo.net\/site\/santo-aleixo\/"},"author":{"name":"danilo","@id":"https:\/\/www.oarcanjo.net\/site\/#\/schema\/person\/5eb9480bedd2f3c97e430ce128c29c6c"},"headline":"Santo Aleixo","datePublished":"2018-07-17T03:31:03+00:00","dateModified":"2018-06-20T21:14:51+00:00","mainEntityOfPage":{"@id":"https:\/\/www.oarcanjo.net\/site\/santo-aleixo\/"},"wordCount":494,"commentCount":0,"publisher":{"@id":"https:\/\/www.oarcanjo.net\/site\/#organization"},"image":{"@id":"https:\/\/www.oarcanjo.net\/site\/santo-aleixo\/#primaryimage"},"thumbnailUrl":"http:\/\/www.oarcanjo.net\/site\/wp-content\/uploads\/Santo-Aleixo.jpg","articleSection":["Testemunhos"],"inLanguage":"pt-BR","potentialAction":[{"@type":"CommentAction","name":"Comment","target":["https:\/\/www.oarcanjo.net\/site\/santo-aleixo\/#respond"]}]},{"@type":"WebPage","@id":"https:\/\/www.oarcanjo.net\/site\/santo-aleixo\/","url":"https:\/\/www.oarcanjo.net\/site\/santo-aleixo\/","name":"Santo Aleixo - O Arcanjo no ar","isPartOf":{"@id":"https:\/\/www.oarcanjo.net\/site\/#website"},"primaryImageOfPage":{"@id":"https:\/\/www.oarcanjo.net\/site\/santo-aleixo\/#primaryimage"},"image":{"@id":"https:\/\/www.oarcanjo.net\/site\/santo-aleixo\/#primaryimage"},"thumbnailUrl":"http:\/\/www.oarcanjo.net\/site\/wp-content\/uploads\/Santo-Aleixo.jpg","datePublished":"2018-07-17T03:31:03+00:00","dateModified":"2018-06-20T21:14:51+00:00","breadcrumb":{"@id":"https:\/\/www.oarcanjo.net\/site\/santo-aleixo\/#breadcrumb"},"inLanguage":"pt-BR","potentialAction":[{"@type":"ReadAction","target":["https:\/\/www.oarcanjo.net\/site\/santo-aleixo\/"]}]},{"@type":"ImageObject","inLanguage":"pt-BR","@id":"https:\/\/www.oarcanjo.net\/site\/santo-aleixo\/#primaryimage","url":"https:\/\/www.oarcanjo.net\/site\/wp-content\/uploads\/Santo-Aleixo.jpg","contentUrl":"https:\/\/www.oarcanjo.net\/site\/wp-content\/uploads\/Santo-Aleixo.jpg","width":130,"height":140,"caption":"Santo Aleixo"},{"@type":"BreadcrumbList","@id":"https:\/\/www.oarcanjo.net\/site\/santo-aleixo\/#breadcrumb","itemListElement":[{"@type":"ListItem","position":1,"name":"In\u00edcio","item":"https:\/\/www.oarcanjo.net\/site\/"},{"@type":"ListItem","position":2,"name":"Santo Aleixo"}]},{"@type":"WebSite","@id":"https:\/\/www.oarcanjo.net\/site\/#website","url":"https:\/\/www.oarcanjo.net\/site\/","name":"O Arcanjo no ar","description":"Site da Par\u00f3quia S\u00e3o Miguel Arcanjo (Arquidiocese de SP)","publisher":{"@id":"https:\/\/www.oarcanjo.net\/site\/#organization"},"potentialAction":[{"@type":"SearchAction","target":{"@type":"EntryPoint","urlTemplate":"https:\/\/www.oarcanjo.net\/site\/?s={search_term_string}"},"query-input":{"@type":"PropertyValueSpecification","valueRequired":true,"valueName":"search_term_string"}}],"inLanguage":"pt-BR"},{"@type":"Organization","@id":"https:\/\/www.oarcanjo.net\/site\/#organization","name":"Par\u00f3quia S\u00e3o Miguel Arcanjo","url":"https:\/\/www.oarcanjo.net\/site\/","logo":{"@type":"ImageObject","inLanguage":"pt-BR","@id":"https:\/\/www.oarcanjo.net\/site\/#\/schema\/logo\/image\/","url":"https:\/\/www.oarcanjo.net\/site\/wp-content\/uploads\/LogoOArcanjo.png","contentUrl":"https:\/\/www.oarcanjo.net\/site\/wp-content\/uploads\/LogoOArcanjo.png","width":319,"height":99,"caption":"Par\u00f3quia S\u00e3o Miguel Arcanjo"},"image":{"@id":"https:\/\/www.oarcanjo.net\/site\/#\/schema\/logo\/image\/"},"sameAs":["https:\/\/www.facebook.com\/OArcanjoNoAr\/"]},{"@type":"Person","@id":"https:\/\/www.oarcanjo.net\/site\/#\/schema\/person\/5eb9480bedd2f3c97e430ce128c29c6c","name":"danilo"}]}},"publishpress_future_action":{"enabled":false,"date":"2026-05-08 10:23:18","action":"category","newStatus":"draft","terms":[],"taxonomy":"category"},"publishpress_future_workflow_manual_trigger":{"enabledWorkflows":[]},"_links":{"self":[{"href":"https:\/\/www.oarcanjo.net\/site\/wp-json\/wp\/v2\/posts\/10250"}],"collection":[{"href":"https:\/\/www.oarcanjo.net\/site\/wp-json\/wp\/v2\/posts"}],"about":[{"href":"https:\/\/www.oarcanjo.net\/site\/wp-json\/wp\/v2\/types\/post"}],"author":[{"embeddable":true,"href":"https:\/\/www.oarcanjo.net\/site\/wp-json\/wp\/v2\/users\/14"}],"replies":[{"embeddable":true,"href":"https:\/\/www.oarcanjo.net\/site\/wp-json\/wp\/v2\/comments?post=10250"}],"version-history":[{"count":1,"href":"https:\/\/www.oarcanjo.net\/site\/wp-json\/wp\/v2\/posts\/10250\/revisions"}],"predecessor-version":[{"id":88563,"href":"https:\/\/www.oarcanjo.net\/site\/wp-json\/wp\/v2\/posts\/10250\/revisions\/88563"}],"wp:attachment":[{"href":"https:\/\/www.oarcanjo.net\/site\/wp-json\/wp\/v2\/media?parent=10250"}],"wp:term":[{"taxonomy":"category","embeddable":true,"href":"https:\/\/www.oarcanjo.net\/site\/wp-json\/wp\/v2\/categories?post=10250"},{"taxonomy":"post_tag","embeddable":true,"href":"https:\/\/www.oarcanjo.net\/site\/wp-json\/wp\/v2\/tags?post=10250"}],"curies":[{"name":"wp","href":"https:\/\/api.w.org\/{rel}","templated":true}]}}