
{"id":10252,"date":"2018-07-17T00:34:37","date_gmt":"2018-07-17T03:34:37","guid":{"rendered":"http:\/\/www.oarcanjo.net\/site\/?p=10252"},"modified":"2018-06-20T18:14:56","modified_gmt":"2018-06-20T21:14:56","slug":"bartolomeu-de-las-casas","status":"publish","type":"post","link":"https:\/\/www.oarcanjo.net\/site\/bartolomeu-de-las-casas\/","title":{"rendered":"Bartolomeu de Las Casas"},"content":{"rendered":"<p><img decoding=\"async\" src=\"http:\/\/individual.utoronto.ca\/hayes\/survey2\/lascasas.jpg\" alt=\"\" \/><\/p>\n<p>17 de Julho<\/p>\n<p>Bartolomeu de Las Casas nasceu em Sevilha, na Espanha, no ano de 1474. Seu pai era um mercador da esquadra de Colombo, na segunda viagem ao novo continente. Estudou na Universidade de Salamanca, onde se graduou em direito. Foi para a Am\u00e9rica como conselheiro legal do governador, chegando, em 15 de abril de 1502, na ilha Espanhola.<\/p>\n<p>Como a maioria, Bartolomeu estava motivado pelo esp\u00edrito aventureiro e explorador de riquezas, logo se adaptando ao estilo de vida influente dos colonizadores. No in\u00edcio, aceitou o ponto de vista convencional quanto \u00e0 explora\u00e7\u00e3o da popula\u00e7\u00e3o ind\u00edgena. Ele tamb\u00e9m participou dos ataques contra as tribos, e os escravizava em suas planta\u00e7\u00f5es.<\/p>\n<p>Depois viajou para Roma, onde terminou os estudos e ordenou-se sacerdote em 1507. A rainha Isabel, chamada &#8220;a cat\u00f3lica&#8221;, da Espanha, considerava a evangeliza\u00e7\u00e3o dos \u00edndios a justificativa mais importante para a expans\u00e3o colonial. Insistia para que os sacerdotes e frades estivessem entre os primeiros a fixarem-se na Am\u00e9rica. Em 1510, Bartolomeu de Las Casas retornou \u00e0 ilha Espanhola, agora como mission\u00e1rio, para combater o tratamento cruel e desumano dado aos \u00edndios pelos colonizadores.<\/p>\n<p>Para defender os \u00edndios no novo continente, Bartolomeu viajou v\u00e1rias vezes \u00e0 Espanha, apelando aos oficiais do governo e a todos que o quisessem ouvir. Desde que ingressou na vida religiosa dominicana, ele se dedicou \u00e0 causa ind\u00edgena em defesa da vida, da liberdade e da dignidade. Lutou, tamb\u00e9m, para que tivessem direitos pol\u00edticos, de povos livres e capazes de realizar uma nova sociedade, mais pr\u00f3xima do Evangelho.<\/p>\n<p>A prioridade, para Bartolomeu, era a evangeliza\u00e7\u00e3o. Com tal prop\u00f3sito, viajou pela Am\u00e9rica Central fazendo um trabalho pioneiro, registrando tudo em seus di\u00e1rios. Foi perseguido pelos colonizadores espanh\u00f3is de S\u00e3o Domingos, Peru, Nicar\u00e1gua, Guatemala e do M\u00e9xico. Neste \u00faltimo pa\u00eds, foi nomeado bispo aos setenta anos de idade, em 1544. Mas ficou apenas tr\u00eas anos em Chiapas, sempre perseguido pelos espanh\u00f3is.<\/p>\n<p>Em 1547, partiu da Am\u00e9rica para n\u00e3o mais voltar. Regressou \u00e0 Espanha, continuando l\u00e1 a defesa dos \u00edndios, quando corrigiu e publicou seus escritos, todos se contrapondo \u00e0 pol\u00edtica colonial. Por\u00e9m suas id\u00e9ias foram contestadas na Am\u00e9rica e tamb\u00e9m na Espanha. Tanto que, em 1552, suas obras foram censuradas e proibidas para leitura.<\/p>\n<p>Morreu aos noventa e dois anos de idade no Convento Dominicano de Atocha, no dia 17 de julho de 1566, em Madri, Espanha. Muito querido do povo mexicano, seu nome, hoje, \u00e9 lembrado como um dos maiores humanistas e mission\u00e1rios da hist\u00f3ria do cristianismo.<\/p>\n<div id=\"themify_builder_content-10252\" data-postid=\"10252\" class=\"themify_builder_content themify_builder_content-10252 themify_builder themify_builder_front\">\n\t<\/div>\n<!-- \/themify_builder_content -->","protected":false},"excerpt":{"rendered":"<p>17 de Julho Bartolomeu de Las Casas nasceu em Sevilha, na Espanha, no ano de 1474. Seu pai era um mercador da esquadra de Colombo, na segunda viagem ao novo continente. Estudou na Universidade de Salamanca, onde se graduou em direito. Foi para a Am\u00e9rica como conselheiro legal do governador, chegando, em 15 de abril [&hellip;]<\/p>\n","protected":false},"author":14,"featured_media":0,"comment_status":"open","ping_status":"open","sticky":false,"template":"","format":"standard","meta":{"ngg_post_thumbnail":0,"footnotes":""},"categories":[186],"tags":[],"yoast_head":"<!-- This site is optimized with the Yoast SEO plugin v23.5 - https:\/\/yoast.com\/wordpress\/plugins\/seo\/ -->\n<title>Bartolomeu de Las Casas - O Arcanjo no ar<\/title>\n<meta name=\"robots\" content=\"index, follow, max-snippet:-1, max-image-preview:large, max-video-preview:-1\" \/>\n<link rel=\"canonical\" href=\"https:\/\/www.oarcanjo.net\/site\/bartolomeu-de-las-casas\/\" \/>\n<meta property=\"og:locale\" content=\"pt_BR\" \/>\n<meta property=\"og:type\" content=\"article\" \/>\n<meta property=\"og:title\" content=\"Bartolomeu de Las Casas - O Arcanjo no ar\" \/>\n<meta property=\"og:description\" content=\"17 de Julho Bartolomeu de Las Casas nasceu em Sevilha, na Espanha, no ano de 1474. Seu pai era um mercador da esquadra de Colombo, na segunda viagem ao novo continente. Estudou na Universidade de Salamanca, onde se graduou em direito. Foi para a Am\u00e9rica como conselheiro legal do governador, chegando, em 15 de abril [&hellip;]\" \/>\n<meta property=\"og:url\" content=\"https:\/\/www.oarcanjo.net\/site\/bartolomeu-de-las-casas\/\" \/>\n<meta property=\"og:site_name\" content=\"O Arcanjo no ar\" \/>\n<meta property=\"article:publisher\" content=\"https:\/\/www.facebook.com\/OArcanjoNoAr\/\" \/>\n<meta property=\"article:published_time\" content=\"2018-07-17T03:34:37+00:00\" \/>\n<meta property=\"article:modified_time\" content=\"2018-06-20T21:14:56+00:00\" \/>\n<meta property=\"og:image\" content=\"http:\/\/individual.utoronto.ca\/hayes\/survey2\/lascasas.jpg\" \/>\n<meta name=\"author\" content=\"danilo\" \/>\n<meta name=\"twitter:card\" content=\"summary_large_image\" \/>\n<meta name=\"twitter:label1\" content=\"Escrito por\" \/>\n\t<meta name=\"twitter:data1\" content=\"danilo\" \/>\n\t<meta name=\"twitter:label2\" content=\"Est. tempo de leitura\" \/>\n\t<meta name=\"twitter:data2\" content=\"2 minutos\" \/>\n<script type=\"application\/ld+json\" class=\"yoast-schema-graph\">{\"@context\":\"https:\/\/schema.org\",\"@graph\":[{\"@type\":\"Article\",\"@id\":\"https:\/\/www.oarcanjo.net\/site\/bartolomeu-de-las-casas\/#article\",\"isPartOf\":{\"@id\":\"https:\/\/www.oarcanjo.net\/site\/bartolomeu-de-las-casas\/\"},\"author\":{\"name\":\"danilo\",\"@id\":\"https:\/\/www.oarcanjo.net\/site\/#\/schema\/person\/5eb9480bedd2f3c97e430ce128c29c6c\"},\"headline\":\"Bartolomeu de Las Casas\",\"datePublished\":\"2018-07-17T03:34:37+00:00\",\"dateModified\":\"2018-06-20T21:14:56+00:00\",\"mainEntityOfPage\":{\"@id\":\"https:\/\/www.oarcanjo.net\/site\/bartolomeu-de-las-casas\/\"},\"wordCount\":435,\"commentCount\":0,\"publisher\":{\"@id\":\"https:\/\/www.oarcanjo.net\/site\/#organization\"},\"image\":{\"@id\":\"https:\/\/www.oarcanjo.net\/site\/bartolomeu-de-las-casas\/#primaryimage\"},\"thumbnailUrl\":\"http:\/\/individual.utoronto.ca\/hayes\/survey2\/lascasas.jpg\",\"articleSection\":[\"Testemunhos\"],\"inLanguage\":\"pt-BR\",\"potentialAction\":[{\"@type\":\"CommentAction\",\"name\":\"Comment\",\"target\":[\"https:\/\/www.oarcanjo.net\/site\/bartolomeu-de-las-casas\/#respond\"]}]},{\"@type\":\"WebPage\",\"@id\":\"https:\/\/www.oarcanjo.net\/site\/bartolomeu-de-las-casas\/\",\"url\":\"https:\/\/www.oarcanjo.net\/site\/bartolomeu-de-las-casas\/\",\"name\":\"Bartolomeu de Las Casas - O Arcanjo no ar\",\"isPartOf\":{\"@id\":\"https:\/\/www.oarcanjo.net\/site\/#website\"},\"primaryImageOfPage\":{\"@id\":\"https:\/\/www.oarcanjo.net\/site\/bartolomeu-de-las-casas\/#primaryimage\"},\"image\":{\"@id\":\"https:\/\/www.oarcanjo.net\/site\/bartolomeu-de-las-casas\/#primaryimage\"},\"thumbnailUrl\":\"http:\/\/individual.utoronto.ca\/hayes\/survey2\/lascasas.jpg\",\"datePublished\":\"2018-07-17T03:34:37+00:00\",\"dateModified\":\"2018-06-20T21:14:56+00:00\",\"breadcrumb\":{\"@id\":\"https:\/\/www.oarcanjo.net\/site\/bartolomeu-de-las-casas\/#breadcrumb\"},\"inLanguage\":\"pt-BR\",\"potentialAction\":[{\"@type\":\"ReadAction\",\"target\":[\"https:\/\/www.oarcanjo.net\/site\/bartolomeu-de-las-casas\/\"]}]},{\"@type\":\"ImageObject\",\"inLanguage\":\"pt-BR\",\"@id\":\"https:\/\/www.oarcanjo.net\/site\/bartolomeu-de-las-casas\/#primaryimage\",\"url\":\"http:\/\/individual.utoronto.ca\/hayes\/survey2\/lascasas.jpg\",\"contentUrl\":\"http:\/\/individual.utoronto.ca\/hayes\/survey2\/lascasas.jpg\"},{\"@type\":\"BreadcrumbList\",\"@id\":\"https:\/\/www.oarcanjo.net\/site\/bartolomeu-de-las-casas\/#breadcrumb\",\"itemListElement\":[{\"@type\":\"ListItem\",\"position\":1,\"name\":\"In\u00edcio\",\"item\":\"https:\/\/www.oarcanjo.net\/site\/\"},{\"@type\":\"ListItem\",\"position\":2,\"name\":\"Bartolomeu de Las Casas\"}]},{\"@type\":\"WebSite\",\"@id\":\"https:\/\/www.oarcanjo.net\/site\/#website\",\"url\":\"https:\/\/www.oarcanjo.net\/site\/\",\"name\":\"O Arcanjo no ar\",\"description\":\"Site da Par\u00f3quia S\u00e3o Miguel Arcanjo (Arquidiocese de SP)\",\"publisher\":{\"@id\":\"https:\/\/www.oarcanjo.net\/site\/#organization\"},\"potentialAction\":[{\"@type\":\"SearchAction\",\"target\":{\"@type\":\"EntryPoint\",\"urlTemplate\":\"https:\/\/www.oarcanjo.net\/site\/?s={search_term_string}\"},\"query-input\":{\"@type\":\"PropertyValueSpecification\",\"valueRequired\":true,\"valueName\":\"search_term_string\"}}],\"inLanguage\":\"pt-BR\"},{\"@type\":\"Organization\",\"@id\":\"https:\/\/www.oarcanjo.net\/site\/#organization\",\"name\":\"Par\u00f3quia S\u00e3o Miguel Arcanjo\",\"url\":\"https:\/\/www.oarcanjo.net\/site\/\",\"logo\":{\"@type\":\"ImageObject\",\"inLanguage\":\"pt-BR\",\"@id\":\"https:\/\/www.oarcanjo.net\/site\/#\/schema\/logo\/image\/\",\"url\":\"https:\/\/www.oarcanjo.net\/site\/wp-content\/uploads\/LogoOArcanjo.png\",\"contentUrl\":\"https:\/\/www.oarcanjo.net\/site\/wp-content\/uploads\/LogoOArcanjo.png\",\"width\":319,\"height\":99,\"caption\":\"Par\u00f3quia S\u00e3o Miguel Arcanjo\"},\"image\":{\"@id\":\"https:\/\/www.oarcanjo.net\/site\/#\/schema\/logo\/image\/\"},\"sameAs\":[\"https:\/\/www.facebook.com\/OArcanjoNoAr\/\"]},{\"@type\":\"Person\",\"@id\":\"https:\/\/www.oarcanjo.net\/site\/#\/schema\/person\/5eb9480bedd2f3c97e430ce128c29c6c\",\"name\":\"danilo\"}]}<\/script>\n<!-- \/ Yoast SEO plugin. -->","yoast_head_json":{"title":"Bartolomeu de Las Casas - O Arcanjo no ar","robots":{"index":"index","follow":"follow","max-snippet":"max-snippet:-1","max-image-preview":"max-image-preview:large","max-video-preview":"max-video-preview:-1"},"canonical":"https:\/\/www.oarcanjo.net\/site\/bartolomeu-de-las-casas\/","og_locale":"pt_BR","og_type":"article","og_title":"Bartolomeu de Las Casas - O Arcanjo no ar","og_description":"17 de Julho Bartolomeu de Las Casas nasceu em Sevilha, na Espanha, no ano de 1474. Seu pai era um mercador da esquadra de Colombo, na segunda viagem ao novo continente. Estudou na Universidade de Salamanca, onde se graduou em direito. Foi para a Am\u00e9rica como conselheiro legal do governador, chegando, em 15 de abril [&hellip;]","og_url":"https:\/\/www.oarcanjo.net\/site\/bartolomeu-de-las-casas\/","og_site_name":"O Arcanjo no ar","article_publisher":"https:\/\/www.facebook.com\/OArcanjoNoAr\/","article_published_time":"2018-07-17T03:34:37+00:00","article_modified_time":"2018-06-20T21:14:56+00:00","og_image":[{"url":"http:\/\/individual.utoronto.ca\/hayes\/survey2\/lascasas.jpg"}],"author":"danilo","twitter_card":"summary_large_image","twitter_misc":{"Escrito por":"danilo","Est. tempo de leitura":"2 minutos"},"schema":{"@context":"https:\/\/schema.org","@graph":[{"@type":"Article","@id":"https:\/\/www.oarcanjo.net\/site\/bartolomeu-de-las-casas\/#article","isPartOf":{"@id":"https:\/\/www.oarcanjo.net\/site\/bartolomeu-de-las-casas\/"},"author":{"name":"danilo","@id":"https:\/\/www.oarcanjo.net\/site\/#\/schema\/person\/5eb9480bedd2f3c97e430ce128c29c6c"},"headline":"Bartolomeu de Las Casas","datePublished":"2018-07-17T03:34:37+00:00","dateModified":"2018-06-20T21:14:56+00:00","mainEntityOfPage":{"@id":"https:\/\/www.oarcanjo.net\/site\/bartolomeu-de-las-casas\/"},"wordCount":435,"commentCount":0,"publisher":{"@id":"https:\/\/www.oarcanjo.net\/site\/#organization"},"image":{"@id":"https:\/\/www.oarcanjo.net\/site\/bartolomeu-de-las-casas\/#primaryimage"},"thumbnailUrl":"http:\/\/individual.utoronto.ca\/hayes\/survey2\/lascasas.jpg","articleSection":["Testemunhos"],"inLanguage":"pt-BR","potentialAction":[{"@type":"CommentAction","name":"Comment","target":["https:\/\/www.oarcanjo.net\/site\/bartolomeu-de-las-casas\/#respond"]}]},{"@type":"WebPage","@id":"https:\/\/www.oarcanjo.net\/site\/bartolomeu-de-las-casas\/","url":"https:\/\/www.oarcanjo.net\/site\/bartolomeu-de-las-casas\/","name":"Bartolomeu de Las Casas - O Arcanjo no ar","isPartOf":{"@id":"https:\/\/www.oarcanjo.net\/site\/#website"},"primaryImageOfPage":{"@id":"https:\/\/www.oarcanjo.net\/site\/bartolomeu-de-las-casas\/#primaryimage"},"image":{"@id":"https:\/\/www.oarcanjo.net\/site\/bartolomeu-de-las-casas\/#primaryimage"},"thumbnailUrl":"http:\/\/individual.utoronto.ca\/hayes\/survey2\/lascasas.jpg","datePublished":"2018-07-17T03:34:37+00:00","dateModified":"2018-06-20T21:14:56+00:00","breadcrumb":{"@id":"https:\/\/www.oarcanjo.net\/site\/bartolomeu-de-las-casas\/#breadcrumb"},"inLanguage":"pt-BR","potentialAction":[{"@type":"ReadAction","target":["https:\/\/www.oarcanjo.net\/site\/bartolomeu-de-las-casas\/"]}]},{"@type":"ImageObject","inLanguage":"pt-BR","@id":"https:\/\/www.oarcanjo.net\/site\/bartolomeu-de-las-casas\/#primaryimage","url":"http:\/\/individual.utoronto.ca\/hayes\/survey2\/lascasas.jpg","contentUrl":"http:\/\/individual.utoronto.ca\/hayes\/survey2\/lascasas.jpg"},{"@type":"BreadcrumbList","@id":"https:\/\/www.oarcanjo.net\/site\/bartolomeu-de-las-casas\/#breadcrumb","itemListElement":[{"@type":"ListItem","position":1,"name":"In\u00edcio","item":"https:\/\/www.oarcanjo.net\/site\/"},{"@type":"ListItem","position":2,"name":"Bartolomeu de Las Casas"}]},{"@type":"WebSite","@id":"https:\/\/www.oarcanjo.net\/site\/#website","url":"https:\/\/www.oarcanjo.net\/site\/","name":"O Arcanjo no ar","description":"Site da Par\u00f3quia S\u00e3o Miguel Arcanjo (Arquidiocese de SP)","publisher":{"@id":"https:\/\/www.oarcanjo.net\/site\/#organization"},"potentialAction":[{"@type":"SearchAction","target":{"@type":"EntryPoint","urlTemplate":"https:\/\/www.oarcanjo.net\/site\/?s={search_term_string}"},"query-input":{"@type":"PropertyValueSpecification","valueRequired":true,"valueName":"search_term_string"}}],"inLanguage":"pt-BR"},{"@type":"Organization","@id":"https:\/\/www.oarcanjo.net\/site\/#organization","name":"Par\u00f3quia S\u00e3o Miguel Arcanjo","url":"https:\/\/www.oarcanjo.net\/site\/","logo":{"@type":"ImageObject","inLanguage":"pt-BR","@id":"https:\/\/www.oarcanjo.net\/site\/#\/schema\/logo\/image\/","url":"https:\/\/www.oarcanjo.net\/site\/wp-content\/uploads\/LogoOArcanjo.png","contentUrl":"https:\/\/www.oarcanjo.net\/site\/wp-content\/uploads\/LogoOArcanjo.png","width":319,"height":99,"caption":"Par\u00f3quia S\u00e3o Miguel Arcanjo"},"image":{"@id":"https:\/\/www.oarcanjo.net\/site\/#\/schema\/logo\/image\/"},"sameAs":["https:\/\/www.facebook.com\/OArcanjoNoAr\/"]},{"@type":"Person","@id":"https:\/\/www.oarcanjo.net\/site\/#\/schema\/person\/5eb9480bedd2f3c97e430ce128c29c6c","name":"danilo"}]}},"publishpress_future_action":{"enabled":false,"date":"2026-05-08 10:23:27","action":"category","newStatus":"draft","terms":[],"taxonomy":"category"},"publishpress_future_workflow_manual_trigger":{"enabledWorkflows":[]},"_links":{"self":[{"href":"https:\/\/www.oarcanjo.net\/site\/wp-json\/wp\/v2\/posts\/10252"}],"collection":[{"href":"https:\/\/www.oarcanjo.net\/site\/wp-json\/wp\/v2\/posts"}],"about":[{"href":"https:\/\/www.oarcanjo.net\/site\/wp-json\/wp\/v2\/types\/post"}],"author":[{"embeddable":true,"href":"https:\/\/www.oarcanjo.net\/site\/wp-json\/wp\/v2\/users\/14"}],"replies":[{"embeddable":true,"href":"https:\/\/www.oarcanjo.net\/site\/wp-json\/wp\/v2\/comments?post=10252"}],"version-history":[{"count":1,"href":"https:\/\/www.oarcanjo.net\/site\/wp-json\/wp\/v2\/posts\/10252\/revisions"}],"predecessor-version":[{"id":88564,"href":"https:\/\/www.oarcanjo.net\/site\/wp-json\/wp\/v2\/posts\/10252\/revisions\/88564"}],"wp:attachment":[{"href":"https:\/\/www.oarcanjo.net\/site\/wp-json\/wp\/v2\/media?parent=10252"}],"wp:term":[{"taxonomy":"category","embeddable":true,"href":"https:\/\/www.oarcanjo.net\/site\/wp-json\/wp\/v2\/categories?post=10252"},{"taxonomy":"post_tag","embeddable":true,"href":"https:\/\/www.oarcanjo.net\/site\/wp-json\/wp\/v2\/tags?post=10252"}],"curies":[{"name":"wp","href":"https:\/\/api.w.org\/{rel}","templated":true}]}}