
{"id":10256,"date":"2018-07-19T00:37:29","date_gmt":"2018-07-19T03:37:29","guid":{"rendered":"http:\/\/www.oarcanjo.net\/site\/?p=10256"},"modified":"2018-06-20T18:15:05","modified_gmt":"2018-06-20T21:15:05","slug":"sao-serafim-de-sarov","status":"publish","type":"post","link":"https:\/\/www.oarcanjo.net\/site\/sao-serafim-de-sarov\/","title":{"rendered":"S\u00e3o Serafim de Sarov"},"content":{"rendered":"<p><img decoding=\"async\" src=\"http:\/\/4.bp.blogspot.com\/_KXmJmioGAGs\/S8z2v7AynYI\/AAAAAAAAAg8\/irRaHhDdOZU\/s1600\/serafim-de-sarov.jpg\" alt=\"\" \/><\/p>\n<p>19 de Julho<\/p>\n<p>Prothor Moshnim nasceu em 1759, na cidade de Kursk, na R\u00fassia, onde seus pais eram comerciantes. Aos dez anos, ficou muito doente. Nossa Senhora apareceu-lhe em sonho prometendo que seria curado por ela. De fato, alguns dias depois ele se recuperou, ap\u00f3s tocar no quadro de Nossa Senhora durante uma prociss\u00e3o.<\/p>\n<p>Desde menino, gostava de ler o Evangelho, ir \u00e0 igreja e isolar-se para rezar. Confirmou sua voca\u00e7\u00e3o na idade de dezoito anos, quando ingressou no Mosteiro de Sarov. L\u00e1, fez seus votos de abstin\u00eancia, vig\u00edlia e castidade. Costumava isolar-se em uma choupana numa floresta pr\u00f3xima, dedicado \u00e0s ora\u00e7\u00f5es e penit\u00eancias. Mas durante tr\u00eas anos teve de ficar numa cama, ap\u00f3s adoecer gravemente. Novamente, a Virgem Maria apareceu-lhe, dessa vez acompanhada por alguns santos, e curou-o ap\u00f3s toc\u00e1-lo.<\/p>\n<p>Aos vinte e sete anos, recebeu o h\u00e1bito de monge e tomou o nome de Serafim, que em hebraico significa ardente. Tinha o dom de ver os anjos, santos, Nossa Senhora e Jesus Cristo tamb\u00e9m. Numa liturgia, viu o pr\u00f3prio Jesus entrando na igreja junto com os anjos e santos e aben\u00e7oando o povo que estava na igreja. Serafim ficou t\u00e3o at\u00f4nito que por muito tempo perdeu a voz.<\/p>\n<p>Sete anos depois, ele se isolou no interior da floresta, onde alcan\u00e7ou uma grande perfei\u00e7\u00e3o espiritual. Mas foi atacado por ladr\u00f5es e seriamente ferido. Mesmo tendo uma constitui\u00e7\u00e3o f\u00edsica muito forte, e na m\u00e3o um machado, ele n\u00e3o ofereceu nenhuma resist\u00eancia. E como n\u00e3o tinha dinheiro foi espancado, quase morrendo. Em seguida, os ladr\u00f5es foram detidos e no julgamento o monge intercedeu por eles. Desde ent\u00e3o, Serafim ficou curvado para o resto da vida.<\/p>\n<p>Depois desse epis\u00f3dio, iniciou um per\u00edodo de penit\u00eancia. Ficou durante mil dias e mil noites isolado na floresta. De dia ficava ajoelhado numa pedra com as m\u00e3os erguidas para o c\u00e9u e \u00e0 noite desaparecia dentro da floresta. Ap\u00f3s outra apari\u00e7\u00e3o de Nossa Senhora, quase no final de sua vida, Serafim adquiriu o dom da transfigura\u00e7\u00e3o do Esp\u00edrito Santo e tornou-se um guia espiritual dentro do mosteiro. Milhares e milhares de pessoas, de todas as classes sociais, foram enriquecidas com os seus ensinamentos. Para todos, apresentava-se radiante, humilde e caridoso. Dizia: &#8220;Alegria n\u00e3o \u00e9 pecado. Ela afugenta o cansa\u00e7o, que pode se transformar em des\u00e2nimo; e n\u00e3o h\u00e1 nada na vida pior do que o des\u00e2nimo&#8221;.<\/p>\n<p>Serafim morreu deixando claro o ensinamento que seguiu a vida toda: &#8220;\u00c9 preciso que o Esp\u00edrito Santo entre no cora\u00e7\u00e3o. Tudo aquilo que n\u00f3s fazemos de bom por causa de Cristo d\u00e1-nos a presen\u00e7a do Esp\u00edrito Santo, mas a ora\u00e7\u00e3o, que est\u00e1 sempre ao nosso alcance, no-lo d\u00e1 muito mais&#8221;. A igreja do Mosteiro de Sarov, na cidade de Krusk, abriga os seus restos mortais.<\/p>\n<div id=\"themify_builder_content-10256\" data-postid=\"10256\" class=\"themify_builder_content themify_builder_content-10256 themify_builder themify_builder_front\">\n\t<\/div>\n<!-- \/themify_builder_content -->","protected":false},"excerpt":{"rendered":"<p>19 de Julho Prothor Moshnim nasceu em 1759, na cidade de Kursk, na R\u00fassia, onde seus pais eram comerciantes. Aos dez anos, ficou muito doente. Nossa Senhora apareceu-lhe em sonho prometendo que seria curado por ela. De fato, alguns dias depois ele se recuperou, ap\u00f3s tocar no quadro de Nossa Senhora durante uma prociss\u00e3o. Desde [&hellip;]<\/p>\n","protected":false},"author":14,"featured_media":0,"comment_status":"open","ping_status":"open","sticky":false,"template":"","format":"standard","meta":{"ngg_post_thumbnail":0,"footnotes":""},"categories":[186],"tags":[],"yoast_head":"<!-- This site is optimized with the Yoast SEO plugin v23.5 - https:\/\/yoast.com\/wordpress\/plugins\/seo\/ -->\n<title>S\u00e3o Serafim de Sarov - O Arcanjo no ar<\/title>\n<meta name=\"robots\" content=\"index, follow, max-snippet:-1, max-image-preview:large, max-video-preview:-1\" \/>\n<link rel=\"canonical\" href=\"https:\/\/www.oarcanjo.net\/site\/sao-serafim-de-sarov\/\" \/>\n<meta property=\"og:locale\" content=\"pt_BR\" \/>\n<meta property=\"og:type\" content=\"article\" \/>\n<meta property=\"og:title\" content=\"S\u00e3o Serafim de Sarov - O Arcanjo no ar\" \/>\n<meta property=\"og:description\" content=\"19 de Julho Prothor Moshnim nasceu em 1759, na cidade de Kursk, na R\u00fassia, onde seus pais eram comerciantes. Aos dez anos, ficou muito doente. Nossa Senhora apareceu-lhe em sonho prometendo que seria curado por ela. De fato, alguns dias depois ele se recuperou, ap\u00f3s tocar no quadro de Nossa Senhora durante uma prociss\u00e3o. Desde [&hellip;]\" \/>\n<meta property=\"og:url\" content=\"https:\/\/www.oarcanjo.net\/site\/sao-serafim-de-sarov\/\" \/>\n<meta property=\"og:site_name\" content=\"O Arcanjo no ar\" \/>\n<meta property=\"article:publisher\" content=\"https:\/\/www.facebook.com\/OArcanjoNoAr\/\" \/>\n<meta property=\"article:published_time\" content=\"2018-07-19T03:37:29+00:00\" \/>\n<meta property=\"article:modified_time\" content=\"2018-06-20T21:15:05+00:00\" \/>\n<meta property=\"og:image\" content=\"http:\/\/4.bp.blogspot.com\/_KXmJmioGAGs\/S8z2v7AynYI\/AAAAAAAAAg8\/irRaHhDdOZU\/s1600\/serafim-de-sarov.jpg\" \/>\n<meta name=\"author\" content=\"danilo\" \/>\n<meta name=\"twitter:card\" content=\"summary_large_image\" \/>\n<meta name=\"twitter:label1\" content=\"Escrito por\" \/>\n\t<meta name=\"twitter:data1\" content=\"danilo\" \/>\n\t<meta name=\"twitter:label2\" content=\"Est. tempo de leitura\" \/>\n\t<meta name=\"twitter:data2\" content=\"3 minutos\" \/>\n<script type=\"application\/ld+json\" class=\"yoast-schema-graph\">{\"@context\":\"https:\/\/schema.org\",\"@graph\":[{\"@type\":\"Article\",\"@id\":\"https:\/\/www.oarcanjo.net\/site\/sao-serafim-de-sarov\/#article\",\"isPartOf\":{\"@id\":\"https:\/\/www.oarcanjo.net\/site\/sao-serafim-de-sarov\/\"},\"author\":{\"name\":\"danilo\",\"@id\":\"https:\/\/www.oarcanjo.net\/site\/#\/schema\/person\/5eb9480bedd2f3c97e430ce128c29c6c\"},\"headline\":\"S\u00e3o Serafim de Sarov\",\"datePublished\":\"2018-07-19T03:37:29+00:00\",\"dateModified\":\"2018-06-20T21:15:05+00:00\",\"mainEntityOfPage\":{\"@id\":\"https:\/\/www.oarcanjo.net\/site\/sao-serafim-de-sarov\/\"},\"wordCount\":505,\"commentCount\":0,\"publisher\":{\"@id\":\"https:\/\/www.oarcanjo.net\/site\/#organization\"},\"image\":{\"@id\":\"https:\/\/www.oarcanjo.net\/site\/sao-serafim-de-sarov\/#primaryimage\"},\"thumbnailUrl\":\"http:\/\/4.bp.blogspot.com\/_KXmJmioGAGs\/S8z2v7AynYI\/AAAAAAAAAg8\/irRaHhDdOZU\/s1600\/serafim-de-sarov.jpg\",\"articleSection\":[\"Testemunhos\"],\"inLanguage\":\"pt-BR\",\"potentialAction\":[{\"@type\":\"CommentAction\",\"name\":\"Comment\",\"target\":[\"https:\/\/www.oarcanjo.net\/site\/sao-serafim-de-sarov\/#respond\"]}]},{\"@type\":\"WebPage\",\"@id\":\"https:\/\/www.oarcanjo.net\/site\/sao-serafim-de-sarov\/\",\"url\":\"https:\/\/www.oarcanjo.net\/site\/sao-serafim-de-sarov\/\",\"name\":\"S\u00e3o Serafim de Sarov - O Arcanjo no ar\",\"isPartOf\":{\"@id\":\"https:\/\/www.oarcanjo.net\/site\/#website\"},\"primaryImageOfPage\":{\"@id\":\"https:\/\/www.oarcanjo.net\/site\/sao-serafim-de-sarov\/#primaryimage\"},\"image\":{\"@id\":\"https:\/\/www.oarcanjo.net\/site\/sao-serafim-de-sarov\/#primaryimage\"},\"thumbnailUrl\":\"http:\/\/4.bp.blogspot.com\/_KXmJmioGAGs\/S8z2v7AynYI\/AAAAAAAAAg8\/irRaHhDdOZU\/s1600\/serafim-de-sarov.jpg\",\"datePublished\":\"2018-07-19T03:37:29+00:00\",\"dateModified\":\"2018-06-20T21:15:05+00:00\",\"breadcrumb\":{\"@id\":\"https:\/\/www.oarcanjo.net\/site\/sao-serafim-de-sarov\/#breadcrumb\"},\"inLanguage\":\"pt-BR\",\"potentialAction\":[{\"@type\":\"ReadAction\",\"target\":[\"https:\/\/www.oarcanjo.net\/site\/sao-serafim-de-sarov\/\"]}]},{\"@type\":\"ImageObject\",\"inLanguage\":\"pt-BR\",\"@id\":\"https:\/\/www.oarcanjo.net\/site\/sao-serafim-de-sarov\/#primaryimage\",\"url\":\"http:\/\/4.bp.blogspot.com\/_KXmJmioGAGs\/S8z2v7AynYI\/AAAAAAAAAg8\/irRaHhDdOZU\/s1600\/serafim-de-sarov.jpg\",\"contentUrl\":\"http:\/\/4.bp.blogspot.com\/_KXmJmioGAGs\/S8z2v7AynYI\/AAAAAAAAAg8\/irRaHhDdOZU\/s1600\/serafim-de-sarov.jpg\"},{\"@type\":\"BreadcrumbList\",\"@id\":\"https:\/\/www.oarcanjo.net\/site\/sao-serafim-de-sarov\/#breadcrumb\",\"itemListElement\":[{\"@type\":\"ListItem\",\"position\":1,\"name\":\"In\u00edcio\",\"item\":\"https:\/\/www.oarcanjo.net\/site\/\"},{\"@type\":\"ListItem\",\"position\":2,\"name\":\"S\u00e3o Serafim de Sarov\"}]},{\"@type\":\"WebSite\",\"@id\":\"https:\/\/www.oarcanjo.net\/site\/#website\",\"url\":\"https:\/\/www.oarcanjo.net\/site\/\",\"name\":\"O Arcanjo no ar\",\"description\":\"Site da Par\u00f3quia S\u00e3o Miguel Arcanjo (Arquidiocese de SP)\",\"publisher\":{\"@id\":\"https:\/\/www.oarcanjo.net\/site\/#organization\"},\"potentialAction\":[{\"@type\":\"SearchAction\",\"target\":{\"@type\":\"EntryPoint\",\"urlTemplate\":\"https:\/\/www.oarcanjo.net\/site\/?s={search_term_string}\"},\"query-input\":{\"@type\":\"PropertyValueSpecification\",\"valueRequired\":true,\"valueName\":\"search_term_string\"}}],\"inLanguage\":\"pt-BR\"},{\"@type\":\"Organization\",\"@id\":\"https:\/\/www.oarcanjo.net\/site\/#organization\",\"name\":\"Par\u00f3quia S\u00e3o Miguel Arcanjo\",\"url\":\"https:\/\/www.oarcanjo.net\/site\/\",\"logo\":{\"@type\":\"ImageObject\",\"inLanguage\":\"pt-BR\",\"@id\":\"https:\/\/www.oarcanjo.net\/site\/#\/schema\/logo\/image\/\",\"url\":\"https:\/\/www.oarcanjo.net\/site\/wp-content\/uploads\/LogoOArcanjo.png\",\"contentUrl\":\"https:\/\/www.oarcanjo.net\/site\/wp-content\/uploads\/LogoOArcanjo.png\",\"width\":319,\"height\":99,\"caption\":\"Par\u00f3quia S\u00e3o Miguel Arcanjo\"},\"image\":{\"@id\":\"https:\/\/www.oarcanjo.net\/site\/#\/schema\/logo\/image\/\"},\"sameAs\":[\"https:\/\/www.facebook.com\/OArcanjoNoAr\/\"]},{\"@type\":\"Person\",\"@id\":\"https:\/\/www.oarcanjo.net\/site\/#\/schema\/person\/5eb9480bedd2f3c97e430ce128c29c6c\",\"name\":\"danilo\"}]}<\/script>\n<!-- \/ Yoast SEO plugin. -->","yoast_head_json":{"title":"S\u00e3o Serafim de Sarov - O Arcanjo no ar","robots":{"index":"index","follow":"follow","max-snippet":"max-snippet:-1","max-image-preview":"max-image-preview:large","max-video-preview":"max-video-preview:-1"},"canonical":"https:\/\/www.oarcanjo.net\/site\/sao-serafim-de-sarov\/","og_locale":"pt_BR","og_type":"article","og_title":"S\u00e3o Serafim de Sarov - O Arcanjo no ar","og_description":"19 de Julho Prothor Moshnim nasceu em 1759, na cidade de Kursk, na R\u00fassia, onde seus pais eram comerciantes. Aos dez anos, ficou muito doente. Nossa Senhora apareceu-lhe em sonho prometendo que seria curado por ela. De fato, alguns dias depois ele se recuperou, ap\u00f3s tocar no quadro de Nossa Senhora durante uma prociss\u00e3o. Desde [&hellip;]","og_url":"https:\/\/www.oarcanjo.net\/site\/sao-serafim-de-sarov\/","og_site_name":"O Arcanjo no ar","article_publisher":"https:\/\/www.facebook.com\/OArcanjoNoAr\/","article_published_time":"2018-07-19T03:37:29+00:00","article_modified_time":"2018-06-20T21:15:05+00:00","og_image":[{"url":"http:\/\/4.bp.blogspot.com\/_KXmJmioGAGs\/S8z2v7AynYI\/AAAAAAAAAg8\/irRaHhDdOZU\/s1600\/serafim-de-sarov.jpg"}],"author":"danilo","twitter_card":"summary_large_image","twitter_misc":{"Escrito por":"danilo","Est. tempo de leitura":"3 minutos"},"schema":{"@context":"https:\/\/schema.org","@graph":[{"@type":"Article","@id":"https:\/\/www.oarcanjo.net\/site\/sao-serafim-de-sarov\/#article","isPartOf":{"@id":"https:\/\/www.oarcanjo.net\/site\/sao-serafim-de-sarov\/"},"author":{"name":"danilo","@id":"https:\/\/www.oarcanjo.net\/site\/#\/schema\/person\/5eb9480bedd2f3c97e430ce128c29c6c"},"headline":"S\u00e3o Serafim de Sarov","datePublished":"2018-07-19T03:37:29+00:00","dateModified":"2018-06-20T21:15:05+00:00","mainEntityOfPage":{"@id":"https:\/\/www.oarcanjo.net\/site\/sao-serafim-de-sarov\/"},"wordCount":505,"commentCount":0,"publisher":{"@id":"https:\/\/www.oarcanjo.net\/site\/#organization"},"image":{"@id":"https:\/\/www.oarcanjo.net\/site\/sao-serafim-de-sarov\/#primaryimage"},"thumbnailUrl":"http:\/\/4.bp.blogspot.com\/_KXmJmioGAGs\/S8z2v7AynYI\/AAAAAAAAAg8\/irRaHhDdOZU\/s1600\/serafim-de-sarov.jpg","articleSection":["Testemunhos"],"inLanguage":"pt-BR","potentialAction":[{"@type":"CommentAction","name":"Comment","target":["https:\/\/www.oarcanjo.net\/site\/sao-serafim-de-sarov\/#respond"]}]},{"@type":"WebPage","@id":"https:\/\/www.oarcanjo.net\/site\/sao-serafim-de-sarov\/","url":"https:\/\/www.oarcanjo.net\/site\/sao-serafim-de-sarov\/","name":"S\u00e3o Serafim de Sarov - O Arcanjo no ar","isPartOf":{"@id":"https:\/\/www.oarcanjo.net\/site\/#website"},"primaryImageOfPage":{"@id":"https:\/\/www.oarcanjo.net\/site\/sao-serafim-de-sarov\/#primaryimage"},"image":{"@id":"https:\/\/www.oarcanjo.net\/site\/sao-serafim-de-sarov\/#primaryimage"},"thumbnailUrl":"http:\/\/4.bp.blogspot.com\/_KXmJmioGAGs\/S8z2v7AynYI\/AAAAAAAAAg8\/irRaHhDdOZU\/s1600\/serafim-de-sarov.jpg","datePublished":"2018-07-19T03:37:29+00:00","dateModified":"2018-06-20T21:15:05+00:00","breadcrumb":{"@id":"https:\/\/www.oarcanjo.net\/site\/sao-serafim-de-sarov\/#breadcrumb"},"inLanguage":"pt-BR","potentialAction":[{"@type":"ReadAction","target":["https:\/\/www.oarcanjo.net\/site\/sao-serafim-de-sarov\/"]}]},{"@type":"ImageObject","inLanguage":"pt-BR","@id":"https:\/\/www.oarcanjo.net\/site\/sao-serafim-de-sarov\/#primaryimage","url":"http:\/\/4.bp.blogspot.com\/_KXmJmioGAGs\/S8z2v7AynYI\/AAAAAAAAAg8\/irRaHhDdOZU\/s1600\/serafim-de-sarov.jpg","contentUrl":"http:\/\/4.bp.blogspot.com\/_KXmJmioGAGs\/S8z2v7AynYI\/AAAAAAAAAg8\/irRaHhDdOZU\/s1600\/serafim-de-sarov.jpg"},{"@type":"BreadcrumbList","@id":"https:\/\/www.oarcanjo.net\/site\/sao-serafim-de-sarov\/#breadcrumb","itemListElement":[{"@type":"ListItem","position":1,"name":"In\u00edcio","item":"https:\/\/www.oarcanjo.net\/site\/"},{"@type":"ListItem","position":2,"name":"S\u00e3o Serafim de Sarov"}]},{"@type":"WebSite","@id":"https:\/\/www.oarcanjo.net\/site\/#website","url":"https:\/\/www.oarcanjo.net\/site\/","name":"O Arcanjo no ar","description":"Site da Par\u00f3quia S\u00e3o Miguel Arcanjo (Arquidiocese de SP)","publisher":{"@id":"https:\/\/www.oarcanjo.net\/site\/#organization"},"potentialAction":[{"@type":"SearchAction","target":{"@type":"EntryPoint","urlTemplate":"https:\/\/www.oarcanjo.net\/site\/?s={search_term_string}"},"query-input":{"@type":"PropertyValueSpecification","valueRequired":true,"valueName":"search_term_string"}}],"inLanguage":"pt-BR"},{"@type":"Organization","@id":"https:\/\/www.oarcanjo.net\/site\/#organization","name":"Par\u00f3quia S\u00e3o Miguel Arcanjo","url":"https:\/\/www.oarcanjo.net\/site\/","logo":{"@type":"ImageObject","inLanguage":"pt-BR","@id":"https:\/\/www.oarcanjo.net\/site\/#\/schema\/logo\/image\/","url":"https:\/\/www.oarcanjo.net\/site\/wp-content\/uploads\/LogoOArcanjo.png","contentUrl":"https:\/\/www.oarcanjo.net\/site\/wp-content\/uploads\/LogoOArcanjo.png","width":319,"height":99,"caption":"Par\u00f3quia S\u00e3o Miguel Arcanjo"},"image":{"@id":"https:\/\/www.oarcanjo.net\/site\/#\/schema\/logo\/image\/"},"sameAs":["https:\/\/www.facebook.com\/OArcanjoNoAr\/"]},{"@type":"Person","@id":"https:\/\/www.oarcanjo.net\/site\/#\/schema\/person\/5eb9480bedd2f3c97e430ce128c29c6c","name":"danilo"}]}},"publishpress_future_action":{"enabled":false,"date":"2026-05-08 10:23:27","action":"category","newStatus":"draft","terms":[],"taxonomy":"category"},"publishpress_future_workflow_manual_trigger":{"enabledWorkflows":[]},"_links":{"self":[{"href":"https:\/\/www.oarcanjo.net\/site\/wp-json\/wp\/v2\/posts\/10256"}],"collection":[{"href":"https:\/\/www.oarcanjo.net\/site\/wp-json\/wp\/v2\/posts"}],"about":[{"href":"https:\/\/www.oarcanjo.net\/site\/wp-json\/wp\/v2\/types\/post"}],"author":[{"embeddable":true,"href":"https:\/\/www.oarcanjo.net\/site\/wp-json\/wp\/v2\/users\/14"}],"replies":[{"embeddable":true,"href":"https:\/\/www.oarcanjo.net\/site\/wp-json\/wp\/v2\/comments?post=10256"}],"version-history":[{"count":1,"href":"https:\/\/www.oarcanjo.net\/site\/wp-json\/wp\/v2\/posts\/10256\/revisions"}],"predecessor-version":[{"id":88566,"href":"https:\/\/www.oarcanjo.net\/site\/wp-json\/wp\/v2\/posts\/10256\/revisions\/88566"}],"wp:attachment":[{"href":"https:\/\/www.oarcanjo.net\/site\/wp-json\/wp\/v2\/media?parent=10256"}],"wp:term":[{"taxonomy":"category","embeddable":true,"href":"https:\/\/www.oarcanjo.net\/site\/wp-json\/wp\/v2\/categories?post=10256"},{"taxonomy":"post_tag","embeddable":true,"href":"https:\/\/www.oarcanjo.net\/site\/wp-json\/wp\/v2\/tags?post=10256"}],"curies":[{"name":"wp","href":"https:\/\/api.w.org\/{rel}","templated":true}]}}