
{"id":10258,"date":"2018-07-19T00:38:40","date_gmt":"2018-07-19T03:38:40","guid":{"rendered":"http:\/\/www.oarcanjo.net\/site\/?p=10258"},"modified":"2018-06-20T18:15:09","modified_gmt":"2018-06-20T21:15:09","slug":"santo-arsenio","status":"publish","type":"post","link":"https:\/\/www.oarcanjo.net\/site\/santo-arsenio\/","title":{"rendered":"Santo Ars\u00eanio"},"content":{"rendered":"<p><img loading=\"lazy\" decoding=\"async\" class=\"alignnone size-full wp-image-64138\" src=\"http:\/\/www.oarcanjo.net\/site\/wp-content\/uploads\/Santo-Arsenio.jpg\" alt=\"Santo Ars\u00eanio\" width=\"295\" height=\"450\" srcset=\"https:\/\/www.oarcanjo.net\/site\/wp-content\/uploads\/Santo-Arsenio.jpg 295w, https:\/\/www.oarcanjo.net\/site\/wp-content\/uploads\/Santo-Arsenio-197x300.jpg 197w\" sizes=\"(max-width: 295px) 100vw, 295px\" \/><\/p>\n<p>19 de Julho<\/p>\n<p>Ars\u00eanio, que pertencia a uma nobre e tradicional fam\u00edlia de senadores, nasceu no ano 354, em Roma. Segundo os registros, ele foi ordenado sacerdote, pessoalmente, pelo papa D\u00e2maso. Em 383, o pr\u00f3prio imperador Teod\u00f3sio convidou-o para cuidar da educa\u00e7\u00e3o e forma\u00e7\u00e3o de seus filhos Arc\u00e1dio e Hon\u00f3rio, em Constantinopla. Ars\u00eanio permaneceu na Corte por onze anos, at\u00e9 394. Enfim, conseguiu a exonera\u00e7\u00e3o do cargo e retirou-se para o deserto no Egito.<\/p>\n<p>O mundo cat\u00f3lico passava por muitas transforma\u00e7\u00f5es. Nos s\u00e9culos anteriores, o mart\u00edrio, a morte pela f\u00e9 na palavra de Cristo, era o melhor exemplo para a salva\u00e7\u00e3o da alma. A partir do s\u00e9culo IV, a &#8220;morte em vida&#8221; passou a ser o sacrif\u00edcio mais perfeito para a purifica\u00e7\u00e3o, com o aparecimento dos eremitas no Oriente. Eram crist\u00e3os e isolavam-se no deserto, em ora\u00e7\u00e3o e penit\u00eancia, numa vida solit\u00e1ria e contemplativa, como forma de servir a Deus.<\/p>\n<p>No in\u00edcio, sozinhos, depois se organizavam em pequenas comunidades. Havia apenas uma regra asc\u00e9tica, para fixar o per\u00edodo de jejum e ora\u00e7\u00e3o, mas que mantinha uma r\u00edgida separa\u00e7\u00e3o, inclusive de conviv\u00eancia entre eles mesmos.<br \/>\nArs\u00eanio tornou-se um deles. O seu ref\u00fagio, no deserto eg\u00edpcio da Alexandria, era dos mais procurados pelos crist\u00e3os, que buscavam, na sabedoria e santidade de alguns ermit\u00e3os, conselhos e paz para as afli\u00e7\u00f5es da alma, mesmo que para tanto tivessem de fazer longas e cansativas peregrina\u00e7\u00f5es.<\/p>\n<p>A antiga tradi\u00e7\u00e3o diz que ele n\u00e3o gostava muito de interromper seu ex\u00edlio volunt\u00e1rio para atender aos que o procuravam. Mas, para n\u00e3o usufruir o ego\u00edsmo da solid\u00e3o total, decidiu juntar-se aos eremitas de Scete, tamb\u00e9m no deserto da Alexandria, os quais j\u00e1 viviam parcialmente em comunidade, para n\u00e3o se isolarem totalmente dos demais seres humanos.<\/p>\n<p>Mas a paz e a tranq\u00fcilidade daqueles religiosos findaram com a invas\u00e3o de uma tribo das redondezas. Ars\u00eanio, ent\u00e3o, abandonou o local. Entre 434 e 450, viveu isolado, s\u00f3 nos \u00faltimos anos aceitando a companhia de uns poucos disc\u00edpulos. Ele acabou recebendo de Deus o dom das l\u00e1grimas. Em ora\u00e7\u00e3o ou penit\u00eancia, quando se emocionava com o Evangelho, caia em prantos. Morreu em Troc, perto de M\u00eanfis, em 450.<\/p>\n<p>A import\u00e2ncia de santo Ars\u00eanio na hist\u00f3ria da Igreja prende-se \u00e0 import\u00e2ncia da \u00e9poca em que nasceu e viveu. Foi um dos mais conhecidos eremitas do Egito, sendo considerado um dos &#8220;Padres do deserto&#8221;. O seu legado chegou-nos por meio de uma cr\u00f4nica biogr\u00e1fica e de suas s\u00e1bias m\u00e1ximas, escritas por Daniel de Pharan, um dos seus disc\u00edpulos. Al\u00e9m de um retrato estampando sua bela figura de homem alto e astuto, feito pelo mesmo disc\u00edpulo.<\/p>\n<div id=\"themify_builder_content-10258\" data-postid=\"10258\" class=\"themify_builder_content themify_builder_content-10258 themify_builder themify_builder_front\">\n\t<\/div>\n<!-- \/themify_builder_content -->","protected":false},"excerpt":{"rendered":"<p>19 de Julho Ars\u00eanio, que pertencia a uma nobre e tradicional fam\u00edlia de senadores, nasceu no ano 354, em Roma. Segundo os registros, ele foi ordenado sacerdote, pessoalmente, pelo papa D\u00e2maso. Em 383, o pr\u00f3prio imperador Teod\u00f3sio convidou-o para cuidar da educa\u00e7\u00e3o e forma\u00e7\u00e3o de seus filhos Arc\u00e1dio e Hon\u00f3rio, em Constantinopla. Ars\u00eanio permaneceu na [&hellip;]<\/p>\n","protected":false},"author":14,"featured_media":0,"comment_status":"open","ping_status":"open","sticky":false,"template":"","format":"standard","meta":{"ngg_post_thumbnail":0,"footnotes":""},"categories":[186],"tags":[],"yoast_head":"<!-- This site is optimized with the Yoast SEO plugin v23.5 - https:\/\/yoast.com\/wordpress\/plugins\/seo\/ -->\n<title>Santo Ars\u00eanio - O Arcanjo no ar<\/title>\n<meta name=\"robots\" content=\"index, follow, max-snippet:-1, max-image-preview:large, max-video-preview:-1\" \/>\n<link rel=\"canonical\" href=\"https:\/\/www.oarcanjo.net\/site\/santo-arsenio\/\" \/>\n<meta property=\"og:locale\" content=\"pt_BR\" \/>\n<meta property=\"og:type\" content=\"article\" \/>\n<meta property=\"og:title\" content=\"Santo Ars\u00eanio - O Arcanjo no ar\" \/>\n<meta property=\"og:description\" content=\"19 de Julho Ars\u00eanio, que pertencia a uma nobre e tradicional fam\u00edlia de senadores, nasceu no ano 354, em Roma. Segundo os registros, ele foi ordenado sacerdote, pessoalmente, pelo papa D\u00e2maso. Em 383, o pr\u00f3prio imperador Teod\u00f3sio convidou-o para cuidar da educa\u00e7\u00e3o e forma\u00e7\u00e3o de seus filhos Arc\u00e1dio e Hon\u00f3rio, em Constantinopla. Ars\u00eanio permaneceu na [&hellip;]\" \/>\n<meta property=\"og:url\" content=\"https:\/\/www.oarcanjo.net\/site\/santo-arsenio\/\" \/>\n<meta property=\"og:site_name\" content=\"O Arcanjo no ar\" \/>\n<meta property=\"article:publisher\" content=\"https:\/\/www.facebook.com\/OArcanjoNoAr\/\" \/>\n<meta property=\"article:published_time\" content=\"2018-07-19T03:38:40+00:00\" \/>\n<meta property=\"article:modified_time\" content=\"2018-06-20T21:15:09+00:00\" \/>\n<meta property=\"og:image\" content=\"http:\/\/www.oarcanjo.net\/site\/wp-content\/uploads\/Santo-Arsenio.jpg\" \/>\n<meta name=\"author\" content=\"danilo\" \/>\n<meta name=\"twitter:card\" content=\"summary_large_image\" \/>\n<meta name=\"twitter:label1\" content=\"Escrito por\" \/>\n\t<meta name=\"twitter:data1\" content=\"danilo\" \/>\n\t<meta name=\"twitter:label2\" content=\"Est. tempo de leitura\" \/>\n\t<meta name=\"twitter:data2\" content=\"2 minutos\" \/>\n<script type=\"application\/ld+json\" class=\"yoast-schema-graph\">{\"@context\":\"https:\/\/schema.org\",\"@graph\":[{\"@type\":\"Article\",\"@id\":\"https:\/\/www.oarcanjo.net\/site\/santo-arsenio\/#article\",\"isPartOf\":{\"@id\":\"https:\/\/www.oarcanjo.net\/site\/santo-arsenio\/\"},\"author\":{\"name\":\"danilo\",\"@id\":\"https:\/\/www.oarcanjo.net\/site\/#\/schema\/person\/5eb9480bedd2f3c97e430ce128c29c6c\"},\"headline\":\"Santo Ars\u00eanio\",\"datePublished\":\"2018-07-19T03:38:40+00:00\",\"dateModified\":\"2018-06-20T21:15:09+00:00\",\"mainEntityOfPage\":{\"@id\":\"https:\/\/www.oarcanjo.net\/site\/santo-arsenio\/\"},\"wordCount\":491,\"commentCount\":0,\"publisher\":{\"@id\":\"https:\/\/www.oarcanjo.net\/site\/#organization\"},\"image\":{\"@id\":\"https:\/\/www.oarcanjo.net\/site\/santo-arsenio\/#primaryimage\"},\"thumbnailUrl\":\"http:\/\/www.oarcanjo.net\/site\/wp-content\/uploads\/Santo-Arsenio.jpg\",\"articleSection\":[\"Testemunhos\"],\"inLanguage\":\"pt-BR\",\"potentialAction\":[{\"@type\":\"CommentAction\",\"name\":\"Comment\",\"target\":[\"https:\/\/www.oarcanjo.net\/site\/santo-arsenio\/#respond\"]}]},{\"@type\":\"WebPage\",\"@id\":\"https:\/\/www.oarcanjo.net\/site\/santo-arsenio\/\",\"url\":\"https:\/\/www.oarcanjo.net\/site\/santo-arsenio\/\",\"name\":\"Santo Ars\u00eanio - O Arcanjo no ar\",\"isPartOf\":{\"@id\":\"https:\/\/www.oarcanjo.net\/site\/#website\"},\"primaryImageOfPage\":{\"@id\":\"https:\/\/www.oarcanjo.net\/site\/santo-arsenio\/#primaryimage\"},\"image\":{\"@id\":\"https:\/\/www.oarcanjo.net\/site\/santo-arsenio\/#primaryimage\"},\"thumbnailUrl\":\"http:\/\/www.oarcanjo.net\/site\/wp-content\/uploads\/Santo-Arsenio.jpg\",\"datePublished\":\"2018-07-19T03:38:40+00:00\",\"dateModified\":\"2018-06-20T21:15:09+00:00\",\"breadcrumb\":{\"@id\":\"https:\/\/www.oarcanjo.net\/site\/santo-arsenio\/#breadcrumb\"},\"inLanguage\":\"pt-BR\",\"potentialAction\":[{\"@type\":\"ReadAction\",\"target\":[\"https:\/\/www.oarcanjo.net\/site\/santo-arsenio\/\"]}]},{\"@type\":\"ImageObject\",\"inLanguage\":\"pt-BR\",\"@id\":\"https:\/\/www.oarcanjo.net\/site\/santo-arsenio\/#primaryimage\",\"url\":\"https:\/\/www.oarcanjo.net\/site\/wp-content\/uploads\/Santo-Arsenio.jpg\",\"contentUrl\":\"https:\/\/www.oarcanjo.net\/site\/wp-content\/uploads\/Santo-Arsenio.jpg\",\"width\":295,\"height\":450,\"caption\":\"Santo Ars\u00eanio\"},{\"@type\":\"BreadcrumbList\",\"@id\":\"https:\/\/www.oarcanjo.net\/site\/santo-arsenio\/#breadcrumb\",\"itemListElement\":[{\"@type\":\"ListItem\",\"position\":1,\"name\":\"In\u00edcio\",\"item\":\"https:\/\/www.oarcanjo.net\/site\/\"},{\"@type\":\"ListItem\",\"position\":2,\"name\":\"Santo Ars\u00eanio\"}]},{\"@type\":\"WebSite\",\"@id\":\"https:\/\/www.oarcanjo.net\/site\/#website\",\"url\":\"https:\/\/www.oarcanjo.net\/site\/\",\"name\":\"O Arcanjo no ar\",\"description\":\"Site da Par\u00f3quia S\u00e3o Miguel Arcanjo (Arquidiocese de SP)\",\"publisher\":{\"@id\":\"https:\/\/www.oarcanjo.net\/site\/#organization\"},\"potentialAction\":[{\"@type\":\"SearchAction\",\"target\":{\"@type\":\"EntryPoint\",\"urlTemplate\":\"https:\/\/www.oarcanjo.net\/site\/?s={search_term_string}\"},\"query-input\":{\"@type\":\"PropertyValueSpecification\",\"valueRequired\":true,\"valueName\":\"search_term_string\"}}],\"inLanguage\":\"pt-BR\"},{\"@type\":\"Organization\",\"@id\":\"https:\/\/www.oarcanjo.net\/site\/#organization\",\"name\":\"Par\u00f3quia S\u00e3o Miguel Arcanjo\",\"url\":\"https:\/\/www.oarcanjo.net\/site\/\",\"logo\":{\"@type\":\"ImageObject\",\"inLanguage\":\"pt-BR\",\"@id\":\"https:\/\/www.oarcanjo.net\/site\/#\/schema\/logo\/image\/\",\"url\":\"https:\/\/www.oarcanjo.net\/site\/wp-content\/uploads\/LogoOArcanjo.png\",\"contentUrl\":\"https:\/\/www.oarcanjo.net\/site\/wp-content\/uploads\/LogoOArcanjo.png\",\"width\":319,\"height\":99,\"caption\":\"Par\u00f3quia S\u00e3o Miguel Arcanjo\"},\"image\":{\"@id\":\"https:\/\/www.oarcanjo.net\/site\/#\/schema\/logo\/image\/\"},\"sameAs\":[\"https:\/\/www.facebook.com\/OArcanjoNoAr\/\"]},{\"@type\":\"Person\",\"@id\":\"https:\/\/www.oarcanjo.net\/site\/#\/schema\/person\/5eb9480bedd2f3c97e430ce128c29c6c\",\"name\":\"danilo\"}]}<\/script>\n<!-- \/ Yoast SEO plugin. -->","yoast_head_json":{"title":"Santo Ars\u00eanio - O Arcanjo no ar","robots":{"index":"index","follow":"follow","max-snippet":"max-snippet:-1","max-image-preview":"max-image-preview:large","max-video-preview":"max-video-preview:-1"},"canonical":"https:\/\/www.oarcanjo.net\/site\/santo-arsenio\/","og_locale":"pt_BR","og_type":"article","og_title":"Santo Ars\u00eanio - O Arcanjo no ar","og_description":"19 de Julho Ars\u00eanio, que pertencia a uma nobre e tradicional fam\u00edlia de senadores, nasceu no ano 354, em Roma. Segundo os registros, ele foi ordenado sacerdote, pessoalmente, pelo papa D\u00e2maso. Em 383, o pr\u00f3prio imperador Teod\u00f3sio convidou-o para cuidar da educa\u00e7\u00e3o e forma\u00e7\u00e3o de seus filhos Arc\u00e1dio e Hon\u00f3rio, em Constantinopla. Ars\u00eanio permaneceu na [&hellip;]","og_url":"https:\/\/www.oarcanjo.net\/site\/santo-arsenio\/","og_site_name":"O Arcanjo no ar","article_publisher":"https:\/\/www.facebook.com\/OArcanjoNoAr\/","article_published_time":"2018-07-19T03:38:40+00:00","article_modified_time":"2018-06-20T21:15:09+00:00","og_image":[{"url":"http:\/\/www.oarcanjo.net\/site\/wp-content\/uploads\/Santo-Arsenio.jpg"}],"author":"danilo","twitter_card":"summary_large_image","twitter_misc":{"Escrito por":"danilo","Est. tempo de leitura":"2 minutos"},"schema":{"@context":"https:\/\/schema.org","@graph":[{"@type":"Article","@id":"https:\/\/www.oarcanjo.net\/site\/santo-arsenio\/#article","isPartOf":{"@id":"https:\/\/www.oarcanjo.net\/site\/santo-arsenio\/"},"author":{"name":"danilo","@id":"https:\/\/www.oarcanjo.net\/site\/#\/schema\/person\/5eb9480bedd2f3c97e430ce128c29c6c"},"headline":"Santo Ars\u00eanio","datePublished":"2018-07-19T03:38:40+00:00","dateModified":"2018-06-20T21:15:09+00:00","mainEntityOfPage":{"@id":"https:\/\/www.oarcanjo.net\/site\/santo-arsenio\/"},"wordCount":491,"commentCount":0,"publisher":{"@id":"https:\/\/www.oarcanjo.net\/site\/#organization"},"image":{"@id":"https:\/\/www.oarcanjo.net\/site\/santo-arsenio\/#primaryimage"},"thumbnailUrl":"http:\/\/www.oarcanjo.net\/site\/wp-content\/uploads\/Santo-Arsenio.jpg","articleSection":["Testemunhos"],"inLanguage":"pt-BR","potentialAction":[{"@type":"CommentAction","name":"Comment","target":["https:\/\/www.oarcanjo.net\/site\/santo-arsenio\/#respond"]}]},{"@type":"WebPage","@id":"https:\/\/www.oarcanjo.net\/site\/santo-arsenio\/","url":"https:\/\/www.oarcanjo.net\/site\/santo-arsenio\/","name":"Santo Ars\u00eanio - O Arcanjo no ar","isPartOf":{"@id":"https:\/\/www.oarcanjo.net\/site\/#website"},"primaryImageOfPage":{"@id":"https:\/\/www.oarcanjo.net\/site\/santo-arsenio\/#primaryimage"},"image":{"@id":"https:\/\/www.oarcanjo.net\/site\/santo-arsenio\/#primaryimage"},"thumbnailUrl":"http:\/\/www.oarcanjo.net\/site\/wp-content\/uploads\/Santo-Arsenio.jpg","datePublished":"2018-07-19T03:38:40+00:00","dateModified":"2018-06-20T21:15:09+00:00","breadcrumb":{"@id":"https:\/\/www.oarcanjo.net\/site\/santo-arsenio\/#breadcrumb"},"inLanguage":"pt-BR","potentialAction":[{"@type":"ReadAction","target":["https:\/\/www.oarcanjo.net\/site\/santo-arsenio\/"]}]},{"@type":"ImageObject","inLanguage":"pt-BR","@id":"https:\/\/www.oarcanjo.net\/site\/santo-arsenio\/#primaryimage","url":"https:\/\/www.oarcanjo.net\/site\/wp-content\/uploads\/Santo-Arsenio.jpg","contentUrl":"https:\/\/www.oarcanjo.net\/site\/wp-content\/uploads\/Santo-Arsenio.jpg","width":295,"height":450,"caption":"Santo Ars\u00eanio"},{"@type":"BreadcrumbList","@id":"https:\/\/www.oarcanjo.net\/site\/santo-arsenio\/#breadcrumb","itemListElement":[{"@type":"ListItem","position":1,"name":"In\u00edcio","item":"https:\/\/www.oarcanjo.net\/site\/"},{"@type":"ListItem","position":2,"name":"Santo Ars\u00eanio"}]},{"@type":"WebSite","@id":"https:\/\/www.oarcanjo.net\/site\/#website","url":"https:\/\/www.oarcanjo.net\/site\/","name":"O Arcanjo no ar","description":"Site da Par\u00f3quia S\u00e3o Miguel Arcanjo (Arquidiocese de SP)","publisher":{"@id":"https:\/\/www.oarcanjo.net\/site\/#organization"},"potentialAction":[{"@type":"SearchAction","target":{"@type":"EntryPoint","urlTemplate":"https:\/\/www.oarcanjo.net\/site\/?s={search_term_string}"},"query-input":{"@type":"PropertyValueSpecification","valueRequired":true,"valueName":"search_term_string"}}],"inLanguage":"pt-BR"},{"@type":"Organization","@id":"https:\/\/www.oarcanjo.net\/site\/#organization","name":"Par\u00f3quia S\u00e3o Miguel Arcanjo","url":"https:\/\/www.oarcanjo.net\/site\/","logo":{"@type":"ImageObject","inLanguage":"pt-BR","@id":"https:\/\/www.oarcanjo.net\/site\/#\/schema\/logo\/image\/","url":"https:\/\/www.oarcanjo.net\/site\/wp-content\/uploads\/LogoOArcanjo.png","contentUrl":"https:\/\/www.oarcanjo.net\/site\/wp-content\/uploads\/LogoOArcanjo.png","width":319,"height":99,"caption":"Par\u00f3quia S\u00e3o Miguel Arcanjo"},"image":{"@id":"https:\/\/www.oarcanjo.net\/site\/#\/schema\/logo\/image\/"},"sameAs":["https:\/\/www.facebook.com\/OArcanjoNoAr\/"]},{"@type":"Person","@id":"https:\/\/www.oarcanjo.net\/site\/#\/schema\/person\/5eb9480bedd2f3c97e430ce128c29c6c","name":"danilo"}]}},"publishpress_future_action":{"enabled":false,"date":"2026-05-08 10:24:17","action":"category","newStatus":"draft","terms":[],"taxonomy":"category"},"publishpress_future_workflow_manual_trigger":{"enabledWorkflows":[]},"_links":{"self":[{"href":"https:\/\/www.oarcanjo.net\/site\/wp-json\/wp\/v2\/posts\/10258"}],"collection":[{"href":"https:\/\/www.oarcanjo.net\/site\/wp-json\/wp\/v2\/posts"}],"about":[{"href":"https:\/\/www.oarcanjo.net\/site\/wp-json\/wp\/v2\/types\/post"}],"author":[{"embeddable":true,"href":"https:\/\/www.oarcanjo.net\/site\/wp-json\/wp\/v2\/users\/14"}],"replies":[{"embeddable":true,"href":"https:\/\/www.oarcanjo.net\/site\/wp-json\/wp\/v2\/comments?post=10258"}],"version-history":[{"count":1,"href":"https:\/\/www.oarcanjo.net\/site\/wp-json\/wp\/v2\/posts\/10258\/revisions"}],"predecessor-version":[{"id":88567,"href":"https:\/\/www.oarcanjo.net\/site\/wp-json\/wp\/v2\/posts\/10258\/revisions\/88567"}],"wp:attachment":[{"href":"https:\/\/www.oarcanjo.net\/site\/wp-json\/wp\/v2\/media?parent=10258"}],"wp:term":[{"taxonomy":"category","embeddable":true,"href":"https:\/\/www.oarcanjo.net\/site\/wp-json\/wp\/v2\/categories?post=10258"},{"taxonomy":"post_tag","embeddable":true,"href":"https:\/\/www.oarcanjo.net\/site\/wp-json\/wp\/v2\/tags?post=10258"}],"curies":[{"name":"wp","href":"https:\/\/api.w.org\/{rel}","templated":true}]}}