
{"id":10261,"date":"2018-07-20T00:41:50","date_gmt":"2018-07-20T03:41:50","guid":{"rendered":"http:\/\/www.oarcanjo.net\/site\/?p=10261"},"modified":"2018-06-20T18:15:12","modified_gmt":"2018-06-20T21:15:12","slug":"santo-aurelio","status":"publish","type":"post","link":"https:\/\/www.oarcanjo.net\/site\/santo-aurelio\/","title":{"rendered":"Santo Aur\u00e9lio"},"content":{"rendered":"<p><img loading=\"lazy\" decoding=\"async\" class=\"alignnone size-full wp-image-64126\" src=\"http:\/\/www.oarcanjo.net\/site\/wp-content\/uploads\/Santo-Aurelio.jpg\" alt=\"Santo Aur\u00e9lio\" width=\"300\" height=\"300\" srcset=\"https:\/\/www.oarcanjo.net\/site\/wp-content\/uploads\/Santo-Aurelio.jpg 300w, https:\/\/www.oarcanjo.net\/site\/wp-content\/uploads\/Santo-Aurelio-150x150.jpg 150w\" sizes=\"(max-width: 300px) 100vw, 300px\" \/><\/p>\n<p>20 de Julho<\/p>\n<p>Onde e quando nasceu Aur\u00e9lio, n\u00e3o se tem registro. As informa\u00e7\u00f5es sobre ele aparecem a partir de 388, quando vivia em Cartago, era apenas um di\u00e1cono e amigo do futuro santo e doutor da Igreja, Agostinho. Em 391, este \u00faltimo era o bispo da Hipona, atual Annaba, na Arg\u00e9lia, enquanto Aur\u00e9lio tornava-se o bispo de Cartago.<\/p>\n<p>Ele foi considerado um dos principais l\u00edderes da Igreja na chamada &#8220;prov\u00edncia da \u00c1frica&#8221;, que ocupava a faixa norte do continente, exceto o Egito. Encontrou essa Igreja em ru\u00ednas, pois enfrentara um cisma no in\u00edcio do s\u00e9culo. A crise explodira no fim da persegui\u00e7\u00e3o romana aos crist\u00e3os, quando o bispo da Num\u00eddia, Donato, se declarara uma for\u00e7a pol\u00edtica e religiosa. Dizia que viera para purificar a Igreja, separando-a do mundo profano e do Imp\u00e9rio Romano. Os que ficaram ao seu lado foram chamados donatistas, hereges que se opunham aos cat\u00f3licos.<\/p>\n<p>Instaurava-se uma crise e um cisma que s\u00f3 viria terminar com a morte de Donato, na deporta\u00e7\u00e3o em 355. Os seus seguidores dividiram-se internamente. Nessa situa\u00e7\u00e3o, Aur\u00e9lio e seu amigo encontraram uma Igreja devastada, fi\u00e9is com uma apatia generalizada, pobre de f\u00e9 assim como de obras. A doutrina fora esquecida, os templos serviam tamb\u00e9m para festas e banquetes, com muitos monges recusando-se a trabalhar.<\/p>\n<p>Aur\u00e9lio engajou-se, ent\u00e3o, na reforma da Igreja e na revitaliza\u00e7\u00e3o dos costumes morais, dos ritos e da doutrina cat\u00f3lica. Diante do estado de \u00e2nimo daquela gente, Aur\u00e9lio mostrou-se um pai caridoso, preocupado e s\u00e1bio. E foi durante o Conc\u00edlio de Hipona que Aur\u00e9lio mostrou-se ainda mais cordial e acolhedor para com os antigos bispos donatistas. A todos esses, desejosos de retornarem ao seio da Igreja, junto com seus fi\u00e9is, Aur\u00e9lio devolveu o sacerd\u00f3cio, inclusive aos fi\u00e9is batizados durante o cisma. Dessa forma, Aur\u00e9lio conseguiu resolver uma das mais grandes crises disciplinares que a Igreja enfrentou.<\/p>\n<p>Bispo Aur\u00e9lio morreu no ano de 430, na sua sede episcopal de Cartago, no mesmo ano em que tamb\u00e9m morria seu amigo Agostinho. Contudo, para a Igreja da chamada &#8220;prov\u00edncia da \u00c1frica&#8221;, apenas come\u00e7ava mais um novo, obscuro e sangrento per\u00edodo, marcado pela invas\u00e3o dos b\u00e1rbaros v\u00e2ndalos.<\/p>\n<div id=\"themify_builder_content-10261\" data-postid=\"10261\" class=\"themify_builder_content themify_builder_content-10261 themify_builder themify_builder_front\">\n\t<\/div>\n<!-- \/themify_builder_content -->","protected":false},"excerpt":{"rendered":"<p>20 de Julho Onde e quando nasceu Aur\u00e9lio, n\u00e3o se tem registro. As informa\u00e7\u00f5es sobre ele aparecem a partir de 388, quando vivia em Cartago, era apenas um di\u00e1cono e amigo do futuro santo e doutor da Igreja, Agostinho. Em 391, este \u00faltimo era o bispo da Hipona, atual Annaba, na Arg\u00e9lia, enquanto Aur\u00e9lio tornava-se [&hellip;]<\/p>\n","protected":false},"author":14,"featured_media":0,"comment_status":"open","ping_status":"open","sticky":false,"template":"","format":"standard","meta":{"ngg_post_thumbnail":0,"footnotes":""},"categories":[186],"tags":[],"yoast_head":"<!-- This site is optimized with the Yoast SEO plugin v23.5 - https:\/\/yoast.com\/wordpress\/plugins\/seo\/ -->\n<title>Santo Aur\u00e9lio - O Arcanjo no ar<\/title>\n<meta name=\"robots\" content=\"index, follow, max-snippet:-1, max-image-preview:large, max-video-preview:-1\" \/>\n<link rel=\"canonical\" href=\"https:\/\/www.oarcanjo.net\/site\/santo-aurelio\/\" \/>\n<meta property=\"og:locale\" content=\"pt_BR\" \/>\n<meta property=\"og:type\" content=\"article\" \/>\n<meta property=\"og:title\" content=\"Santo Aur\u00e9lio - O Arcanjo no ar\" \/>\n<meta property=\"og:description\" content=\"20 de Julho Onde e quando nasceu Aur\u00e9lio, n\u00e3o se tem registro. As informa\u00e7\u00f5es sobre ele aparecem a partir de 388, quando vivia em Cartago, era apenas um di\u00e1cono e amigo do futuro santo e doutor da Igreja, Agostinho. Em 391, este \u00faltimo era o bispo da Hipona, atual Annaba, na Arg\u00e9lia, enquanto Aur\u00e9lio tornava-se [&hellip;]\" \/>\n<meta property=\"og:url\" content=\"https:\/\/www.oarcanjo.net\/site\/santo-aurelio\/\" \/>\n<meta property=\"og:site_name\" content=\"O Arcanjo no ar\" \/>\n<meta property=\"article:publisher\" content=\"https:\/\/www.facebook.com\/OArcanjoNoAr\/\" \/>\n<meta property=\"article:published_time\" content=\"2018-07-20T03:41:50+00:00\" \/>\n<meta property=\"article:modified_time\" content=\"2018-06-20T21:15:12+00:00\" \/>\n<meta property=\"og:image\" content=\"http:\/\/www.oarcanjo.net\/site\/wp-content\/uploads\/Santo-Aurelio.jpg\" \/>\n<meta name=\"author\" content=\"danilo\" \/>\n<meta name=\"twitter:card\" content=\"summary_large_image\" \/>\n<meta name=\"twitter:label1\" content=\"Escrito por\" \/>\n\t<meta name=\"twitter:data1\" content=\"danilo\" \/>\n\t<meta name=\"twitter:label2\" content=\"Est. tempo de leitura\" \/>\n\t<meta name=\"twitter:data2\" content=\"2 minutos\" \/>\n<script type=\"application\/ld+json\" class=\"yoast-schema-graph\">{\"@context\":\"https:\/\/schema.org\",\"@graph\":[{\"@type\":\"Article\",\"@id\":\"https:\/\/www.oarcanjo.net\/site\/santo-aurelio\/#article\",\"isPartOf\":{\"@id\":\"https:\/\/www.oarcanjo.net\/site\/santo-aurelio\/\"},\"author\":{\"name\":\"danilo\",\"@id\":\"https:\/\/www.oarcanjo.net\/site\/#\/schema\/person\/5eb9480bedd2f3c97e430ce128c29c6c\"},\"headline\":\"Santo Aur\u00e9lio\",\"datePublished\":\"2018-07-20T03:41:50+00:00\",\"dateModified\":\"2018-06-20T21:15:12+00:00\",\"mainEntityOfPage\":{\"@id\":\"https:\/\/www.oarcanjo.net\/site\/santo-aurelio\/\"},\"wordCount\":397,\"commentCount\":0,\"publisher\":{\"@id\":\"https:\/\/www.oarcanjo.net\/site\/#organization\"},\"image\":{\"@id\":\"https:\/\/www.oarcanjo.net\/site\/santo-aurelio\/#primaryimage\"},\"thumbnailUrl\":\"http:\/\/www.oarcanjo.net\/site\/wp-content\/uploads\/Santo-Aurelio.jpg\",\"articleSection\":[\"Testemunhos\"],\"inLanguage\":\"pt-BR\",\"potentialAction\":[{\"@type\":\"CommentAction\",\"name\":\"Comment\",\"target\":[\"https:\/\/www.oarcanjo.net\/site\/santo-aurelio\/#respond\"]}]},{\"@type\":\"WebPage\",\"@id\":\"https:\/\/www.oarcanjo.net\/site\/santo-aurelio\/\",\"url\":\"https:\/\/www.oarcanjo.net\/site\/santo-aurelio\/\",\"name\":\"Santo Aur\u00e9lio - O Arcanjo no ar\",\"isPartOf\":{\"@id\":\"https:\/\/www.oarcanjo.net\/site\/#website\"},\"primaryImageOfPage\":{\"@id\":\"https:\/\/www.oarcanjo.net\/site\/santo-aurelio\/#primaryimage\"},\"image\":{\"@id\":\"https:\/\/www.oarcanjo.net\/site\/santo-aurelio\/#primaryimage\"},\"thumbnailUrl\":\"http:\/\/www.oarcanjo.net\/site\/wp-content\/uploads\/Santo-Aurelio.jpg\",\"datePublished\":\"2018-07-20T03:41:50+00:00\",\"dateModified\":\"2018-06-20T21:15:12+00:00\",\"breadcrumb\":{\"@id\":\"https:\/\/www.oarcanjo.net\/site\/santo-aurelio\/#breadcrumb\"},\"inLanguage\":\"pt-BR\",\"potentialAction\":[{\"@type\":\"ReadAction\",\"target\":[\"https:\/\/www.oarcanjo.net\/site\/santo-aurelio\/\"]}]},{\"@type\":\"ImageObject\",\"inLanguage\":\"pt-BR\",\"@id\":\"https:\/\/www.oarcanjo.net\/site\/santo-aurelio\/#primaryimage\",\"url\":\"https:\/\/www.oarcanjo.net\/site\/wp-content\/uploads\/Santo-Aurelio.jpg\",\"contentUrl\":\"https:\/\/www.oarcanjo.net\/site\/wp-content\/uploads\/Santo-Aurelio.jpg\",\"width\":300,\"height\":300,\"caption\":\"Santo Aur\u00e9lio\"},{\"@type\":\"BreadcrumbList\",\"@id\":\"https:\/\/www.oarcanjo.net\/site\/santo-aurelio\/#breadcrumb\",\"itemListElement\":[{\"@type\":\"ListItem\",\"position\":1,\"name\":\"In\u00edcio\",\"item\":\"https:\/\/www.oarcanjo.net\/site\/\"},{\"@type\":\"ListItem\",\"position\":2,\"name\":\"Santo Aur\u00e9lio\"}]},{\"@type\":\"WebSite\",\"@id\":\"https:\/\/www.oarcanjo.net\/site\/#website\",\"url\":\"https:\/\/www.oarcanjo.net\/site\/\",\"name\":\"O Arcanjo no ar\",\"description\":\"Site da Par\u00f3quia S\u00e3o Miguel Arcanjo (Arquidiocese de SP)\",\"publisher\":{\"@id\":\"https:\/\/www.oarcanjo.net\/site\/#organization\"},\"potentialAction\":[{\"@type\":\"SearchAction\",\"target\":{\"@type\":\"EntryPoint\",\"urlTemplate\":\"https:\/\/www.oarcanjo.net\/site\/?s={search_term_string}\"},\"query-input\":{\"@type\":\"PropertyValueSpecification\",\"valueRequired\":true,\"valueName\":\"search_term_string\"}}],\"inLanguage\":\"pt-BR\"},{\"@type\":\"Organization\",\"@id\":\"https:\/\/www.oarcanjo.net\/site\/#organization\",\"name\":\"Par\u00f3quia S\u00e3o Miguel Arcanjo\",\"url\":\"https:\/\/www.oarcanjo.net\/site\/\",\"logo\":{\"@type\":\"ImageObject\",\"inLanguage\":\"pt-BR\",\"@id\":\"https:\/\/www.oarcanjo.net\/site\/#\/schema\/logo\/image\/\",\"url\":\"https:\/\/www.oarcanjo.net\/site\/wp-content\/uploads\/LogoOArcanjo.png\",\"contentUrl\":\"https:\/\/www.oarcanjo.net\/site\/wp-content\/uploads\/LogoOArcanjo.png\",\"width\":319,\"height\":99,\"caption\":\"Par\u00f3quia S\u00e3o Miguel Arcanjo\"},\"image\":{\"@id\":\"https:\/\/www.oarcanjo.net\/site\/#\/schema\/logo\/image\/\"},\"sameAs\":[\"https:\/\/www.facebook.com\/OArcanjoNoAr\/\"]},{\"@type\":\"Person\",\"@id\":\"https:\/\/www.oarcanjo.net\/site\/#\/schema\/person\/5eb9480bedd2f3c97e430ce128c29c6c\",\"name\":\"danilo\"}]}<\/script>\n<!-- \/ Yoast SEO plugin. -->","yoast_head_json":{"title":"Santo Aur\u00e9lio - O Arcanjo no ar","robots":{"index":"index","follow":"follow","max-snippet":"max-snippet:-1","max-image-preview":"max-image-preview:large","max-video-preview":"max-video-preview:-1"},"canonical":"https:\/\/www.oarcanjo.net\/site\/santo-aurelio\/","og_locale":"pt_BR","og_type":"article","og_title":"Santo Aur\u00e9lio - O Arcanjo no ar","og_description":"20 de Julho Onde e quando nasceu Aur\u00e9lio, n\u00e3o se tem registro. As informa\u00e7\u00f5es sobre ele aparecem a partir de 388, quando vivia em Cartago, era apenas um di\u00e1cono e amigo do futuro santo e doutor da Igreja, Agostinho. Em 391, este \u00faltimo era o bispo da Hipona, atual Annaba, na Arg\u00e9lia, enquanto Aur\u00e9lio tornava-se [&hellip;]","og_url":"https:\/\/www.oarcanjo.net\/site\/santo-aurelio\/","og_site_name":"O Arcanjo no ar","article_publisher":"https:\/\/www.facebook.com\/OArcanjoNoAr\/","article_published_time":"2018-07-20T03:41:50+00:00","article_modified_time":"2018-06-20T21:15:12+00:00","og_image":[{"url":"http:\/\/www.oarcanjo.net\/site\/wp-content\/uploads\/Santo-Aurelio.jpg"}],"author":"danilo","twitter_card":"summary_large_image","twitter_misc":{"Escrito por":"danilo","Est. tempo de leitura":"2 minutos"},"schema":{"@context":"https:\/\/schema.org","@graph":[{"@type":"Article","@id":"https:\/\/www.oarcanjo.net\/site\/santo-aurelio\/#article","isPartOf":{"@id":"https:\/\/www.oarcanjo.net\/site\/santo-aurelio\/"},"author":{"name":"danilo","@id":"https:\/\/www.oarcanjo.net\/site\/#\/schema\/person\/5eb9480bedd2f3c97e430ce128c29c6c"},"headline":"Santo Aur\u00e9lio","datePublished":"2018-07-20T03:41:50+00:00","dateModified":"2018-06-20T21:15:12+00:00","mainEntityOfPage":{"@id":"https:\/\/www.oarcanjo.net\/site\/santo-aurelio\/"},"wordCount":397,"commentCount":0,"publisher":{"@id":"https:\/\/www.oarcanjo.net\/site\/#organization"},"image":{"@id":"https:\/\/www.oarcanjo.net\/site\/santo-aurelio\/#primaryimage"},"thumbnailUrl":"http:\/\/www.oarcanjo.net\/site\/wp-content\/uploads\/Santo-Aurelio.jpg","articleSection":["Testemunhos"],"inLanguage":"pt-BR","potentialAction":[{"@type":"CommentAction","name":"Comment","target":["https:\/\/www.oarcanjo.net\/site\/santo-aurelio\/#respond"]}]},{"@type":"WebPage","@id":"https:\/\/www.oarcanjo.net\/site\/santo-aurelio\/","url":"https:\/\/www.oarcanjo.net\/site\/santo-aurelio\/","name":"Santo Aur\u00e9lio - O Arcanjo no ar","isPartOf":{"@id":"https:\/\/www.oarcanjo.net\/site\/#website"},"primaryImageOfPage":{"@id":"https:\/\/www.oarcanjo.net\/site\/santo-aurelio\/#primaryimage"},"image":{"@id":"https:\/\/www.oarcanjo.net\/site\/santo-aurelio\/#primaryimage"},"thumbnailUrl":"http:\/\/www.oarcanjo.net\/site\/wp-content\/uploads\/Santo-Aurelio.jpg","datePublished":"2018-07-20T03:41:50+00:00","dateModified":"2018-06-20T21:15:12+00:00","breadcrumb":{"@id":"https:\/\/www.oarcanjo.net\/site\/santo-aurelio\/#breadcrumb"},"inLanguage":"pt-BR","potentialAction":[{"@type":"ReadAction","target":["https:\/\/www.oarcanjo.net\/site\/santo-aurelio\/"]}]},{"@type":"ImageObject","inLanguage":"pt-BR","@id":"https:\/\/www.oarcanjo.net\/site\/santo-aurelio\/#primaryimage","url":"https:\/\/www.oarcanjo.net\/site\/wp-content\/uploads\/Santo-Aurelio.jpg","contentUrl":"https:\/\/www.oarcanjo.net\/site\/wp-content\/uploads\/Santo-Aurelio.jpg","width":300,"height":300,"caption":"Santo Aur\u00e9lio"},{"@type":"BreadcrumbList","@id":"https:\/\/www.oarcanjo.net\/site\/santo-aurelio\/#breadcrumb","itemListElement":[{"@type":"ListItem","position":1,"name":"In\u00edcio","item":"https:\/\/www.oarcanjo.net\/site\/"},{"@type":"ListItem","position":2,"name":"Santo Aur\u00e9lio"}]},{"@type":"WebSite","@id":"https:\/\/www.oarcanjo.net\/site\/#website","url":"https:\/\/www.oarcanjo.net\/site\/","name":"O Arcanjo no ar","description":"Site da Par\u00f3quia S\u00e3o Miguel Arcanjo (Arquidiocese de SP)","publisher":{"@id":"https:\/\/www.oarcanjo.net\/site\/#organization"},"potentialAction":[{"@type":"SearchAction","target":{"@type":"EntryPoint","urlTemplate":"https:\/\/www.oarcanjo.net\/site\/?s={search_term_string}"},"query-input":{"@type":"PropertyValueSpecification","valueRequired":true,"valueName":"search_term_string"}}],"inLanguage":"pt-BR"},{"@type":"Organization","@id":"https:\/\/www.oarcanjo.net\/site\/#organization","name":"Par\u00f3quia S\u00e3o Miguel Arcanjo","url":"https:\/\/www.oarcanjo.net\/site\/","logo":{"@type":"ImageObject","inLanguage":"pt-BR","@id":"https:\/\/www.oarcanjo.net\/site\/#\/schema\/logo\/image\/","url":"https:\/\/www.oarcanjo.net\/site\/wp-content\/uploads\/LogoOArcanjo.png","contentUrl":"https:\/\/www.oarcanjo.net\/site\/wp-content\/uploads\/LogoOArcanjo.png","width":319,"height":99,"caption":"Par\u00f3quia S\u00e3o Miguel Arcanjo"},"image":{"@id":"https:\/\/www.oarcanjo.net\/site\/#\/schema\/logo\/image\/"},"sameAs":["https:\/\/www.facebook.com\/OArcanjoNoAr\/"]},{"@type":"Person","@id":"https:\/\/www.oarcanjo.net\/site\/#\/schema\/person\/5eb9480bedd2f3c97e430ce128c29c6c","name":"danilo"}]}},"publishpress_future_action":{"enabled":false,"date":"2026-05-08 10:23:18","action":"category","newStatus":"draft","terms":[],"taxonomy":"category"},"publishpress_future_workflow_manual_trigger":{"enabledWorkflows":[]},"_links":{"self":[{"href":"https:\/\/www.oarcanjo.net\/site\/wp-json\/wp\/v2\/posts\/10261"}],"collection":[{"href":"https:\/\/www.oarcanjo.net\/site\/wp-json\/wp\/v2\/posts"}],"about":[{"href":"https:\/\/www.oarcanjo.net\/site\/wp-json\/wp\/v2\/types\/post"}],"author":[{"embeddable":true,"href":"https:\/\/www.oarcanjo.net\/site\/wp-json\/wp\/v2\/users\/14"}],"replies":[{"embeddable":true,"href":"https:\/\/www.oarcanjo.net\/site\/wp-json\/wp\/v2\/comments?post=10261"}],"version-history":[{"count":1,"href":"https:\/\/www.oarcanjo.net\/site\/wp-json\/wp\/v2\/posts\/10261\/revisions"}],"predecessor-version":[{"id":88568,"href":"https:\/\/www.oarcanjo.net\/site\/wp-json\/wp\/v2\/posts\/10261\/revisions\/88568"}],"wp:attachment":[{"href":"https:\/\/www.oarcanjo.net\/site\/wp-json\/wp\/v2\/media?parent=10261"}],"wp:term":[{"taxonomy":"category","embeddable":true,"href":"https:\/\/www.oarcanjo.net\/site\/wp-json\/wp\/v2\/categories?post=10261"},{"taxonomy":"post_tag","embeddable":true,"href":"https:\/\/www.oarcanjo.net\/site\/wp-json\/wp\/v2\/tags?post=10261"}],"curies":[{"name":"wp","href":"https:\/\/api.w.org\/{rel}","templated":true}]}}