
{"id":10264,"date":"2018-07-20T00:45:16","date_gmt":"2018-07-20T03:45:16","guid":{"rendered":"http:\/\/www.oarcanjo.net\/site\/?p=10264"},"modified":"2018-06-20T18:15:33","modified_gmt":"2018-06-20T21:15:33","slug":"santa-margarida","status":"publish","type":"post","link":"https:\/\/www.oarcanjo.net\/site\/santa-margarida\/","title":{"rendered":"Santa Margarida"},"content":{"rendered":"<p><img loading=\"lazy\" decoding=\"async\" class=\"alignnone size-full wp-image-64135\" src=\"http:\/\/www.oarcanjo.net\/site\/wp-content\/uploads\/Santa-Margarida.jpg\" alt=\"Santa Margarida\" width=\"342\" height=\"450\" srcset=\"https:\/\/www.oarcanjo.net\/site\/wp-content\/uploads\/Santa-Margarida.jpg 342w, https:\/\/www.oarcanjo.net\/site\/wp-content\/uploads\/Santa-Margarida-228x300.jpg 228w\" sizes=\"(max-width: 342px) 100vw, 342px\" \/><\/p>\n<p>20 de Julho<\/p>\n<p>Margarida nasceu no ano 275, na Antioquia de Pisidia, uma florescente cidade da \u00c1sia Menor. \u00d3rf\u00e3 de m\u00e3e desde pequena e filha de um sacerdote pag\u00e3o e id\u00f3latra, Margarida tinha tudo para jamais aproximar-se de Deus, se &#8220;algo&#8221; n\u00e3o acontecesse. E algo divino aconteceu: o pai acabou confiando sua educa\u00e7\u00e3o a uma ama extremamente cat\u00f3lica e a vida de Margarida enveredou por outro caminho. Caminho que a levaria \u00e0 santidade.<\/p>\n<p>Cresceu inteligente e muito dedicada \u00e0s coisas do esp\u00edrito. Mas o pai come\u00e7ou a perceber que ela n\u00e3o ia aos cultos ou mesmo ao templo para participar dos sacrif\u00edcios aos deuses. Sem suspeitar que, \u00e0 noite, ela participava de cultos crist\u00e3os. Como n\u00e3o podia sequer imaginar tal fato, algu\u00e9m tratou de abrir seus olhos.<\/p>\n<p>Foi a\u00ed que come\u00e7ou o supl\u00edcio de Margarida. Ele exigiu que ela abandonasse o cristianismo. Como ela se recusou, primeiro imp\u00f4s-lhe um severo castigo, mandando a jovem para o campo, trabalhar ao lado dos escravos. Depois, como nem a for\u00e7a fazia a filha mudar de id\u00e9ia, entregou-a ao prefeito local para que fosse julgada pelo &#8220;crime de ser crist\u00e3&#8221;.<\/p>\n<p>O mart\u00edrio da jovem Margarida foi t\u00e3o terr\u00edvel e de resultados t\u00e3o fant\u00e1sticos que se tornou uma das paginas da tradi\u00e7\u00e3o crist\u00e3 mais transmitida atrav\u00e9s dos s\u00e9culos. Justamente por ter sido t\u00e3o cruel, o povo apegou-se de tal forma ao sofrimento da jovem que \u00e0 sua narrativa acrescentaram-se fatos lend\u00e1rios. O certo foi que primeiro ela foi levada \u00e0 presen\u00e7a do juiz e prefeito e, diante dele, negou-se a abandonar a f\u00e9 crist\u00e3. Foram horas de press\u00e3o e tortura psicol\u00f3gica que, por fim, viraram tortura f\u00edsica. Margarida foi a\u00e7oitada, depois teve o corpo colocado sobre uma trave e rasgado com ganchos de ferro. Dizem que a popula\u00e7\u00e3o e at\u00e9 mesmo os carrascos protestaram contra a pena decretada.<\/p>\n<p>No dia seguinte, ela apareceu, sem o menor sinal de sofrimento, na frente do governante, que. irado com o estranho fato, determinou que ela fosse assada viva sobre chapas quentes. Novamente, a como\u00e7\u00e3o tomou conta de todos, pois nem assim a jovem morria ou demonstrava sofrer. Diz a tradi\u00e7\u00e3o que Margarida teria sido visitada no c\u00e1rcere pelo satan\u00e1s, em forma de um drag\u00e3o que a engoliu. Mas Margarida conseguiu sair do seu ventre, firmando contra ele o crucifixo que trazia nas m\u00e3os. Ela foi, ent\u00e3o, jogada nas \u00e1guas de um rio gelado. Quando saiu de l\u00e1 viva, com as correntes arrebentadas e sem sinal das torturas aplicadas, muita gente ajoelhou-se, converteu-se e at\u00e9 se ofereceu para morrer no lugar dela. Mas o prefeito enfurecido mandou que a decapitassem.<\/p>\n<p>Ela morreu no dia 20 de julho de 290, com a idade de quinze anos. O seu corpo foi recolhido e levado para um lugar seguro, onde foi enterrado pelos crist\u00e3os convertidos, passando a ser venerada em todo o Oriente. No s\u00e9culo X, foi trasladado para a It\u00e1lia e desde ent\u00e3o seu culto se difundiu tamb\u00e9m em todo o Ocidente. De tal modo, que santa Margarida foi inclu\u00edda entre os &#8220;quatorze santos auxiliadores&#8221;, aos quais o povo crist\u00e3o recorre pela intercess\u00e3o nos momentos mais dif\u00edceis. Santa Margarida \u00e9 solicitada para proteger as gr\u00e1vidas nos partos complicados.<\/p>\n<div id=\"themify_builder_content-10264\" data-postid=\"10264\" class=\"themify_builder_content themify_builder_content-10264 themify_builder themify_builder_front\">\n\t<\/div>\n<!-- \/themify_builder_content -->","protected":false},"excerpt":{"rendered":"<p>20 de Julho Margarida nasceu no ano 275, na Antioquia de Pisidia, uma florescente cidade da \u00c1sia Menor. \u00d3rf\u00e3 de m\u00e3e desde pequena e filha de um sacerdote pag\u00e3o e id\u00f3latra, Margarida tinha tudo para jamais aproximar-se de Deus, se &#8220;algo&#8221; n\u00e3o acontecesse. E algo divino aconteceu: o pai acabou confiando sua educa\u00e7\u00e3o a uma [&hellip;]<\/p>\n","protected":false},"author":14,"featured_media":0,"comment_status":"open","ping_status":"open","sticky":false,"template":"","format":"standard","meta":{"ngg_post_thumbnail":0,"footnotes":""},"categories":[186],"tags":[],"yoast_head":"<!-- This site is optimized with the Yoast SEO plugin v23.5 - https:\/\/yoast.com\/wordpress\/plugins\/seo\/ -->\n<title>Santa Margarida - O Arcanjo no ar<\/title>\n<meta name=\"robots\" content=\"index, follow, max-snippet:-1, max-image-preview:large, max-video-preview:-1\" \/>\n<link rel=\"canonical\" href=\"https:\/\/www.oarcanjo.net\/site\/santa-margarida\/\" \/>\n<meta property=\"og:locale\" content=\"pt_BR\" \/>\n<meta property=\"og:type\" content=\"article\" \/>\n<meta property=\"og:title\" content=\"Santa Margarida - O Arcanjo no ar\" \/>\n<meta property=\"og:description\" content=\"20 de Julho Margarida nasceu no ano 275, na Antioquia de Pisidia, uma florescente cidade da \u00c1sia Menor. \u00d3rf\u00e3 de m\u00e3e desde pequena e filha de um sacerdote pag\u00e3o e id\u00f3latra, Margarida tinha tudo para jamais aproximar-se de Deus, se &#8220;algo&#8221; n\u00e3o acontecesse. E algo divino aconteceu: o pai acabou confiando sua educa\u00e7\u00e3o a uma [&hellip;]\" \/>\n<meta property=\"og:url\" content=\"https:\/\/www.oarcanjo.net\/site\/santa-margarida\/\" \/>\n<meta property=\"og:site_name\" content=\"O Arcanjo no ar\" \/>\n<meta property=\"article:publisher\" content=\"https:\/\/www.facebook.com\/OArcanjoNoAr\/\" \/>\n<meta property=\"article:published_time\" content=\"2018-07-20T03:45:16+00:00\" \/>\n<meta property=\"article:modified_time\" content=\"2018-06-20T21:15:33+00:00\" \/>\n<meta property=\"og:image\" content=\"http:\/\/www.oarcanjo.net\/site\/wp-content\/uploads\/Santa-Margarida.jpg\" \/>\n<meta name=\"author\" content=\"danilo\" \/>\n<meta name=\"twitter:card\" content=\"summary_large_image\" \/>\n<meta name=\"twitter:label1\" content=\"Escrito por\" \/>\n\t<meta name=\"twitter:data1\" content=\"danilo\" \/>\n\t<meta name=\"twitter:label2\" content=\"Est. tempo de leitura\" \/>\n\t<meta name=\"twitter:data2\" content=\"3 minutos\" \/>\n<script type=\"application\/ld+json\" class=\"yoast-schema-graph\">{\"@context\":\"https:\/\/schema.org\",\"@graph\":[{\"@type\":\"Article\",\"@id\":\"https:\/\/www.oarcanjo.net\/site\/santa-margarida\/#article\",\"isPartOf\":{\"@id\":\"https:\/\/www.oarcanjo.net\/site\/santa-margarida\/\"},\"author\":{\"name\":\"danilo\",\"@id\":\"https:\/\/www.oarcanjo.net\/site\/#\/schema\/person\/5eb9480bedd2f3c97e430ce128c29c6c\"},\"headline\":\"Santa Margarida\",\"datePublished\":\"2018-07-20T03:45:16+00:00\",\"dateModified\":\"2018-06-20T21:15:33+00:00\",\"mainEntityOfPage\":{\"@id\":\"https:\/\/www.oarcanjo.net\/site\/santa-margarida\/\"},\"wordCount\":571,\"commentCount\":1,\"publisher\":{\"@id\":\"https:\/\/www.oarcanjo.net\/site\/#organization\"},\"image\":{\"@id\":\"https:\/\/www.oarcanjo.net\/site\/santa-margarida\/#primaryimage\"},\"thumbnailUrl\":\"http:\/\/www.oarcanjo.net\/site\/wp-content\/uploads\/Santa-Margarida.jpg\",\"articleSection\":[\"Testemunhos\"],\"inLanguage\":\"pt-BR\",\"potentialAction\":[{\"@type\":\"CommentAction\",\"name\":\"Comment\",\"target\":[\"https:\/\/www.oarcanjo.net\/site\/santa-margarida\/#respond\"]}]},{\"@type\":\"WebPage\",\"@id\":\"https:\/\/www.oarcanjo.net\/site\/santa-margarida\/\",\"url\":\"https:\/\/www.oarcanjo.net\/site\/santa-margarida\/\",\"name\":\"Santa Margarida - O Arcanjo no ar\",\"isPartOf\":{\"@id\":\"https:\/\/www.oarcanjo.net\/site\/#website\"},\"primaryImageOfPage\":{\"@id\":\"https:\/\/www.oarcanjo.net\/site\/santa-margarida\/#primaryimage\"},\"image\":{\"@id\":\"https:\/\/www.oarcanjo.net\/site\/santa-margarida\/#primaryimage\"},\"thumbnailUrl\":\"http:\/\/www.oarcanjo.net\/site\/wp-content\/uploads\/Santa-Margarida.jpg\",\"datePublished\":\"2018-07-20T03:45:16+00:00\",\"dateModified\":\"2018-06-20T21:15:33+00:00\",\"breadcrumb\":{\"@id\":\"https:\/\/www.oarcanjo.net\/site\/santa-margarida\/#breadcrumb\"},\"inLanguage\":\"pt-BR\",\"potentialAction\":[{\"@type\":\"ReadAction\",\"target\":[\"https:\/\/www.oarcanjo.net\/site\/santa-margarida\/\"]}]},{\"@type\":\"ImageObject\",\"inLanguage\":\"pt-BR\",\"@id\":\"https:\/\/www.oarcanjo.net\/site\/santa-margarida\/#primaryimage\",\"url\":\"https:\/\/www.oarcanjo.net\/site\/wp-content\/uploads\/Santa-Margarida.jpg\",\"contentUrl\":\"https:\/\/www.oarcanjo.net\/site\/wp-content\/uploads\/Santa-Margarida.jpg\",\"width\":342,\"height\":450,\"caption\":\"Santa Margarida\"},{\"@type\":\"BreadcrumbList\",\"@id\":\"https:\/\/www.oarcanjo.net\/site\/santa-margarida\/#breadcrumb\",\"itemListElement\":[{\"@type\":\"ListItem\",\"position\":1,\"name\":\"In\u00edcio\",\"item\":\"https:\/\/www.oarcanjo.net\/site\/\"},{\"@type\":\"ListItem\",\"position\":2,\"name\":\"Santa Margarida\"}]},{\"@type\":\"WebSite\",\"@id\":\"https:\/\/www.oarcanjo.net\/site\/#website\",\"url\":\"https:\/\/www.oarcanjo.net\/site\/\",\"name\":\"O Arcanjo no ar\",\"description\":\"Site da Par\u00f3quia S\u00e3o Miguel Arcanjo (Arquidiocese de SP)\",\"publisher\":{\"@id\":\"https:\/\/www.oarcanjo.net\/site\/#organization\"},\"potentialAction\":[{\"@type\":\"SearchAction\",\"target\":{\"@type\":\"EntryPoint\",\"urlTemplate\":\"https:\/\/www.oarcanjo.net\/site\/?s={search_term_string}\"},\"query-input\":{\"@type\":\"PropertyValueSpecification\",\"valueRequired\":true,\"valueName\":\"search_term_string\"}}],\"inLanguage\":\"pt-BR\"},{\"@type\":\"Organization\",\"@id\":\"https:\/\/www.oarcanjo.net\/site\/#organization\",\"name\":\"Par\u00f3quia S\u00e3o Miguel Arcanjo\",\"url\":\"https:\/\/www.oarcanjo.net\/site\/\",\"logo\":{\"@type\":\"ImageObject\",\"inLanguage\":\"pt-BR\",\"@id\":\"https:\/\/www.oarcanjo.net\/site\/#\/schema\/logo\/image\/\",\"url\":\"https:\/\/www.oarcanjo.net\/site\/wp-content\/uploads\/LogoOArcanjo.png\",\"contentUrl\":\"https:\/\/www.oarcanjo.net\/site\/wp-content\/uploads\/LogoOArcanjo.png\",\"width\":319,\"height\":99,\"caption\":\"Par\u00f3quia S\u00e3o Miguel Arcanjo\"},\"image\":{\"@id\":\"https:\/\/www.oarcanjo.net\/site\/#\/schema\/logo\/image\/\"},\"sameAs\":[\"https:\/\/www.facebook.com\/OArcanjoNoAr\/\"]},{\"@type\":\"Person\",\"@id\":\"https:\/\/www.oarcanjo.net\/site\/#\/schema\/person\/5eb9480bedd2f3c97e430ce128c29c6c\",\"name\":\"danilo\"}]}<\/script>\n<!-- \/ Yoast SEO plugin. -->","yoast_head_json":{"title":"Santa Margarida - O Arcanjo no ar","robots":{"index":"index","follow":"follow","max-snippet":"max-snippet:-1","max-image-preview":"max-image-preview:large","max-video-preview":"max-video-preview:-1"},"canonical":"https:\/\/www.oarcanjo.net\/site\/santa-margarida\/","og_locale":"pt_BR","og_type":"article","og_title":"Santa Margarida - O Arcanjo no ar","og_description":"20 de Julho Margarida nasceu no ano 275, na Antioquia de Pisidia, uma florescente cidade da \u00c1sia Menor. \u00d3rf\u00e3 de m\u00e3e desde pequena e filha de um sacerdote pag\u00e3o e id\u00f3latra, Margarida tinha tudo para jamais aproximar-se de Deus, se &#8220;algo&#8221; n\u00e3o acontecesse. E algo divino aconteceu: o pai acabou confiando sua educa\u00e7\u00e3o a uma [&hellip;]","og_url":"https:\/\/www.oarcanjo.net\/site\/santa-margarida\/","og_site_name":"O Arcanjo no ar","article_publisher":"https:\/\/www.facebook.com\/OArcanjoNoAr\/","article_published_time":"2018-07-20T03:45:16+00:00","article_modified_time":"2018-06-20T21:15:33+00:00","og_image":[{"url":"http:\/\/www.oarcanjo.net\/site\/wp-content\/uploads\/Santa-Margarida.jpg"}],"author":"danilo","twitter_card":"summary_large_image","twitter_misc":{"Escrito por":"danilo","Est. tempo de leitura":"3 minutos"},"schema":{"@context":"https:\/\/schema.org","@graph":[{"@type":"Article","@id":"https:\/\/www.oarcanjo.net\/site\/santa-margarida\/#article","isPartOf":{"@id":"https:\/\/www.oarcanjo.net\/site\/santa-margarida\/"},"author":{"name":"danilo","@id":"https:\/\/www.oarcanjo.net\/site\/#\/schema\/person\/5eb9480bedd2f3c97e430ce128c29c6c"},"headline":"Santa Margarida","datePublished":"2018-07-20T03:45:16+00:00","dateModified":"2018-06-20T21:15:33+00:00","mainEntityOfPage":{"@id":"https:\/\/www.oarcanjo.net\/site\/santa-margarida\/"},"wordCount":571,"commentCount":1,"publisher":{"@id":"https:\/\/www.oarcanjo.net\/site\/#organization"},"image":{"@id":"https:\/\/www.oarcanjo.net\/site\/santa-margarida\/#primaryimage"},"thumbnailUrl":"http:\/\/www.oarcanjo.net\/site\/wp-content\/uploads\/Santa-Margarida.jpg","articleSection":["Testemunhos"],"inLanguage":"pt-BR","potentialAction":[{"@type":"CommentAction","name":"Comment","target":["https:\/\/www.oarcanjo.net\/site\/santa-margarida\/#respond"]}]},{"@type":"WebPage","@id":"https:\/\/www.oarcanjo.net\/site\/santa-margarida\/","url":"https:\/\/www.oarcanjo.net\/site\/santa-margarida\/","name":"Santa Margarida - O Arcanjo no ar","isPartOf":{"@id":"https:\/\/www.oarcanjo.net\/site\/#website"},"primaryImageOfPage":{"@id":"https:\/\/www.oarcanjo.net\/site\/santa-margarida\/#primaryimage"},"image":{"@id":"https:\/\/www.oarcanjo.net\/site\/santa-margarida\/#primaryimage"},"thumbnailUrl":"http:\/\/www.oarcanjo.net\/site\/wp-content\/uploads\/Santa-Margarida.jpg","datePublished":"2018-07-20T03:45:16+00:00","dateModified":"2018-06-20T21:15:33+00:00","breadcrumb":{"@id":"https:\/\/www.oarcanjo.net\/site\/santa-margarida\/#breadcrumb"},"inLanguage":"pt-BR","potentialAction":[{"@type":"ReadAction","target":["https:\/\/www.oarcanjo.net\/site\/santa-margarida\/"]}]},{"@type":"ImageObject","inLanguage":"pt-BR","@id":"https:\/\/www.oarcanjo.net\/site\/santa-margarida\/#primaryimage","url":"https:\/\/www.oarcanjo.net\/site\/wp-content\/uploads\/Santa-Margarida.jpg","contentUrl":"https:\/\/www.oarcanjo.net\/site\/wp-content\/uploads\/Santa-Margarida.jpg","width":342,"height":450,"caption":"Santa Margarida"},{"@type":"BreadcrumbList","@id":"https:\/\/www.oarcanjo.net\/site\/santa-margarida\/#breadcrumb","itemListElement":[{"@type":"ListItem","position":1,"name":"In\u00edcio","item":"https:\/\/www.oarcanjo.net\/site\/"},{"@type":"ListItem","position":2,"name":"Santa Margarida"}]},{"@type":"WebSite","@id":"https:\/\/www.oarcanjo.net\/site\/#website","url":"https:\/\/www.oarcanjo.net\/site\/","name":"O Arcanjo no ar","description":"Site da Par\u00f3quia S\u00e3o Miguel Arcanjo (Arquidiocese de SP)","publisher":{"@id":"https:\/\/www.oarcanjo.net\/site\/#organization"},"potentialAction":[{"@type":"SearchAction","target":{"@type":"EntryPoint","urlTemplate":"https:\/\/www.oarcanjo.net\/site\/?s={search_term_string}"},"query-input":{"@type":"PropertyValueSpecification","valueRequired":true,"valueName":"search_term_string"}}],"inLanguage":"pt-BR"},{"@type":"Organization","@id":"https:\/\/www.oarcanjo.net\/site\/#organization","name":"Par\u00f3quia S\u00e3o Miguel Arcanjo","url":"https:\/\/www.oarcanjo.net\/site\/","logo":{"@type":"ImageObject","inLanguage":"pt-BR","@id":"https:\/\/www.oarcanjo.net\/site\/#\/schema\/logo\/image\/","url":"https:\/\/www.oarcanjo.net\/site\/wp-content\/uploads\/LogoOArcanjo.png","contentUrl":"https:\/\/www.oarcanjo.net\/site\/wp-content\/uploads\/LogoOArcanjo.png","width":319,"height":99,"caption":"Par\u00f3quia S\u00e3o Miguel Arcanjo"},"image":{"@id":"https:\/\/www.oarcanjo.net\/site\/#\/schema\/logo\/image\/"},"sameAs":["https:\/\/www.facebook.com\/OArcanjoNoAr\/"]},{"@type":"Person","@id":"https:\/\/www.oarcanjo.net\/site\/#\/schema\/person\/5eb9480bedd2f3c97e430ce128c29c6c","name":"danilo"}]}},"publishpress_future_action":{"enabled":false,"date":"2026-05-08 10:24:16","action":"category","newStatus":"draft","terms":[],"taxonomy":"category"},"publishpress_future_workflow_manual_trigger":{"enabledWorkflows":[]},"_links":{"self":[{"href":"https:\/\/www.oarcanjo.net\/site\/wp-json\/wp\/v2\/posts\/10264"}],"collection":[{"href":"https:\/\/www.oarcanjo.net\/site\/wp-json\/wp\/v2\/posts"}],"about":[{"href":"https:\/\/www.oarcanjo.net\/site\/wp-json\/wp\/v2\/types\/post"}],"author":[{"embeddable":true,"href":"https:\/\/www.oarcanjo.net\/site\/wp-json\/wp\/v2\/users\/14"}],"replies":[{"embeddable":true,"href":"https:\/\/www.oarcanjo.net\/site\/wp-json\/wp\/v2\/comments?post=10264"}],"version-history":[{"count":1,"href":"https:\/\/www.oarcanjo.net\/site\/wp-json\/wp\/v2\/posts\/10264\/revisions"}],"predecessor-version":[{"id":88569,"href":"https:\/\/www.oarcanjo.net\/site\/wp-json\/wp\/v2\/posts\/10264\/revisions\/88569"}],"wp:attachment":[{"href":"https:\/\/www.oarcanjo.net\/site\/wp-json\/wp\/v2\/media?parent=10264"}],"wp:term":[{"taxonomy":"category","embeddable":true,"href":"https:\/\/www.oarcanjo.net\/site\/wp-json\/wp\/v2\/categories?post=10264"},{"taxonomy":"post_tag","embeddable":true,"href":"https:\/\/www.oarcanjo.net\/site\/wp-json\/wp\/v2\/tags?post=10264"}],"curies":[{"name":"wp","href":"https:\/\/api.w.org\/{rel}","templated":true}]}}