
{"id":10267,"date":"2018-07-21T00:56:19","date_gmt":"2018-07-21T03:56:19","guid":{"rendered":"http:\/\/www.oarcanjo.net\/site\/?p=10267"},"modified":"2018-06-20T18:15:37","modified_gmt":"2018-06-20T21:15:37","slug":"sao-lourenco-de-brindisi","status":"publish","type":"post","link":"https:\/\/www.oarcanjo.net\/site\/sao-lourenco-de-brindisi\/","title":{"rendered":"S\u00e3o Louren\u00e7o de Brindisi"},"content":{"rendered":"<p><img decoding=\"async\" src=\"http:\/\/3.bp.blogspot.com\/_H_QQWfUIxFY\/SiCM4HcUN5I\/AAAAAAAAAVQ\/Qh1ulb-YO9I\/s400\/Louren%C3%A7o+de+Brindisi+Santo.gif\" alt=\"\" \/><\/p>\n<p>21 de Julho<\/p>\n<p>Geralmente, as chamadas &#8220;crian\u00e7as superdotadas&#8221;, aquelas que demonstram um dom excepcional para alguma especialidade, quando crescem, parecem &#8220;perder os poderes&#8221; e nivelam-se com as demais pessoas. S\u00e3o poucas as exce\u00e7\u00f5es que merecem ser recordadas. Mas, com certeza, uma delas foi J\u00falio C\u00e9sar Russo, que nasceu no dia 22 de julho de 1559, em Brindisi, na It\u00e1lia.<\/p>\n<p>Seu nome de batismo mostrava, claramente, a ambi\u00e7\u00e3o dos pais, que esperavam para ele um futuro brilhante, como o do grande general romano. Realmente, anos depois, l\u00e1 estava ele \u00e0 frente das for\u00e7as crist\u00e3s lutando contra a invas\u00e3o dos turcos mu\u00e7ulmanos, que amea\u00e7ava chegar ao cora\u00e7\u00e3o da Europa depois de ter dominado a Hungria. S\u00f3 que n\u00e3o empunhava uma espada, mas sim uma cruz de madeira. Nessa ocasi\u00e3o, j\u00e1 vestia o h\u00e1bito franciscano, respondia pelo nome de Louren\u00e7o e era o capel\u00e3o da tropa, al\u00e9m de conselheiro do chefe do ex\u00e9rcito romano, Filipe Emanuel de Lorena.<\/p>\n<p>Vejamos como tudo aconteceu. Aos seis anos de idade, o ent\u00e3o menino J\u00falio C\u00e9sar encantava a todos com o extraordin\u00e1rio dom de memorizar as p\u00e1ginas de livros, em poucos minutos, para depois declam\u00e1-las em p\u00fablico. E cresceu assim, brilhante nos estudos. Quando ficou \u00f3rf\u00e3o, aos quatorze anos de idade, foi acolhido por um tio, que residia em Veneza. Nessa megal\u00f3pole, p\u00f4de desenvolver muito mais os seus talentos para os estudos.<\/p>\n<p>Mas a religi\u00e3o o atraia de forma irresist\u00edvel. Dois anos ap\u00f3s chegar a Veneza, ele atendeu ao chamado e ingressou na Ordem dos Frades Menores de S\u00e3o Francisco de Assis. Em seguida, juntou-se aos capuchinhos de Verona, onde recebeu a ordena\u00e7\u00e3o e assumiu o novo nome, em 1582. Depois, completou sua forma\u00e7\u00e3o na Universidade de P\u00e1dua. Voltou para Veneza em 1586, como professor dos novi\u00e7os da Ordem, sempre evidenciando os mesmos dotes da inf\u00e2ncia.<\/p>\n<p>Tornou-se especialista em l\u00ednguas e sua erudi\u00e7\u00e3o levou-o a ocupar altos postos em sua Ordem e tamb\u00e9m a servi\u00e7o do sumo pont\u00edfice. Foi provincial em Toscana, Veneza, G\u00eanova e Su\u00ed\u00e7a e comiss\u00e1rio no Tirol e na Baviera, pregando firmemente a ortodoxia cat\u00f3lica contra a Reforma Protestante, al\u00e9m de animar as autoridades e o povo na luta contra a domina\u00e7\u00e3o dos turcos mu\u00e7ulmanos. Louren\u00e7o foi, mesmo, o superior-geral da sua pr\u00f3pria Ordem e embaixador do papa Paulo V, com a miss\u00e3o de intermediar pr\u00edncipes e reis em conflito.<\/p>\n<p>Louren\u00e7o de Brindisi morreu no dia do seu anivers\u00e1rio, em 1619, durante sua segunda viagem \u00e0 Pen\u00ednsula Ib\u00e9rica, na cidade de Lisboa, em Portugal. Foi canonizado em 1881 e recebeu o t\u00edtulo de doutor da Igreja em 1959, outorgado pelo papa Jo\u00e3o XXIII. A sua festa \u00e9 celebrada um dia antes do anivers\u00e1rio de sua morte, dia 21 de julho.<\/p>\n<div id=\"themify_builder_content-10267\" data-postid=\"10267\" class=\"themify_builder_content themify_builder_content-10267 themify_builder themify_builder_front\">\n\t<\/div>\n<!-- \/themify_builder_content -->","protected":false},"excerpt":{"rendered":"<p>21 de Julho Geralmente, as chamadas &#8220;crian\u00e7as superdotadas&#8221;, aquelas que demonstram um dom excepcional para alguma especialidade, quando crescem, parecem &#8220;perder os poderes&#8221; e nivelam-se com as demais pessoas. S\u00e3o poucas as exce\u00e7\u00f5es que merecem ser recordadas. Mas, com certeza, uma delas foi J\u00falio C\u00e9sar Russo, que nasceu no dia 22 de julho de 1559, [&hellip;]<\/p>\n","protected":false},"author":14,"featured_media":0,"comment_status":"open","ping_status":"open","sticky":false,"template":"","format":"standard","meta":{"ngg_post_thumbnail":0,"footnotes":""},"categories":[186],"tags":[],"yoast_head":"<!-- This site is optimized with the Yoast SEO plugin v23.5 - https:\/\/yoast.com\/wordpress\/plugins\/seo\/ -->\n<title>S\u00e3o Louren\u00e7o de Brindisi - O Arcanjo no ar<\/title>\n<meta name=\"robots\" content=\"index, follow, max-snippet:-1, max-image-preview:large, max-video-preview:-1\" \/>\n<link rel=\"canonical\" href=\"https:\/\/www.oarcanjo.net\/site\/sao-lourenco-de-brindisi\/\" \/>\n<meta property=\"og:locale\" content=\"pt_BR\" \/>\n<meta property=\"og:type\" content=\"article\" \/>\n<meta property=\"og:title\" content=\"S\u00e3o Louren\u00e7o de Brindisi - O Arcanjo no ar\" \/>\n<meta property=\"og:description\" content=\"21 de Julho Geralmente, as chamadas &#8220;crian\u00e7as superdotadas&#8221;, aquelas que demonstram um dom excepcional para alguma especialidade, quando crescem, parecem &#8220;perder os poderes&#8221; e nivelam-se com as demais pessoas. S\u00e3o poucas as exce\u00e7\u00f5es que merecem ser recordadas. Mas, com certeza, uma delas foi J\u00falio C\u00e9sar Russo, que nasceu no dia 22 de julho de 1559, [&hellip;]\" \/>\n<meta property=\"og:url\" content=\"https:\/\/www.oarcanjo.net\/site\/sao-lourenco-de-brindisi\/\" \/>\n<meta property=\"og:site_name\" content=\"O Arcanjo no ar\" \/>\n<meta property=\"article:publisher\" content=\"https:\/\/www.facebook.com\/OArcanjoNoAr\/\" \/>\n<meta property=\"article:published_time\" content=\"2018-07-21T03:56:19+00:00\" \/>\n<meta property=\"article:modified_time\" content=\"2018-06-20T21:15:37+00:00\" \/>\n<meta property=\"og:image\" content=\"http:\/\/3.bp.blogspot.com\/_H_QQWfUIxFY\/SiCM4HcUN5I\/AAAAAAAAAVQ\/Qh1ulb-YO9I\/s400\/Louren%C3%A7o+de+Brindisi+Santo.gif\" \/>\n<meta name=\"author\" content=\"danilo\" \/>\n<meta name=\"twitter:card\" content=\"summary_large_image\" \/>\n<meta name=\"twitter:label1\" content=\"Escrito por\" \/>\n\t<meta name=\"twitter:data1\" content=\"danilo\" \/>\n\t<meta name=\"twitter:label2\" content=\"Est. tempo de leitura\" \/>\n\t<meta name=\"twitter:data2\" content=\"2 minutos\" \/>\n<script type=\"application\/ld+json\" class=\"yoast-schema-graph\">{\"@context\":\"https:\/\/schema.org\",\"@graph\":[{\"@type\":\"Article\",\"@id\":\"https:\/\/www.oarcanjo.net\/site\/sao-lourenco-de-brindisi\/#article\",\"isPartOf\":{\"@id\":\"https:\/\/www.oarcanjo.net\/site\/sao-lourenco-de-brindisi\/\"},\"author\":{\"name\":\"danilo\",\"@id\":\"https:\/\/www.oarcanjo.net\/site\/#\/schema\/person\/5eb9480bedd2f3c97e430ce128c29c6c\"},\"headline\":\"S\u00e3o Louren\u00e7o de Brindisi\",\"datePublished\":\"2018-07-21T03:56:19+00:00\",\"dateModified\":\"2018-06-20T21:15:37+00:00\",\"mainEntityOfPage\":{\"@id\":\"https:\/\/www.oarcanjo.net\/site\/sao-lourenco-de-brindisi\/\"},\"wordCount\":502,\"commentCount\":0,\"publisher\":{\"@id\":\"https:\/\/www.oarcanjo.net\/site\/#organization\"},\"image\":{\"@id\":\"https:\/\/www.oarcanjo.net\/site\/sao-lourenco-de-brindisi\/#primaryimage\"},\"thumbnailUrl\":\"http:\/\/3.bp.blogspot.com\/_H_QQWfUIxFY\/SiCM4HcUN5I\/AAAAAAAAAVQ\/Qh1ulb-YO9I\/s400\/Louren%C3%A7o+de+Brindisi+Santo.gif\",\"articleSection\":[\"Testemunhos\"],\"inLanguage\":\"pt-BR\",\"potentialAction\":[{\"@type\":\"CommentAction\",\"name\":\"Comment\",\"target\":[\"https:\/\/www.oarcanjo.net\/site\/sao-lourenco-de-brindisi\/#respond\"]}]},{\"@type\":\"WebPage\",\"@id\":\"https:\/\/www.oarcanjo.net\/site\/sao-lourenco-de-brindisi\/\",\"url\":\"https:\/\/www.oarcanjo.net\/site\/sao-lourenco-de-brindisi\/\",\"name\":\"S\u00e3o Louren\u00e7o de Brindisi - O Arcanjo no ar\",\"isPartOf\":{\"@id\":\"https:\/\/www.oarcanjo.net\/site\/#website\"},\"primaryImageOfPage\":{\"@id\":\"https:\/\/www.oarcanjo.net\/site\/sao-lourenco-de-brindisi\/#primaryimage\"},\"image\":{\"@id\":\"https:\/\/www.oarcanjo.net\/site\/sao-lourenco-de-brindisi\/#primaryimage\"},\"thumbnailUrl\":\"http:\/\/3.bp.blogspot.com\/_H_QQWfUIxFY\/SiCM4HcUN5I\/AAAAAAAAAVQ\/Qh1ulb-YO9I\/s400\/Louren%C3%A7o+de+Brindisi+Santo.gif\",\"datePublished\":\"2018-07-21T03:56:19+00:00\",\"dateModified\":\"2018-06-20T21:15:37+00:00\",\"breadcrumb\":{\"@id\":\"https:\/\/www.oarcanjo.net\/site\/sao-lourenco-de-brindisi\/#breadcrumb\"},\"inLanguage\":\"pt-BR\",\"potentialAction\":[{\"@type\":\"ReadAction\",\"target\":[\"https:\/\/www.oarcanjo.net\/site\/sao-lourenco-de-brindisi\/\"]}]},{\"@type\":\"ImageObject\",\"inLanguage\":\"pt-BR\",\"@id\":\"https:\/\/www.oarcanjo.net\/site\/sao-lourenco-de-brindisi\/#primaryimage\",\"url\":\"http:\/\/3.bp.blogspot.com\/_H_QQWfUIxFY\/SiCM4HcUN5I\/AAAAAAAAAVQ\/Qh1ulb-YO9I\/s400\/Louren%C3%A7o+de+Brindisi+Santo.gif\",\"contentUrl\":\"http:\/\/3.bp.blogspot.com\/_H_QQWfUIxFY\/SiCM4HcUN5I\/AAAAAAAAAVQ\/Qh1ulb-YO9I\/s400\/Louren%C3%A7o+de+Brindisi+Santo.gif\"},{\"@type\":\"BreadcrumbList\",\"@id\":\"https:\/\/www.oarcanjo.net\/site\/sao-lourenco-de-brindisi\/#breadcrumb\",\"itemListElement\":[{\"@type\":\"ListItem\",\"position\":1,\"name\":\"In\u00edcio\",\"item\":\"https:\/\/www.oarcanjo.net\/site\/\"},{\"@type\":\"ListItem\",\"position\":2,\"name\":\"S\u00e3o Louren\u00e7o de Brindisi\"}]},{\"@type\":\"WebSite\",\"@id\":\"https:\/\/www.oarcanjo.net\/site\/#website\",\"url\":\"https:\/\/www.oarcanjo.net\/site\/\",\"name\":\"O Arcanjo no ar\",\"description\":\"Site da Par\u00f3quia S\u00e3o Miguel Arcanjo (Arquidiocese de SP)\",\"publisher\":{\"@id\":\"https:\/\/www.oarcanjo.net\/site\/#organization\"},\"potentialAction\":[{\"@type\":\"SearchAction\",\"target\":{\"@type\":\"EntryPoint\",\"urlTemplate\":\"https:\/\/www.oarcanjo.net\/site\/?s={search_term_string}\"},\"query-input\":{\"@type\":\"PropertyValueSpecification\",\"valueRequired\":true,\"valueName\":\"search_term_string\"}}],\"inLanguage\":\"pt-BR\"},{\"@type\":\"Organization\",\"@id\":\"https:\/\/www.oarcanjo.net\/site\/#organization\",\"name\":\"Par\u00f3quia S\u00e3o Miguel Arcanjo\",\"url\":\"https:\/\/www.oarcanjo.net\/site\/\",\"logo\":{\"@type\":\"ImageObject\",\"inLanguage\":\"pt-BR\",\"@id\":\"https:\/\/www.oarcanjo.net\/site\/#\/schema\/logo\/image\/\",\"url\":\"https:\/\/www.oarcanjo.net\/site\/wp-content\/uploads\/LogoOArcanjo.png\",\"contentUrl\":\"https:\/\/www.oarcanjo.net\/site\/wp-content\/uploads\/LogoOArcanjo.png\",\"width\":319,\"height\":99,\"caption\":\"Par\u00f3quia S\u00e3o Miguel Arcanjo\"},\"image\":{\"@id\":\"https:\/\/www.oarcanjo.net\/site\/#\/schema\/logo\/image\/\"},\"sameAs\":[\"https:\/\/www.facebook.com\/OArcanjoNoAr\/\"]},{\"@type\":\"Person\",\"@id\":\"https:\/\/www.oarcanjo.net\/site\/#\/schema\/person\/5eb9480bedd2f3c97e430ce128c29c6c\",\"name\":\"danilo\"}]}<\/script>\n<!-- \/ Yoast SEO plugin. -->","yoast_head_json":{"title":"S\u00e3o Louren\u00e7o de Brindisi - O Arcanjo no ar","robots":{"index":"index","follow":"follow","max-snippet":"max-snippet:-1","max-image-preview":"max-image-preview:large","max-video-preview":"max-video-preview:-1"},"canonical":"https:\/\/www.oarcanjo.net\/site\/sao-lourenco-de-brindisi\/","og_locale":"pt_BR","og_type":"article","og_title":"S\u00e3o Louren\u00e7o de Brindisi - O Arcanjo no ar","og_description":"21 de Julho Geralmente, as chamadas &#8220;crian\u00e7as superdotadas&#8221;, aquelas que demonstram um dom excepcional para alguma especialidade, quando crescem, parecem &#8220;perder os poderes&#8221; e nivelam-se com as demais pessoas. S\u00e3o poucas as exce\u00e7\u00f5es que merecem ser recordadas. Mas, com certeza, uma delas foi J\u00falio C\u00e9sar Russo, que nasceu no dia 22 de julho de 1559, [&hellip;]","og_url":"https:\/\/www.oarcanjo.net\/site\/sao-lourenco-de-brindisi\/","og_site_name":"O Arcanjo no ar","article_publisher":"https:\/\/www.facebook.com\/OArcanjoNoAr\/","article_published_time":"2018-07-21T03:56:19+00:00","article_modified_time":"2018-06-20T21:15:37+00:00","og_image":[{"url":"http:\/\/3.bp.blogspot.com\/_H_QQWfUIxFY\/SiCM4HcUN5I\/AAAAAAAAAVQ\/Qh1ulb-YO9I\/s400\/Louren%C3%A7o+de+Brindisi+Santo.gif"}],"author":"danilo","twitter_card":"summary_large_image","twitter_misc":{"Escrito por":"danilo","Est. tempo de leitura":"2 minutos"},"schema":{"@context":"https:\/\/schema.org","@graph":[{"@type":"Article","@id":"https:\/\/www.oarcanjo.net\/site\/sao-lourenco-de-brindisi\/#article","isPartOf":{"@id":"https:\/\/www.oarcanjo.net\/site\/sao-lourenco-de-brindisi\/"},"author":{"name":"danilo","@id":"https:\/\/www.oarcanjo.net\/site\/#\/schema\/person\/5eb9480bedd2f3c97e430ce128c29c6c"},"headline":"S\u00e3o Louren\u00e7o de Brindisi","datePublished":"2018-07-21T03:56:19+00:00","dateModified":"2018-06-20T21:15:37+00:00","mainEntityOfPage":{"@id":"https:\/\/www.oarcanjo.net\/site\/sao-lourenco-de-brindisi\/"},"wordCount":502,"commentCount":0,"publisher":{"@id":"https:\/\/www.oarcanjo.net\/site\/#organization"},"image":{"@id":"https:\/\/www.oarcanjo.net\/site\/sao-lourenco-de-brindisi\/#primaryimage"},"thumbnailUrl":"http:\/\/3.bp.blogspot.com\/_H_QQWfUIxFY\/SiCM4HcUN5I\/AAAAAAAAAVQ\/Qh1ulb-YO9I\/s400\/Louren%C3%A7o+de+Brindisi+Santo.gif","articleSection":["Testemunhos"],"inLanguage":"pt-BR","potentialAction":[{"@type":"CommentAction","name":"Comment","target":["https:\/\/www.oarcanjo.net\/site\/sao-lourenco-de-brindisi\/#respond"]}]},{"@type":"WebPage","@id":"https:\/\/www.oarcanjo.net\/site\/sao-lourenco-de-brindisi\/","url":"https:\/\/www.oarcanjo.net\/site\/sao-lourenco-de-brindisi\/","name":"S\u00e3o Louren\u00e7o de Brindisi - O Arcanjo no ar","isPartOf":{"@id":"https:\/\/www.oarcanjo.net\/site\/#website"},"primaryImageOfPage":{"@id":"https:\/\/www.oarcanjo.net\/site\/sao-lourenco-de-brindisi\/#primaryimage"},"image":{"@id":"https:\/\/www.oarcanjo.net\/site\/sao-lourenco-de-brindisi\/#primaryimage"},"thumbnailUrl":"http:\/\/3.bp.blogspot.com\/_H_QQWfUIxFY\/SiCM4HcUN5I\/AAAAAAAAAVQ\/Qh1ulb-YO9I\/s400\/Louren%C3%A7o+de+Brindisi+Santo.gif","datePublished":"2018-07-21T03:56:19+00:00","dateModified":"2018-06-20T21:15:37+00:00","breadcrumb":{"@id":"https:\/\/www.oarcanjo.net\/site\/sao-lourenco-de-brindisi\/#breadcrumb"},"inLanguage":"pt-BR","potentialAction":[{"@type":"ReadAction","target":["https:\/\/www.oarcanjo.net\/site\/sao-lourenco-de-brindisi\/"]}]},{"@type":"ImageObject","inLanguage":"pt-BR","@id":"https:\/\/www.oarcanjo.net\/site\/sao-lourenco-de-brindisi\/#primaryimage","url":"http:\/\/3.bp.blogspot.com\/_H_QQWfUIxFY\/SiCM4HcUN5I\/AAAAAAAAAVQ\/Qh1ulb-YO9I\/s400\/Louren%C3%A7o+de+Brindisi+Santo.gif","contentUrl":"http:\/\/3.bp.blogspot.com\/_H_QQWfUIxFY\/SiCM4HcUN5I\/AAAAAAAAAVQ\/Qh1ulb-YO9I\/s400\/Louren%C3%A7o+de+Brindisi+Santo.gif"},{"@type":"BreadcrumbList","@id":"https:\/\/www.oarcanjo.net\/site\/sao-lourenco-de-brindisi\/#breadcrumb","itemListElement":[{"@type":"ListItem","position":1,"name":"In\u00edcio","item":"https:\/\/www.oarcanjo.net\/site\/"},{"@type":"ListItem","position":2,"name":"S\u00e3o Louren\u00e7o de Brindisi"}]},{"@type":"WebSite","@id":"https:\/\/www.oarcanjo.net\/site\/#website","url":"https:\/\/www.oarcanjo.net\/site\/","name":"O Arcanjo no ar","description":"Site da Par\u00f3quia S\u00e3o Miguel Arcanjo (Arquidiocese de SP)","publisher":{"@id":"https:\/\/www.oarcanjo.net\/site\/#organization"},"potentialAction":[{"@type":"SearchAction","target":{"@type":"EntryPoint","urlTemplate":"https:\/\/www.oarcanjo.net\/site\/?s={search_term_string}"},"query-input":{"@type":"PropertyValueSpecification","valueRequired":true,"valueName":"search_term_string"}}],"inLanguage":"pt-BR"},{"@type":"Organization","@id":"https:\/\/www.oarcanjo.net\/site\/#organization","name":"Par\u00f3quia S\u00e3o Miguel Arcanjo","url":"https:\/\/www.oarcanjo.net\/site\/","logo":{"@type":"ImageObject","inLanguage":"pt-BR","@id":"https:\/\/www.oarcanjo.net\/site\/#\/schema\/logo\/image\/","url":"https:\/\/www.oarcanjo.net\/site\/wp-content\/uploads\/LogoOArcanjo.png","contentUrl":"https:\/\/www.oarcanjo.net\/site\/wp-content\/uploads\/LogoOArcanjo.png","width":319,"height":99,"caption":"Par\u00f3quia S\u00e3o Miguel Arcanjo"},"image":{"@id":"https:\/\/www.oarcanjo.net\/site\/#\/schema\/logo\/image\/"},"sameAs":["https:\/\/www.facebook.com\/OArcanjoNoAr\/"]},{"@type":"Person","@id":"https:\/\/www.oarcanjo.net\/site\/#\/schema\/person\/5eb9480bedd2f3c97e430ce128c29c6c","name":"danilo"}]}},"publishpress_future_action":{"enabled":false,"date":"2026-05-08 09:34:45","action":"category","newStatus":"draft","terms":[],"taxonomy":"category"},"publishpress_future_workflow_manual_trigger":{"enabledWorkflows":[]},"_links":{"self":[{"href":"https:\/\/www.oarcanjo.net\/site\/wp-json\/wp\/v2\/posts\/10267"}],"collection":[{"href":"https:\/\/www.oarcanjo.net\/site\/wp-json\/wp\/v2\/posts"}],"about":[{"href":"https:\/\/www.oarcanjo.net\/site\/wp-json\/wp\/v2\/types\/post"}],"author":[{"embeddable":true,"href":"https:\/\/www.oarcanjo.net\/site\/wp-json\/wp\/v2\/users\/14"}],"replies":[{"embeddable":true,"href":"https:\/\/www.oarcanjo.net\/site\/wp-json\/wp\/v2\/comments?post=10267"}],"version-history":[{"count":1,"href":"https:\/\/www.oarcanjo.net\/site\/wp-json\/wp\/v2\/posts\/10267\/revisions"}],"predecessor-version":[{"id":88570,"href":"https:\/\/www.oarcanjo.net\/site\/wp-json\/wp\/v2\/posts\/10267\/revisions\/88570"}],"wp:attachment":[{"href":"https:\/\/www.oarcanjo.net\/site\/wp-json\/wp\/v2\/media?parent=10267"}],"wp:term":[{"taxonomy":"category","embeddable":true,"href":"https:\/\/www.oarcanjo.net\/site\/wp-json\/wp\/v2\/categories?post=10267"},{"taxonomy":"post_tag","embeddable":true,"href":"https:\/\/www.oarcanjo.net\/site\/wp-json\/wp\/v2\/tags?post=10267"}],"curies":[{"name":"wp","href":"https:\/\/api.w.org\/{rel}","templated":true}]}}