
{"id":10269,"date":"2018-07-21T00:57:16","date_gmt":"2018-07-21T03:57:16","guid":{"rendered":"http:\/\/www.oarcanjo.net\/site\/?p=10269"},"modified":"2018-06-20T18:15:43","modified_gmt":"2018-06-20T21:15:43","slug":"irma-dolores-baldi","status":"publish","type":"post","link":"https:\/\/www.oarcanjo.net\/site\/irma-dolores-baldi\/","title":{"rendered":"Irm\u00e3 Dolores Baldi"},"content":{"rendered":"<p><img loading=\"lazy\" decoding=\"async\" class=\"alignnone size-full wp-image-64123\" src=\"http:\/\/www.oarcanjo.net\/site\/wp-content\/uploads\/Irma-Dolores-Baldi.jpg\" alt=\"Irm\u00e3 Dolores Baldi\" width=\"316\" height=\"376\" srcset=\"https:\/\/www.oarcanjo.net\/site\/wp-content\/uploads\/Irma-Dolores-Baldi.jpg 316w, https:\/\/www.oarcanjo.net\/site\/wp-content\/uploads\/Irma-Dolores-Baldi-252x300.jpg 252w\" sizes=\"(max-width: 316px) 100vw, 316px\" \/><\/p>\n<p>21 de Julho<\/p>\n<p>Fundadora das Irm\u00e3s Paulinas no Brasil<\/p>\n<p>Ser mission\u00e1ria era seu sonho. E este sonho ela o realizou no Brasil. Em outubro de 1931, deixou a It\u00e1lia e veio viver a aventura mission\u00e1ria em nosso pa\u00eds.<\/p>\n<p>Quero falar-lhes de irm\u00e3 Dolores Baldi, primeira mission\u00e1ria da Congrega\u00e7\u00e3o das Irm\u00e3s Paulinas. Ela n\u00e3o era, nem \u00e9 ainda, muito conhecida, contudo foi o instrumento d\u00f3cil e forte nas m\u00e3os de Deus e a mola propulsora que fez acontecer, no Brasil, a institui\u00e7\u00e3o e todas as obras das Irm\u00e3s Paulinas.<\/p>\n<p>A Congrega\u00e7\u00e3o das Irm\u00e3s Paulinas foi fundada pelo padre Tiago Alberione com a colabora\u00e7\u00e3o de irm\u00e3 Tecla Merlo, em 1915, na It\u00e1lia, e teve, no Brasil, sua primeira expans\u00e3o no exterior. E irm\u00e3 Dolores Baldi foi a escolhida para inici\u00e1-la. Quem foi irm\u00e3 Dolores Baldi? Ela mesma nos conta sua hist\u00f3ria:<\/p>\n<p>&#8220;N\u00e3o conheci minha m\u00e3e. Ela morreu dois meses depois de me haver dado a luz. Fui confiada aos cuidados de uma ama, que me amamentou, de meu pai e de minha irm\u00e3 mais velha, ent\u00e3o com quinze anos. \u00c9ramos cinco irm\u00e3os: tr\u00eas mulheres e dois homens.<\/p>\n<p>Cresci num ambiente familiar unido, crist\u00e3o, sereno e alegre. Aos doze anos, por\u00e9m, ap\u00f3s breve tempo de doen\u00e7a, meu pai faleceu e, logo depois, minha irm\u00e3, v\u00edtima de uma epidemia. E como minha outra irm\u00e3 j\u00e1 havia se casado coube a mim os deveres de uma dona-de-casa: comprar, vender e cuidar de meus dois irm\u00e3os.<\/p>\n<p>Aos quatorze anos, comecei a sentir o desejo de ser mission\u00e1ria, para dedicar-me \u00e0 catequese. Aos dezessete anos, esse apelo se tornou mais forte. Falei com meu p\u00e1roco e ele me aconselhou a pensar melhor e entregar o meu futuro nas m\u00e3os de Deus. Ele saberia abrir-me o caminho mission\u00e1rio. Com o casamento de meu irm\u00e3o, pensei que estivesse livre, mas com a morte prematura de minha cunhada tive de cuidar de meus dois sobrinhos pequenos.<\/p>\n<p>Ap\u00f3s um ano, a convite de meu p\u00e1roco, participei de um retiro orientado pelo padre Tiago Alberione. Entusiasmei-me com a espiritualidade e miss\u00e3o da Fam\u00edlia Paulina, conversei com padre Alberione, que me aconselhou a entrar na Congrega\u00e7\u00e3o, ainda n\u00e3o aprovada, mas j\u00e1 em plena atividade. Ingressei, sempre, por\u00e9m, com o desejo de ir \u00e0s miss\u00f5es. Esperan\u00e7osa de um dia ser mission\u00e1ria, como me prometiam, comecei o noviciado. E antes mesmo de professar os votos religiosos a superiora me chamou e disse que o fundador havia me destinado para a miss\u00e3o no Brasil. Apesar de algumas preocupa\u00e7\u00f5es, vibrei de alegria. Tinha, ent\u00e3o, vinte e um anos. Comigo iriam uma irm\u00e3 das Disc\u00edpulas do Divino Mestre e um seminarista dos Paulinos.<\/p>\n<p>No dia 6 de outubro de 1931, diante dos fundadores e de minha formadora, pronunciei a f\u00f3rmula da profiss\u00e3o religiosa prometendo, com a ajuda divina, entregar-me a Deus e \u00e0 miss\u00e3o conforme o carisma paulino. Foi ent\u00e3o que recebi o nome de Dolores, pois o meu nome de batismo era Tersila. Entregando-me o livro do Evangelho, um crucifixo e um ter\u00e7o, o fundador deu-me as \u00faltimas recomenda\u00e7\u00f5es: &#8220;Nossa Senhora das Dores, ao p\u00e9 da cruz, colaborou para a salva\u00e7\u00e3o de todas as pessoas. Santifica-te e os brasileiros se santificar\u00e3o. O arcebispo de S\u00e3o Paulo n\u00e3o quer as Paulinas. Voc\u00eas fiquem escondidas por algum tempo, vistam-se de branco ou de vermelho &#8211; isso n\u00e3o tem import\u00e2ncia &#8211; e esperem&#8221;.<\/p>\n<p>Esse foi o in\u00edcio de uma caminhada de mais de setenta anos no Brasil, vivendo e partilhando, na Igreja local, uma evangeliza\u00e7\u00e3o inculturada a servi\u00e7o do Evangelho e com os meios de comunica\u00e7\u00e3o social.<\/p>\n<p>Em 1966, quando a Congrega\u00e7\u00e3o das Irm\u00e3s Paulinas no Brasil j\u00e1 contava com duas centenas de membros, muitas obras iniciadas, muitas casas constru\u00eddas, irm\u00e3 Dolores foi chamada para a It\u00e1lia e mais tarde para Portugal, deixando em todos os lugares sua marca de mission\u00e1ria exemplar.<\/p>\n<p>Em 1976, a pedido das irm\u00e3s brasileiras, ela voltou ao Brasil, dedicando-se, ent\u00e3o, n\u00e3o mais \u00e0 dire\u00e7\u00e3o da prov\u00edncia, mas \u00e0s atividades comuns nas comunidades. Mais tarde, transferiu-se para a casa das irm\u00e3s idosas, dedicando-se a pequenas tarefas. Em todo lugar e sempre, irm\u00e3 Dolores foi exemplo de ora\u00e7\u00e3o, entusiasmo apost\u00f3lico, humildade e acolhimento. Sempre atenta, participava e alegrava-se com os progressos na miss\u00e3o.<\/p>\n<p>Por ocasi\u00e3o dos sessenta anos de consagra\u00e7\u00e3o a Deus, entre outras coisas dizia:<\/p>\n<p>&#8220;Os fundadores me entregaram o que tinham de mais precioso: o Evangelho, o crucifixo e o ter\u00e7o. Os fundamentos foram s\u00f3lidos e minha tarefa era construir com simplicidade e aos poucos, com erros e falhas, mas sem desanimar, na obedi\u00eancia e com amor. A semente foi lan\u00e7ada no Brasil, brotou e cresceu pela sua for\u00e7a \u00edntima que \u00e9 Deus.<\/p>\n<p>Ap\u00f3s breves dias hospitalizada, com oitenta e nove anos, no dia 21 de julho de 1999, transferiu-se para a casa do Pai Celeste a fim de continuar intercedendo por n\u00f3s e apostando na efic\u00e1cia da miss\u00e3o de anunciar o Evangelho com os meios de comunica\u00e7\u00e3o social.<\/p>\n<p>Irm\u00e3 Dolores tinha um carisma pessoal, uma personalidade forte e car\u00e1ter marcante. Seu modo de ser e de viver tra\u00e7ou o estilo de vida e de miss\u00e3o de muitas pessoas. Abriu caminhos novos, com f\u00e9 e coragem, para uma gera\u00e7\u00e3o que viria mais tarde.<\/p>\n<p>Um dos centros da miss\u00e3o das irm\u00e3s Paulinas traz com muita gratid\u00e3o o nome &#8220;Casa Irm\u00e3 Dolores Baldi&#8221;. Ela est\u00e1 a\u00ed, apontando para todos sua norma de vida mission\u00e1ria: &#8220;Confian\u00e7a absoluta em Deus e ir em frente com coragem&#8221;.<\/p>\n<div id=\"themify_builder_content-10269\" data-postid=\"10269\" class=\"themify_builder_content themify_builder_content-10269 themify_builder themify_builder_front\">\n\t<\/div>\n<!-- \/themify_builder_content -->","protected":false},"excerpt":{"rendered":"<p>21 de Julho Fundadora das Irm\u00e3s Paulinas no Brasil Ser mission\u00e1ria era seu sonho. E este sonho ela o realizou no Brasil. Em outubro de 1931, deixou a It\u00e1lia e veio viver a aventura mission\u00e1ria em nosso pa\u00eds. Quero falar-lhes de irm\u00e3 Dolores Baldi, primeira mission\u00e1ria da Congrega\u00e7\u00e3o das Irm\u00e3s Paulinas. Ela n\u00e3o era, nem [&hellip;]<\/p>\n","protected":false},"author":14,"featured_media":0,"comment_status":"open","ping_status":"open","sticky":false,"template":"","format":"standard","meta":{"ngg_post_thumbnail":0,"footnotes":""},"categories":[186],"tags":[],"yoast_head":"<!-- This site is optimized with the Yoast SEO plugin v23.5 - https:\/\/yoast.com\/wordpress\/plugins\/seo\/ -->\n<title>Irm\u00e3 Dolores Baldi - O Arcanjo no ar<\/title>\n<meta name=\"robots\" content=\"index, follow, max-snippet:-1, max-image-preview:large, max-video-preview:-1\" \/>\n<link rel=\"canonical\" href=\"https:\/\/www.oarcanjo.net\/site\/irma-dolores-baldi\/\" \/>\n<meta property=\"og:locale\" content=\"pt_BR\" \/>\n<meta property=\"og:type\" content=\"article\" \/>\n<meta property=\"og:title\" content=\"Irm\u00e3 Dolores Baldi - O Arcanjo no ar\" \/>\n<meta property=\"og:description\" content=\"21 de Julho Fundadora das Irm\u00e3s Paulinas no Brasil Ser mission\u00e1ria era seu sonho. E este sonho ela o realizou no Brasil. Em outubro de 1931, deixou a It\u00e1lia e veio viver a aventura mission\u00e1ria em nosso pa\u00eds. Quero falar-lhes de irm\u00e3 Dolores Baldi, primeira mission\u00e1ria da Congrega\u00e7\u00e3o das Irm\u00e3s Paulinas. Ela n\u00e3o era, nem [&hellip;]\" \/>\n<meta property=\"og:url\" content=\"https:\/\/www.oarcanjo.net\/site\/irma-dolores-baldi\/\" \/>\n<meta property=\"og:site_name\" content=\"O Arcanjo no ar\" \/>\n<meta property=\"article:publisher\" content=\"https:\/\/www.facebook.com\/OArcanjoNoAr\/\" \/>\n<meta property=\"article:published_time\" content=\"2018-07-21T03:57:16+00:00\" \/>\n<meta property=\"article:modified_time\" content=\"2018-06-20T21:15:43+00:00\" \/>\n<meta property=\"og:image\" content=\"http:\/\/www.oarcanjo.net\/site\/wp-content\/uploads\/Irma-Dolores-Baldi.jpg\" \/>\n<meta name=\"author\" content=\"danilo\" \/>\n<meta name=\"twitter:card\" content=\"summary_large_image\" \/>\n<meta name=\"twitter:label1\" content=\"Escrito por\" \/>\n\t<meta name=\"twitter:data1\" content=\"danilo\" \/>\n\t<meta name=\"twitter:label2\" content=\"Est. tempo de leitura\" \/>\n\t<meta name=\"twitter:data2\" content=\"5 minutos\" \/>\n<script type=\"application\/ld+json\" class=\"yoast-schema-graph\">{\"@context\":\"https:\/\/schema.org\",\"@graph\":[{\"@type\":\"Article\",\"@id\":\"https:\/\/www.oarcanjo.net\/site\/irma-dolores-baldi\/#article\",\"isPartOf\":{\"@id\":\"https:\/\/www.oarcanjo.net\/site\/irma-dolores-baldi\/\"},\"author\":{\"name\":\"danilo\",\"@id\":\"https:\/\/www.oarcanjo.net\/site\/#\/schema\/person\/5eb9480bedd2f3c97e430ce128c29c6c\"},\"headline\":\"Irm\u00e3 Dolores Baldi\",\"datePublished\":\"2018-07-21T03:57:16+00:00\",\"dateModified\":\"2018-06-20T21:15:43+00:00\",\"mainEntityOfPage\":{\"@id\":\"https:\/\/www.oarcanjo.net\/site\/irma-dolores-baldi\/\"},\"wordCount\":988,\"commentCount\":0,\"publisher\":{\"@id\":\"https:\/\/www.oarcanjo.net\/site\/#organization\"},\"image\":{\"@id\":\"https:\/\/www.oarcanjo.net\/site\/irma-dolores-baldi\/#primaryimage\"},\"thumbnailUrl\":\"http:\/\/www.oarcanjo.net\/site\/wp-content\/uploads\/Irma-Dolores-Baldi.jpg\",\"articleSection\":[\"Testemunhos\"],\"inLanguage\":\"pt-BR\",\"potentialAction\":[{\"@type\":\"CommentAction\",\"name\":\"Comment\",\"target\":[\"https:\/\/www.oarcanjo.net\/site\/irma-dolores-baldi\/#respond\"]}]},{\"@type\":\"WebPage\",\"@id\":\"https:\/\/www.oarcanjo.net\/site\/irma-dolores-baldi\/\",\"url\":\"https:\/\/www.oarcanjo.net\/site\/irma-dolores-baldi\/\",\"name\":\"Irm\u00e3 Dolores Baldi - O Arcanjo no ar\",\"isPartOf\":{\"@id\":\"https:\/\/www.oarcanjo.net\/site\/#website\"},\"primaryImageOfPage\":{\"@id\":\"https:\/\/www.oarcanjo.net\/site\/irma-dolores-baldi\/#primaryimage\"},\"image\":{\"@id\":\"https:\/\/www.oarcanjo.net\/site\/irma-dolores-baldi\/#primaryimage\"},\"thumbnailUrl\":\"http:\/\/www.oarcanjo.net\/site\/wp-content\/uploads\/Irma-Dolores-Baldi.jpg\",\"datePublished\":\"2018-07-21T03:57:16+00:00\",\"dateModified\":\"2018-06-20T21:15:43+00:00\",\"breadcrumb\":{\"@id\":\"https:\/\/www.oarcanjo.net\/site\/irma-dolores-baldi\/#breadcrumb\"},\"inLanguage\":\"pt-BR\",\"potentialAction\":[{\"@type\":\"ReadAction\",\"target\":[\"https:\/\/www.oarcanjo.net\/site\/irma-dolores-baldi\/\"]}]},{\"@type\":\"ImageObject\",\"inLanguage\":\"pt-BR\",\"@id\":\"https:\/\/www.oarcanjo.net\/site\/irma-dolores-baldi\/#primaryimage\",\"url\":\"https:\/\/www.oarcanjo.net\/site\/wp-content\/uploads\/Irma-Dolores-Baldi.jpg\",\"contentUrl\":\"https:\/\/www.oarcanjo.net\/site\/wp-content\/uploads\/Irma-Dolores-Baldi.jpg\",\"width\":316,\"height\":376,\"caption\":\"Irm\u00e3 Dolores Baldi\"},{\"@type\":\"BreadcrumbList\",\"@id\":\"https:\/\/www.oarcanjo.net\/site\/irma-dolores-baldi\/#breadcrumb\",\"itemListElement\":[{\"@type\":\"ListItem\",\"position\":1,\"name\":\"In\u00edcio\",\"item\":\"https:\/\/www.oarcanjo.net\/site\/\"},{\"@type\":\"ListItem\",\"position\":2,\"name\":\"Irm\u00e3 Dolores Baldi\"}]},{\"@type\":\"WebSite\",\"@id\":\"https:\/\/www.oarcanjo.net\/site\/#website\",\"url\":\"https:\/\/www.oarcanjo.net\/site\/\",\"name\":\"O Arcanjo no ar\",\"description\":\"Site da Par\u00f3quia S\u00e3o Miguel Arcanjo (Arquidiocese de SP)\",\"publisher\":{\"@id\":\"https:\/\/www.oarcanjo.net\/site\/#organization\"},\"potentialAction\":[{\"@type\":\"SearchAction\",\"target\":{\"@type\":\"EntryPoint\",\"urlTemplate\":\"https:\/\/www.oarcanjo.net\/site\/?s={search_term_string}\"},\"query-input\":{\"@type\":\"PropertyValueSpecification\",\"valueRequired\":true,\"valueName\":\"search_term_string\"}}],\"inLanguage\":\"pt-BR\"},{\"@type\":\"Organization\",\"@id\":\"https:\/\/www.oarcanjo.net\/site\/#organization\",\"name\":\"Par\u00f3quia S\u00e3o Miguel Arcanjo\",\"url\":\"https:\/\/www.oarcanjo.net\/site\/\",\"logo\":{\"@type\":\"ImageObject\",\"inLanguage\":\"pt-BR\",\"@id\":\"https:\/\/www.oarcanjo.net\/site\/#\/schema\/logo\/image\/\",\"url\":\"https:\/\/www.oarcanjo.net\/site\/wp-content\/uploads\/LogoOArcanjo.png\",\"contentUrl\":\"https:\/\/www.oarcanjo.net\/site\/wp-content\/uploads\/LogoOArcanjo.png\",\"width\":319,\"height\":99,\"caption\":\"Par\u00f3quia S\u00e3o Miguel Arcanjo\"},\"image\":{\"@id\":\"https:\/\/www.oarcanjo.net\/site\/#\/schema\/logo\/image\/\"},\"sameAs\":[\"https:\/\/www.facebook.com\/OArcanjoNoAr\/\"]},{\"@type\":\"Person\",\"@id\":\"https:\/\/www.oarcanjo.net\/site\/#\/schema\/person\/5eb9480bedd2f3c97e430ce128c29c6c\",\"name\":\"danilo\"}]}<\/script>\n<!-- \/ Yoast SEO plugin. -->","yoast_head_json":{"title":"Irm\u00e3 Dolores Baldi - O Arcanjo no ar","robots":{"index":"index","follow":"follow","max-snippet":"max-snippet:-1","max-image-preview":"max-image-preview:large","max-video-preview":"max-video-preview:-1"},"canonical":"https:\/\/www.oarcanjo.net\/site\/irma-dolores-baldi\/","og_locale":"pt_BR","og_type":"article","og_title":"Irm\u00e3 Dolores Baldi - O Arcanjo no ar","og_description":"21 de Julho Fundadora das Irm\u00e3s Paulinas no Brasil Ser mission\u00e1ria era seu sonho. E este sonho ela o realizou no Brasil. Em outubro de 1931, deixou a It\u00e1lia e veio viver a aventura mission\u00e1ria em nosso pa\u00eds. Quero falar-lhes de irm\u00e3 Dolores Baldi, primeira mission\u00e1ria da Congrega\u00e7\u00e3o das Irm\u00e3s Paulinas. Ela n\u00e3o era, nem [&hellip;]","og_url":"https:\/\/www.oarcanjo.net\/site\/irma-dolores-baldi\/","og_site_name":"O Arcanjo no ar","article_publisher":"https:\/\/www.facebook.com\/OArcanjoNoAr\/","article_published_time":"2018-07-21T03:57:16+00:00","article_modified_time":"2018-06-20T21:15:43+00:00","og_image":[{"url":"http:\/\/www.oarcanjo.net\/site\/wp-content\/uploads\/Irma-Dolores-Baldi.jpg"}],"author":"danilo","twitter_card":"summary_large_image","twitter_misc":{"Escrito por":"danilo","Est. tempo de leitura":"5 minutos"},"schema":{"@context":"https:\/\/schema.org","@graph":[{"@type":"Article","@id":"https:\/\/www.oarcanjo.net\/site\/irma-dolores-baldi\/#article","isPartOf":{"@id":"https:\/\/www.oarcanjo.net\/site\/irma-dolores-baldi\/"},"author":{"name":"danilo","@id":"https:\/\/www.oarcanjo.net\/site\/#\/schema\/person\/5eb9480bedd2f3c97e430ce128c29c6c"},"headline":"Irm\u00e3 Dolores Baldi","datePublished":"2018-07-21T03:57:16+00:00","dateModified":"2018-06-20T21:15:43+00:00","mainEntityOfPage":{"@id":"https:\/\/www.oarcanjo.net\/site\/irma-dolores-baldi\/"},"wordCount":988,"commentCount":0,"publisher":{"@id":"https:\/\/www.oarcanjo.net\/site\/#organization"},"image":{"@id":"https:\/\/www.oarcanjo.net\/site\/irma-dolores-baldi\/#primaryimage"},"thumbnailUrl":"http:\/\/www.oarcanjo.net\/site\/wp-content\/uploads\/Irma-Dolores-Baldi.jpg","articleSection":["Testemunhos"],"inLanguage":"pt-BR","potentialAction":[{"@type":"CommentAction","name":"Comment","target":["https:\/\/www.oarcanjo.net\/site\/irma-dolores-baldi\/#respond"]}]},{"@type":"WebPage","@id":"https:\/\/www.oarcanjo.net\/site\/irma-dolores-baldi\/","url":"https:\/\/www.oarcanjo.net\/site\/irma-dolores-baldi\/","name":"Irm\u00e3 Dolores Baldi - O Arcanjo no ar","isPartOf":{"@id":"https:\/\/www.oarcanjo.net\/site\/#website"},"primaryImageOfPage":{"@id":"https:\/\/www.oarcanjo.net\/site\/irma-dolores-baldi\/#primaryimage"},"image":{"@id":"https:\/\/www.oarcanjo.net\/site\/irma-dolores-baldi\/#primaryimage"},"thumbnailUrl":"http:\/\/www.oarcanjo.net\/site\/wp-content\/uploads\/Irma-Dolores-Baldi.jpg","datePublished":"2018-07-21T03:57:16+00:00","dateModified":"2018-06-20T21:15:43+00:00","breadcrumb":{"@id":"https:\/\/www.oarcanjo.net\/site\/irma-dolores-baldi\/#breadcrumb"},"inLanguage":"pt-BR","potentialAction":[{"@type":"ReadAction","target":["https:\/\/www.oarcanjo.net\/site\/irma-dolores-baldi\/"]}]},{"@type":"ImageObject","inLanguage":"pt-BR","@id":"https:\/\/www.oarcanjo.net\/site\/irma-dolores-baldi\/#primaryimage","url":"https:\/\/www.oarcanjo.net\/site\/wp-content\/uploads\/Irma-Dolores-Baldi.jpg","contentUrl":"https:\/\/www.oarcanjo.net\/site\/wp-content\/uploads\/Irma-Dolores-Baldi.jpg","width":316,"height":376,"caption":"Irm\u00e3 Dolores Baldi"},{"@type":"BreadcrumbList","@id":"https:\/\/www.oarcanjo.net\/site\/irma-dolores-baldi\/#breadcrumb","itemListElement":[{"@type":"ListItem","position":1,"name":"In\u00edcio","item":"https:\/\/www.oarcanjo.net\/site\/"},{"@type":"ListItem","position":2,"name":"Irm\u00e3 Dolores Baldi"}]},{"@type":"WebSite","@id":"https:\/\/www.oarcanjo.net\/site\/#website","url":"https:\/\/www.oarcanjo.net\/site\/","name":"O Arcanjo no ar","description":"Site da Par\u00f3quia S\u00e3o Miguel Arcanjo (Arquidiocese de SP)","publisher":{"@id":"https:\/\/www.oarcanjo.net\/site\/#organization"},"potentialAction":[{"@type":"SearchAction","target":{"@type":"EntryPoint","urlTemplate":"https:\/\/www.oarcanjo.net\/site\/?s={search_term_string}"},"query-input":{"@type":"PropertyValueSpecification","valueRequired":true,"valueName":"search_term_string"}}],"inLanguage":"pt-BR"},{"@type":"Organization","@id":"https:\/\/www.oarcanjo.net\/site\/#organization","name":"Par\u00f3quia S\u00e3o Miguel Arcanjo","url":"https:\/\/www.oarcanjo.net\/site\/","logo":{"@type":"ImageObject","inLanguage":"pt-BR","@id":"https:\/\/www.oarcanjo.net\/site\/#\/schema\/logo\/image\/","url":"https:\/\/www.oarcanjo.net\/site\/wp-content\/uploads\/LogoOArcanjo.png","contentUrl":"https:\/\/www.oarcanjo.net\/site\/wp-content\/uploads\/LogoOArcanjo.png","width":319,"height":99,"caption":"Par\u00f3quia S\u00e3o Miguel Arcanjo"},"image":{"@id":"https:\/\/www.oarcanjo.net\/site\/#\/schema\/logo\/image\/"},"sameAs":["https:\/\/www.facebook.com\/OArcanjoNoAr\/"]},{"@type":"Person","@id":"https:\/\/www.oarcanjo.net\/site\/#\/schema\/person\/5eb9480bedd2f3c97e430ce128c29c6c","name":"danilo"}]}},"publishpress_future_action":{"enabled":false,"date":"2026-05-08 09:35:06","action":"category","newStatus":"draft","terms":[],"taxonomy":"category"},"publishpress_future_workflow_manual_trigger":{"enabledWorkflows":[]},"_links":{"self":[{"href":"https:\/\/www.oarcanjo.net\/site\/wp-json\/wp\/v2\/posts\/10269"}],"collection":[{"href":"https:\/\/www.oarcanjo.net\/site\/wp-json\/wp\/v2\/posts"}],"about":[{"href":"https:\/\/www.oarcanjo.net\/site\/wp-json\/wp\/v2\/types\/post"}],"author":[{"embeddable":true,"href":"https:\/\/www.oarcanjo.net\/site\/wp-json\/wp\/v2\/users\/14"}],"replies":[{"embeddable":true,"href":"https:\/\/www.oarcanjo.net\/site\/wp-json\/wp\/v2\/comments?post=10269"}],"version-history":[{"count":1,"href":"https:\/\/www.oarcanjo.net\/site\/wp-json\/wp\/v2\/posts\/10269\/revisions"}],"predecessor-version":[{"id":88571,"href":"https:\/\/www.oarcanjo.net\/site\/wp-json\/wp\/v2\/posts\/10269\/revisions\/88571"}],"wp:attachment":[{"href":"https:\/\/www.oarcanjo.net\/site\/wp-json\/wp\/v2\/media?parent=10269"}],"wp:term":[{"taxonomy":"category","embeddable":true,"href":"https:\/\/www.oarcanjo.net\/site\/wp-json\/wp\/v2\/categories?post=10269"},{"taxonomy":"post_tag","embeddable":true,"href":"https:\/\/www.oarcanjo.net\/site\/wp-json\/wp\/v2\/tags?post=10269"}],"curies":[{"name":"wp","href":"https:\/\/api.w.org\/{rel}","templated":true}]}}