
{"id":10273,"date":"2018-07-22T00:20:47","date_gmt":"2018-07-22T03:20:47","guid":{"rendered":"http:\/\/www.oarcanjo.net\/site\/?p=10273"},"modified":"2018-06-20T18:15:47","modified_gmt":"2018-06-20T21:15:47","slug":"santa-maria-madalena","status":"publish","type":"post","link":"https:\/\/www.oarcanjo.net\/site\/santa-maria-madalena\/","title":{"rendered":"Santa Maria Madalena"},"content":{"rendered":"<p><img loading=\"lazy\" decoding=\"async\" class=\"alignnone size-full wp-image-64132\" src=\"http:\/\/www.oarcanjo.net\/site\/wp-content\/uploads\/Santa-Maria-Madalena.jpg\" alt=\"Santa Maria Madalena\" width=\"338\" height=\"450\" srcset=\"https:\/\/www.oarcanjo.net\/site\/wp-content\/uploads\/Santa-Maria-Madalena.jpg 338w, https:\/\/www.oarcanjo.net\/site\/wp-content\/uploads\/Santa-Maria-Madalena-225x300.jpg 225w\" sizes=\"(max-width: 338px) 100vw, 338px\" \/><\/p>\n<p>22 de Julho<\/p>\n<p>Embora fosse apenas uma pecadora famosa de sua cidade, Maria Madalena, nascida em Magdala, na Galil\u00e9ia, teve uma participa\u00e7\u00e3o important\u00edssima na passagem de Jesus pela Terra. Ela foi perdoada publicamente por ele, que a tomou como exemplo de que seu Pai acolhia a todos, desde que chegassem ao arrependimento. Al\u00e9m disso, foi, ainda, a escolhida para ser a primeira testemunha da ressurrei\u00e7\u00e3o.<\/p>\n<p>Madalena ouvira falar de Jesus, pois a fama dos milagres dele corria entre o povo. Ele j\u00e1 ressuscitara mortos, devolvera a vis\u00e3o a cegos, colocara voz na boca de mudos e audi\u00e7\u00e3o nos ouvidos de surdos, al\u00e9m de fazer andar paral\u00edticos e curar doentes de todos os tipos. Assim, no dia em que Jesus participava de um banquete na casa de Sim\u00e3o, o fariseu, Maria Madalena resolveu fazer uma confiss\u00e3o p\u00fablica de arrependimento, porque o seu pecado era p\u00fablico, como diz a Sagrada Escritura.<\/p>\n<p>Invadindo o local da ceia, ela n\u00e3o ousou olhar para Jesus. Apenas ajoelhou-se na sua frente, banhou seus p\u00e9s com l\u00e1grimas e enxugou-os com os cabelos, num pedido de perd\u00e3o mudo. Impressionados, os presentes imaginavam que ela fosse ser repudiada pelo Mestre, que, todavia, disse \u00e0 mulher: &#8220;Foram-lhes perdoados os seus muitos pecados, porque voc\u00ea muito amou&#8221;. Com o cora\u00e7\u00e3o em paz, ela saiu dali ainda em prantos, mas feliz. A partir desse dia, tornou-se uma das mais fi\u00e9is seguidoras do Messias.<\/p>\n<p>Ela estava ao lado de Maria quando da crucifica\u00e7\u00e3o do Senhor e, na madrugada da P\u00e1scoa, era tanta a saudade que sentia de Jesus que foi chorar \u00e0 porta do sepulcro. De repente, ouviu a voz, que jamais esqueceria, chamar seu nome. Assim, as profecias cumpriram-se diante de seus olhos. Jesus ressuscitara!<\/p>\n<p>Est\u00e1 escrito: &#8220;No dia da P\u00e1scoa, Jesus apareceu a ela e a mandou ir anunciar a sua ressurrei\u00e7\u00e3o aos disc\u00edpulos&#8221;. Depois disso, segundo uma antiga tradi\u00e7\u00e3o grega, Maria Madalena teria ido viver em \u00c9feso, onde morreu. L\u00e1, tinham ido morar tamb\u00e9m Jo\u00e3o, o ap\u00f3stolo predileto de Jesus, e Maria, M\u00e3e de Jesus.<\/p>\n<p>A liturgia bizantina celebra-a como &#8220;Ap\u00f3stola dos Ap\u00f3stolos&#8221;, para que continue a sua miss\u00e3o de anunciar a ressurrei\u00e7\u00e3o do Senhor no seu rito apost\u00f3lico. Festejada no dia 22 de julho, santa Maria Madalena tornou-se a padroeira de muitas ordens religiosas, sendo venerada at\u00e9 mesmo pelos padres predicadores.<\/p>\n<div id=\"themify_builder_content-10273\" data-postid=\"10273\" class=\"themify_builder_content themify_builder_content-10273 themify_builder themify_builder_front\">\n\t<\/div>\n<!-- \/themify_builder_content -->","protected":false},"excerpt":{"rendered":"<p>22 de Julho Embora fosse apenas uma pecadora famosa de sua cidade, Maria Madalena, nascida em Magdala, na Galil\u00e9ia, teve uma participa\u00e7\u00e3o important\u00edssima na passagem de Jesus pela Terra. Ela foi perdoada publicamente por ele, que a tomou como exemplo de que seu Pai acolhia a todos, desde que chegassem ao arrependimento. Al\u00e9m disso, foi, [&hellip;]<\/p>\n","protected":false},"author":14,"featured_media":0,"comment_status":"open","ping_status":"open","sticky":false,"template":"","format":"standard","meta":{"ngg_post_thumbnail":0,"footnotes":""},"categories":[186],"tags":[],"yoast_head":"<!-- This site is optimized with the Yoast SEO plugin v23.5 - https:\/\/yoast.com\/wordpress\/plugins\/seo\/ -->\n<title>Santa Maria Madalena - O Arcanjo no ar<\/title>\n<meta name=\"robots\" content=\"index, follow, max-snippet:-1, max-image-preview:large, max-video-preview:-1\" \/>\n<link rel=\"canonical\" href=\"https:\/\/www.oarcanjo.net\/site\/santa-maria-madalena\/\" \/>\n<meta property=\"og:locale\" content=\"pt_BR\" \/>\n<meta property=\"og:type\" content=\"article\" \/>\n<meta property=\"og:title\" content=\"Santa Maria Madalena - O Arcanjo no ar\" \/>\n<meta property=\"og:description\" content=\"22 de Julho Embora fosse apenas uma pecadora famosa de sua cidade, Maria Madalena, nascida em Magdala, na Galil\u00e9ia, teve uma participa\u00e7\u00e3o important\u00edssima na passagem de Jesus pela Terra. Ela foi perdoada publicamente por ele, que a tomou como exemplo de que seu Pai acolhia a todos, desde que chegassem ao arrependimento. Al\u00e9m disso, foi, [&hellip;]\" \/>\n<meta property=\"og:url\" content=\"https:\/\/www.oarcanjo.net\/site\/santa-maria-madalena\/\" \/>\n<meta property=\"og:site_name\" content=\"O Arcanjo no ar\" \/>\n<meta property=\"article:publisher\" content=\"https:\/\/www.facebook.com\/OArcanjoNoAr\/\" \/>\n<meta property=\"article:published_time\" content=\"2018-07-22T03:20:47+00:00\" \/>\n<meta property=\"article:modified_time\" content=\"2018-06-20T21:15:47+00:00\" \/>\n<meta property=\"og:image\" content=\"http:\/\/www.oarcanjo.net\/site\/wp-content\/uploads\/Santa-Maria-Madalena.jpg\" \/>\n<meta name=\"author\" content=\"danilo\" \/>\n<meta name=\"twitter:card\" content=\"summary_large_image\" \/>\n<meta name=\"twitter:label1\" content=\"Escrito por\" \/>\n\t<meta name=\"twitter:data1\" content=\"danilo\" \/>\n\t<meta name=\"twitter:label2\" content=\"Est. tempo de leitura\" \/>\n\t<meta name=\"twitter:data2\" content=\"2 minutos\" \/>\n<script type=\"application\/ld+json\" class=\"yoast-schema-graph\">{\"@context\":\"https:\/\/schema.org\",\"@graph\":[{\"@type\":\"Article\",\"@id\":\"https:\/\/www.oarcanjo.net\/site\/santa-maria-madalena\/#article\",\"isPartOf\":{\"@id\":\"https:\/\/www.oarcanjo.net\/site\/santa-maria-madalena\/\"},\"author\":{\"name\":\"danilo\",\"@id\":\"https:\/\/www.oarcanjo.net\/site\/#\/schema\/person\/5eb9480bedd2f3c97e430ce128c29c6c\"},\"headline\":\"Santa Maria Madalena\",\"datePublished\":\"2018-07-22T03:20:47+00:00\",\"dateModified\":\"2018-06-20T21:15:47+00:00\",\"mainEntityOfPage\":{\"@id\":\"https:\/\/www.oarcanjo.net\/site\/santa-maria-madalena\/\"},\"wordCount\":415,\"commentCount\":1,\"publisher\":{\"@id\":\"https:\/\/www.oarcanjo.net\/site\/#organization\"},\"image\":{\"@id\":\"https:\/\/www.oarcanjo.net\/site\/santa-maria-madalena\/#primaryimage\"},\"thumbnailUrl\":\"http:\/\/www.oarcanjo.net\/site\/wp-content\/uploads\/Santa-Maria-Madalena.jpg\",\"articleSection\":[\"Testemunhos\"],\"inLanguage\":\"pt-BR\",\"potentialAction\":[{\"@type\":\"CommentAction\",\"name\":\"Comment\",\"target\":[\"https:\/\/www.oarcanjo.net\/site\/santa-maria-madalena\/#respond\"]}]},{\"@type\":\"WebPage\",\"@id\":\"https:\/\/www.oarcanjo.net\/site\/santa-maria-madalena\/\",\"url\":\"https:\/\/www.oarcanjo.net\/site\/santa-maria-madalena\/\",\"name\":\"Santa Maria Madalena - O Arcanjo no ar\",\"isPartOf\":{\"@id\":\"https:\/\/www.oarcanjo.net\/site\/#website\"},\"primaryImageOfPage\":{\"@id\":\"https:\/\/www.oarcanjo.net\/site\/santa-maria-madalena\/#primaryimage\"},\"image\":{\"@id\":\"https:\/\/www.oarcanjo.net\/site\/santa-maria-madalena\/#primaryimage\"},\"thumbnailUrl\":\"http:\/\/www.oarcanjo.net\/site\/wp-content\/uploads\/Santa-Maria-Madalena.jpg\",\"datePublished\":\"2018-07-22T03:20:47+00:00\",\"dateModified\":\"2018-06-20T21:15:47+00:00\",\"breadcrumb\":{\"@id\":\"https:\/\/www.oarcanjo.net\/site\/santa-maria-madalena\/#breadcrumb\"},\"inLanguage\":\"pt-BR\",\"potentialAction\":[{\"@type\":\"ReadAction\",\"target\":[\"https:\/\/www.oarcanjo.net\/site\/santa-maria-madalena\/\"]}]},{\"@type\":\"ImageObject\",\"inLanguage\":\"pt-BR\",\"@id\":\"https:\/\/www.oarcanjo.net\/site\/santa-maria-madalena\/#primaryimage\",\"url\":\"https:\/\/www.oarcanjo.net\/site\/wp-content\/uploads\/Santa-Maria-Madalena.jpg\",\"contentUrl\":\"https:\/\/www.oarcanjo.net\/site\/wp-content\/uploads\/Santa-Maria-Madalena.jpg\",\"width\":338,\"height\":450,\"caption\":\"Santa Maria Madalena\"},{\"@type\":\"BreadcrumbList\",\"@id\":\"https:\/\/www.oarcanjo.net\/site\/santa-maria-madalena\/#breadcrumb\",\"itemListElement\":[{\"@type\":\"ListItem\",\"position\":1,\"name\":\"In\u00edcio\",\"item\":\"https:\/\/www.oarcanjo.net\/site\/\"},{\"@type\":\"ListItem\",\"position\":2,\"name\":\"Santa Maria Madalena\"}]},{\"@type\":\"WebSite\",\"@id\":\"https:\/\/www.oarcanjo.net\/site\/#website\",\"url\":\"https:\/\/www.oarcanjo.net\/site\/\",\"name\":\"O Arcanjo no ar\",\"description\":\"Site da Par\u00f3quia S\u00e3o Miguel Arcanjo (Arquidiocese de SP)\",\"publisher\":{\"@id\":\"https:\/\/www.oarcanjo.net\/site\/#organization\"},\"potentialAction\":[{\"@type\":\"SearchAction\",\"target\":{\"@type\":\"EntryPoint\",\"urlTemplate\":\"https:\/\/www.oarcanjo.net\/site\/?s={search_term_string}\"},\"query-input\":{\"@type\":\"PropertyValueSpecification\",\"valueRequired\":true,\"valueName\":\"search_term_string\"}}],\"inLanguage\":\"pt-BR\"},{\"@type\":\"Organization\",\"@id\":\"https:\/\/www.oarcanjo.net\/site\/#organization\",\"name\":\"Par\u00f3quia S\u00e3o Miguel Arcanjo\",\"url\":\"https:\/\/www.oarcanjo.net\/site\/\",\"logo\":{\"@type\":\"ImageObject\",\"inLanguage\":\"pt-BR\",\"@id\":\"https:\/\/www.oarcanjo.net\/site\/#\/schema\/logo\/image\/\",\"url\":\"https:\/\/www.oarcanjo.net\/site\/wp-content\/uploads\/LogoOArcanjo.png\",\"contentUrl\":\"https:\/\/www.oarcanjo.net\/site\/wp-content\/uploads\/LogoOArcanjo.png\",\"width\":319,\"height\":99,\"caption\":\"Par\u00f3quia S\u00e3o Miguel Arcanjo\"},\"image\":{\"@id\":\"https:\/\/www.oarcanjo.net\/site\/#\/schema\/logo\/image\/\"},\"sameAs\":[\"https:\/\/www.facebook.com\/OArcanjoNoAr\/\"]},{\"@type\":\"Person\",\"@id\":\"https:\/\/www.oarcanjo.net\/site\/#\/schema\/person\/5eb9480bedd2f3c97e430ce128c29c6c\",\"name\":\"danilo\"}]}<\/script>\n<!-- \/ Yoast SEO plugin. -->","yoast_head_json":{"title":"Santa Maria Madalena - O Arcanjo no ar","robots":{"index":"index","follow":"follow","max-snippet":"max-snippet:-1","max-image-preview":"max-image-preview:large","max-video-preview":"max-video-preview:-1"},"canonical":"https:\/\/www.oarcanjo.net\/site\/santa-maria-madalena\/","og_locale":"pt_BR","og_type":"article","og_title":"Santa Maria Madalena - O Arcanjo no ar","og_description":"22 de Julho Embora fosse apenas uma pecadora famosa de sua cidade, Maria Madalena, nascida em Magdala, na Galil\u00e9ia, teve uma participa\u00e7\u00e3o important\u00edssima na passagem de Jesus pela Terra. Ela foi perdoada publicamente por ele, que a tomou como exemplo de que seu Pai acolhia a todos, desde que chegassem ao arrependimento. Al\u00e9m disso, foi, [&hellip;]","og_url":"https:\/\/www.oarcanjo.net\/site\/santa-maria-madalena\/","og_site_name":"O Arcanjo no ar","article_publisher":"https:\/\/www.facebook.com\/OArcanjoNoAr\/","article_published_time":"2018-07-22T03:20:47+00:00","article_modified_time":"2018-06-20T21:15:47+00:00","og_image":[{"url":"http:\/\/www.oarcanjo.net\/site\/wp-content\/uploads\/Santa-Maria-Madalena.jpg"}],"author":"danilo","twitter_card":"summary_large_image","twitter_misc":{"Escrito por":"danilo","Est. tempo de leitura":"2 minutos"},"schema":{"@context":"https:\/\/schema.org","@graph":[{"@type":"Article","@id":"https:\/\/www.oarcanjo.net\/site\/santa-maria-madalena\/#article","isPartOf":{"@id":"https:\/\/www.oarcanjo.net\/site\/santa-maria-madalena\/"},"author":{"name":"danilo","@id":"https:\/\/www.oarcanjo.net\/site\/#\/schema\/person\/5eb9480bedd2f3c97e430ce128c29c6c"},"headline":"Santa Maria Madalena","datePublished":"2018-07-22T03:20:47+00:00","dateModified":"2018-06-20T21:15:47+00:00","mainEntityOfPage":{"@id":"https:\/\/www.oarcanjo.net\/site\/santa-maria-madalena\/"},"wordCount":415,"commentCount":1,"publisher":{"@id":"https:\/\/www.oarcanjo.net\/site\/#organization"},"image":{"@id":"https:\/\/www.oarcanjo.net\/site\/santa-maria-madalena\/#primaryimage"},"thumbnailUrl":"http:\/\/www.oarcanjo.net\/site\/wp-content\/uploads\/Santa-Maria-Madalena.jpg","articleSection":["Testemunhos"],"inLanguage":"pt-BR","potentialAction":[{"@type":"CommentAction","name":"Comment","target":["https:\/\/www.oarcanjo.net\/site\/santa-maria-madalena\/#respond"]}]},{"@type":"WebPage","@id":"https:\/\/www.oarcanjo.net\/site\/santa-maria-madalena\/","url":"https:\/\/www.oarcanjo.net\/site\/santa-maria-madalena\/","name":"Santa Maria Madalena - O Arcanjo no ar","isPartOf":{"@id":"https:\/\/www.oarcanjo.net\/site\/#website"},"primaryImageOfPage":{"@id":"https:\/\/www.oarcanjo.net\/site\/santa-maria-madalena\/#primaryimage"},"image":{"@id":"https:\/\/www.oarcanjo.net\/site\/santa-maria-madalena\/#primaryimage"},"thumbnailUrl":"http:\/\/www.oarcanjo.net\/site\/wp-content\/uploads\/Santa-Maria-Madalena.jpg","datePublished":"2018-07-22T03:20:47+00:00","dateModified":"2018-06-20T21:15:47+00:00","breadcrumb":{"@id":"https:\/\/www.oarcanjo.net\/site\/santa-maria-madalena\/#breadcrumb"},"inLanguage":"pt-BR","potentialAction":[{"@type":"ReadAction","target":["https:\/\/www.oarcanjo.net\/site\/santa-maria-madalena\/"]}]},{"@type":"ImageObject","inLanguage":"pt-BR","@id":"https:\/\/www.oarcanjo.net\/site\/santa-maria-madalena\/#primaryimage","url":"https:\/\/www.oarcanjo.net\/site\/wp-content\/uploads\/Santa-Maria-Madalena.jpg","contentUrl":"https:\/\/www.oarcanjo.net\/site\/wp-content\/uploads\/Santa-Maria-Madalena.jpg","width":338,"height":450,"caption":"Santa Maria Madalena"},{"@type":"BreadcrumbList","@id":"https:\/\/www.oarcanjo.net\/site\/santa-maria-madalena\/#breadcrumb","itemListElement":[{"@type":"ListItem","position":1,"name":"In\u00edcio","item":"https:\/\/www.oarcanjo.net\/site\/"},{"@type":"ListItem","position":2,"name":"Santa Maria Madalena"}]},{"@type":"WebSite","@id":"https:\/\/www.oarcanjo.net\/site\/#website","url":"https:\/\/www.oarcanjo.net\/site\/","name":"O Arcanjo no ar","description":"Site da Par\u00f3quia S\u00e3o Miguel Arcanjo (Arquidiocese de SP)","publisher":{"@id":"https:\/\/www.oarcanjo.net\/site\/#organization"},"potentialAction":[{"@type":"SearchAction","target":{"@type":"EntryPoint","urlTemplate":"https:\/\/www.oarcanjo.net\/site\/?s={search_term_string}"},"query-input":{"@type":"PropertyValueSpecification","valueRequired":true,"valueName":"search_term_string"}}],"inLanguage":"pt-BR"},{"@type":"Organization","@id":"https:\/\/www.oarcanjo.net\/site\/#organization","name":"Par\u00f3quia S\u00e3o Miguel Arcanjo","url":"https:\/\/www.oarcanjo.net\/site\/","logo":{"@type":"ImageObject","inLanguage":"pt-BR","@id":"https:\/\/www.oarcanjo.net\/site\/#\/schema\/logo\/image\/","url":"https:\/\/www.oarcanjo.net\/site\/wp-content\/uploads\/LogoOArcanjo.png","contentUrl":"https:\/\/www.oarcanjo.net\/site\/wp-content\/uploads\/LogoOArcanjo.png","width":319,"height":99,"caption":"Par\u00f3quia S\u00e3o Miguel Arcanjo"},"image":{"@id":"https:\/\/www.oarcanjo.net\/site\/#\/schema\/logo\/image\/"},"sameAs":["https:\/\/www.facebook.com\/OArcanjoNoAr\/"]},{"@type":"Person","@id":"https:\/\/www.oarcanjo.net\/site\/#\/schema\/person\/5eb9480bedd2f3c97e430ce128c29c6c","name":"danilo"}]}},"publishpress_future_action":{"enabled":false,"date":"2026-05-08 09:35:07","action":"category","newStatus":"draft","terms":[],"taxonomy":"category"},"publishpress_future_workflow_manual_trigger":{"enabledWorkflows":[]},"_links":{"self":[{"href":"https:\/\/www.oarcanjo.net\/site\/wp-json\/wp\/v2\/posts\/10273"}],"collection":[{"href":"https:\/\/www.oarcanjo.net\/site\/wp-json\/wp\/v2\/posts"}],"about":[{"href":"https:\/\/www.oarcanjo.net\/site\/wp-json\/wp\/v2\/types\/post"}],"author":[{"embeddable":true,"href":"https:\/\/www.oarcanjo.net\/site\/wp-json\/wp\/v2\/users\/14"}],"replies":[{"embeddable":true,"href":"https:\/\/www.oarcanjo.net\/site\/wp-json\/wp\/v2\/comments?post=10273"}],"version-history":[{"count":1,"href":"https:\/\/www.oarcanjo.net\/site\/wp-json\/wp\/v2\/posts\/10273\/revisions"}],"predecessor-version":[{"id":88572,"href":"https:\/\/www.oarcanjo.net\/site\/wp-json\/wp\/v2\/posts\/10273\/revisions\/88572"}],"wp:attachment":[{"href":"https:\/\/www.oarcanjo.net\/site\/wp-json\/wp\/v2\/media?parent=10273"}],"wp:term":[{"taxonomy":"category","embeddable":true,"href":"https:\/\/www.oarcanjo.net\/site\/wp-json\/wp\/v2\/categories?post=10273"},{"taxonomy":"post_tag","embeddable":true,"href":"https:\/\/www.oarcanjo.net\/site\/wp-json\/wp\/v2\/tags?post=10273"}],"curies":[{"name":"wp","href":"https:\/\/api.w.org\/{rel}","templated":true}]}}