
{"id":10276,"date":"2018-07-23T00:33:02","date_gmt":"2018-07-23T03:33:02","guid":{"rendered":"http:\/\/www.oarcanjo.net\/site\/?p=10276"},"modified":"2018-06-20T18:15:52","modified_gmt":"2018-06-20T21:15:52","slug":"santo-apolinario","status":"publish","type":"post","link":"https:\/\/www.oarcanjo.net\/site\/santo-apolinario\/","title":{"rendered":"Santo Apolin\u00e1rio"},"content":{"rendered":"<p><img decoding=\"async\" src=\"http:\/\/4.bp.blogspot.com\/_z-c0Sh5Zlrs\/SIYbvs5JZsI\/AAAAAAAAAvo\/le5uyBDXbL0\/s400\/Santo+Apolin%C3%A1rio.jpg\" alt=\"\" \/><\/p>\n<p>23 de Julho<\/p>\n<p>O nome, o culto, e a gl\u00f3ria de Santo Apolin\u00e1rio s\u00e3o legados que recebemos da hist\u00f3ria, e tamb\u00e9m da arte de Ravena, a capital do Imp\u00e9rio Bizantino no Ocidente, no per\u00edodo de meados do s\u00e9culo I e s\u00e9culo II.<\/p>\n<p>L\u00e1, existem duas grandiosas igrejas dedicadas a santo Apolin\u00e1rio, ambas c\u00e9lebres na hist\u00f3ria da arte e do cristianismo. Na igreja nova de Santo Apolin\u00e1rio, no centro da cidade, encontramos o c\u00e9lebre mosaico representativo, mais extenso do que um quarteir\u00e3o, com todos os m\u00e1rtires e as virgens. No destaque, encontra-se santo Apolin\u00e1rio. Na outra igreja, fora da cidade, est\u00e1 o outro esplendido mosaico, no qual, pela primeira vez, a figura de um santo, e n\u00e3o a de Cristo, ocupa o centro de uma composi\u00e7\u00e3o, circundado por duas fileiras de ovelhas.<\/p>\n<p>Apolin\u00e1rio, o primeiro bispo de Ravena, segundo a tradi\u00e7\u00e3o, teria sua origem no Oriente. A mando do pr\u00f3prio ap\u00f3stolo Pedro, de quem foi disc\u00edpulo, foi enviado para converter os pag\u00e3os nas terras ao norte do Imp\u00e9rio Romano.<\/p>\n<p>A sua obra de evangeliza\u00e7\u00e3o transcorreu num ambiente repleto de imensas dificuldades, fruto do \u00f3dio, do ego\u00edsmo, da incredibilidade que o cercavam, al\u00e9m do culto aos \u00eddolos pag\u00e3os que teve de combater. A tal apostolado dedicou toda a sua vida. Embora representado no mosaico da cidade, sereno e tranq\u00fcilo, na realidade era um homem de vida dura, combativa e atuante. Apolin\u00e1rio sempre foi considerado um m\u00e1rtir. M\u00e1rtir de um supl\u00edcio muito longo, que foi todo o seu episcopado.<\/p>\n<p>Ele n\u00e3o viu o resultado de sua obra, que s\u00f3 se revelou ap\u00f3s a sua morte. A popula\u00e7\u00e3o da nova capital do Imp\u00e9rio Romano tornou-se exclusivamente crist\u00e3, refor\u00e7ando suas ra\u00edzes no pr\u00f3prio culto de seu primeiro bispo, considerado por eles um exemplo de santidade.<\/p>\n<p>Dessa maneira se explica a grande devo\u00e7\u00e3o a ele, n\u00e3o somente em Ravena, mas em muitas outras localidades da It\u00e1lia, da Fran\u00e7a e da Alemanha. Ali\u00e1s, nessas regi\u00f5es, foi amplamente difundida, devido os mosteiros beneditinos e camaldulenses que Apolin\u00e1rio ali fundara.<\/p>\n<p>Apolin\u00e1rio morreu como m\u00e1rtir da f\u00e9 no dia 23 de julho, durante as primeiras persegui\u00e7\u00f5es impostas contra os crist\u00e3os. Entretanto n\u00e3o se encontrou nenhuma refer\u00eancia indicando o ano e a localidade. Suas rel\u00edquias, encontradas nas catacumbas, foram enviadas para a catedral de Santo Apolin\u00e1rio, em Ravena, na It\u00e1lia. A tradicional festa de Santo Apolin\u00e1rio, Padroeiro de Ravena, em 23 de julho, foi mantida pela Igreja.<\/p>\n<div id=\"themify_builder_content-10276\" data-postid=\"10276\" class=\"themify_builder_content themify_builder_content-10276 themify_builder themify_builder_front\">\n\t<\/div>\n<!-- \/themify_builder_content -->","protected":false},"excerpt":{"rendered":"<p>23 de Julho O nome, o culto, e a gl\u00f3ria de Santo Apolin\u00e1rio s\u00e3o legados que recebemos da hist\u00f3ria, e tamb\u00e9m da arte de Ravena, a capital do Imp\u00e9rio Bizantino no Ocidente, no per\u00edodo de meados do s\u00e9culo I e s\u00e9culo II. L\u00e1, existem duas grandiosas igrejas dedicadas a santo Apolin\u00e1rio, ambas c\u00e9lebres na hist\u00f3ria [&hellip;]<\/p>\n","protected":false},"author":14,"featured_media":0,"comment_status":"open","ping_status":"open","sticky":false,"template":"","format":"standard","meta":{"ngg_post_thumbnail":0,"footnotes":""},"categories":[186],"tags":[],"yoast_head":"<!-- This site is optimized with the Yoast SEO plugin v23.5 - https:\/\/yoast.com\/wordpress\/plugins\/seo\/ -->\n<title>Santo Apolin\u00e1rio - O Arcanjo no ar<\/title>\n<meta name=\"robots\" content=\"index, follow, max-snippet:-1, max-image-preview:large, max-video-preview:-1\" \/>\n<link rel=\"canonical\" href=\"https:\/\/www.oarcanjo.net\/site\/santo-apolinario\/\" \/>\n<meta property=\"og:locale\" content=\"pt_BR\" \/>\n<meta property=\"og:type\" content=\"article\" \/>\n<meta property=\"og:title\" content=\"Santo Apolin\u00e1rio - O Arcanjo no ar\" \/>\n<meta property=\"og:description\" content=\"23 de Julho O nome, o culto, e a gl\u00f3ria de Santo Apolin\u00e1rio s\u00e3o legados que recebemos da hist\u00f3ria, e tamb\u00e9m da arte de Ravena, a capital do Imp\u00e9rio Bizantino no Ocidente, no per\u00edodo de meados do s\u00e9culo I e s\u00e9culo II. L\u00e1, existem duas grandiosas igrejas dedicadas a santo Apolin\u00e1rio, ambas c\u00e9lebres na hist\u00f3ria [&hellip;]\" \/>\n<meta property=\"og:url\" content=\"https:\/\/www.oarcanjo.net\/site\/santo-apolinario\/\" \/>\n<meta property=\"og:site_name\" content=\"O Arcanjo no ar\" \/>\n<meta property=\"article:publisher\" content=\"https:\/\/www.facebook.com\/OArcanjoNoAr\/\" \/>\n<meta property=\"article:published_time\" content=\"2018-07-23T03:33:02+00:00\" \/>\n<meta property=\"article:modified_time\" content=\"2018-06-20T21:15:52+00:00\" \/>\n<meta property=\"og:image\" content=\"http:\/\/4.bp.blogspot.com\/_z-c0Sh5Zlrs\/SIYbvs5JZsI\/AAAAAAAAAvo\/le5uyBDXbL0\/s400\/Santo+Apolin%C3%A1rio.jpg\" \/>\n<meta name=\"author\" content=\"danilo\" \/>\n<meta name=\"twitter:card\" content=\"summary_large_image\" \/>\n<meta name=\"twitter:label1\" content=\"Escrito por\" \/>\n\t<meta name=\"twitter:data1\" content=\"danilo\" \/>\n\t<meta name=\"twitter:label2\" content=\"Est. tempo de leitura\" \/>\n\t<meta name=\"twitter:data2\" content=\"2 minutos\" \/>\n<script type=\"application\/ld+json\" class=\"yoast-schema-graph\">{\"@context\":\"https:\/\/schema.org\",\"@graph\":[{\"@type\":\"Article\",\"@id\":\"https:\/\/www.oarcanjo.net\/site\/santo-apolinario\/#article\",\"isPartOf\":{\"@id\":\"https:\/\/www.oarcanjo.net\/site\/santo-apolinario\/\"},\"author\":{\"name\":\"danilo\",\"@id\":\"https:\/\/www.oarcanjo.net\/site\/#\/schema\/person\/5eb9480bedd2f3c97e430ce128c29c6c\"},\"headline\":\"Santo Apolin\u00e1rio\",\"datePublished\":\"2018-07-23T03:33:02+00:00\",\"dateModified\":\"2018-06-20T21:15:52+00:00\",\"mainEntityOfPage\":{\"@id\":\"https:\/\/www.oarcanjo.net\/site\/santo-apolinario\/\"},\"wordCount\":455,\"commentCount\":0,\"publisher\":{\"@id\":\"https:\/\/www.oarcanjo.net\/site\/#organization\"},\"image\":{\"@id\":\"https:\/\/www.oarcanjo.net\/site\/santo-apolinario\/#primaryimage\"},\"thumbnailUrl\":\"http:\/\/4.bp.blogspot.com\/_z-c0Sh5Zlrs\/SIYbvs5JZsI\/AAAAAAAAAvo\/le5uyBDXbL0\/s400\/Santo+Apolin%C3%A1rio.jpg\",\"articleSection\":[\"Testemunhos\"],\"inLanguage\":\"pt-BR\",\"potentialAction\":[{\"@type\":\"CommentAction\",\"name\":\"Comment\",\"target\":[\"https:\/\/www.oarcanjo.net\/site\/santo-apolinario\/#respond\"]}]},{\"@type\":\"WebPage\",\"@id\":\"https:\/\/www.oarcanjo.net\/site\/santo-apolinario\/\",\"url\":\"https:\/\/www.oarcanjo.net\/site\/santo-apolinario\/\",\"name\":\"Santo Apolin\u00e1rio - O Arcanjo no ar\",\"isPartOf\":{\"@id\":\"https:\/\/www.oarcanjo.net\/site\/#website\"},\"primaryImageOfPage\":{\"@id\":\"https:\/\/www.oarcanjo.net\/site\/santo-apolinario\/#primaryimage\"},\"image\":{\"@id\":\"https:\/\/www.oarcanjo.net\/site\/santo-apolinario\/#primaryimage\"},\"thumbnailUrl\":\"http:\/\/4.bp.blogspot.com\/_z-c0Sh5Zlrs\/SIYbvs5JZsI\/AAAAAAAAAvo\/le5uyBDXbL0\/s400\/Santo+Apolin%C3%A1rio.jpg\",\"datePublished\":\"2018-07-23T03:33:02+00:00\",\"dateModified\":\"2018-06-20T21:15:52+00:00\",\"breadcrumb\":{\"@id\":\"https:\/\/www.oarcanjo.net\/site\/santo-apolinario\/#breadcrumb\"},\"inLanguage\":\"pt-BR\",\"potentialAction\":[{\"@type\":\"ReadAction\",\"target\":[\"https:\/\/www.oarcanjo.net\/site\/santo-apolinario\/\"]}]},{\"@type\":\"ImageObject\",\"inLanguage\":\"pt-BR\",\"@id\":\"https:\/\/www.oarcanjo.net\/site\/santo-apolinario\/#primaryimage\",\"url\":\"http:\/\/4.bp.blogspot.com\/_z-c0Sh5Zlrs\/SIYbvs5JZsI\/AAAAAAAAAvo\/le5uyBDXbL0\/s400\/Santo+Apolin%C3%A1rio.jpg\",\"contentUrl\":\"http:\/\/4.bp.blogspot.com\/_z-c0Sh5Zlrs\/SIYbvs5JZsI\/AAAAAAAAAvo\/le5uyBDXbL0\/s400\/Santo+Apolin%C3%A1rio.jpg\"},{\"@type\":\"BreadcrumbList\",\"@id\":\"https:\/\/www.oarcanjo.net\/site\/santo-apolinario\/#breadcrumb\",\"itemListElement\":[{\"@type\":\"ListItem\",\"position\":1,\"name\":\"In\u00edcio\",\"item\":\"https:\/\/www.oarcanjo.net\/site\/\"},{\"@type\":\"ListItem\",\"position\":2,\"name\":\"Santo Apolin\u00e1rio\"}]},{\"@type\":\"WebSite\",\"@id\":\"https:\/\/www.oarcanjo.net\/site\/#website\",\"url\":\"https:\/\/www.oarcanjo.net\/site\/\",\"name\":\"O Arcanjo no ar\",\"description\":\"Site da Par\u00f3quia S\u00e3o Miguel Arcanjo (Arquidiocese de SP)\",\"publisher\":{\"@id\":\"https:\/\/www.oarcanjo.net\/site\/#organization\"},\"potentialAction\":[{\"@type\":\"SearchAction\",\"target\":{\"@type\":\"EntryPoint\",\"urlTemplate\":\"https:\/\/www.oarcanjo.net\/site\/?s={search_term_string}\"},\"query-input\":{\"@type\":\"PropertyValueSpecification\",\"valueRequired\":true,\"valueName\":\"search_term_string\"}}],\"inLanguage\":\"pt-BR\"},{\"@type\":\"Organization\",\"@id\":\"https:\/\/www.oarcanjo.net\/site\/#organization\",\"name\":\"Par\u00f3quia S\u00e3o Miguel Arcanjo\",\"url\":\"https:\/\/www.oarcanjo.net\/site\/\",\"logo\":{\"@type\":\"ImageObject\",\"inLanguage\":\"pt-BR\",\"@id\":\"https:\/\/www.oarcanjo.net\/site\/#\/schema\/logo\/image\/\",\"url\":\"https:\/\/www.oarcanjo.net\/site\/wp-content\/uploads\/LogoOArcanjo.png\",\"contentUrl\":\"https:\/\/www.oarcanjo.net\/site\/wp-content\/uploads\/LogoOArcanjo.png\",\"width\":319,\"height\":99,\"caption\":\"Par\u00f3quia S\u00e3o Miguel Arcanjo\"},\"image\":{\"@id\":\"https:\/\/www.oarcanjo.net\/site\/#\/schema\/logo\/image\/\"},\"sameAs\":[\"https:\/\/www.facebook.com\/OArcanjoNoAr\/\"]},{\"@type\":\"Person\",\"@id\":\"https:\/\/www.oarcanjo.net\/site\/#\/schema\/person\/5eb9480bedd2f3c97e430ce128c29c6c\",\"name\":\"danilo\"}]}<\/script>\n<!-- \/ Yoast SEO plugin. -->","yoast_head_json":{"title":"Santo Apolin\u00e1rio - O Arcanjo no ar","robots":{"index":"index","follow":"follow","max-snippet":"max-snippet:-1","max-image-preview":"max-image-preview:large","max-video-preview":"max-video-preview:-1"},"canonical":"https:\/\/www.oarcanjo.net\/site\/santo-apolinario\/","og_locale":"pt_BR","og_type":"article","og_title":"Santo Apolin\u00e1rio - O Arcanjo no ar","og_description":"23 de Julho O nome, o culto, e a gl\u00f3ria de Santo Apolin\u00e1rio s\u00e3o legados que recebemos da hist\u00f3ria, e tamb\u00e9m da arte de Ravena, a capital do Imp\u00e9rio Bizantino no Ocidente, no per\u00edodo de meados do s\u00e9culo I e s\u00e9culo II. L\u00e1, existem duas grandiosas igrejas dedicadas a santo Apolin\u00e1rio, ambas c\u00e9lebres na hist\u00f3ria [&hellip;]","og_url":"https:\/\/www.oarcanjo.net\/site\/santo-apolinario\/","og_site_name":"O Arcanjo no ar","article_publisher":"https:\/\/www.facebook.com\/OArcanjoNoAr\/","article_published_time":"2018-07-23T03:33:02+00:00","article_modified_time":"2018-06-20T21:15:52+00:00","og_image":[{"url":"http:\/\/4.bp.blogspot.com\/_z-c0Sh5Zlrs\/SIYbvs5JZsI\/AAAAAAAAAvo\/le5uyBDXbL0\/s400\/Santo+Apolin%C3%A1rio.jpg"}],"author":"danilo","twitter_card":"summary_large_image","twitter_misc":{"Escrito por":"danilo","Est. tempo de leitura":"2 minutos"},"schema":{"@context":"https:\/\/schema.org","@graph":[{"@type":"Article","@id":"https:\/\/www.oarcanjo.net\/site\/santo-apolinario\/#article","isPartOf":{"@id":"https:\/\/www.oarcanjo.net\/site\/santo-apolinario\/"},"author":{"name":"danilo","@id":"https:\/\/www.oarcanjo.net\/site\/#\/schema\/person\/5eb9480bedd2f3c97e430ce128c29c6c"},"headline":"Santo Apolin\u00e1rio","datePublished":"2018-07-23T03:33:02+00:00","dateModified":"2018-06-20T21:15:52+00:00","mainEntityOfPage":{"@id":"https:\/\/www.oarcanjo.net\/site\/santo-apolinario\/"},"wordCount":455,"commentCount":0,"publisher":{"@id":"https:\/\/www.oarcanjo.net\/site\/#organization"},"image":{"@id":"https:\/\/www.oarcanjo.net\/site\/santo-apolinario\/#primaryimage"},"thumbnailUrl":"http:\/\/4.bp.blogspot.com\/_z-c0Sh5Zlrs\/SIYbvs5JZsI\/AAAAAAAAAvo\/le5uyBDXbL0\/s400\/Santo+Apolin%C3%A1rio.jpg","articleSection":["Testemunhos"],"inLanguage":"pt-BR","potentialAction":[{"@type":"CommentAction","name":"Comment","target":["https:\/\/www.oarcanjo.net\/site\/santo-apolinario\/#respond"]}]},{"@type":"WebPage","@id":"https:\/\/www.oarcanjo.net\/site\/santo-apolinario\/","url":"https:\/\/www.oarcanjo.net\/site\/santo-apolinario\/","name":"Santo Apolin\u00e1rio - O Arcanjo no ar","isPartOf":{"@id":"https:\/\/www.oarcanjo.net\/site\/#website"},"primaryImageOfPage":{"@id":"https:\/\/www.oarcanjo.net\/site\/santo-apolinario\/#primaryimage"},"image":{"@id":"https:\/\/www.oarcanjo.net\/site\/santo-apolinario\/#primaryimage"},"thumbnailUrl":"http:\/\/4.bp.blogspot.com\/_z-c0Sh5Zlrs\/SIYbvs5JZsI\/AAAAAAAAAvo\/le5uyBDXbL0\/s400\/Santo+Apolin%C3%A1rio.jpg","datePublished":"2018-07-23T03:33:02+00:00","dateModified":"2018-06-20T21:15:52+00:00","breadcrumb":{"@id":"https:\/\/www.oarcanjo.net\/site\/santo-apolinario\/#breadcrumb"},"inLanguage":"pt-BR","potentialAction":[{"@type":"ReadAction","target":["https:\/\/www.oarcanjo.net\/site\/santo-apolinario\/"]}]},{"@type":"ImageObject","inLanguage":"pt-BR","@id":"https:\/\/www.oarcanjo.net\/site\/santo-apolinario\/#primaryimage","url":"http:\/\/4.bp.blogspot.com\/_z-c0Sh5Zlrs\/SIYbvs5JZsI\/AAAAAAAAAvo\/le5uyBDXbL0\/s400\/Santo+Apolin%C3%A1rio.jpg","contentUrl":"http:\/\/4.bp.blogspot.com\/_z-c0Sh5Zlrs\/SIYbvs5JZsI\/AAAAAAAAAvo\/le5uyBDXbL0\/s400\/Santo+Apolin%C3%A1rio.jpg"},{"@type":"BreadcrumbList","@id":"https:\/\/www.oarcanjo.net\/site\/santo-apolinario\/#breadcrumb","itemListElement":[{"@type":"ListItem","position":1,"name":"In\u00edcio","item":"https:\/\/www.oarcanjo.net\/site\/"},{"@type":"ListItem","position":2,"name":"Santo Apolin\u00e1rio"}]},{"@type":"WebSite","@id":"https:\/\/www.oarcanjo.net\/site\/#website","url":"https:\/\/www.oarcanjo.net\/site\/","name":"O Arcanjo no ar","description":"Site da Par\u00f3quia S\u00e3o Miguel Arcanjo (Arquidiocese de SP)","publisher":{"@id":"https:\/\/www.oarcanjo.net\/site\/#organization"},"potentialAction":[{"@type":"SearchAction","target":{"@type":"EntryPoint","urlTemplate":"https:\/\/www.oarcanjo.net\/site\/?s={search_term_string}"},"query-input":{"@type":"PropertyValueSpecification","valueRequired":true,"valueName":"search_term_string"}}],"inLanguage":"pt-BR"},{"@type":"Organization","@id":"https:\/\/www.oarcanjo.net\/site\/#organization","name":"Par\u00f3quia S\u00e3o Miguel Arcanjo","url":"https:\/\/www.oarcanjo.net\/site\/","logo":{"@type":"ImageObject","inLanguage":"pt-BR","@id":"https:\/\/www.oarcanjo.net\/site\/#\/schema\/logo\/image\/","url":"https:\/\/www.oarcanjo.net\/site\/wp-content\/uploads\/LogoOArcanjo.png","contentUrl":"https:\/\/www.oarcanjo.net\/site\/wp-content\/uploads\/LogoOArcanjo.png","width":319,"height":99,"caption":"Par\u00f3quia S\u00e3o Miguel Arcanjo"},"image":{"@id":"https:\/\/www.oarcanjo.net\/site\/#\/schema\/logo\/image\/"},"sameAs":["https:\/\/www.facebook.com\/OArcanjoNoAr\/"]},{"@type":"Person","@id":"https:\/\/www.oarcanjo.net\/site\/#\/schema\/person\/5eb9480bedd2f3c97e430ce128c29c6c","name":"danilo"}]}},"publishpress_future_action":{"enabled":false,"date":"2026-05-08 09:35:06","action":"category","newStatus":"draft","terms":[],"taxonomy":"category"},"publishpress_future_workflow_manual_trigger":{"enabledWorkflows":[]},"_links":{"self":[{"href":"https:\/\/www.oarcanjo.net\/site\/wp-json\/wp\/v2\/posts\/10276"}],"collection":[{"href":"https:\/\/www.oarcanjo.net\/site\/wp-json\/wp\/v2\/posts"}],"about":[{"href":"https:\/\/www.oarcanjo.net\/site\/wp-json\/wp\/v2\/types\/post"}],"author":[{"embeddable":true,"href":"https:\/\/www.oarcanjo.net\/site\/wp-json\/wp\/v2\/users\/14"}],"replies":[{"embeddable":true,"href":"https:\/\/www.oarcanjo.net\/site\/wp-json\/wp\/v2\/comments?post=10276"}],"version-history":[{"count":1,"href":"https:\/\/www.oarcanjo.net\/site\/wp-json\/wp\/v2\/posts\/10276\/revisions"}],"predecessor-version":[{"id":88573,"href":"https:\/\/www.oarcanjo.net\/site\/wp-json\/wp\/v2\/posts\/10276\/revisions\/88573"}],"wp:attachment":[{"href":"https:\/\/www.oarcanjo.net\/site\/wp-json\/wp\/v2\/media?parent=10276"}],"wp:term":[{"taxonomy":"category","embeddable":true,"href":"https:\/\/www.oarcanjo.net\/site\/wp-json\/wp\/v2\/categories?post=10276"},{"taxonomy":"post_tag","embeddable":true,"href":"https:\/\/www.oarcanjo.net\/site\/wp-json\/wp\/v2\/tags?post=10276"}],"curies":[{"name":"wp","href":"https:\/\/api.w.org\/{rel}","templated":true}]}}