
{"id":10278,"date":"2018-07-23T00:34:28","date_gmt":"2018-07-23T03:34:28","guid":{"rendered":"http:\/\/www.oarcanjo.net\/site\/?p=10278"},"modified":"2018-06-20T18:15:56","modified_gmt":"2018-06-20T21:15:56","slug":"santa-brigida","status":"publish","type":"post","link":"https:\/\/www.oarcanjo.net\/site\/santa-brigida\/","title":{"rendered":"Santa Br\u00edgida"},"content":{"rendered":"<p><img loading=\"lazy\" decoding=\"async\" class=\"alignnone size-full wp-image-64162\" src=\"http:\/\/www.oarcanjo.net\/site\/wp-content\/uploads\/Santa-Brigida.jpg\" alt=\"Santa Br\u00edgida\" width=\"244\" height=\"410\" srcset=\"https:\/\/www.oarcanjo.net\/site\/wp-content\/uploads\/Santa-Brigida.jpg 244w, https:\/\/www.oarcanjo.net\/site\/wp-content\/uploads\/Santa-Brigida-179x300.jpg 179w\" sizes=\"(max-width: 244px) 100vw, 244px\" \/><\/p>\n<p>23 de Julho<\/p>\n<p>Fundou a Ordem do Santo Salvador<\/p>\n<p>Br\u00edgida, ou Brigite, nasceu princesa, em 1303, no castelo de Finstad, na Su\u00e9cia. Descendia de uma casa real muito pia, que forneceu \u00e0 Igreja muitos santos e que se dedicava a construir mosteiros, igrejas e hospitais com a pr\u00f3pria fortuna. Al\u00e9m de manter muitas obras de caridade para a popula\u00e7\u00e3o pobre, Br\u00edgida, desde a inf\u00e2ncia, tinha o dom das revela\u00e7\u00f5es divinas, todas anotadas por ela no seu idioma sueco. Depois, as descri\u00e7\u00f5es foram traduzidas para o latim e somaram oito grandes volumes, que ainda hoje s\u00e3o fonte de consulta para historiadores, te\u00f3logos e fi\u00e9is crist\u00e3os.<\/p>\n<p>Aos dezoito anos, ela se casou com o nobre chamado Ulf Gudmarsson, um homem crist\u00e3o e muito piedoso. O casal teve oito filhos, dentre os quais a filha venerada como santa Catarina da Su\u00e9cia. Era com rigor que eles cuidavam da educa\u00e7\u00e3o religiosa e acad\u00eamica dos filhos, sempre no caminho para a santifica\u00e7\u00e3o em Cristo. Durante um longo per\u00edodo, Br\u00edgida foi dama de companhia da rainha Bianca, de Namur, por isso freq\u00fcentava sempre as cortes luxuosas. Mas n\u00e3o se corrompeu neste ambiente de riquezas fr\u00edvolas, ao contr\u00e1rio, manteve-se fiel aos ensinamentos crist\u00e3os, perseverando seu esp\u00edrito na dignidade e na caridade da f\u00e9.<\/p>\n<p>Ap\u00f3s a morte de um dos seus filhos, o casal resolveu fazer uma peregrina\u00e7\u00e3o ao santu\u00e1rio de Santiago de Compostela, na Espanha. No retorno, Ulf caiu gravemente enfermo, e nessa ocasi\u00e3o Br\u00edgida, em sonho, teve uma revela\u00e7\u00e3o de s\u00e3o Dion\u00edsio, que lhe disse que o marido n\u00e3o morreria. De fato ele ficou curado, mas logo em seguida ingressou no mosteiro de Alvastra, onde vivia um dos seus filhos, e l\u00e1 morreu, em 1344.<\/p>\n<p>Vi\u00fava, Br\u00edgida decidiu retirar-se definitivamente para a vida mon\u00e1stica, para realizar um velho projeto, a funda\u00e7\u00e3o de um mosteiro duplo, de homens e mulheres, que deu origem \u00e0 Ordem do Santo Salvador, sob as Regras de s\u00e3o Agostinho, passando, ent\u00e3o, a viver nele. Quando obteve aprova\u00e7\u00e3o can\u00f4nica, a fundadora transferiu-se para Roma.<\/p>\n<p>Ali viveu por vinte e quatro anos, trabalhando pela reforma dos costumes e a volta do papa de Avignon. Com o apoio do rei da Su\u00e9cia, construiu e instaurou setenta e oito mosteiros por toda a Europa. Ela morreu em 23 de julho de 1373, durante uma romaria \u00e0 Terra Santa.<\/p>\n<p>Desde ent\u00e3o, a Ordem fundada por ela passou a ser dirigida por sua filha, Catarina da Su\u00e9cia, alcan\u00e7ando notoriedade pelos anos futuros. Canonizada em 1391, apenas dezoito anos ap\u00f3s sua morte, santa Br\u00edgida j\u00e1 tinha um culto muito vigoroso em todo o mundo crist\u00e3o da Europa, sendo celebrada no dia de sua morte. O local onde residia em Roma foi transformado em um bel\u00edssima igreja dedicada a ela, na pra\u00e7a Farnese.<\/p>\n<div id=\"themify_builder_content-10278\" data-postid=\"10278\" class=\"themify_builder_content themify_builder_content-10278 themify_builder themify_builder_front\">\n\t<\/div>\n<!-- \/themify_builder_content -->","protected":false},"excerpt":{"rendered":"<p>23 de Julho Fundou a Ordem do Santo Salvador Br\u00edgida, ou Brigite, nasceu princesa, em 1303, no castelo de Finstad, na Su\u00e9cia. Descendia de uma casa real muito pia, que forneceu \u00e0 Igreja muitos santos e que se dedicava a construir mosteiros, igrejas e hospitais com a pr\u00f3pria fortuna. Al\u00e9m de manter muitas obras de [&hellip;]<\/p>\n","protected":false},"author":14,"featured_media":0,"comment_status":"open","ping_status":"open","sticky":false,"template":"","format":"standard","meta":{"ngg_post_thumbnail":0,"footnotes":""},"categories":[186],"tags":[],"yoast_head":"<!-- This site is optimized with the Yoast SEO plugin v23.5 - https:\/\/yoast.com\/wordpress\/plugins\/seo\/ -->\n<title>Santa Br\u00edgida - O Arcanjo no ar<\/title>\n<meta name=\"robots\" content=\"index, follow, max-snippet:-1, max-image-preview:large, max-video-preview:-1\" \/>\n<link rel=\"canonical\" href=\"https:\/\/www.oarcanjo.net\/site\/santa-brigida\/\" \/>\n<meta property=\"og:locale\" content=\"pt_BR\" \/>\n<meta property=\"og:type\" content=\"article\" \/>\n<meta property=\"og:title\" content=\"Santa Br\u00edgida - O Arcanjo no ar\" \/>\n<meta property=\"og:description\" content=\"23 de Julho Fundou a Ordem do Santo Salvador Br\u00edgida, ou Brigite, nasceu princesa, em 1303, no castelo de Finstad, na Su\u00e9cia. Descendia de uma casa real muito pia, que forneceu \u00e0 Igreja muitos santos e que se dedicava a construir mosteiros, igrejas e hospitais com a pr\u00f3pria fortuna. Al\u00e9m de manter muitas obras de [&hellip;]\" \/>\n<meta property=\"og:url\" content=\"https:\/\/www.oarcanjo.net\/site\/santa-brigida\/\" \/>\n<meta property=\"og:site_name\" content=\"O Arcanjo no ar\" \/>\n<meta property=\"article:publisher\" content=\"https:\/\/www.facebook.com\/OArcanjoNoAr\/\" \/>\n<meta property=\"article:published_time\" content=\"2018-07-23T03:34:28+00:00\" \/>\n<meta property=\"article:modified_time\" content=\"2018-06-20T21:15:56+00:00\" \/>\n<meta property=\"og:image\" content=\"http:\/\/www.oarcanjo.net\/site\/wp-content\/uploads\/Santa-Brigida.jpg\" \/>\n<meta name=\"author\" content=\"danilo\" \/>\n<meta name=\"twitter:card\" content=\"summary_large_image\" \/>\n<meta name=\"twitter:label1\" content=\"Escrito por\" \/>\n\t<meta name=\"twitter:data1\" content=\"danilo\" \/>\n\t<meta name=\"twitter:label2\" content=\"Est. tempo de leitura\" \/>\n\t<meta name=\"twitter:data2\" content=\"2 minutos\" \/>\n<script type=\"application\/ld+json\" class=\"yoast-schema-graph\">{\"@context\":\"https:\/\/schema.org\",\"@graph\":[{\"@type\":\"Article\",\"@id\":\"https:\/\/www.oarcanjo.net\/site\/santa-brigida\/#article\",\"isPartOf\":{\"@id\":\"https:\/\/www.oarcanjo.net\/site\/santa-brigida\/\"},\"author\":{\"name\":\"danilo\",\"@id\":\"https:\/\/www.oarcanjo.net\/site\/#\/schema\/person\/5eb9480bedd2f3c97e430ce128c29c6c\"},\"headline\":\"Santa Br\u00edgida\",\"datePublished\":\"2018-07-23T03:34:28+00:00\",\"dateModified\":\"2018-06-20T21:15:56+00:00\",\"mainEntityOfPage\":{\"@id\":\"https:\/\/www.oarcanjo.net\/site\/santa-brigida\/\"},\"wordCount\":499,\"commentCount\":2,\"publisher\":{\"@id\":\"https:\/\/www.oarcanjo.net\/site\/#organization\"},\"image\":{\"@id\":\"https:\/\/www.oarcanjo.net\/site\/santa-brigida\/#primaryimage\"},\"thumbnailUrl\":\"http:\/\/www.oarcanjo.net\/site\/wp-content\/uploads\/Santa-Brigida.jpg\",\"articleSection\":[\"Testemunhos\"],\"inLanguage\":\"pt-BR\",\"potentialAction\":[{\"@type\":\"CommentAction\",\"name\":\"Comment\",\"target\":[\"https:\/\/www.oarcanjo.net\/site\/santa-brigida\/#respond\"]}]},{\"@type\":\"WebPage\",\"@id\":\"https:\/\/www.oarcanjo.net\/site\/santa-brigida\/\",\"url\":\"https:\/\/www.oarcanjo.net\/site\/santa-brigida\/\",\"name\":\"Santa Br\u00edgida - O Arcanjo no ar\",\"isPartOf\":{\"@id\":\"https:\/\/www.oarcanjo.net\/site\/#website\"},\"primaryImageOfPage\":{\"@id\":\"https:\/\/www.oarcanjo.net\/site\/santa-brigida\/#primaryimage\"},\"image\":{\"@id\":\"https:\/\/www.oarcanjo.net\/site\/santa-brigida\/#primaryimage\"},\"thumbnailUrl\":\"http:\/\/www.oarcanjo.net\/site\/wp-content\/uploads\/Santa-Brigida.jpg\",\"datePublished\":\"2018-07-23T03:34:28+00:00\",\"dateModified\":\"2018-06-20T21:15:56+00:00\",\"breadcrumb\":{\"@id\":\"https:\/\/www.oarcanjo.net\/site\/santa-brigida\/#breadcrumb\"},\"inLanguage\":\"pt-BR\",\"potentialAction\":[{\"@type\":\"ReadAction\",\"target\":[\"https:\/\/www.oarcanjo.net\/site\/santa-brigida\/\"]}]},{\"@type\":\"ImageObject\",\"inLanguage\":\"pt-BR\",\"@id\":\"https:\/\/www.oarcanjo.net\/site\/santa-brigida\/#primaryimage\",\"url\":\"https:\/\/www.oarcanjo.net\/site\/wp-content\/uploads\/Santa-Brigida.jpg\",\"contentUrl\":\"https:\/\/www.oarcanjo.net\/site\/wp-content\/uploads\/Santa-Brigida.jpg\",\"width\":244,\"height\":410,\"caption\":\"Santa Br\u00edgida\"},{\"@type\":\"BreadcrumbList\",\"@id\":\"https:\/\/www.oarcanjo.net\/site\/santa-brigida\/#breadcrumb\",\"itemListElement\":[{\"@type\":\"ListItem\",\"position\":1,\"name\":\"In\u00edcio\",\"item\":\"https:\/\/www.oarcanjo.net\/site\/\"},{\"@type\":\"ListItem\",\"position\":2,\"name\":\"Santa Br\u00edgida\"}]},{\"@type\":\"WebSite\",\"@id\":\"https:\/\/www.oarcanjo.net\/site\/#website\",\"url\":\"https:\/\/www.oarcanjo.net\/site\/\",\"name\":\"O Arcanjo no ar\",\"description\":\"Site da Par\u00f3quia S\u00e3o Miguel Arcanjo (Arquidiocese de SP)\",\"publisher\":{\"@id\":\"https:\/\/www.oarcanjo.net\/site\/#organization\"},\"potentialAction\":[{\"@type\":\"SearchAction\",\"target\":{\"@type\":\"EntryPoint\",\"urlTemplate\":\"https:\/\/www.oarcanjo.net\/site\/?s={search_term_string}\"},\"query-input\":{\"@type\":\"PropertyValueSpecification\",\"valueRequired\":true,\"valueName\":\"search_term_string\"}}],\"inLanguage\":\"pt-BR\"},{\"@type\":\"Organization\",\"@id\":\"https:\/\/www.oarcanjo.net\/site\/#organization\",\"name\":\"Par\u00f3quia S\u00e3o Miguel Arcanjo\",\"url\":\"https:\/\/www.oarcanjo.net\/site\/\",\"logo\":{\"@type\":\"ImageObject\",\"inLanguage\":\"pt-BR\",\"@id\":\"https:\/\/www.oarcanjo.net\/site\/#\/schema\/logo\/image\/\",\"url\":\"https:\/\/www.oarcanjo.net\/site\/wp-content\/uploads\/LogoOArcanjo.png\",\"contentUrl\":\"https:\/\/www.oarcanjo.net\/site\/wp-content\/uploads\/LogoOArcanjo.png\",\"width\":319,\"height\":99,\"caption\":\"Par\u00f3quia S\u00e3o Miguel Arcanjo\"},\"image\":{\"@id\":\"https:\/\/www.oarcanjo.net\/site\/#\/schema\/logo\/image\/\"},\"sameAs\":[\"https:\/\/www.facebook.com\/OArcanjoNoAr\/\"]},{\"@type\":\"Person\",\"@id\":\"https:\/\/www.oarcanjo.net\/site\/#\/schema\/person\/5eb9480bedd2f3c97e430ce128c29c6c\",\"name\":\"danilo\"}]}<\/script>\n<!-- \/ Yoast SEO plugin. -->","yoast_head_json":{"title":"Santa Br\u00edgida - O Arcanjo no ar","robots":{"index":"index","follow":"follow","max-snippet":"max-snippet:-1","max-image-preview":"max-image-preview:large","max-video-preview":"max-video-preview:-1"},"canonical":"https:\/\/www.oarcanjo.net\/site\/santa-brigida\/","og_locale":"pt_BR","og_type":"article","og_title":"Santa Br\u00edgida - O Arcanjo no ar","og_description":"23 de Julho Fundou a Ordem do Santo Salvador Br\u00edgida, ou Brigite, nasceu princesa, em 1303, no castelo de Finstad, na Su\u00e9cia. Descendia de uma casa real muito pia, que forneceu \u00e0 Igreja muitos santos e que se dedicava a construir mosteiros, igrejas e hospitais com a pr\u00f3pria fortuna. Al\u00e9m de manter muitas obras de [&hellip;]","og_url":"https:\/\/www.oarcanjo.net\/site\/santa-brigida\/","og_site_name":"O Arcanjo no ar","article_publisher":"https:\/\/www.facebook.com\/OArcanjoNoAr\/","article_published_time":"2018-07-23T03:34:28+00:00","article_modified_time":"2018-06-20T21:15:56+00:00","og_image":[{"url":"http:\/\/www.oarcanjo.net\/site\/wp-content\/uploads\/Santa-Brigida.jpg"}],"author":"danilo","twitter_card":"summary_large_image","twitter_misc":{"Escrito por":"danilo","Est. tempo de leitura":"2 minutos"},"schema":{"@context":"https:\/\/schema.org","@graph":[{"@type":"Article","@id":"https:\/\/www.oarcanjo.net\/site\/santa-brigida\/#article","isPartOf":{"@id":"https:\/\/www.oarcanjo.net\/site\/santa-brigida\/"},"author":{"name":"danilo","@id":"https:\/\/www.oarcanjo.net\/site\/#\/schema\/person\/5eb9480bedd2f3c97e430ce128c29c6c"},"headline":"Santa Br\u00edgida","datePublished":"2018-07-23T03:34:28+00:00","dateModified":"2018-06-20T21:15:56+00:00","mainEntityOfPage":{"@id":"https:\/\/www.oarcanjo.net\/site\/santa-brigida\/"},"wordCount":499,"commentCount":2,"publisher":{"@id":"https:\/\/www.oarcanjo.net\/site\/#organization"},"image":{"@id":"https:\/\/www.oarcanjo.net\/site\/santa-brigida\/#primaryimage"},"thumbnailUrl":"http:\/\/www.oarcanjo.net\/site\/wp-content\/uploads\/Santa-Brigida.jpg","articleSection":["Testemunhos"],"inLanguage":"pt-BR","potentialAction":[{"@type":"CommentAction","name":"Comment","target":["https:\/\/www.oarcanjo.net\/site\/santa-brigida\/#respond"]}]},{"@type":"WebPage","@id":"https:\/\/www.oarcanjo.net\/site\/santa-brigida\/","url":"https:\/\/www.oarcanjo.net\/site\/santa-brigida\/","name":"Santa Br\u00edgida - O Arcanjo no ar","isPartOf":{"@id":"https:\/\/www.oarcanjo.net\/site\/#website"},"primaryImageOfPage":{"@id":"https:\/\/www.oarcanjo.net\/site\/santa-brigida\/#primaryimage"},"image":{"@id":"https:\/\/www.oarcanjo.net\/site\/santa-brigida\/#primaryimage"},"thumbnailUrl":"http:\/\/www.oarcanjo.net\/site\/wp-content\/uploads\/Santa-Brigida.jpg","datePublished":"2018-07-23T03:34:28+00:00","dateModified":"2018-06-20T21:15:56+00:00","breadcrumb":{"@id":"https:\/\/www.oarcanjo.net\/site\/santa-brigida\/#breadcrumb"},"inLanguage":"pt-BR","potentialAction":[{"@type":"ReadAction","target":["https:\/\/www.oarcanjo.net\/site\/santa-brigida\/"]}]},{"@type":"ImageObject","inLanguage":"pt-BR","@id":"https:\/\/www.oarcanjo.net\/site\/santa-brigida\/#primaryimage","url":"https:\/\/www.oarcanjo.net\/site\/wp-content\/uploads\/Santa-Brigida.jpg","contentUrl":"https:\/\/www.oarcanjo.net\/site\/wp-content\/uploads\/Santa-Brigida.jpg","width":244,"height":410,"caption":"Santa Br\u00edgida"},{"@type":"BreadcrumbList","@id":"https:\/\/www.oarcanjo.net\/site\/santa-brigida\/#breadcrumb","itemListElement":[{"@type":"ListItem","position":1,"name":"In\u00edcio","item":"https:\/\/www.oarcanjo.net\/site\/"},{"@type":"ListItem","position":2,"name":"Santa Br\u00edgida"}]},{"@type":"WebSite","@id":"https:\/\/www.oarcanjo.net\/site\/#website","url":"https:\/\/www.oarcanjo.net\/site\/","name":"O Arcanjo no ar","description":"Site da Par\u00f3quia S\u00e3o Miguel Arcanjo (Arquidiocese de SP)","publisher":{"@id":"https:\/\/www.oarcanjo.net\/site\/#organization"},"potentialAction":[{"@type":"SearchAction","target":{"@type":"EntryPoint","urlTemplate":"https:\/\/www.oarcanjo.net\/site\/?s={search_term_string}"},"query-input":{"@type":"PropertyValueSpecification","valueRequired":true,"valueName":"search_term_string"}}],"inLanguage":"pt-BR"},{"@type":"Organization","@id":"https:\/\/www.oarcanjo.net\/site\/#organization","name":"Par\u00f3quia S\u00e3o Miguel Arcanjo","url":"https:\/\/www.oarcanjo.net\/site\/","logo":{"@type":"ImageObject","inLanguage":"pt-BR","@id":"https:\/\/www.oarcanjo.net\/site\/#\/schema\/logo\/image\/","url":"https:\/\/www.oarcanjo.net\/site\/wp-content\/uploads\/LogoOArcanjo.png","contentUrl":"https:\/\/www.oarcanjo.net\/site\/wp-content\/uploads\/LogoOArcanjo.png","width":319,"height":99,"caption":"Par\u00f3quia S\u00e3o Miguel Arcanjo"},"image":{"@id":"https:\/\/www.oarcanjo.net\/site\/#\/schema\/logo\/image\/"},"sameAs":["https:\/\/www.facebook.com\/OArcanjoNoAr\/"]},{"@type":"Person","@id":"https:\/\/www.oarcanjo.net\/site\/#\/schema\/person\/5eb9480bedd2f3c97e430ce128c29c6c","name":"danilo"}]}},"publishpress_future_action":{"enabled":false,"date":"2026-05-08 09:34:45","action":"category","newStatus":"draft","terms":[],"taxonomy":"category"},"publishpress_future_workflow_manual_trigger":{"enabledWorkflows":[]},"_links":{"self":[{"href":"https:\/\/www.oarcanjo.net\/site\/wp-json\/wp\/v2\/posts\/10278"}],"collection":[{"href":"https:\/\/www.oarcanjo.net\/site\/wp-json\/wp\/v2\/posts"}],"about":[{"href":"https:\/\/www.oarcanjo.net\/site\/wp-json\/wp\/v2\/types\/post"}],"author":[{"embeddable":true,"href":"https:\/\/www.oarcanjo.net\/site\/wp-json\/wp\/v2\/users\/14"}],"replies":[{"embeddable":true,"href":"https:\/\/www.oarcanjo.net\/site\/wp-json\/wp\/v2\/comments?post=10278"}],"version-history":[{"count":1,"href":"https:\/\/www.oarcanjo.net\/site\/wp-json\/wp\/v2\/posts\/10278\/revisions"}],"predecessor-version":[{"id":88574,"href":"https:\/\/www.oarcanjo.net\/site\/wp-json\/wp\/v2\/posts\/10278\/revisions\/88574"}],"wp:attachment":[{"href":"https:\/\/www.oarcanjo.net\/site\/wp-json\/wp\/v2\/media?parent=10278"}],"wp:term":[{"taxonomy":"category","embeddable":true,"href":"https:\/\/www.oarcanjo.net\/site\/wp-json\/wp\/v2\/categories?post=10278"},{"taxonomy":"post_tag","embeddable":true,"href":"https:\/\/www.oarcanjo.net\/site\/wp-json\/wp\/v2\/tags?post=10278"}],"curies":[{"name":"wp","href":"https:\/\/api.w.org\/{rel}","templated":true}]}}