
{"id":10285,"date":"2018-07-25T00:39:43","date_gmt":"2018-07-25T03:39:43","guid":{"rendered":"http:\/\/www.oarcanjo.net\/site\/?p=10285"},"modified":"2018-06-20T18:17:59","modified_gmt":"2018-06-20T21:17:59","slug":"sao-tiago-o-maior","status":"publish","type":"post","link":"https:\/\/www.oarcanjo.net\/site\/sao-tiago-o-maior\/","title":{"rendered":"S\u00e3o Tiago, o maior"},"content":{"rendered":"<p><img loading=\"lazy\" decoding=\"async\" src=\"http:\/\/paroquiastiago.com.sapo.pt\/FotoStiago.jpg\" alt=\"\" width=\"474\" height=\"624\" \/><\/p>\n<p>25 de Julho<\/p>\n<p>Tiago nasceu doze anos antes de Cristo, viveu mais anos do que ele e passou para a eternidade junto a seu Mestre. Tiago, o Maior, nasceu na Galil\u00e9ia e era filho de Zebedeu e Salom\u00e9, segundo as Sagradas Escrituras. Era, portanto, irm\u00e3o de Jo\u00e3o Evangelista, os &#8220;Filhos do Trov\u00e3o&#8221;, como os chamara Jesus. \u00c9 sempre citado como um dos tr\u00eas primeiros ap\u00f3stolos, al\u00e9m de figurar entre os prediletos de Jesus, juntamente com Pedro e Andr\u00e9. \u00c9 chamado de &#8220;maior&#8221; por causa do ap\u00f3stolo hom\u00f4nimo, Tiago, filho de Alfeu, conhecido como &#8220;menor&#8221;.<\/p>\n<p>Nas v\u00e1rias passagens b\u00edblicas, podemos perceber que Jesus possu\u00eda ap\u00f3stolos escolhidos para testemunharem acontecimentos especiais na vida do Redentor. Um era Tiago, o Maior, que constatamos ao seu lado na cura da sogra de Pedro, na ressurrei\u00e7\u00e3o da filha de Jairo, na transfigura\u00e7\u00e3o do Senhor e na sua agonia no horto das Oliveiras.<\/p>\n<p>Consta que, depois da ressurrei\u00e7\u00e3o de Cristo, Tiago rumou para a Espanha, percorrendo-a de norte a sul, fazendo sua evangeliza\u00e7\u00e3o, sendo por isso declarado seu padroeiro. Mais tarde, voltou a Jerusal\u00e9m, onde converteu centenas de pessoas, at\u00e9 mesmo dois m\u00e1gicos que causavam confus\u00e3o entre o povo com suas artes diab\u00f3licas. At\u00e9 que um dia lhe prepararam uma cilada, fazendo explodir um motim como se fosse ele o culpado. Assim, foi preso e acusado de causar subleva\u00e7\u00e3o entre o povo. A pena para esse crime era a morte.<\/p>\n<p>O juiz foi o cruel rei Herodes Antipas, um terr\u00edvel e incans\u00e1vel perseguidor dos crist\u00e3os. Ele lhe imp\u00f4s logo a pena m\u00e1xima, ordenando que fosse flagelado e depois decapitado. A senten\u00e7a foi executada durante as festas pascais no ano 42. Assim, Tiago, o Maior, tornou-se o primeiro dos ap\u00f3stolos a derramar seu sangue pela f\u00e9 em Jesus Cristo.<\/p>\n<p>No s\u00e9culo VIII, quando a Palestina caiu em poder dos mu\u00e7ulmanos, um grupo de espanh\u00f3is trouxe o esquife onde repousavam os restos de s\u00e3o Tiago, o Maior, \u00e0 cidade espanhola de Iria. Segundo uma antiga tradi\u00e7\u00e3o da cidade, no s\u00e9culo IX o bispo de l\u00e1 teria visto uma grande estrela iluminando um campo, onde foi encontrado o t\u00famulo contendo o esquife do ap\u00f3stolo padroeiro. E a Espanha, que nesta ocasi\u00e3o lutava contra a invas\u00e3o dos b\u00e1rbaros mu\u00e7ulmanos, conseguiu venc\u00ea-los e expuls\u00e1-los com a sua ajuda invis\u00edvel.<\/p>\n<p>Mais tarde, naquele local, o rei Afonso II mandou construir uma igreja e um mosteiro, dedicados a s\u00e3o Tiago, o Maior, com isso a cidade de Iria passou a chamar-se Santiago de Compostela, ou seja, do campo da estrela. Desde aquele tempo at\u00e9 hoje, o santu\u00e1rio de Santiago de Compostela \u00e9 um dos mais procurados pelos peregrinos do mundo inteiro, que fazem o trajeto a p\u00e9.<\/p>\n<p>Essa rota, conhecida como &#8220;caminho de Santiago de Compostela&#8221;, foi feita tamb\u00e9m pelo papa Jo\u00e3o Paulo II em 1989. Acompanhado por milhares de jovens do mundo inteiro, foi venerar as rel\u00edquias do ap\u00f3stolo s\u00e3o Tiago, o Maior, depositadas na magn\u00edfica catedral das seis naves, conclu\u00edda em 1122.<\/p>\n<div id=\"themify_builder_content-10285\" data-postid=\"10285\" class=\"themify_builder_content themify_builder_content-10285 themify_builder themify_builder_front\">\n\t<\/div>\n<!-- \/themify_builder_content -->","protected":false},"excerpt":{"rendered":"<p>25 de Julho Tiago nasceu doze anos antes de Cristo, viveu mais anos do que ele e passou para a eternidade junto a seu Mestre. Tiago, o Maior, nasceu na Galil\u00e9ia e era filho de Zebedeu e Salom\u00e9, segundo as Sagradas Escrituras. Era, portanto, irm\u00e3o de Jo\u00e3o Evangelista, os &#8220;Filhos do Trov\u00e3o&#8221;, como os chamara [&hellip;]<\/p>\n","protected":false},"author":14,"featured_media":0,"comment_status":"open","ping_status":"open","sticky":false,"template":"","format":"standard","meta":{"ngg_post_thumbnail":0,"footnotes":""},"categories":[186],"tags":[],"yoast_head":"<!-- This site is optimized with the Yoast SEO plugin v23.5 - https:\/\/yoast.com\/wordpress\/plugins\/seo\/ -->\n<title>S\u00e3o Tiago, o maior - O Arcanjo no ar<\/title>\n<meta name=\"robots\" content=\"index, follow, max-snippet:-1, max-image-preview:large, max-video-preview:-1\" \/>\n<link rel=\"canonical\" href=\"https:\/\/www.oarcanjo.net\/site\/sao-tiago-o-maior\/\" \/>\n<meta property=\"og:locale\" content=\"pt_BR\" \/>\n<meta property=\"og:type\" content=\"article\" \/>\n<meta property=\"og:title\" content=\"S\u00e3o Tiago, o maior - O Arcanjo no ar\" \/>\n<meta property=\"og:description\" content=\"25 de Julho Tiago nasceu doze anos antes de Cristo, viveu mais anos do que ele e passou para a eternidade junto a seu Mestre. Tiago, o Maior, nasceu na Galil\u00e9ia e era filho de Zebedeu e Salom\u00e9, segundo as Sagradas Escrituras. Era, portanto, irm\u00e3o de Jo\u00e3o Evangelista, os &#8220;Filhos do Trov\u00e3o&#8221;, como os chamara [&hellip;]\" \/>\n<meta property=\"og:url\" content=\"https:\/\/www.oarcanjo.net\/site\/sao-tiago-o-maior\/\" \/>\n<meta property=\"og:site_name\" content=\"O Arcanjo no ar\" \/>\n<meta property=\"article:publisher\" content=\"https:\/\/www.facebook.com\/OArcanjoNoAr\/\" \/>\n<meta property=\"article:published_time\" content=\"2018-07-25T03:39:43+00:00\" \/>\n<meta property=\"article:modified_time\" content=\"2018-06-20T21:17:59+00:00\" \/>\n<meta property=\"og:image\" content=\"http:\/\/paroquiastiago.com.sapo.pt\/FotoStiago.jpg\" \/>\n<meta name=\"author\" content=\"danilo\" \/>\n<meta name=\"twitter:card\" content=\"summary_large_image\" \/>\n<meta name=\"twitter:label1\" content=\"Escrito por\" \/>\n\t<meta name=\"twitter:data1\" content=\"danilo\" \/>\n\t<meta name=\"twitter:label2\" content=\"Est. tempo de leitura\" \/>\n\t<meta name=\"twitter:data2\" content=\"3 minutos\" \/>\n<script type=\"application\/ld+json\" class=\"yoast-schema-graph\">{\"@context\":\"https:\/\/schema.org\",\"@graph\":[{\"@type\":\"Article\",\"@id\":\"https:\/\/www.oarcanjo.net\/site\/sao-tiago-o-maior\/#article\",\"isPartOf\":{\"@id\":\"https:\/\/www.oarcanjo.net\/site\/sao-tiago-o-maior\/\"},\"author\":{\"name\":\"danilo\",\"@id\":\"https:\/\/www.oarcanjo.net\/site\/#\/schema\/person\/5eb9480bedd2f3c97e430ce128c29c6c\"},\"headline\":\"S\u00e3o Tiago, o maior\",\"datePublished\":\"2018-07-25T03:39:43+00:00\",\"dateModified\":\"2018-06-20T21:17:59+00:00\",\"mainEntityOfPage\":{\"@id\":\"https:\/\/www.oarcanjo.net\/site\/sao-tiago-o-maior\/\"},\"wordCount\":541,\"commentCount\":5,\"publisher\":{\"@id\":\"https:\/\/www.oarcanjo.net\/site\/#organization\"},\"image\":{\"@id\":\"https:\/\/www.oarcanjo.net\/site\/sao-tiago-o-maior\/#primaryimage\"},\"thumbnailUrl\":\"http:\/\/paroquiastiago.com.sapo.pt\/FotoStiago.jpg\",\"articleSection\":[\"Testemunhos\"],\"inLanguage\":\"pt-BR\",\"potentialAction\":[{\"@type\":\"CommentAction\",\"name\":\"Comment\",\"target\":[\"https:\/\/www.oarcanjo.net\/site\/sao-tiago-o-maior\/#respond\"]}]},{\"@type\":\"WebPage\",\"@id\":\"https:\/\/www.oarcanjo.net\/site\/sao-tiago-o-maior\/\",\"url\":\"https:\/\/www.oarcanjo.net\/site\/sao-tiago-o-maior\/\",\"name\":\"S\u00e3o Tiago, o maior - O Arcanjo no ar\",\"isPartOf\":{\"@id\":\"https:\/\/www.oarcanjo.net\/site\/#website\"},\"primaryImageOfPage\":{\"@id\":\"https:\/\/www.oarcanjo.net\/site\/sao-tiago-o-maior\/#primaryimage\"},\"image\":{\"@id\":\"https:\/\/www.oarcanjo.net\/site\/sao-tiago-o-maior\/#primaryimage\"},\"thumbnailUrl\":\"http:\/\/paroquiastiago.com.sapo.pt\/FotoStiago.jpg\",\"datePublished\":\"2018-07-25T03:39:43+00:00\",\"dateModified\":\"2018-06-20T21:17:59+00:00\",\"breadcrumb\":{\"@id\":\"https:\/\/www.oarcanjo.net\/site\/sao-tiago-o-maior\/#breadcrumb\"},\"inLanguage\":\"pt-BR\",\"potentialAction\":[{\"@type\":\"ReadAction\",\"target\":[\"https:\/\/www.oarcanjo.net\/site\/sao-tiago-o-maior\/\"]}]},{\"@type\":\"ImageObject\",\"inLanguage\":\"pt-BR\",\"@id\":\"https:\/\/www.oarcanjo.net\/site\/sao-tiago-o-maior\/#primaryimage\",\"url\":\"http:\/\/paroquiastiago.com.sapo.pt\/FotoStiago.jpg\",\"contentUrl\":\"http:\/\/paroquiastiago.com.sapo.pt\/FotoStiago.jpg\"},{\"@type\":\"BreadcrumbList\",\"@id\":\"https:\/\/www.oarcanjo.net\/site\/sao-tiago-o-maior\/#breadcrumb\",\"itemListElement\":[{\"@type\":\"ListItem\",\"position\":1,\"name\":\"In\u00edcio\",\"item\":\"https:\/\/www.oarcanjo.net\/site\/\"},{\"@type\":\"ListItem\",\"position\":2,\"name\":\"S\u00e3o Tiago, o maior\"}]},{\"@type\":\"WebSite\",\"@id\":\"https:\/\/www.oarcanjo.net\/site\/#website\",\"url\":\"https:\/\/www.oarcanjo.net\/site\/\",\"name\":\"O Arcanjo no ar\",\"description\":\"Site da Par\u00f3quia S\u00e3o Miguel Arcanjo (Arquidiocese de SP)\",\"publisher\":{\"@id\":\"https:\/\/www.oarcanjo.net\/site\/#organization\"},\"potentialAction\":[{\"@type\":\"SearchAction\",\"target\":{\"@type\":\"EntryPoint\",\"urlTemplate\":\"https:\/\/www.oarcanjo.net\/site\/?s={search_term_string}\"},\"query-input\":{\"@type\":\"PropertyValueSpecification\",\"valueRequired\":true,\"valueName\":\"search_term_string\"}}],\"inLanguage\":\"pt-BR\"},{\"@type\":\"Organization\",\"@id\":\"https:\/\/www.oarcanjo.net\/site\/#organization\",\"name\":\"Par\u00f3quia S\u00e3o Miguel Arcanjo\",\"url\":\"https:\/\/www.oarcanjo.net\/site\/\",\"logo\":{\"@type\":\"ImageObject\",\"inLanguage\":\"pt-BR\",\"@id\":\"https:\/\/www.oarcanjo.net\/site\/#\/schema\/logo\/image\/\",\"url\":\"https:\/\/www.oarcanjo.net\/site\/wp-content\/uploads\/LogoOArcanjo.png\",\"contentUrl\":\"https:\/\/www.oarcanjo.net\/site\/wp-content\/uploads\/LogoOArcanjo.png\",\"width\":319,\"height\":99,\"caption\":\"Par\u00f3quia S\u00e3o Miguel Arcanjo\"},\"image\":{\"@id\":\"https:\/\/www.oarcanjo.net\/site\/#\/schema\/logo\/image\/\"},\"sameAs\":[\"https:\/\/www.facebook.com\/OArcanjoNoAr\/\"]},{\"@type\":\"Person\",\"@id\":\"https:\/\/www.oarcanjo.net\/site\/#\/schema\/person\/5eb9480bedd2f3c97e430ce128c29c6c\",\"name\":\"danilo\"}]}<\/script>\n<!-- \/ Yoast SEO plugin. -->","yoast_head_json":{"title":"S\u00e3o Tiago, o maior - O Arcanjo no ar","robots":{"index":"index","follow":"follow","max-snippet":"max-snippet:-1","max-image-preview":"max-image-preview:large","max-video-preview":"max-video-preview:-1"},"canonical":"https:\/\/www.oarcanjo.net\/site\/sao-tiago-o-maior\/","og_locale":"pt_BR","og_type":"article","og_title":"S\u00e3o Tiago, o maior - O Arcanjo no ar","og_description":"25 de Julho Tiago nasceu doze anos antes de Cristo, viveu mais anos do que ele e passou para a eternidade junto a seu Mestre. Tiago, o Maior, nasceu na Galil\u00e9ia e era filho de Zebedeu e Salom\u00e9, segundo as Sagradas Escrituras. Era, portanto, irm\u00e3o de Jo\u00e3o Evangelista, os &#8220;Filhos do Trov\u00e3o&#8221;, como os chamara [&hellip;]","og_url":"https:\/\/www.oarcanjo.net\/site\/sao-tiago-o-maior\/","og_site_name":"O Arcanjo no ar","article_publisher":"https:\/\/www.facebook.com\/OArcanjoNoAr\/","article_published_time":"2018-07-25T03:39:43+00:00","article_modified_time":"2018-06-20T21:17:59+00:00","og_image":[{"url":"http:\/\/paroquiastiago.com.sapo.pt\/FotoStiago.jpg"}],"author":"danilo","twitter_card":"summary_large_image","twitter_misc":{"Escrito por":"danilo","Est. tempo de leitura":"3 minutos"},"schema":{"@context":"https:\/\/schema.org","@graph":[{"@type":"Article","@id":"https:\/\/www.oarcanjo.net\/site\/sao-tiago-o-maior\/#article","isPartOf":{"@id":"https:\/\/www.oarcanjo.net\/site\/sao-tiago-o-maior\/"},"author":{"name":"danilo","@id":"https:\/\/www.oarcanjo.net\/site\/#\/schema\/person\/5eb9480bedd2f3c97e430ce128c29c6c"},"headline":"S\u00e3o Tiago, o maior","datePublished":"2018-07-25T03:39:43+00:00","dateModified":"2018-06-20T21:17:59+00:00","mainEntityOfPage":{"@id":"https:\/\/www.oarcanjo.net\/site\/sao-tiago-o-maior\/"},"wordCount":541,"commentCount":5,"publisher":{"@id":"https:\/\/www.oarcanjo.net\/site\/#organization"},"image":{"@id":"https:\/\/www.oarcanjo.net\/site\/sao-tiago-o-maior\/#primaryimage"},"thumbnailUrl":"http:\/\/paroquiastiago.com.sapo.pt\/FotoStiago.jpg","articleSection":["Testemunhos"],"inLanguage":"pt-BR","potentialAction":[{"@type":"CommentAction","name":"Comment","target":["https:\/\/www.oarcanjo.net\/site\/sao-tiago-o-maior\/#respond"]}]},{"@type":"WebPage","@id":"https:\/\/www.oarcanjo.net\/site\/sao-tiago-o-maior\/","url":"https:\/\/www.oarcanjo.net\/site\/sao-tiago-o-maior\/","name":"S\u00e3o Tiago, o maior - O Arcanjo no ar","isPartOf":{"@id":"https:\/\/www.oarcanjo.net\/site\/#website"},"primaryImageOfPage":{"@id":"https:\/\/www.oarcanjo.net\/site\/sao-tiago-o-maior\/#primaryimage"},"image":{"@id":"https:\/\/www.oarcanjo.net\/site\/sao-tiago-o-maior\/#primaryimage"},"thumbnailUrl":"http:\/\/paroquiastiago.com.sapo.pt\/FotoStiago.jpg","datePublished":"2018-07-25T03:39:43+00:00","dateModified":"2018-06-20T21:17:59+00:00","breadcrumb":{"@id":"https:\/\/www.oarcanjo.net\/site\/sao-tiago-o-maior\/#breadcrumb"},"inLanguage":"pt-BR","potentialAction":[{"@type":"ReadAction","target":["https:\/\/www.oarcanjo.net\/site\/sao-tiago-o-maior\/"]}]},{"@type":"ImageObject","inLanguage":"pt-BR","@id":"https:\/\/www.oarcanjo.net\/site\/sao-tiago-o-maior\/#primaryimage","url":"http:\/\/paroquiastiago.com.sapo.pt\/FotoStiago.jpg","contentUrl":"http:\/\/paroquiastiago.com.sapo.pt\/FotoStiago.jpg"},{"@type":"BreadcrumbList","@id":"https:\/\/www.oarcanjo.net\/site\/sao-tiago-o-maior\/#breadcrumb","itemListElement":[{"@type":"ListItem","position":1,"name":"In\u00edcio","item":"https:\/\/www.oarcanjo.net\/site\/"},{"@type":"ListItem","position":2,"name":"S\u00e3o Tiago, o maior"}]},{"@type":"WebSite","@id":"https:\/\/www.oarcanjo.net\/site\/#website","url":"https:\/\/www.oarcanjo.net\/site\/","name":"O Arcanjo no ar","description":"Site da Par\u00f3quia S\u00e3o Miguel Arcanjo (Arquidiocese de SP)","publisher":{"@id":"https:\/\/www.oarcanjo.net\/site\/#organization"},"potentialAction":[{"@type":"SearchAction","target":{"@type":"EntryPoint","urlTemplate":"https:\/\/www.oarcanjo.net\/site\/?s={search_term_string}"},"query-input":{"@type":"PropertyValueSpecification","valueRequired":true,"valueName":"search_term_string"}}],"inLanguage":"pt-BR"},{"@type":"Organization","@id":"https:\/\/www.oarcanjo.net\/site\/#organization","name":"Par\u00f3quia S\u00e3o Miguel Arcanjo","url":"https:\/\/www.oarcanjo.net\/site\/","logo":{"@type":"ImageObject","inLanguage":"pt-BR","@id":"https:\/\/www.oarcanjo.net\/site\/#\/schema\/logo\/image\/","url":"https:\/\/www.oarcanjo.net\/site\/wp-content\/uploads\/LogoOArcanjo.png","contentUrl":"https:\/\/www.oarcanjo.net\/site\/wp-content\/uploads\/LogoOArcanjo.png","width":319,"height":99,"caption":"Par\u00f3quia S\u00e3o Miguel Arcanjo"},"image":{"@id":"https:\/\/www.oarcanjo.net\/site\/#\/schema\/logo\/image\/"},"sameAs":["https:\/\/www.facebook.com\/OArcanjoNoAr\/"]},{"@type":"Person","@id":"https:\/\/www.oarcanjo.net\/site\/#\/schema\/person\/5eb9480bedd2f3c97e430ce128c29c6c","name":"danilo"}]}},"publishpress_future_action":{"enabled":false,"date":"2026-05-08 09:33:54","action":"category","newStatus":"draft","terms":[],"taxonomy":"category"},"publishpress_future_workflow_manual_trigger":{"enabledWorkflows":[]},"_links":{"self":[{"href":"https:\/\/www.oarcanjo.net\/site\/wp-json\/wp\/v2\/posts\/10285"}],"collection":[{"href":"https:\/\/www.oarcanjo.net\/site\/wp-json\/wp\/v2\/posts"}],"about":[{"href":"https:\/\/www.oarcanjo.net\/site\/wp-json\/wp\/v2\/types\/post"}],"author":[{"embeddable":true,"href":"https:\/\/www.oarcanjo.net\/site\/wp-json\/wp\/v2\/users\/14"}],"replies":[{"embeddable":true,"href":"https:\/\/www.oarcanjo.net\/site\/wp-json\/wp\/v2\/comments?post=10285"}],"version-history":[{"count":1,"href":"https:\/\/www.oarcanjo.net\/site\/wp-json\/wp\/v2\/posts\/10285\/revisions"}],"predecessor-version":[{"id":88587,"href":"https:\/\/www.oarcanjo.net\/site\/wp-json\/wp\/v2\/posts\/10285\/revisions\/88587"}],"wp:attachment":[{"href":"https:\/\/www.oarcanjo.net\/site\/wp-json\/wp\/v2\/media?parent=10285"}],"wp:term":[{"taxonomy":"category","embeddable":true,"href":"https:\/\/www.oarcanjo.net\/site\/wp-json\/wp\/v2\/categories?post=10285"},{"taxonomy":"post_tag","embeddable":true,"href":"https:\/\/www.oarcanjo.net\/site\/wp-json\/wp\/v2\/tags?post=10285"}],"curies":[{"name":"wp","href":"https:\/\/api.w.org\/{rel}","templated":true}]}}