
{"id":10289,"date":"2018-07-26T00:45:41","date_gmt":"2018-07-26T03:45:41","guid":{"rendered":"http:\/\/www.oarcanjo.net\/site\/?p=10289"},"modified":"2018-06-20T18:17:53","modified_gmt":"2018-06-20T21:17:53","slug":"bem-aventurado-tito-brandsma","status":"publish","type":"post","link":"https:\/\/www.oarcanjo.net\/site\/bem-aventurado-tito-brandsma\/","title":{"rendered":"Bem Aventurado Tito Brandsma"},"content":{"rendered":"<p><img loading=\"lazy\" decoding=\"async\" src=\"http:\/\/alexandrinabalasar.free.fr\/tito_brandsma_1.jpg\" alt=\"\" width=\"433\" height=\"624\" \/><\/p>\n<p>26 de Julho<\/p>\n<p>Anno Bjoerd Brandsma nasceu em 23 de fevereiro de 1881, no seio de uma fam\u00edlia de camponeses da Fr\u00edsia, Holanda. No pequeno s\u00edtio da fam\u00edlia, havia bastante trabalho, mas ele sempre foi muito fr\u00e1gil para o servi\u00e7o bra\u00e7al.<\/p>\n<p>Aos dezessete anos, seguindo sua voca\u00e7\u00e3o, ingressou na Ordem dos Carmelitas e adotou o nome de Tito, em homenagem a seu pai. Em 1905, recebeu a ordena\u00e7\u00e3o sacerdotal e, quatro anos depois, a gradua\u00e7\u00e3o de doutor em filosofia pela Universidade Gregoriana de Roma.<\/p>\n<p>Retornou para sua p\u00e1tria, onde foi docente em v\u00e1rios liceus e professor de filosofia e hist\u00f3ria na Universidade Cat\u00f3lica de Nimega, da qual tamb\u00e9m foi eleito &#8220;reitor magn\u00edfico&#8221;. Viajou pela Europa e Am\u00e9rica, e tornou-se jornalista e publicit\u00e1rio. Em 1935, foi nomeado consultor eclesi\u00e1stico e assistente nacional dos jornalistas cat\u00f3licos.<\/p>\n<p>O nazismo assumiu o poder na Alemanha, em 1933, e iniciou suas persegui\u00e7\u00f5es contra os judeus. Padre Tito reagiu, publicando um artigo antinazista contendo duras palavras contra o regime. Quando, em 1940, os nazistas invadiram a Holanda, o pequeno partido nazista local exigiu dos jornais cat\u00f3licos a publica\u00e7\u00e3o de sua propaganda. Padre Tito foi convocado a percorrer toda Holanda levando o &#8220;n\u00e3o&#8221; de todo o episcopado aos diretores dos jornais, \u00e0 exig\u00eancia feita pelo partido nazista, mesmo ao custo de fecharem suas reda\u00e7\u00f5es e das pr\u00f3prias vidas.<\/p>\n<p>Em 19 de janeiro de 1942 a Gestapo, ag\u00eancia de espionagem do regime nazista, prendeu o padre Tito em Nimega. Assim iniciou o seu calv\u00e1rio, mudando constantemente de pris\u00f5es e sendo submetido a interrogat\u00f3rios e torturas, mas nunca cedendo. A sua perseveran\u00e7a na f\u00e9 e cren\u00e7a ardorosa em Cristo permitiu que suportasse o mart\u00edrio.<\/p>\n<p>Cinco meses depois, ele chegou \u00e0 pris\u00e3o de Dachau, na Alemanha. L\u00e1, os tormentos s\u00f3 foram suportados, porque tinha consigo a eucaristia, um presente de padres alem\u00e3es que foram deportados. Munido da h\u00f3stia, ele pregava aos seus companheiros de pris\u00e3o e ainda recitava as palavras da missa.<\/p>\n<p>Padre Tito Brandsma foi executado com uma inje\u00e7\u00e3o venenosa no dia 26 de julho de 1942 e seu corpo jogado num cremat\u00f3rio coletivo. O papa Jo\u00e3o Paulo II beatificou-o em 3 de novembro de 1985, designando o dia de sua morte para a sua festa.<\/p>\n<p><img decoding=\"async\" src=\"http:\/\/i35.photobucket.com\/albums\/d185\/Margaridabr2\/tito.jpg\" alt=\"Imagem\" \/><\/p>\n<div id=\"themify_builder_content-10289\" data-postid=\"10289\" class=\"themify_builder_content themify_builder_content-10289 themify_builder themify_builder_front\">\n\t<\/div>\n<!-- \/themify_builder_content -->","protected":false},"excerpt":{"rendered":"<p>26 de Julho Anno Bjoerd Brandsma nasceu em 23 de fevereiro de 1881, no seio de uma fam\u00edlia de camponeses da Fr\u00edsia, Holanda. No pequeno s\u00edtio da fam\u00edlia, havia bastante trabalho, mas ele sempre foi muito fr\u00e1gil para o servi\u00e7o bra\u00e7al. Aos dezessete anos, seguindo sua voca\u00e7\u00e3o, ingressou na Ordem dos Carmelitas e adotou o [&hellip;]<\/p>\n","protected":false},"author":14,"featured_media":0,"comment_status":"open","ping_status":"open","sticky":false,"template":"","format":"standard","meta":{"ngg_post_thumbnail":0,"footnotes":""},"categories":[186],"tags":[],"yoast_head":"<!-- This site is optimized with the Yoast SEO plugin v23.5 - https:\/\/yoast.com\/wordpress\/plugins\/seo\/ -->\n<title>Bem Aventurado Tito Brandsma - O Arcanjo no ar<\/title>\n<meta name=\"robots\" content=\"index, follow, max-snippet:-1, max-image-preview:large, max-video-preview:-1\" \/>\n<link rel=\"canonical\" href=\"https:\/\/www.oarcanjo.net\/site\/bem-aventurado-tito-brandsma\/\" \/>\n<meta property=\"og:locale\" content=\"pt_BR\" \/>\n<meta property=\"og:type\" content=\"article\" \/>\n<meta property=\"og:title\" content=\"Bem Aventurado Tito Brandsma - O Arcanjo no ar\" \/>\n<meta property=\"og:description\" content=\"26 de Julho Anno Bjoerd Brandsma nasceu em 23 de fevereiro de 1881, no seio de uma fam\u00edlia de camponeses da Fr\u00edsia, Holanda. No pequeno s\u00edtio da fam\u00edlia, havia bastante trabalho, mas ele sempre foi muito fr\u00e1gil para o servi\u00e7o bra\u00e7al. Aos dezessete anos, seguindo sua voca\u00e7\u00e3o, ingressou na Ordem dos Carmelitas e adotou o [&hellip;]\" \/>\n<meta property=\"og:url\" content=\"https:\/\/www.oarcanjo.net\/site\/bem-aventurado-tito-brandsma\/\" \/>\n<meta property=\"og:site_name\" content=\"O Arcanjo no ar\" \/>\n<meta property=\"article:publisher\" content=\"https:\/\/www.facebook.com\/OArcanjoNoAr\/\" \/>\n<meta property=\"article:published_time\" content=\"2018-07-26T03:45:41+00:00\" \/>\n<meta property=\"article:modified_time\" content=\"2018-06-20T21:17:53+00:00\" \/>\n<meta property=\"og:image\" content=\"http:\/\/alexandrinabalasar.free.fr\/tito_brandsma_1.jpg\" \/>\n<meta name=\"author\" content=\"danilo\" \/>\n<meta name=\"twitter:card\" content=\"summary_large_image\" \/>\n<meta name=\"twitter:label1\" content=\"Escrito por\" \/>\n\t<meta name=\"twitter:data1\" content=\"danilo\" \/>\n\t<meta name=\"twitter:label2\" content=\"Est. tempo de leitura\" \/>\n\t<meta name=\"twitter:data2\" content=\"2 minutos\" \/>\n<script type=\"application\/ld+json\" class=\"yoast-schema-graph\">{\"@context\":\"https:\/\/schema.org\",\"@graph\":[{\"@type\":\"Article\",\"@id\":\"https:\/\/www.oarcanjo.net\/site\/bem-aventurado-tito-brandsma\/#article\",\"isPartOf\":{\"@id\":\"https:\/\/www.oarcanjo.net\/site\/bem-aventurado-tito-brandsma\/\"},\"author\":{\"name\":\"danilo\",\"@id\":\"https:\/\/www.oarcanjo.net\/site\/#\/schema\/person\/5eb9480bedd2f3c97e430ce128c29c6c\"},\"headline\":\"Bem Aventurado Tito Brandsma\",\"datePublished\":\"2018-07-26T03:45:41+00:00\",\"dateModified\":\"2018-06-20T21:17:53+00:00\",\"mainEntityOfPage\":{\"@id\":\"https:\/\/www.oarcanjo.net\/site\/bem-aventurado-tito-brandsma\/\"},\"wordCount\":397,\"commentCount\":1,\"publisher\":{\"@id\":\"https:\/\/www.oarcanjo.net\/site\/#organization\"},\"image\":{\"@id\":\"https:\/\/www.oarcanjo.net\/site\/bem-aventurado-tito-brandsma\/#primaryimage\"},\"thumbnailUrl\":\"http:\/\/alexandrinabalasar.free.fr\/tito_brandsma_1.jpg\",\"articleSection\":[\"Testemunhos\"],\"inLanguage\":\"pt-BR\",\"potentialAction\":[{\"@type\":\"CommentAction\",\"name\":\"Comment\",\"target\":[\"https:\/\/www.oarcanjo.net\/site\/bem-aventurado-tito-brandsma\/#respond\"]}]},{\"@type\":\"WebPage\",\"@id\":\"https:\/\/www.oarcanjo.net\/site\/bem-aventurado-tito-brandsma\/\",\"url\":\"https:\/\/www.oarcanjo.net\/site\/bem-aventurado-tito-brandsma\/\",\"name\":\"Bem Aventurado Tito Brandsma - O Arcanjo no ar\",\"isPartOf\":{\"@id\":\"https:\/\/www.oarcanjo.net\/site\/#website\"},\"primaryImageOfPage\":{\"@id\":\"https:\/\/www.oarcanjo.net\/site\/bem-aventurado-tito-brandsma\/#primaryimage\"},\"image\":{\"@id\":\"https:\/\/www.oarcanjo.net\/site\/bem-aventurado-tito-brandsma\/#primaryimage\"},\"thumbnailUrl\":\"http:\/\/alexandrinabalasar.free.fr\/tito_brandsma_1.jpg\",\"datePublished\":\"2018-07-26T03:45:41+00:00\",\"dateModified\":\"2018-06-20T21:17:53+00:00\",\"breadcrumb\":{\"@id\":\"https:\/\/www.oarcanjo.net\/site\/bem-aventurado-tito-brandsma\/#breadcrumb\"},\"inLanguage\":\"pt-BR\",\"potentialAction\":[{\"@type\":\"ReadAction\",\"target\":[\"https:\/\/www.oarcanjo.net\/site\/bem-aventurado-tito-brandsma\/\"]}]},{\"@type\":\"ImageObject\",\"inLanguage\":\"pt-BR\",\"@id\":\"https:\/\/www.oarcanjo.net\/site\/bem-aventurado-tito-brandsma\/#primaryimage\",\"url\":\"http:\/\/alexandrinabalasar.free.fr\/tito_brandsma_1.jpg\",\"contentUrl\":\"http:\/\/alexandrinabalasar.free.fr\/tito_brandsma_1.jpg\"},{\"@type\":\"BreadcrumbList\",\"@id\":\"https:\/\/www.oarcanjo.net\/site\/bem-aventurado-tito-brandsma\/#breadcrumb\",\"itemListElement\":[{\"@type\":\"ListItem\",\"position\":1,\"name\":\"In\u00edcio\",\"item\":\"https:\/\/www.oarcanjo.net\/site\/\"},{\"@type\":\"ListItem\",\"position\":2,\"name\":\"Bem Aventurado Tito Brandsma\"}]},{\"@type\":\"WebSite\",\"@id\":\"https:\/\/www.oarcanjo.net\/site\/#website\",\"url\":\"https:\/\/www.oarcanjo.net\/site\/\",\"name\":\"O Arcanjo no ar\",\"description\":\"Site da Par\u00f3quia S\u00e3o Miguel Arcanjo (Arquidiocese de SP)\",\"publisher\":{\"@id\":\"https:\/\/www.oarcanjo.net\/site\/#organization\"},\"potentialAction\":[{\"@type\":\"SearchAction\",\"target\":{\"@type\":\"EntryPoint\",\"urlTemplate\":\"https:\/\/www.oarcanjo.net\/site\/?s={search_term_string}\"},\"query-input\":{\"@type\":\"PropertyValueSpecification\",\"valueRequired\":true,\"valueName\":\"search_term_string\"}}],\"inLanguage\":\"pt-BR\"},{\"@type\":\"Organization\",\"@id\":\"https:\/\/www.oarcanjo.net\/site\/#organization\",\"name\":\"Par\u00f3quia S\u00e3o Miguel Arcanjo\",\"url\":\"https:\/\/www.oarcanjo.net\/site\/\",\"logo\":{\"@type\":\"ImageObject\",\"inLanguage\":\"pt-BR\",\"@id\":\"https:\/\/www.oarcanjo.net\/site\/#\/schema\/logo\/image\/\",\"url\":\"https:\/\/www.oarcanjo.net\/site\/wp-content\/uploads\/LogoOArcanjo.png\",\"contentUrl\":\"https:\/\/www.oarcanjo.net\/site\/wp-content\/uploads\/LogoOArcanjo.png\",\"width\":319,\"height\":99,\"caption\":\"Par\u00f3quia S\u00e3o Miguel Arcanjo\"},\"image\":{\"@id\":\"https:\/\/www.oarcanjo.net\/site\/#\/schema\/logo\/image\/\"},\"sameAs\":[\"https:\/\/www.facebook.com\/OArcanjoNoAr\/\"]},{\"@type\":\"Person\",\"@id\":\"https:\/\/www.oarcanjo.net\/site\/#\/schema\/person\/5eb9480bedd2f3c97e430ce128c29c6c\",\"name\":\"danilo\"}]}<\/script>\n<!-- \/ Yoast SEO plugin. -->","yoast_head_json":{"title":"Bem Aventurado Tito Brandsma - O Arcanjo no ar","robots":{"index":"index","follow":"follow","max-snippet":"max-snippet:-1","max-image-preview":"max-image-preview:large","max-video-preview":"max-video-preview:-1"},"canonical":"https:\/\/www.oarcanjo.net\/site\/bem-aventurado-tito-brandsma\/","og_locale":"pt_BR","og_type":"article","og_title":"Bem Aventurado Tito Brandsma - O Arcanjo no ar","og_description":"26 de Julho Anno Bjoerd Brandsma nasceu em 23 de fevereiro de 1881, no seio de uma fam\u00edlia de camponeses da Fr\u00edsia, Holanda. No pequeno s\u00edtio da fam\u00edlia, havia bastante trabalho, mas ele sempre foi muito fr\u00e1gil para o servi\u00e7o bra\u00e7al. Aos dezessete anos, seguindo sua voca\u00e7\u00e3o, ingressou na Ordem dos Carmelitas e adotou o [&hellip;]","og_url":"https:\/\/www.oarcanjo.net\/site\/bem-aventurado-tito-brandsma\/","og_site_name":"O Arcanjo no ar","article_publisher":"https:\/\/www.facebook.com\/OArcanjoNoAr\/","article_published_time":"2018-07-26T03:45:41+00:00","article_modified_time":"2018-06-20T21:17:53+00:00","og_image":[{"url":"http:\/\/alexandrinabalasar.free.fr\/tito_brandsma_1.jpg"}],"author":"danilo","twitter_card":"summary_large_image","twitter_misc":{"Escrito por":"danilo","Est. tempo de leitura":"2 minutos"},"schema":{"@context":"https:\/\/schema.org","@graph":[{"@type":"Article","@id":"https:\/\/www.oarcanjo.net\/site\/bem-aventurado-tito-brandsma\/#article","isPartOf":{"@id":"https:\/\/www.oarcanjo.net\/site\/bem-aventurado-tito-brandsma\/"},"author":{"name":"danilo","@id":"https:\/\/www.oarcanjo.net\/site\/#\/schema\/person\/5eb9480bedd2f3c97e430ce128c29c6c"},"headline":"Bem Aventurado Tito Brandsma","datePublished":"2018-07-26T03:45:41+00:00","dateModified":"2018-06-20T21:17:53+00:00","mainEntityOfPage":{"@id":"https:\/\/www.oarcanjo.net\/site\/bem-aventurado-tito-brandsma\/"},"wordCount":397,"commentCount":1,"publisher":{"@id":"https:\/\/www.oarcanjo.net\/site\/#organization"},"image":{"@id":"https:\/\/www.oarcanjo.net\/site\/bem-aventurado-tito-brandsma\/#primaryimage"},"thumbnailUrl":"http:\/\/alexandrinabalasar.free.fr\/tito_brandsma_1.jpg","articleSection":["Testemunhos"],"inLanguage":"pt-BR","potentialAction":[{"@type":"CommentAction","name":"Comment","target":["https:\/\/www.oarcanjo.net\/site\/bem-aventurado-tito-brandsma\/#respond"]}]},{"@type":"WebPage","@id":"https:\/\/www.oarcanjo.net\/site\/bem-aventurado-tito-brandsma\/","url":"https:\/\/www.oarcanjo.net\/site\/bem-aventurado-tito-brandsma\/","name":"Bem Aventurado Tito Brandsma - O Arcanjo no ar","isPartOf":{"@id":"https:\/\/www.oarcanjo.net\/site\/#website"},"primaryImageOfPage":{"@id":"https:\/\/www.oarcanjo.net\/site\/bem-aventurado-tito-brandsma\/#primaryimage"},"image":{"@id":"https:\/\/www.oarcanjo.net\/site\/bem-aventurado-tito-brandsma\/#primaryimage"},"thumbnailUrl":"http:\/\/alexandrinabalasar.free.fr\/tito_brandsma_1.jpg","datePublished":"2018-07-26T03:45:41+00:00","dateModified":"2018-06-20T21:17:53+00:00","breadcrumb":{"@id":"https:\/\/www.oarcanjo.net\/site\/bem-aventurado-tito-brandsma\/#breadcrumb"},"inLanguage":"pt-BR","potentialAction":[{"@type":"ReadAction","target":["https:\/\/www.oarcanjo.net\/site\/bem-aventurado-tito-brandsma\/"]}]},{"@type":"ImageObject","inLanguage":"pt-BR","@id":"https:\/\/www.oarcanjo.net\/site\/bem-aventurado-tito-brandsma\/#primaryimage","url":"http:\/\/alexandrinabalasar.free.fr\/tito_brandsma_1.jpg","contentUrl":"http:\/\/alexandrinabalasar.free.fr\/tito_brandsma_1.jpg"},{"@type":"BreadcrumbList","@id":"https:\/\/www.oarcanjo.net\/site\/bem-aventurado-tito-brandsma\/#breadcrumb","itemListElement":[{"@type":"ListItem","position":1,"name":"In\u00edcio","item":"https:\/\/www.oarcanjo.net\/site\/"},{"@type":"ListItem","position":2,"name":"Bem Aventurado Tito Brandsma"}]},{"@type":"WebSite","@id":"https:\/\/www.oarcanjo.net\/site\/#website","url":"https:\/\/www.oarcanjo.net\/site\/","name":"O Arcanjo no ar","description":"Site da Par\u00f3quia S\u00e3o Miguel Arcanjo (Arquidiocese de SP)","publisher":{"@id":"https:\/\/www.oarcanjo.net\/site\/#organization"},"potentialAction":[{"@type":"SearchAction","target":{"@type":"EntryPoint","urlTemplate":"https:\/\/www.oarcanjo.net\/site\/?s={search_term_string}"},"query-input":{"@type":"PropertyValueSpecification","valueRequired":true,"valueName":"search_term_string"}}],"inLanguage":"pt-BR"},{"@type":"Organization","@id":"https:\/\/www.oarcanjo.net\/site\/#organization","name":"Par\u00f3quia S\u00e3o Miguel Arcanjo","url":"https:\/\/www.oarcanjo.net\/site\/","logo":{"@type":"ImageObject","inLanguage":"pt-BR","@id":"https:\/\/www.oarcanjo.net\/site\/#\/schema\/logo\/image\/","url":"https:\/\/www.oarcanjo.net\/site\/wp-content\/uploads\/LogoOArcanjo.png","contentUrl":"https:\/\/www.oarcanjo.net\/site\/wp-content\/uploads\/LogoOArcanjo.png","width":319,"height":99,"caption":"Par\u00f3quia S\u00e3o Miguel Arcanjo"},"image":{"@id":"https:\/\/www.oarcanjo.net\/site\/#\/schema\/logo\/image\/"},"sameAs":["https:\/\/www.facebook.com\/OArcanjoNoAr\/"]},{"@type":"Person","@id":"https:\/\/www.oarcanjo.net\/site\/#\/schema\/person\/5eb9480bedd2f3c97e430ce128c29c6c","name":"danilo"}]}},"publishpress_future_action":{"enabled":false,"date":"2026-05-08 09:35:41","action":"category","newStatus":"draft","terms":[],"taxonomy":"category"},"publishpress_future_workflow_manual_trigger":{"enabledWorkflows":[]},"_links":{"self":[{"href":"https:\/\/www.oarcanjo.net\/site\/wp-json\/wp\/v2\/posts\/10289"}],"collection":[{"href":"https:\/\/www.oarcanjo.net\/site\/wp-json\/wp\/v2\/posts"}],"about":[{"href":"https:\/\/www.oarcanjo.net\/site\/wp-json\/wp\/v2\/types\/post"}],"author":[{"embeddable":true,"href":"https:\/\/www.oarcanjo.net\/site\/wp-json\/wp\/v2\/users\/14"}],"replies":[{"embeddable":true,"href":"https:\/\/www.oarcanjo.net\/site\/wp-json\/wp\/v2\/comments?post=10289"}],"version-history":[{"count":1,"href":"https:\/\/www.oarcanjo.net\/site\/wp-json\/wp\/v2\/posts\/10289\/revisions"}],"predecessor-version":[{"id":88586,"href":"https:\/\/www.oarcanjo.net\/site\/wp-json\/wp\/v2\/posts\/10289\/revisions\/88586"}],"wp:attachment":[{"href":"https:\/\/www.oarcanjo.net\/site\/wp-json\/wp\/v2\/media?parent=10289"}],"wp:term":[{"taxonomy":"category","embeddable":true,"href":"https:\/\/www.oarcanjo.net\/site\/wp-json\/wp\/v2\/categories?post=10289"},{"taxonomy":"post_tag","embeddable":true,"href":"https:\/\/www.oarcanjo.net\/site\/wp-json\/wp\/v2\/tags?post=10289"}],"curies":[{"name":"wp","href":"https:\/\/api.w.org\/{rel}","templated":true}]}}