
{"id":10292,"date":"2018-07-26T00:49:57","date_gmt":"2018-07-26T03:49:57","guid":{"rendered":"http:\/\/www.oarcanjo.net\/site\/?p=10292"},"modified":"2018-06-20T18:17:43","modified_gmt":"2018-06-20T21:17:43","slug":"santa-ana-e-sao-joaquim","status":"publish","type":"post","link":"https:\/\/www.oarcanjo.net\/site\/santa-ana-e-sao-joaquim\/","title":{"rendered":"Santa Ana e S\u00e3o Joaquim"},"content":{"rendered":"<p><img decoding=\"async\" src=\"http:\/\/sintoniadejesus.files.wordpress.com\/2009\/07\/santaana.jpg\" alt=\"\" \/><\/p>\n<p>26 de Julho<\/p>\n<p>Ana e seu marido Joaquim j\u00e1 estavam com idade avan\u00e7ada e ainda n\u00e3o tinham filhos. O que, para os judeus de sua \u00e9poca, era quase um desgosto e uma vergonha tamb\u00e9m. Os motivos s\u00e3o \u00f3bvios, pois os judeus esperavam a chegada do messias, como previam as sagradas profecias.<\/p>\n<p>Assim, toda esposa judia esperava que dela nascesse o Salvador e, para tanto, ela tinha de dispor das condi\u00e7\u00f5es para servir de ve\u00edculo aos des\u00edgnios de Deus, se assim ele o desejasse. Por isso a esterilidade causava sofrimento e vergonha e \u00e9 nessa situa\u00e7\u00e3o constrangedora que vamos encontrar o casal.<\/p>\n<p>Mas Ana e Joaquim n\u00e3o desistiram. Rezaram por muito e muito tempo at\u00e9 que, quando j\u00e1 estavam quase perdendo a esperan\u00e7a, Ana engravidou. N\u00e3o se sabe muito sobre a vida deles, pois passaram a ser citados a partir do s\u00e9culo II, mas pelos escritos ap\u00f3crifos, que n\u00e3o s\u00e3o citados na B\u00edblia, porque se entende que n\u00e3o foram inspirados por Deus. E eles apenas revelam o nome dos pais da Virgem Maria, que seria a M\u00e3e do Messias.<\/p>\n<p>No Evangelho, Jesus disse: &#8220;Dos frutos conhecereis a planta&#8221;. Assim, n\u00e3o foram precisos outros elementos para descrever-lhes a santidade, sen\u00e3o pelo exemplo de santidade da filha Maria. Afinal, Deus n\u00e3o escolheria filhos sem princ\u00edpios ou dignidade para fazer deles o instrumento de sua a\u00e7\u00e3o.<\/p>\n<p>Maria, ao nascer no dia 8 de setembro de um ano desconhecido, n\u00e3o s\u00f3 tirou dos ombros dos pais o peso de uma vida est\u00e9ril, mas ainda recompensou-os pela f\u00e9, ao ser escolhida para, no futuro, ser a M\u00e3e do Filho de Deus.<\/p>\n<p>A princ\u00edpio, apenas santa Ana era comemorada e, mesmo assim, em dias diferentes no Ocidente e no Oriente. Em 25 de julho pelos gregos e no dia seguinte pelos latinos. A partir de 1584, tamb\u00e9m s\u00e3o Joaquim passou a ser cultuado, no dia 20 de mar\u00e7o. S\u00f3 em 1913 a Igreja determinou que os av\u00f3s de Jesus Cristo deviam ser celebrados juntos, no dia 26 de julho.<\/p>\n<p><img decoding=\"async\" src=\"http:\/\/diasimdiatambem.files.wordpress.com\/2007\/08\/anajoaquim.jpg\" alt=\"\" \/><\/p>\n<div id=\"themify_builder_content-10292\" data-postid=\"10292\" class=\"themify_builder_content themify_builder_content-10292 themify_builder themify_builder_front\">\n\t<\/div>\n<!-- \/themify_builder_content -->","protected":false},"excerpt":{"rendered":"<p>26 de Julho Ana e seu marido Joaquim j\u00e1 estavam com idade avan\u00e7ada e ainda n\u00e3o tinham filhos. O que, para os judeus de sua \u00e9poca, era quase um desgosto e uma vergonha tamb\u00e9m. Os motivos s\u00e3o \u00f3bvios, pois os judeus esperavam a chegada do messias, como previam as sagradas profecias. Assim, toda esposa judia [&hellip;]<\/p>\n","protected":false},"author":14,"featured_media":0,"comment_status":"open","ping_status":"open","sticky":false,"template":"","format":"standard","meta":{"ngg_post_thumbnail":0,"footnotes":""},"categories":[186],"tags":[],"yoast_head":"<!-- This site is optimized with the Yoast SEO plugin v23.5 - https:\/\/yoast.com\/wordpress\/plugins\/seo\/ -->\n<title>Santa Ana e S\u00e3o Joaquim - O Arcanjo no ar<\/title>\n<meta name=\"robots\" content=\"index, follow, max-snippet:-1, max-image-preview:large, max-video-preview:-1\" \/>\n<link rel=\"canonical\" href=\"https:\/\/www.oarcanjo.net\/site\/santa-ana-e-sao-joaquim\/\" \/>\n<meta property=\"og:locale\" content=\"pt_BR\" \/>\n<meta property=\"og:type\" content=\"article\" \/>\n<meta property=\"og:title\" content=\"Santa Ana e S\u00e3o Joaquim - O Arcanjo no ar\" \/>\n<meta property=\"og:description\" content=\"26 de Julho Ana e seu marido Joaquim j\u00e1 estavam com idade avan\u00e7ada e ainda n\u00e3o tinham filhos. O que, para os judeus de sua \u00e9poca, era quase um desgosto e uma vergonha tamb\u00e9m. Os motivos s\u00e3o \u00f3bvios, pois os judeus esperavam a chegada do messias, como previam as sagradas profecias. Assim, toda esposa judia [&hellip;]\" \/>\n<meta property=\"og:url\" content=\"https:\/\/www.oarcanjo.net\/site\/santa-ana-e-sao-joaquim\/\" \/>\n<meta property=\"og:site_name\" content=\"O Arcanjo no ar\" \/>\n<meta property=\"article:publisher\" content=\"https:\/\/www.facebook.com\/OArcanjoNoAr\/\" \/>\n<meta property=\"article:published_time\" content=\"2018-07-26T03:49:57+00:00\" \/>\n<meta property=\"article:modified_time\" content=\"2018-06-20T21:17:43+00:00\" \/>\n<meta property=\"og:image\" content=\"http:\/\/sintoniadejesus.files.wordpress.com\/2009\/07\/santaana.jpg\" \/>\n<meta name=\"author\" content=\"danilo\" \/>\n<meta name=\"twitter:card\" content=\"summary_large_image\" \/>\n<meta name=\"twitter:label1\" content=\"Escrito por\" \/>\n\t<meta name=\"twitter:data1\" content=\"danilo\" \/>\n\t<meta name=\"twitter:label2\" content=\"Est. tempo de leitura\" \/>\n\t<meta name=\"twitter:data2\" content=\"2 minutos\" \/>\n<script type=\"application\/ld+json\" class=\"yoast-schema-graph\">{\"@context\":\"https:\/\/schema.org\",\"@graph\":[{\"@type\":\"Article\",\"@id\":\"https:\/\/www.oarcanjo.net\/site\/santa-ana-e-sao-joaquim\/#article\",\"isPartOf\":{\"@id\":\"https:\/\/www.oarcanjo.net\/site\/santa-ana-e-sao-joaquim\/\"},\"author\":{\"name\":\"danilo\",\"@id\":\"https:\/\/www.oarcanjo.net\/site\/#\/schema\/person\/5eb9480bedd2f3c97e430ce128c29c6c\"},\"headline\":\"Santa Ana e S\u00e3o Joaquim\",\"datePublished\":\"2018-07-26T03:49:57+00:00\",\"dateModified\":\"2018-06-20T21:17:43+00:00\",\"mainEntityOfPage\":{\"@id\":\"https:\/\/www.oarcanjo.net\/site\/santa-ana-e-sao-joaquim\/\"},\"wordCount\":361,\"commentCount\":2,\"publisher\":{\"@id\":\"https:\/\/www.oarcanjo.net\/site\/#organization\"},\"image\":{\"@id\":\"https:\/\/www.oarcanjo.net\/site\/santa-ana-e-sao-joaquim\/#primaryimage\"},\"thumbnailUrl\":\"http:\/\/sintoniadejesus.files.wordpress.com\/2009\/07\/santaana.jpg\",\"articleSection\":[\"Testemunhos\"],\"inLanguage\":\"pt-BR\",\"potentialAction\":[{\"@type\":\"CommentAction\",\"name\":\"Comment\",\"target\":[\"https:\/\/www.oarcanjo.net\/site\/santa-ana-e-sao-joaquim\/#respond\"]}]},{\"@type\":\"WebPage\",\"@id\":\"https:\/\/www.oarcanjo.net\/site\/santa-ana-e-sao-joaquim\/\",\"url\":\"https:\/\/www.oarcanjo.net\/site\/santa-ana-e-sao-joaquim\/\",\"name\":\"Santa Ana e S\u00e3o Joaquim - O Arcanjo no ar\",\"isPartOf\":{\"@id\":\"https:\/\/www.oarcanjo.net\/site\/#website\"},\"primaryImageOfPage\":{\"@id\":\"https:\/\/www.oarcanjo.net\/site\/santa-ana-e-sao-joaquim\/#primaryimage\"},\"image\":{\"@id\":\"https:\/\/www.oarcanjo.net\/site\/santa-ana-e-sao-joaquim\/#primaryimage\"},\"thumbnailUrl\":\"http:\/\/sintoniadejesus.files.wordpress.com\/2009\/07\/santaana.jpg\",\"datePublished\":\"2018-07-26T03:49:57+00:00\",\"dateModified\":\"2018-06-20T21:17:43+00:00\",\"breadcrumb\":{\"@id\":\"https:\/\/www.oarcanjo.net\/site\/santa-ana-e-sao-joaquim\/#breadcrumb\"},\"inLanguage\":\"pt-BR\",\"potentialAction\":[{\"@type\":\"ReadAction\",\"target\":[\"https:\/\/www.oarcanjo.net\/site\/santa-ana-e-sao-joaquim\/\"]}]},{\"@type\":\"ImageObject\",\"inLanguage\":\"pt-BR\",\"@id\":\"https:\/\/www.oarcanjo.net\/site\/santa-ana-e-sao-joaquim\/#primaryimage\",\"url\":\"http:\/\/sintoniadejesus.files.wordpress.com\/2009\/07\/santaana.jpg\",\"contentUrl\":\"http:\/\/sintoniadejesus.files.wordpress.com\/2009\/07\/santaana.jpg\"},{\"@type\":\"BreadcrumbList\",\"@id\":\"https:\/\/www.oarcanjo.net\/site\/santa-ana-e-sao-joaquim\/#breadcrumb\",\"itemListElement\":[{\"@type\":\"ListItem\",\"position\":1,\"name\":\"In\u00edcio\",\"item\":\"https:\/\/www.oarcanjo.net\/site\/\"},{\"@type\":\"ListItem\",\"position\":2,\"name\":\"Santa Ana e S\u00e3o Joaquim\"}]},{\"@type\":\"WebSite\",\"@id\":\"https:\/\/www.oarcanjo.net\/site\/#website\",\"url\":\"https:\/\/www.oarcanjo.net\/site\/\",\"name\":\"O Arcanjo no ar\",\"description\":\"Site da Par\u00f3quia S\u00e3o Miguel Arcanjo (Arquidiocese de SP)\",\"publisher\":{\"@id\":\"https:\/\/www.oarcanjo.net\/site\/#organization\"},\"potentialAction\":[{\"@type\":\"SearchAction\",\"target\":{\"@type\":\"EntryPoint\",\"urlTemplate\":\"https:\/\/www.oarcanjo.net\/site\/?s={search_term_string}\"},\"query-input\":{\"@type\":\"PropertyValueSpecification\",\"valueRequired\":true,\"valueName\":\"search_term_string\"}}],\"inLanguage\":\"pt-BR\"},{\"@type\":\"Organization\",\"@id\":\"https:\/\/www.oarcanjo.net\/site\/#organization\",\"name\":\"Par\u00f3quia S\u00e3o Miguel Arcanjo\",\"url\":\"https:\/\/www.oarcanjo.net\/site\/\",\"logo\":{\"@type\":\"ImageObject\",\"inLanguage\":\"pt-BR\",\"@id\":\"https:\/\/www.oarcanjo.net\/site\/#\/schema\/logo\/image\/\",\"url\":\"https:\/\/www.oarcanjo.net\/site\/wp-content\/uploads\/LogoOArcanjo.png\",\"contentUrl\":\"https:\/\/www.oarcanjo.net\/site\/wp-content\/uploads\/LogoOArcanjo.png\",\"width\":319,\"height\":99,\"caption\":\"Par\u00f3quia S\u00e3o Miguel Arcanjo\"},\"image\":{\"@id\":\"https:\/\/www.oarcanjo.net\/site\/#\/schema\/logo\/image\/\"},\"sameAs\":[\"https:\/\/www.facebook.com\/OArcanjoNoAr\/\"]},{\"@type\":\"Person\",\"@id\":\"https:\/\/www.oarcanjo.net\/site\/#\/schema\/person\/5eb9480bedd2f3c97e430ce128c29c6c\",\"name\":\"danilo\"}]}<\/script>\n<!-- \/ Yoast SEO plugin. -->","yoast_head_json":{"title":"Santa Ana e S\u00e3o Joaquim - O Arcanjo no ar","robots":{"index":"index","follow":"follow","max-snippet":"max-snippet:-1","max-image-preview":"max-image-preview:large","max-video-preview":"max-video-preview:-1"},"canonical":"https:\/\/www.oarcanjo.net\/site\/santa-ana-e-sao-joaquim\/","og_locale":"pt_BR","og_type":"article","og_title":"Santa Ana e S\u00e3o Joaquim - O Arcanjo no ar","og_description":"26 de Julho Ana e seu marido Joaquim j\u00e1 estavam com idade avan\u00e7ada e ainda n\u00e3o tinham filhos. O que, para os judeus de sua \u00e9poca, era quase um desgosto e uma vergonha tamb\u00e9m. Os motivos s\u00e3o \u00f3bvios, pois os judeus esperavam a chegada do messias, como previam as sagradas profecias. Assim, toda esposa judia [&hellip;]","og_url":"https:\/\/www.oarcanjo.net\/site\/santa-ana-e-sao-joaquim\/","og_site_name":"O Arcanjo no ar","article_publisher":"https:\/\/www.facebook.com\/OArcanjoNoAr\/","article_published_time":"2018-07-26T03:49:57+00:00","article_modified_time":"2018-06-20T21:17:43+00:00","og_image":[{"url":"http:\/\/sintoniadejesus.files.wordpress.com\/2009\/07\/santaana.jpg"}],"author":"danilo","twitter_card":"summary_large_image","twitter_misc":{"Escrito por":"danilo","Est. tempo de leitura":"2 minutos"},"schema":{"@context":"https:\/\/schema.org","@graph":[{"@type":"Article","@id":"https:\/\/www.oarcanjo.net\/site\/santa-ana-e-sao-joaquim\/#article","isPartOf":{"@id":"https:\/\/www.oarcanjo.net\/site\/santa-ana-e-sao-joaquim\/"},"author":{"name":"danilo","@id":"https:\/\/www.oarcanjo.net\/site\/#\/schema\/person\/5eb9480bedd2f3c97e430ce128c29c6c"},"headline":"Santa Ana e S\u00e3o Joaquim","datePublished":"2018-07-26T03:49:57+00:00","dateModified":"2018-06-20T21:17:43+00:00","mainEntityOfPage":{"@id":"https:\/\/www.oarcanjo.net\/site\/santa-ana-e-sao-joaquim\/"},"wordCount":361,"commentCount":2,"publisher":{"@id":"https:\/\/www.oarcanjo.net\/site\/#organization"},"image":{"@id":"https:\/\/www.oarcanjo.net\/site\/santa-ana-e-sao-joaquim\/#primaryimage"},"thumbnailUrl":"http:\/\/sintoniadejesus.files.wordpress.com\/2009\/07\/santaana.jpg","articleSection":["Testemunhos"],"inLanguage":"pt-BR","potentialAction":[{"@type":"CommentAction","name":"Comment","target":["https:\/\/www.oarcanjo.net\/site\/santa-ana-e-sao-joaquim\/#respond"]}]},{"@type":"WebPage","@id":"https:\/\/www.oarcanjo.net\/site\/santa-ana-e-sao-joaquim\/","url":"https:\/\/www.oarcanjo.net\/site\/santa-ana-e-sao-joaquim\/","name":"Santa Ana e S\u00e3o Joaquim - O Arcanjo no ar","isPartOf":{"@id":"https:\/\/www.oarcanjo.net\/site\/#website"},"primaryImageOfPage":{"@id":"https:\/\/www.oarcanjo.net\/site\/santa-ana-e-sao-joaquim\/#primaryimage"},"image":{"@id":"https:\/\/www.oarcanjo.net\/site\/santa-ana-e-sao-joaquim\/#primaryimage"},"thumbnailUrl":"http:\/\/sintoniadejesus.files.wordpress.com\/2009\/07\/santaana.jpg","datePublished":"2018-07-26T03:49:57+00:00","dateModified":"2018-06-20T21:17:43+00:00","breadcrumb":{"@id":"https:\/\/www.oarcanjo.net\/site\/santa-ana-e-sao-joaquim\/#breadcrumb"},"inLanguage":"pt-BR","potentialAction":[{"@type":"ReadAction","target":["https:\/\/www.oarcanjo.net\/site\/santa-ana-e-sao-joaquim\/"]}]},{"@type":"ImageObject","inLanguage":"pt-BR","@id":"https:\/\/www.oarcanjo.net\/site\/santa-ana-e-sao-joaquim\/#primaryimage","url":"http:\/\/sintoniadejesus.files.wordpress.com\/2009\/07\/santaana.jpg","contentUrl":"http:\/\/sintoniadejesus.files.wordpress.com\/2009\/07\/santaana.jpg"},{"@type":"BreadcrumbList","@id":"https:\/\/www.oarcanjo.net\/site\/santa-ana-e-sao-joaquim\/#breadcrumb","itemListElement":[{"@type":"ListItem","position":1,"name":"In\u00edcio","item":"https:\/\/www.oarcanjo.net\/site\/"},{"@type":"ListItem","position":2,"name":"Santa Ana e S\u00e3o Joaquim"}]},{"@type":"WebSite","@id":"https:\/\/www.oarcanjo.net\/site\/#website","url":"https:\/\/www.oarcanjo.net\/site\/","name":"O Arcanjo no ar","description":"Site da Par\u00f3quia S\u00e3o Miguel Arcanjo (Arquidiocese de SP)","publisher":{"@id":"https:\/\/www.oarcanjo.net\/site\/#organization"},"potentialAction":[{"@type":"SearchAction","target":{"@type":"EntryPoint","urlTemplate":"https:\/\/www.oarcanjo.net\/site\/?s={search_term_string}"},"query-input":{"@type":"PropertyValueSpecification","valueRequired":true,"valueName":"search_term_string"}}],"inLanguage":"pt-BR"},{"@type":"Organization","@id":"https:\/\/www.oarcanjo.net\/site\/#organization","name":"Par\u00f3quia S\u00e3o Miguel Arcanjo","url":"https:\/\/www.oarcanjo.net\/site\/","logo":{"@type":"ImageObject","inLanguage":"pt-BR","@id":"https:\/\/www.oarcanjo.net\/site\/#\/schema\/logo\/image\/","url":"https:\/\/www.oarcanjo.net\/site\/wp-content\/uploads\/LogoOArcanjo.png","contentUrl":"https:\/\/www.oarcanjo.net\/site\/wp-content\/uploads\/LogoOArcanjo.png","width":319,"height":99,"caption":"Par\u00f3quia S\u00e3o Miguel Arcanjo"},"image":{"@id":"https:\/\/www.oarcanjo.net\/site\/#\/schema\/logo\/image\/"},"sameAs":["https:\/\/www.facebook.com\/OArcanjoNoAr\/"]},{"@type":"Person","@id":"https:\/\/www.oarcanjo.net\/site\/#\/schema\/person\/5eb9480bedd2f3c97e430ce128c29c6c","name":"danilo"}]}},"publishpress_future_action":{"enabled":false,"date":"2026-05-08 09:34:46","action":"category","newStatus":"draft","terms":[],"taxonomy":"category"},"publishpress_future_workflow_manual_trigger":{"enabledWorkflows":[]},"_links":{"self":[{"href":"https:\/\/www.oarcanjo.net\/site\/wp-json\/wp\/v2\/posts\/10292"}],"collection":[{"href":"https:\/\/www.oarcanjo.net\/site\/wp-json\/wp\/v2\/posts"}],"about":[{"href":"https:\/\/www.oarcanjo.net\/site\/wp-json\/wp\/v2\/types\/post"}],"author":[{"embeddable":true,"href":"https:\/\/www.oarcanjo.net\/site\/wp-json\/wp\/v2\/users\/14"}],"replies":[{"embeddable":true,"href":"https:\/\/www.oarcanjo.net\/site\/wp-json\/wp\/v2\/comments?post=10292"}],"version-history":[{"count":1,"href":"https:\/\/www.oarcanjo.net\/site\/wp-json\/wp\/v2\/posts\/10292\/revisions"}],"predecessor-version":[{"id":88584,"href":"https:\/\/www.oarcanjo.net\/site\/wp-json\/wp\/v2\/posts\/10292\/revisions\/88584"}],"wp:attachment":[{"href":"https:\/\/www.oarcanjo.net\/site\/wp-json\/wp\/v2\/media?parent=10292"}],"wp:term":[{"taxonomy":"category","embeddable":true,"href":"https:\/\/www.oarcanjo.net\/site\/wp-json\/wp\/v2\/categories?post=10292"},{"taxonomy":"post_tag","embeddable":true,"href":"https:\/\/www.oarcanjo.net\/site\/wp-json\/wp\/v2\/tags?post=10292"}],"curies":[{"name":"wp","href":"https:\/\/api.w.org\/{rel}","templated":true}]}}