
{"id":10311,"date":"2010-07-19T22:03:37","date_gmt":"2010-07-20T01:03:37","guid":{"rendered":"http:\/\/www.oarcanjo.net\/site\/?p=10311"},"modified":"2010-08-05T07:43:24","modified_gmt":"2010-08-05T10:43:24","slug":"show-beneficente-de-pe-fabio-de-melo-acontece-em-agosto","status":"publish","type":"post","link":"https:\/\/www.oarcanjo.net\/site\/show-beneficente-de-pe-fabio-de-melo-acontece-em-agosto\/","title":{"rendered":"Show beneficente do Pe. F\u00e1bio de Melo acontece em agosto"},"content":{"rendered":"<p>O show com o Pe. F\u00e1bio de Melo acontece no dia 04 de agosto, \u00e0s 20h, no <strong>Teatro Bradesco <\/strong>em benef\u00edcio das Associa\u00e7\u00f5es Alian\u00e7a de Miseric\u00f3rdia e Centro de Defesa de Direitos Humanos Pe. Ezequiel Ramin.<\/p>\n<p><strong>Pe. F\u00e1bio de Melo<\/strong><\/p>\n<p>Com treze CDs gravados e repert\u00f3rios que valorizam a religiosidade e cultura, suas composi\u00e7\u00f5es s\u00e3o poesias, com uma roupagem e ritmos modernos. \u00c9 autor de obras-primas de nossa literatura como: \u201cQuem me roubou de mim\u201d, \u201cTempo: Saudades e Esquecimentos\u201d, \u201cQuando o sofrimento bater \u00e0 sua porta\u201d e \u201cAmigo: somos muitos, mesmo sendo dois\u201d.<\/p>\n<p><strong>Agenda<\/strong><\/p>\n<p><strong>Data: <\/strong>04 de agosto<br \/>\n<strong>Hor\u00e1rio:<\/strong> 20h<br \/>\n<strong>Local: <\/strong>Bourbon Shopping S\u00e3o Paulo<br \/>\nRua Turiass\u00fa, 2100 &#8211; 3\u00b0 piso<br \/>\nFone: (11) 3670-4100<\/p>\n<p>Para comprar ingressos e obter mais informa\u00e7\u00f5es sobre o show, consultar o site do teatro <a href=\"www.teatrobradesco.com.br\" target=\"_blank\">www.teatrobradesco.com.br<\/a>.<\/p>\n<div id=\"themify_builder_content-10311\" data-postid=\"10311\" class=\"themify_builder_content themify_builder_content-10311 themify_builder themify_builder_front\">\n\t<\/div>\n<!-- \/themify_builder_content -->","protected":false},"excerpt":{"rendered":"<p>O show com o Pe. F\u00e1bio de Melo acontece no dia 04 de agosto, \u00e0s 20h, no Teatro Bradesco em benef\u00edcio das Associa\u00e7\u00f5es Alian\u00e7a de Miseric\u00f3rdia e Centro de Defesa de Direitos Humanos Pe. Ezequiel Ramin. Pe. F\u00e1bio de Melo Com treze CDs gravados e repert\u00f3rios que valorizam a religiosidade e cultura, suas composi\u00e7\u00f5es s\u00e3o [&hellip;]<\/p>\n","protected":false},"author":5,"featured_media":0,"comment_status":"open","ping_status":"open","sticky":false,"template":"","format":"standard","meta":{"ngg_post_thumbnail":0,"footnotes":""},"categories":[8],"tags":[],"yoast_head":"<!-- This site is optimized with the Yoast SEO plugin v23.5 - https:\/\/yoast.com\/wordpress\/plugins\/seo\/ -->\n<title>Show beneficente do Pe. F\u00e1bio de Melo acontece em agosto - O Arcanjo no ar<\/title>\n<meta name=\"robots\" content=\"index, follow, max-snippet:-1, max-image-preview:large, max-video-preview:-1\" \/>\n<link rel=\"canonical\" href=\"https:\/\/www.oarcanjo.net\/site\/show-beneficente-de-pe-fabio-de-melo-acontece-em-agosto\/\" \/>\n<meta property=\"og:locale\" content=\"pt_BR\" \/>\n<meta property=\"og:type\" content=\"article\" \/>\n<meta property=\"og:title\" content=\"Show beneficente do Pe. F\u00e1bio de Melo acontece em agosto - O Arcanjo no ar\" \/>\n<meta property=\"og:description\" content=\"O show com o Pe. F\u00e1bio de Melo acontece no dia 04 de agosto, \u00e0s 20h, no Teatro Bradesco em benef\u00edcio das Associa\u00e7\u00f5es Alian\u00e7a de Miseric\u00f3rdia e Centro de Defesa de Direitos Humanos Pe. Ezequiel Ramin. Pe. F\u00e1bio de Melo Com treze CDs gravados e repert\u00f3rios que valorizam a religiosidade e cultura, suas composi\u00e7\u00f5es s\u00e3o [&hellip;]\" \/>\n<meta property=\"og:url\" content=\"https:\/\/www.oarcanjo.net\/site\/show-beneficente-de-pe-fabio-de-melo-acontece-em-agosto\/\" \/>\n<meta property=\"og:site_name\" content=\"O Arcanjo no ar\" \/>\n<meta property=\"article:publisher\" content=\"https:\/\/www.facebook.com\/OArcanjoNoAr\/\" \/>\n<meta property=\"article:published_time\" content=\"2010-07-20T01:03:37+00:00\" \/>\n<meta property=\"article:modified_time\" content=\"2010-08-05T10:43:24+00:00\" \/>\n<meta property=\"og:image\" content=\"https:\/\/www.oarcanjo.net\/site\/wp-content\/uploads\/logo-o-arcanjo-no-ar-facebook.png\" \/>\n\t<meta property=\"og:image:width\" content=\"300\" \/>\n\t<meta property=\"og:image:height\" content=\"300\" \/>\n\t<meta property=\"og:image:type\" content=\"image\/png\" \/>\n<meta name=\"author\" content=\"editor\" \/>\n<meta name=\"twitter:card\" content=\"summary_large_image\" \/>\n<meta name=\"twitter:label1\" content=\"Escrito por\" \/>\n\t<meta name=\"twitter:data1\" content=\"editor\" \/>\n\t<meta name=\"twitter:label2\" content=\"Est. tempo de leitura\" \/>\n\t<meta name=\"twitter:data2\" content=\"1 minuto\" \/>\n<script type=\"application\/ld+json\" class=\"yoast-schema-graph\">{\"@context\":\"https:\/\/schema.org\",\"@graph\":[{\"@type\":\"Article\",\"@id\":\"https:\/\/www.oarcanjo.net\/site\/show-beneficente-de-pe-fabio-de-melo-acontece-em-agosto\/#article\",\"isPartOf\":{\"@id\":\"https:\/\/www.oarcanjo.net\/site\/show-beneficente-de-pe-fabio-de-melo-acontece-em-agosto\/\"},\"author\":{\"name\":\"editor\",\"@id\":\"https:\/\/www.oarcanjo.net\/site\/#\/schema\/person\/f7024d007863202483a31326673a0838\"},\"headline\":\"Show beneficente do Pe. F\u00e1bio de Melo acontece em agosto\",\"datePublished\":\"2010-07-20T01:03:37+00:00\",\"dateModified\":\"2010-08-05T10:43:24+00:00\",\"mainEntityOfPage\":{\"@id\":\"https:\/\/www.oarcanjo.net\/site\/show-beneficente-de-pe-fabio-de-melo-acontece-em-agosto\/\"},\"wordCount\":149,\"commentCount\":2,\"publisher\":{\"@id\":\"https:\/\/www.oarcanjo.net\/site\/#organization\"},\"articleSection\":[\"Not\u00edcias\"],\"inLanguage\":\"pt-BR\",\"potentialAction\":[{\"@type\":\"CommentAction\",\"name\":\"Comment\",\"target\":[\"https:\/\/www.oarcanjo.net\/site\/show-beneficente-de-pe-fabio-de-melo-acontece-em-agosto\/#respond\"]}]},{\"@type\":\"WebPage\",\"@id\":\"https:\/\/www.oarcanjo.net\/site\/show-beneficente-de-pe-fabio-de-melo-acontece-em-agosto\/\",\"url\":\"https:\/\/www.oarcanjo.net\/site\/show-beneficente-de-pe-fabio-de-melo-acontece-em-agosto\/\",\"name\":\"Show beneficente do Pe. F\u00e1bio de Melo acontece em agosto - O Arcanjo no ar\",\"isPartOf\":{\"@id\":\"https:\/\/www.oarcanjo.net\/site\/#website\"},\"datePublished\":\"2010-07-20T01:03:37+00:00\",\"dateModified\":\"2010-08-05T10:43:24+00:00\",\"breadcrumb\":{\"@id\":\"https:\/\/www.oarcanjo.net\/site\/show-beneficente-de-pe-fabio-de-melo-acontece-em-agosto\/#breadcrumb\"},\"inLanguage\":\"pt-BR\",\"potentialAction\":[{\"@type\":\"ReadAction\",\"target\":[\"https:\/\/www.oarcanjo.net\/site\/show-beneficente-de-pe-fabio-de-melo-acontece-em-agosto\/\"]}]},{\"@type\":\"BreadcrumbList\",\"@id\":\"https:\/\/www.oarcanjo.net\/site\/show-beneficente-de-pe-fabio-de-melo-acontece-em-agosto\/#breadcrumb\",\"itemListElement\":[{\"@type\":\"ListItem\",\"position\":1,\"name\":\"In\u00edcio\",\"item\":\"https:\/\/www.oarcanjo.net\/site\/\"},{\"@type\":\"ListItem\",\"position\":2,\"name\":\"Show beneficente do Pe. F\u00e1bio de Melo acontece em agosto\"}]},{\"@type\":\"WebSite\",\"@id\":\"https:\/\/www.oarcanjo.net\/site\/#website\",\"url\":\"https:\/\/www.oarcanjo.net\/site\/\",\"name\":\"O Arcanjo no ar\",\"description\":\"Site da Par\u00f3quia S\u00e3o Miguel Arcanjo (Arquidiocese de SP)\",\"publisher\":{\"@id\":\"https:\/\/www.oarcanjo.net\/site\/#organization\"},\"potentialAction\":[{\"@type\":\"SearchAction\",\"target\":{\"@type\":\"EntryPoint\",\"urlTemplate\":\"https:\/\/www.oarcanjo.net\/site\/?s={search_term_string}\"},\"query-input\":{\"@type\":\"PropertyValueSpecification\",\"valueRequired\":true,\"valueName\":\"search_term_string\"}}],\"inLanguage\":\"pt-BR\"},{\"@type\":\"Organization\",\"@id\":\"https:\/\/www.oarcanjo.net\/site\/#organization\",\"name\":\"Par\u00f3quia S\u00e3o Miguel Arcanjo\",\"url\":\"https:\/\/www.oarcanjo.net\/site\/\",\"logo\":{\"@type\":\"ImageObject\",\"inLanguage\":\"pt-BR\",\"@id\":\"https:\/\/www.oarcanjo.net\/site\/#\/schema\/logo\/image\/\",\"url\":\"https:\/\/www.oarcanjo.net\/site\/wp-content\/uploads\/LogoOArcanjo.png\",\"contentUrl\":\"https:\/\/www.oarcanjo.net\/site\/wp-content\/uploads\/LogoOArcanjo.png\",\"width\":319,\"height\":99,\"caption\":\"Par\u00f3quia S\u00e3o Miguel Arcanjo\"},\"image\":{\"@id\":\"https:\/\/www.oarcanjo.net\/site\/#\/schema\/logo\/image\/\"},\"sameAs\":[\"https:\/\/www.facebook.com\/OArcanjoNoAr\/\"]},{\"@type\":\"Person\",\"@id\":\"https:\/\/www.oarcanjo.net\/site\/#\/schema\/person\/f7024d007863202483a31326673a0838\",\"name\":\"editor\",\"sameAs\":[\"http:\/\/www.oarcanjo.net\"]}]}<\/script>\n<!-- \/ Yoast SEO plugin. -->","yoast_head_json":{"title":"Show beneficente do Pe. F\u00e1bio de Melo acontece em agosto - O Arcanjo no ar","robots":{"index":"index","follow":"follow","max-snippet":"max-snippet:-1","max-image-preview":"max-image-preview:large","max-video-preview":"max-video-preview:-1"},"canonical":"https:\/\/www.oarcanjo.net\/site\/show-beneficente-de-pe-fabio-de-melo-acontece-em-agosto\/","og_locale":"pt_BR","og_type":"article","og_title":"Show beneficente do Pe. F\u00e1bio de Melo acontece em agosto - O Arcanjo no ar","og_description":"O show com o Pe. F\u00e1bio de Melo acontece no dia 04 de agosto, \u00e0s 20h, no Teatro Bradesco em benef\u00edcio das Associa\u00e7\u00f5es Alian\u00e7a de Miseric\u00f3rdia e Centro de Defesa de Direitos Humanos Pe. Ezequiel Ramin. Pe. F\u00e1bio de Melo Com treze CDs gravados e repert\u00f3rios que valorizam a religiosidade e cultura, suas composi\u00e7\u00f5es s\u00e3o [&hellip;]","og_url":"https:\/\/www.oarcanjo.net\/site\/show-beneficente-de-pe-fabio-de-melo-acontece-em-agosto\/","og_site_name":"O Arcanjo no ar","article_publisher":"https:\/\/www.facebook.com\/OArcanjoNoAr\/","article_published_time":"2010-07-20T01:03:37+00:00","article_modified_time":"2010-08-05T10:43:24+00:00","og_image":[{"width":300,"height":300,"url":"https:\/\/www.oarcanjo.net\/site\/wp-content\/uploads\/logo-o-arcanjo-no-ar-facebook.png","type":"image\/png"}],"author":"editor","twitter_card":"summary_large_image","twitter_misc":{"Escrito por":"editor","Est. tempo de leitura":"1 minuto"},"schema":{"@context":"https:\/\/schema.org","@graph":[{"@type":"Article","@id":"https:\/\/www.oarcanjo.net\/site\/show-beneficente-de-pe-fabio-de-melo-acontece-em-agosto\/#article","isPartOf":{"@id":"https:\/\/www.oarcanjo.net\/site\/show-beneficente-de-pe-fabio-de-melo-acontece-em-agosto\/"},"author":{"name":"editor","@id":"https:\/\/www.oarcanjo.net\/site\/#\/schema\/person\/f7024d007863202483a31326673a0838"},"headline":"Show beneficente do Pe. F\u00e1bio de Melo acontece em agosto","datePublished":"2010-07-20T01:03:37+00:00","dateModified":"2010-08-05T10:43:24+00:00","mainEntityOfPage":{"@id":"https:\/\/www.oarcanjo.net\/site\/show-beneficente-de-pe-fabio-de-melo-acontece-em-agosto\/"},"wordCount":149,"commentCount":2,"publisher":{"@id":"https:\/\/www.oarcanjo.net\/site\/#organization"},"articleSection":["Not\u00edcias"],"inLanguage":"pt-BR","potentialAction":[{"@type":"CommentAction","name":"Comment","target":["https:\/\/www.oarcanjo.net\/site\/show-beneficente-de-pe-fabio-de-melo-acontece-em-agosto\/#respond"]}]},{"@type":"WebPage","@id":"https:\/\/www.oarcanjo.net\/site\/show-beneficente-de-pe-fabio-de-melo-acontece-em-agosto\/","url":"https:\/\/www.oarcanjo.net\/site\/show-beneficente-de-pe-fabio-de-melo-acontece-em-agosto\/","name":"Show beneficente do Pe. F\u00e1bio de Melo acontece em agosto - O Arcanjo no ar","isPartOf":{"@id":"https:\/\/www.oarcanjo.net\/site\/#website"},"datePublished":"2010-07-20T01:03:37+00:00","dateModified":"2010-08-05T10:43:24+00:00","breadcrumb":{"@id":"https:\/\/www.oarcanjo.net\/site\/show-beneficente-de-pe-fabio-de-melo-acontece-em-agosto\/#breadcrumb"},"inLanguage":"pt-BR","potentialAction":[{"@type":"ReadAction","target":["https:\/\/www.oarcanjo.net\/site\/show-beneficente-de-pe-fabio-de-melo-acontece-em-agosto\/"]}]},{"@type":"BreadcrumbList","@id":"https:\/\/www.oarcanjo.net\/site\/show-beneficente-de-pe-fabio-de-melo-acontece-em-agosto\/#breadcrumb","itemListElement":[{"@type":"ListItem","position":1,"name":"In\u00edcio","item":"https:\/\/www.oarcanjo.net\/site\/"},{"@type":"ListItem","position":2,"name":"Show beneficente do Pe. F\u00e1bio de Melo acontece em agosto"}]},{"@type":"WebSite","@id":"https:\/\/www.oarcanjo.net\/site\/#website","url":"https:\/\/www.oarcanjo.net\/site\/","name":"O Arcanjo no ar","description":"Site da Par\u00f3quia S\u00e3o Miguel Arcanjo (Arquidiocese de SP)","publisher":{"@id":"https:\/\/www.oarcanjo.net\/site\/#organization"},"potentialAction":[{"@type":"SearchAction","target":{"@type":"EntryPoint","urlTemplate":"https:\/\/www.oarcanjo.net\/site\/?s={search_term_string}"},"query-input":{"@type":"PropertyValueSpecification","valueRequired":true,"valueName":"search_term_string"}}],"inLanguage":"pt-BR"},{"@type":"Organization","@id":"https:\/\/www.oarcanjo.net\/site\/#organization","name":"Par\u00f3quia S\u00e3o Miguel Arcanjo","url":"https:\/\/www.oarcanjo.net\/site\/","logo":{"@type":"ImageObject","inLanguage":"pt-BR","@id":"https:\/\/www.oarcanjo.net\/site\/#\/schema\/logo\/image\/","url":"https:\/\/www.oarcanjo.net\/site\/wp-content\/uploads\/LogoOArcanjo.png","contentUrl":"https:\/\/www.oarcanjo.net\/site\/wp-content\/uploads\/LogoOArcanjo.png","width":319,"height":99,"caption":"Par\u00f3quia S\u00e3o Miguel Arcanjo"},"image":{"@id":"https:\/\/www.oarcanjo.net\/site\/#\/schema\/logo\/image\/"},"sameAs":["https:\/\/www.facebook.com\/OArcanjoNoAr\/"]},{"@type":"Person","@id":"https:\/\/www.oarcanjo.net\/site\/#\/schema\/person\/f7024d007863202483a31326673a0838","name":"editor","sameAs":["http:\/\/www.oarcanjo.net"]}]}},"publishpress_future_action":{"enabled":false,"date":"2026-05-09 09:03:15","action":"category","newStatus":"draft","terms":[],"taxonomy":"category"},"publishpress_future_workflow_manual_trigger":{"enabledWorkflows":[]},"_links":{"self":[{"href":"https:\/\/www.oarcanjo.net\/site\/wp-json\/wp\/v2\/posts\/10311"}],"collection":[{"href":"https:\/\/www.oarcanjo.net\/site\/wp-json\/wp\/v2\/posts"}],"about":[{"href":"https:\/\/www.oarcanjo.net\/site\/wp-json\/wp\/v2\/types\/post"}],"author":[{"embeddable":true,"href":"https:\/\/www.oarcanjo.net\/site\/wp-json\/wp\/v2\/users\/5"}],"replies":[{"embeddable":true,"href":"https:\/\/www.oarcanjo.net\/site\/wp-json\/wp\/v2\/comments?post=10311"}],"version-history":[{"count":0,"href":"https:\/\/www.oarcanjo.net\/site\/wp-json\/wp\/v2\/posts\/10311\/revisions"}],"wp:attachment":[{"href":"https:\/\/www.oarcanjo.net\/site\/wp-json\/wp\/v2\/media?parent=10311"}],"wp:term":[{"taxonomy":"category","embeddable":true,"href":"https:\/\/www.oarcanjo.net\/site\/wp-json\/wp\/v2\/categories?post=10311"},{"taxonomy":"post_tag","embeddable":true,"href":"https:\/\/www.oarcanjo.net\/site\/wp-json\/wp\/v2\/tags?post=10311"}],"curies":[{"name":"wp","href":"https:\/\/api.w.org\/{rel}","templated":true}]}}