
{"id":10333,"date":"2018-07-27T00:10:14","date_gmt":"2018-07-27T03:10:14","guid":{"rendered":"http:\/\/www.oarcanjo.net\/site\/?p=10333"},"modified":"2018-06-20T18:17:01","modified_gmt":"2018-06-20T21:17:01","slug":"sao-celestino-i","status":"publish","type":"post","link":"https:\/\/www.oarcanjo.net\/site\/sao-celestino-i\/","title":{"rendered":"S\u00e3o Celestino I"},"content":{"rendered":"<p><img decoding=\"async\" src=\"http:\/\/www.catolicanet.com\/images\/papas\/044.gif\" alt=\"\" \/><\/p>\n<p>27 de Julho<\/p>\n<p>O papa Celestino I, eleito em 10 de setembro de 422, nasceu na Camp\u00e2nia, no sul da It\u00e1lia. Considerado um governante de atitude, foi tamb\u00e9m um pioneiro em muitos aspectos. Enfrentou as graves quest\u00f5es da \u00e9poca de tal maneira que passou para a hist\u00f3ria, embora o seu mandato tenha durado apenas uma d\u00e9cada.<\/p>\n<p>Era um per\u00edodo de reconstru\u00e7\u00e3o para Roma, que fora quase destru\u00edda pela invas\u00e3o dos b\u00e1rbaros, liderados por Alarico. O papa Clementino I participou ativamente restaurando numerosas bas\u00edlicas, entre elas a de Santa Maria, em Trastevere, a primeira dedicada a Nossa Senhora, e construiu a de Santa Sabina. Al\u00e9m disso, entendia que o papa tinha o direito de responder pessoalmente a correspond\u00eancia enviada pelos crist\u00e3os leigos e n\u00e3o apenas das autoridades e dos cl\u00e9rigos. E ele o exerceu por meio de suas cartas, as quais chamava de decretais, e que se tornaram a semente do direito can\u00f4nico. Tamb\u00e9m foi vigoroso o interc\u00e2mbio de correspond\u00eancia que manteve com seu amigo e contempor\u00e2neo, santo Agostinho, o bispo de Hipona, do qual foi ferrenho defensor.<\/p>\n<p>Foi ele o primeiro a determinar que os bispos n\u00e3o deveriam nunca negar a absolvi\u00e7\u00e3o a algu\u00e9m que estivesse morrendo. Tamb\u00e9m proibiu que os bispos vestissem cintos e mantos como os monges. Combateu as heresias, ajudou a esclarecer d\u00favidas doutrinais e combateu os abusos que se instalavam nas sedes episcopais. Seus atos pareciam acertar todo alvo escolhido. Enviou s\u00e3o Patr\u00edcio \u00e0 Irlanda e s\u00e3o Pal\u00e1dio \u00e0 Esc\u00f3cia e, como se sabe, ambos se tornaram, hist\u00f3rica e espiritualmente, ligados a esses pa\u00edses para todo o sempre.<\/p>\n<p>Outro evento important\u00edssimo realizado sob sua dire\u00e7\u00e3o foi o Conc\u00edlio de \u00c9feso, em 431. A import\u00e2ncia desse Conc\u00edlio, o segundo realizado pela Igreja e do qual participaram apenas cento e sessenta bispos, foi que nele se confirmou o dogma de Maria como &#8220;M\u00e3e de Deus&#8221; e n\u00e3o apenas &#8220;m\u00e3e do homem&#8221;, como pregava o arcebispo de Constantinopla, Nest\u00f3rio. Ele defendia a tese de que Jesus n\u00e3o era Deus quando nasceu e, portanto, Maria era apenas a m\u00e3e do homem Jesus e n\u00e3o de Deus feito homem.<\/p>\n<p>O papa Celestino I, para acabar com a confus\u00e3o que se generalizara no mundo crist\u00e3o, determinou que s\u00e3o Cirilo, bispo de Alexandria, dirigisse o Conc\u00edlio, que se iniciou em 22 de junho de 431. Ao seu final, foi restabelecida a verdade b\u00edblica do nascimento do Cristo. O papa enviou comunicados a todas as autoridades do mundo n\u00e3o s\u00f3 explicando a decis\u00e3o, mas informando a destitui\u00e7\u00e3o e condena\u00e7\u00e3o do bispo Nest\u00f3rio, que foi poupado da excomunh\u00e3o.<\/p>\n<p>Este foi seu \u00faltimo documento oficial, expedido na data de 15 de mar\u00e7o de 432, que fechou com chave de ouro seu pontificado, pois morreria alguns meses depois, em 27 de julho. S\u00e3o Celestino I foi sepultado numa capela do cemit\u00e9rio de Priscila. Em 817, suas rel\u00edquias foram colocadas na bas\u00edlica de Santa Praxedes, e uma parte delas enviadas para a catedral de Mantova.<\/p>\n<div id=\"themify_builder_content-10333\" data-postid=\"10333\" class=\"themify_builder_content themify_builder_content-10333 themify_builder themify_builder_front\">\n\t<\/div>\n<!-- \/themify_builder_content -->","protected":false},"excerpt":{"rendered":"<p>27 de Julho O papa Celestino I, eleito em 10 de setembro de 422, nasceu na Camp\u00e2nia, no sul da It\u00e1lia. Considerado um governante de atitude, foi tamb\u00e9m um pioneiro em muitos aspectos. Enfrentou as graves quest\u00f5es da \u00e9poca de tal maneira que passou para a hist\u00f3ria, embora o seu mandato tenha durado apenas uma [&hellip;]<\/p>\n","protected":false},"author":14,"featured_media":0,"comment_status":"open","ping_status":"open","sticky":false,"template":"","format":"standard","meta":{"ngg_post_thumbnail":0,"footnotes":""},"categories":[186],"tags":[],"yoast_head":"<!-- This site is optimized with the Yoast SEO plugin v23.5 - https:\/\/yoast.com\/wordpress\/plugins\/seo\/ -->\n<title>S\u00e3o Celestino I - O Arcanjo no ar<\/title>\n<meta name=\"robots\" content=\"index, follow, max-snippet:-1, max-image-preview:large, max-video-preview:-1\" \/>\n<link rel=\"canonical\" href=\"https:\/\/www.oarcanjo.net\/site\/sao-celestino-i\/\" \/>\n<meta property=\"og:locale\" content=\"pt_BR\" \/>\n<meta property=\"og:type\" content=\"article\" \/>\n<meta property=\"og:title\" content=\"S\u00e3o Celestino I - O Arcanjo no ar\" \/>\n<meta property=\"og:description\" content=\"27 de Julho O papa Celestino I, eleito em 10 de setembro de 422, nasceu na Camp\u00e2nia, no sul da It\u00e1lia. Considerado um governante de atitude, foi tamb\u00e9m um pioneiro em muitos aspectos. Enfrentou as graves quest\u00f5es da \u00e9poca de tal maneira que passou para a hist\u00f3ria, embora o seu mandato tenha durado apenas uma [&hellip;]\" \/>\n<meta property=\"og:url\" content=\"https:\/\/www.oarcanjo.net\/site\/sao-celestino-i\/\" \/>\n<meta property=\"og:site_name\" content=\"O Arcanjo no ar\" \/>\n<meta property=\"article:publisher\" content=\"https:\/\/www.facebook.com\/OArcanjoNoAr\/\" \/>\n<meta property=\"article:published_time\" content=\"2018-07-27T03:10:14+00:00\" \/>\n<meta property=\"article:modified_time\" content=\"2018-06-20T21:17:01+00:00\" \/>\n<meta property=\"og:image\" content=\"http:\/\/www.catolicanet.com\/images\/papas\/044.gif\" \/>\n<meta name=\"author\" content=\"danilo\" \/>\n<meta name=\"twitter:card\" content=\"summary_large_image\" \/>\n<meta name=\"twitter:label1\" content=\"Escrito por\" \/>\n\t<meta name=\"twitter:data1\" content=\"danilo\" \/>\n\t<meta name=\"twitter:label2\" content=\"Est. tempo de leitura\" \/>\n\t<meta name=\"twitter:data2\" content=\"3 minutos\" \/>\n<script type=\"application\/ld+json\" class=\"yoast-schema-graph\">{\"@context\":\"https:\/\/schema.org\",\"@graph\":[{\"@type\":\"Article\",\"@id\":\"https:\/\/www.oarcanjo.net\/site\/sao-celestino-i\/#article\",\"isPartOf\":{\"@id\":\"https:\/\/www.oarcanjo.net\/site\/sao-celestino-i\/\"},\"author\":{\"name\":\"danilo\",\"@id\":\"https:\/\/www.oarcanjo.net\/site\/#\/schema\/person\/5eb9480bedd2f3c97e430ce128c29c6c\"},\"headline\":\"S\u00e3o Celestino I\",\"datePublished\":\"2018-07-27T03:10:14+00:00\",\"dateModified\":\"2018-06-20T21:17:01+00:00\",\"mainEntityOfPage\":{\"@id\":\"https:\/\/www.oarcanjo.net\/site\/sao-celestino-i\/\"},\"wordCount\":541,\"commentCount\":0,\"publisher\":{\"@id\":\"https:\/\/www.oarcanjo.net\/site\/#organization\"},\"image\":{\"@id\":\"https:\/\/www.oarcanjo.net\/site\/sao-celestino-i\/#primaryimage\"},\"thumbnailUrl\":\"http:\/\/www.catolicanet.com\/images\/papas\/044.gif\",\"articleSection\":[\"Testemunhos\"],\"inLanguage\":\"pt-BR\",\"potentialAction\":[{\"@type\":\"CommentAction\",\"name\":\"Comment\",\"target\":[\"https:\/\/www.oarcanjo.net\/site\/sao-celestino-i\/#respond\"]}]},{\"@type\":\"WebPage\",\"@id\":\"https:\/\/www.oarcanjo.net\/site\/sao-celestino-i\/\",\"url\":\"https:\/\/www.oarcanjo.net\/site\/sao-celestino-i\/\",\"name\":\"S\u00e3o Celestino I - O Arcanjo no ar\",\"isPartOf\":{\"@id\":\"https:\/\/www.oarcanjo.net\/site\/#website\"},\"primaryImageOfPage\":{\"@id\":\"https:\/\/www.oarcanjo.net\/site\/sao-celestino-i\/#primaryimage\"},\"image\":{\"@id\":\"https:\/\/www.oarcanjo.net\/site\/sao-celestino-i\/#primaryimage\"},\"thumbnailUrl\":\"http:\/\/www.catolicanet.com\/images\/papas\/044.gif\",\"datePublished\":\"2018-07-27T03:10:14+00:00\",\"dateModified\":\"2018-06-20T21:17:01+00:00\",\"breadcrumb\":{\"@id\":\"https:\/\/www.oarcanjo.net\/site\/sao-celestino-i\/#breadcrumb\"},\"inLanguage\":\"pt-BR\",\"potentialAction\":[{\"@type\":\"ReadAction\",\"target\":[\"https:\/\/www.oarcanjo.net\/site\/sao-celestino-i\/\"]}]},{\"@type\":\"ImageObject\",\"inLanguage\":\"pt-BR\",\"@id\":\"https:\/\/www.oarcanjo.net\/site\/sao-celestino-i\/#primaryimage\",\"url\":\"http:\/\/www.catolicanet.com\/images\/papas\/044.gif\",\"contentUrl\":\"http:\/\/www.catolicanet.com\/images\/papas\/044.gif\"},{\"@type\":\"BreadcrumbList\",\"@id\":\"https:\/\/www.oarcanjo.net\/site\/sao-celestino-i\/#breadcrumb\",\"itemListElement\":[{\"@type\":\"ListItem\",\"position\":1,\"name\":\"In\u00edcio\",\"item\":\"https:\/\/www.oarcanjo.net\/site\/\"},{\"@type\":\"ListItem\",\"position\":2,\"name\":\"S\u00e3o Celestino I\"}]},{\"@type\":\"WebSite\",\"@id\":\"https:\/\/www.oarcanjo.net\/site\/#website\",\"url\":\"https:\/\/www.oarcanjo.net\/site\/\",\"name\":\"O Arcanjo no ar\",\"description\":\"Site da Par\u00f3quia S\u00e3o Miguel Arcanjo (Arquidiocese de SP)\",\"publisher\":{\"@id\":\"https:\/\/www.oarcanjo.net\/site\/#organization\"},\"potentialAction\":[{\"@type\":\"SearchAction\",\"target\":{\"@type\":\"EntryPoint\",\"urlTemplate\":\"https:\/\/www.oarcanjo.net\/site\/?s={search_term_string}\"},\"query-input\":{\"@type\":\"PropertyValueSpecification\",\"valueRequired\":true,\"valueName\":\"search_term_string\"}}],\"inLanguage\":\"pt-BR\"},{\"@type\":\"Organization\",\"@id\":\"https:\/\/www.oarcanjo.net\/site\/#organization\",\"name\":\"Par\u00f3quia S\u00e3o Miguel Arcanjo\",\"url\":\"https:\/\/www.oarcanjo.net\/site\/\",\"logo\":{\"@type\":\"ImageObject\",\"inLanguage\":\"pt-BR\",\"@id\":\"https:\/\/www.oarcanjo.net\/site\/#\/schema\/logo\/image\/\",\"url\":\"https:\/\/www.oarcanjo.net\/site\/wp-content\/uploads\/LogoOArcanjo.png\",\"contentUrl\":\"https:\/\/www.oarcanjo.net\/site\/wp-content\/uploads\/LogoOArcanjo.png\",\"width\":319,\"height\":99,\"caption\":\"Par\u00f3quia S\u00e3o Miguel Arcanjo\"},\"image\":{\"@id\":\"https:\/\/www.oarcanjo.net\/site\/#\/schema\/logo\/image\/\"},\"sameAs\":[\"https:\/\/www.facebook.com\/OArcanjoNoAr\/\"]},{\"@type\":\"Person\",\"@id\":\"https:\/\/www.oarcanjo.net\/site\/#\/schema\/person\/5eb9480bedd2f3c97e430ce128c29c6c\",\"name\":\"danilo\"}]}<\/script>\n<!-- \/ Yoast SEO plugin. -->","yoast_head_json":{"title":"S\u00e3o Celestino I - O Arcanjo no ar","robots":{"index":"index","follow":"follow","max-snippet":"max-snippet:-1","max-image-preview":"max-image-preview:large","max-video-preview":"max-video-preview:-1"},"canonical":"https:\/\/www.oarcanjo.net\/site\/sao-celestino-i\/","og_locale":"pt_BR","og_type":"article","og_title":"S\u00e3o Celestino I - O Arcanjo no ar","og_description":"27 de Julho O papa Celestino I, eleito em 10 de setembro de 422, nasceu na Camp\u00e2nia, no sul da It\u00e1lia. Considerado um governante de atitude, foi tamb\u00e9m um pioneiro em muitos aspectos. Enfrentou as graves quest\u00f5es da \u00e9poca de tal maneira que passou para a hist\u00f3ria, embora o seu mandato tenha durado apenas uma [&hellip;]","og_url":"https:\/\/www.oarcanjo.net\/site\/sao-celestino-i\/","og_site_name":"O Arcanjo no ar","article_publisher":"https:\/\/www.facebook.com\/OArcanjoNoAr\/","article_published_time":"2018-07-27T03:10:14+00:00","article_modified_time":"2018-06-20T21:17:01+00:00","og_image":[{"url":"http:\/\/www.catolicanet.com\/images\/papas\/044.gif"}],"author":"danilo","twitter_card":"summary_large_image","twitter_misc":{"Escrito por":"danilo","Est. tempo de leitura":"3 minutos"},"schema":{"@context":"https:\/\/schema.org","@graph":[{"@type":"Article","@id":"https:\/\/www.oarcanjo.net\/site\/sao-celestino-i\/#article","isPartOf":{"@id":"https:\/\/www.oarcanjo.net\/site\/sao-celestino-i\/"},"author":{"name":"danilo","@id":"https:\/\/www.oarcanjo.net\/site\/#\/schema\/person\/5eb9480bedd2f3c97e430ce128c29c6c"},"headline":"S\u00e3o Celestino I","datePublished":"2018-07-27T03:10:14+00:00","dateModified":"2018-06-20T21:17:01+00:00","mainEntityOfPage":{"@id":"https:\/\/www.oarcanjo.net\/site\/sao-celestino-i\/"},"wordCount":541,"commentCount":0,"publisher":{"@id":"https:\/\/www.oarcanjo.net\/site\/#organization"},"image":{"@id":"https:\/\/www.oarcanjo.net\/site\/sao-celestino-i\/#primaryimage"},"thumbnailUrl":"http:\/\/www.catolicanet.com\/images\/papas\/044.gif","articleSection":["Testemunhos"],"inLanguage":"pt-BR","potentialAction":[{"@type":"CommentAction","name":"Comment","target":["https:\/\/www.oarcanjo.net\/site\/sao-celestino-i\/#respond"]}]},{"@type":"WebPage","@id":"https:\/\/www.oarcanjo.net\/site\/sao-celestino-i\/","url":"https:\/\/www.oarcanjo.net\/site\/sao-celestino-i\/","name":"S\u00e3o Celestino I - O Arcanjo no ar","isPartOf":{"@id":"https:\/\/www.oarcanjo.net\/site\/#website"},"primaryImageOfPage":{"@id":"https:\/\/www.oarcanjo.net\/site\/sao-celestino-i\/#primaryimage"},"image":{"@id":"https:\/\/www.oarcanjo.net\/site\/sao-celestino-i\/#primaryimage"},"thumbnailUrl":"http:\/\/www.catolicanet.com\/images\/papas\/044.gif","datePublished":"2018-07-27T03:10:14+00:00","dateModified":"2018-06-20T21:17:01+00:00","breadcrumb":{"@id":"https:\/\/www.oarcanjo.net\/site\/sao-celestino-i\/#breadcrumb"},"inLanguage":"pt-BR","potentialAction":[{"@type":"ReadAction","target":["https:\/\/www.oarcanjo.net\/site\/sao-celestino-i\/"]}]},{"@type":"ImageObject","inLanguage":"pt-BR","@id":"https:\/\/www.oarcanjo.net\/site\/sao-celestino-i\/#primaryimage","url":"http:\/\/www.catolicanet.com\/images\/papas\/044.gif","contentUrl":"http:\/\/www.catolicanet.com\/images\/papas\/044.gif"},{"@type":"BreadcrumbList","@id":"https:\/\/www.oarcanjo.net\/site\/sao-celestino-i\/#breadcrumb","itemListElement":[{"@type":"ListItem","position":1,"name":"In\u00edcio","item":"https:\/\/www.oarcanjo.net\/site\/"},{"@type":"ListItem","position":2,"name":"S\u00e3o Celestino I"}]},{"@type":"WebSite","@id":"https:\/\/www.oarcanjo.net\/site\/#website","url":"https:\/\/www.oarcanjo.net\/site\/","name":"O Arcanjo no ar","description":"Site da Par\u00f3quia S\u00e3o Miguel Arcanjo (Arquidiocese de SP)","publisher":{"@id":"https:\/\/www.oarcanjo.net\/site\/#organization"},"potentialAction":[{"@type":"SearchAction","target":{"@type":"EntryPoint","urlTemplate":"https:\/\/www.oarcanjo.net\/site\/?s={search_term_string}"},"query-input":{"@type":"PropertyValueSpecification","valueRequired":true,"valueName":"search_term_string"}}],"inLanguage":"pt-BR"},{"@type":"Organization","@id":"https:\/\/www.oarcanjo.net\/site\/#organization","name":"Par\u00f3quia S\u00e3o Miguel Arcanjo","url":"https:\/\/www.oarcanjo.net\/site\/","logo":{"@type":"ImageObject","inLanguage":"pt-BR","@id":"https:\/\/www.oarcanjo.net\/site\/#\/schema\/logo\/image\/","url":"https:\/\/www.oarcanjo.net\/site\/wp-content\/uploads\/LogoOArcanjo.png","contentUrl":"https:\/\/www.oarcanjo.net\/site\/wp-content\/uploads\/LogoOArcanjo.png","width":319,"height":99,"caption":"Par\u00f3quia S\u00e3o Miguel Arcanjo"},"image":{"@id":"https:\/\/www.oarcanjo.net\/site\/#\/schema\/logo\/image\/"},"sameAs":["https:\/\/www.facebook.com\/OArcanjoNoAr\/"]},{"@type":"Person","@id":"https:\/\/www.oarcanjo.net\/site\/#\/schema\/person\/5eb9480bedd2f3c97e430ce128c29c6c","name":"danilo"}]}},"publishpress_future_action":{"enabled":false,"date":"2026-05-08 08:50:37","action":"category","newStatus":"draft","terms":[],"taxonomy":"category"},"publishpress_future_workflow_manual_trigger":{"enabledWorkflows":[]},"_links":{"self":[{"href":"https:\/\/www.oarcanjo.net\/site\/wp-json\/wp\/v2\/posts\/10333"}],"collection":[{"href":"https:\/\/www.oarcanjo.net\/site\/wp-json\/wp\/v2\/posts"}],"about":[{"href":"https:\/\/www.oarcanjo.net\/site\/wp-json\/wp\/v2\/types\/post"}],"author":[{"embeddable":true,"href":"https:\/\/www.oarcanjo.net\/site\/wp-json\/wp\/v2\/users\/14"}],"replies":[{"embeddable":true,"href":"https:\/\/www.oarcanjo.net\/site\/wp-json\/wp\/v2\/comments?post=10333"}],"version-history":[{"count":1,"href":"https:\/\/www.oarcanjo.net\/site\/wp-json\/wp\/v2\/posts\/10333\/revisions"}],"predecessor-version":[{"id":88582,"href":"https:\/\/www.oarcanjo.net\/site\/wp-json\/wp\/v2\/posts\/10333\/revisions\/88582"}],"wp:attachment":[{"href":"https:\/\/www.oarcanjo.net\/site\/wp-json\/wp\/v2\/media?parent=10333"}],"wp:term":[{"taxonomy":"category","embeddable":true,"href":"https:\/\/www.oarcanjo.net\/site\/wp-json\/wp\/v2\/categories?post=10333"},{"taxonomy":"post_tag","embeddable":true,"href":"https:\/\/www.oarcanjo.net\/site\/wp-json\/wp\/v2\/tags?post=10333"}],"curies":[{"name":"wp","href":"https:\/\/api.w.org\/{rel}","templated":true}]}}